{"id":10411,"date":"2021-11-30T02:44:19","date_gmt":"2021-11-30T01:44:19","guid":{"rendered":"https:\/\/www.quieryavenir.fr\/blog\/?p=10411"},"modified":"2021-11-26T15:45:55","modified_gmt":"2021-11-26T14:45:55","slug":"non-a-la-construction-de-nouveaux-reacteurs-nucleaires-en-france","status":"publish","type":"post","link":"https:\/\/www.quieryavenir.fr\/blog\/2021\/11\/30\/non-a-la-construction-de-nouveaux-reacteurs-nucleaires-en-france\/","title":{"rendered":"NON \u00e0 la construction de nouveaux r\u00e9acteurs nucl\u00e9aires en France"},"content":{"rendered":"<h4 style=\"text-align: left;\"><strong>P\u00e9tition adress\u00e9e \u00e0 tous les citoyens de France et d&rsquo;Europe \u2026 qu\u2019il faut signer\u00a0!<\/strong><\/h4>\n<p><img loading=\"lazy\" decoding=\"async\" class=\"wp-image-10407 aligncenter\" src=\"https:\/\/www.quieryavenir.fr\/blog\/wp-content\/uploads\/2021\/11\/SoignantNouveau-300x160.jpg\" alt=\"\" width=\"594\" height=\"317\" srcset=\"https:\/\/www.quieryavenir.fr\/blog\/wp-content\/uploads\/2021\/11\/SoignantNouveau-300x160.jpg 300w, https:\/\/www.quieryavenir.fr\/blog\/wp-content\/uploads\/2021\/11\/SoignantNouveau.jpg 673w\" sizes=\"auto, (max-width: 594px) 100vw, 594px\" \/><\/p>\n<p><!--more--><\/p>\n<p style=\"text-align: justify;\"><a href=\"https:\/\/www.leslignesbougent.org\/petitions\/non-a-la-construction-de-nouveaux-reacteurs-nucleaires-en-france-4879\/\">https:\/\/www.leslignesbougent.org\/petitions\/non-a-la-construction-de-nouveaux-reacteurs-nucleaires-en-france-4879\/<\/a><\/p>\n<p style=\"text-align: justify;\">\n<p style=\"text-align: justify;\">Le fiasco des chantiers de construction des r\u00e9acteurs EPR est total : Areva (qui a depuis fait faillite, en partie du fait de cet \u00e9chec) et EDF ont respectivement commenc\u00e9 leurs chantiers en 2005 et 2008, les r\u00e9acteurs devaient entrer en service en 2009 et 2012 or, \u00e0 ce jour, ils ne sont pas termin\u00e9s et pr\u00e9sentent de graves malfa\u00e7ons. De plus, annonc\u00e9 au prix unitaire de 2,8 milliards (1), un EPR co\u00fbte en r\u00e9alit\u00e9 pratiquement 20 milliards selon la Cour des comptes.<\/p>\n<p style=\"text-align: justify;\">De fait, le lancement de nouveaux chantiers de r\u00e9acteurs EPR ne pourrait que se solder par un d\u00e9sastre industriel et financier, achevant de ruiner EDF\u2026 et la France.<\/p>\n<p style=\"text-align: justify;\">Bien s\u00fbr, EDF pr\u00e9tend \u00eatre en mesure de tirer les enseignements des fiascos en cours pour ne pas conna\u00eetre les m\u00eames m\u00e9saventures. Mais c&rsquo;est d\u00e9j\u00e0 ce que disait EDF \u00e0 propos du chantier de Finlande : on allait voir la diff\u00e9rence \u00e0 Flamanville\u2026 or c&rsquo;est le m\u00eame d\u00e9sastre.<\/p>\n<p style=\"text-align: justify;\">Deux EPR ont ensuite \u00e9t\u00e9 construits par les Chinois \u00e0 Ta\u00efshan (Chine), avec certes un retard moins important mais se comptant n\u00e9anmoins en ann\u00e9es. Mais ce ne sont pas les Chinois qui vont venir faire des EPR en France o\u00f9 EDF a perdu toute ma\u00eetrise de ce genre de chantiers.<\/p>\n<p style=\"text-align: justify;\">Et, surtout, la centrale de Ta\u00efshan connait de graves probl\u00e8mes : le r\u00e9acteur num\u00e9ro 2 a d\u00fb \u00eatre arr\u00eat\u00e9 en juillet 2021 \u00e0 cause de fuites radioactives importantes (2) : il apparait que c&rsquo;est la conception m\u00eame de l&rsquo;EPR qui est en cause.<\/p>\n<p style=\"text-align: justify;\">Si jamais les EPR de Finlande et de Flamanville entrent un jour en service, ainsi que d&rsquo;\u00e9ventuels autres EPR, il est certain qu&rsquo;ils rencontreront les m\u00eames graves probl\u00e8mes.<\/p>\n<p style=\"text-align: justify;\">Pour m\u00e9moire, la cuve de l&rsquo;EPR de Flamanville est d\u00e9fectueuse mais, suite \u00e0 de terribles pressions de la part d&rsquo;EDF, l&rsquo;Autorit\u00e9 de s\u00fbret\u00e9 nucl\u00e9aire a fini par la valider en bafouant ses propres pr\u00e9conisations (3). Or, en cas de rupture de la cuve, aucune parade n&rsquo;est possible et ce sera une catastrophe comparable \u00e0 celles de Tchernobyl et Fukushima, avec la contamination de la France et d&rsquo;une bonne partie de l&rsquo;Europe.<\/p>\n<p style=\"text-align: justify;\">Alors que l&rsquo;on peut encore lire ici ou l\u00e0 que la France est \u00ab\u00a0\u00e0 la pointe de la technologie nucl\u00e9aire\u00a0\u00bb et qu&rsquo;elle fait preuve d&rsquo;un \u00ab\u00a0savoir-faire que le monde entier nous envie\u00a0\u00bb, il faut rappeler que EDF et Areva ne se sont pas seulement ridiculis\u00e9es sur les chantiers d&rsquo;EPR mais aussi avec un des pires scandales industriels au monde : la fabrication de milliers de pi\u00e8ces d\u00e9fectueuses dans les usines Areva du Creusot, accompagn\u00e9e de la falsification de milliers de documents de s\u00fbret\u00e9. (4)<\/p>\n<p style=\"text-align: justify;\">Notons \u00e0 ce sujet que cela fait plus de cinq ans que la justice a \u00e9t\u00e9 saisie et qu&rsquo;elle ne semble pas press\u00e9e de faire la v\u00e9rit\u00e9 dans cette affaire pourtant de la plus grande gravit\u00e9. (5)<\/p>\n<p style=\"text-align: justify;\">Aujourd&rsquo;hui encore, EDF trompe l&rsquo;Autorit\u00e9 de s\u00fbret\u00e9 nucl\u00e9aire avec \u00ab\u00a0une politique de dissimulation des incidents\u00a0\u00bb, d\u00e9nonc\u00e9e par un courageux cadre lanceur d&rsquo;alerte (6).<\/p>\n<p style=\"text-align: justify;\">A l&rsquo;oppos\u00e9 d&rsquo;une l\u00e9gende entretenue par les supporters de l&rsquo;atome, l&rsquo;Autorit\u00e9 de s\u00fbret\u00e9 nucl\u00e9aire fran\u00e7ais n&rsquo;est absolument pas \u00ab\u00a0la plus stricte et la plus comp\u00e9tente du monde\u00a0\u00bb, bien au contraire : ce n&rsquo;est pas elle qui a d\u00e9couvert la d\u00e9fectuosit\u00e9 de la cuve de l&rsquo;EPR (7) et elle en est r\u00e9duite \u00e0 attendre les r\u00e9v\u00e9lations des lanceurs d&rsquo;alerte.<\/p>\n<p style=\"text-align: justify;\">Notons enfin que, contrairement \u00e0 ce qui est pr\u00e9tendu ces temps-ci, le nucl\u00e9aire ne peut absolument pas \u00ab\u00a0sauver le climat\u00a0\u00bb : la part du nucl\u00e9aire dans l&rsquo;\u00e9lectricit\u00e9 mondiale s&rsquo;est effondr\u00e9e de 17,1% en 2001 \u00e0 10,4% \u00e0 ce jour, alors que la part des \u00e9nergies renouvelables, en plein essor, en est d\u00e9j\u00e0 \u00e0 25,5% : plus du double du nucl\u00e9aire ! (8)<\/p>\n<p style=\"text-align: justify;\">\n<p style=\"text-align: justify;\">Pour toutes ces raisons et bien d&rsquo;autres (risques de catastrophe, aucune solution pour les d\u00e9chets radioactifs, rejets massifs de produits radioactifs et chimiques des centrales dans les rivi\u00e8res, etc), nous affirmons qu&rsquo;il ne faut surtout pas construire de nouveaux r\u00e9acteurs nucl\u00e9aires en France et, au contraire, fermer d\u00e8s que possible les r\u00e9acteurs actuels, de plus en plus d\u00e9labr\u00e9s et dangereux. Le nucl\u00e9aire est une \u00e9nergie du si\u00e8cle dernier, choisissons plut\u00f4t l&rsquo;avenir !<\/p>\n<p style=\"text-align: justify;\">\n<p style=\"text-align: justify;\">St\u00e9phane Lhomme, Directeur de l&rsquo;Observatoire du nucl\u00e9aire<\/p>\n<p style=\"text-align: justify;\"><a href=\"http:\/\/www.observatoire-du-nucleaire.org\/\">http:\/\/www.observatoire-du-nucleaire.org<\/a><\/p>\n<p style=\"text-align: justify;\">\n<p style=\"text-align: justify;\"><strong>Notes<\/strong><\/p>\n<p style=\"text-align: justify;\">(1) et non 3,3 milliards comme \u00e9crit ici ou l\u00e0, cf :<\/p>\n<p style=\"text-align: justify;\"><a href=\"http:\/\/www.observatoire-du-nucleaire.org\/spip.php?article41\">http:\/\/www.observatoire-du-nucleaire.org\/spip.php?article41<\/a><\/p>\n<p style=\"text-align: justify;\"><a href=\"http:\/\/www.observatoire-du-nucleaire.org\/IMG\/pdf\/edf-promo-epr-2005.pdf\">http:\/\/www.observatoire-du-nucleaire.org\/IMG\/pdf\/edf-promo-epr-2005.pdf<\/a><\/p>\n<p style=\"text-align: justify;\">\n<p style=\"text-align: justify;\">(2) <a href=\"https:\/\/www.20minutes.fr\/monde\/3094279-20210730-chine-reacteur-finalement-mis-arret-apres-incident-epr-taishan\">https:\/\/www.20minutes.fr\/monde\/3094279-20210730-chine-reacteur-finalement-m<\/a><\/p>\n<p style=\"text-align: justify;\">\n<p style=\"text-align: justify;\">(3) <a href=\"http:\/\/www.observatoire-du-nucleaire.org\/spip.php?article341\">http:\/\/www.observatoire-du-nucleaire.org\/spip.php?article341<\/a><\/p>\n<p style=\"text-align: justify;\">\n<p style=\"text-align: justify;\">(4) <a href=\"https:\/\/www.lepoint.fr\/environnement\/areva-le-creusot-des-anomalies-s-apparentent-a-des-falsifications-25-10-2016-2078544_1927.php\">https:\/\/www.lepoint.fr\/environnement\/areva-le-creusot-des-anomalies-s-apparenten<\/a><\/p>\n<p style=\"text-align: justify;\">\n<p style=\"text-align: justify;\">(5) <a href=\"https:\/\/www.connaissancedesenergies.org\/afp\/areva-lobservatoire-du-nucleaire-depose-plainte-pour-faux-et-mise-en-danger-dautrui-160504\">https:\/\/www.connaissancedesenergies.org\/afp\/areva-lobservatoire-du-nucleaire-depo<\/a><\/p>\n<p style=\"text-align: justify;\">\n<p style=\"text-align: justify;\">(6) <a href=\"https:\/\/www.francetvinfo.fr\/societe\/nucleaire\/centrale-nucleaire-du-tricastin-un-cadre-denonce-une-politique-de-dissimulation-des-incidents-et-porte-plainte-contre-edf_4842217.html\">https:\/\/www.francetvinfo.fr\/societe\/nucleaire\/centrale-nucleaire-du-tricastin-un-cadr<\/a><\/p>\n<p style=\"text-align: justify;\">\n<p style=\"text-align: justify;\">(7) <a href=\"http:\/\/www.observatoire-du-nucleaire.org\/spip.php?article336\">http:\/\/www.observatoire-du-nucleaire.org\/spip.php?article336<\/a><\/p>\n<p style=\"text-align: justify;\">\n<p style=\"text-align: justify;\">(8) <a href=\"https:\/\/www.connaissancedesenergies.org\/sites\/default\/files\/pdf-pt-vue\/KeyWorldEnergyStatistics2021.pdf\">https:\/\/www.connaissancedesenergies.org\/sites\/default\/files\/pdf-pt-vue\/KeyWorldEn<\/a>, page 30<\/p>\n<p style=\"text-align: justify;\">\n","protected":false},"excerpt":{"rendered":"<p>P\u00e9tition adress\u00e9e \u00e0 tous les citoyens de France et d&rsquo;Europe \u2026 qu\u2019il faut signer\u00a0!<\/p>\n","protected":false},"author":2,"featured_media":0,"comment_status":"closed","ping_status":"closed","sticky":false,"template":"","format":"standard","meta":{"footnotes":""},"categories":[1],"tags":[],"class_list":["post-10411","post","type-post","status-publish","format-standard","hentry","category-non-classe"],"_links":{"self":[{"href":"https:\/\/www.quieryavenir.fr\/blog\/wp-json\/wp\/v2\/posts\/10411","targetHints":{"allow":["GET"]}}],"collection":[{"href":"https:\/\/www.quieryavenir.fr\/blog\/wp-json\/wp\/v2\/posts"}],"about":[{"href":"https:\/\/www.quieryavenir.fr\/blog\/wp-json\/wp\/v2\/types\/post"}],"author":[{"embeddable":true,"href":"https:\/\/www.quieryavenir.fr\/blog\/wp-json\/wp\/v2\/users\/2"}],"replies":[{"embeddable":true,"href":"https:\/\/www.quieryavenir.fr\/blog\/wp-json\/wp\/v2\/comments?post=10411"}],"version-history":[{"count":1,"href":"https:\/\/www.quieryavenir.fr\/blog\/wp-json\/wp\/v2\/posts\/10411\/revisions"}],"predecessor-version":[{"id":10412,"href":"https:\/\/www.quieryavenir.fr\/blog\/wp-json\/wp\/v2\/posts\/10411\/revisions\/10412"}],"wp:attachment":[{"href":"https:\/\/www.quieryavenir.fr\/blog\/wp-json\/wp\/v2\/media?parent=10411"}],"wp:term":[{"taxonomy":"category","embeddable":true,"href":"https:\/\/www.quieryavenir.fr\/blog\/wp-json\/wp\/v2\/categories?post=10411"},{"taxonomy":"post_tag","embeddable":true,"href":"https:\/\/www.quieryavenir.fr\/blog\/wp-json\/wp\/v2\/tags?post=10411"}],"curies":[{"name":"wp","href":"https:\/\/api.w.org\/{rel}","templated":true}]}}