{"id":10538,"date":"2022-01-05T02:53:46","date_gmt":"2022-01-05T01:53:46","guid":{"rendered":"https:\/\/www.quieryavenir.fr\/blog\/?p=10538"},"modified":"2022-01-02T07:48:57","modified_gmt":"2022-01-02T06:48:57","slug":"metaleurop-2","status":"publish","type":"post","link":"https:\/\/www.quieryavenir.fr\/blog\/2022\/01\/05\/metaleurop-2\/","title":{"rendered":"Metaleurop"},"content":{"rendered":"<h4 style=\"text-align: left;\"><strong>Pas de condamnation de l\u2019\u00c9tat pour la pollution laiss\u00e9e par cette entreprise\u00a0<\/strong><\/h4>\n<p><img loading=\"lazy\" decoding=\"async\" class=\"wp-image-10540 aligncenter\" src=\"https:\/\/www.quieryavenir.fr\/blog\/wp-content\/uploads\/2021\/12\/NePasAbaandonner-211228-244x300.jpg\" alt=\"\" width=\"490\" height=\"602\" \/><\/p>\n<p><!--more--><\/p>\n<p style=\"text-align: justify;\">Cela se passe \u00e0 \u00c9vin-Malmaison (62).<\/p>\n<p style=\"text-align: justify;\">Le tribunal administratif de Lille a rendu hier un jugement qui aurait pu faire date. Soutenus par l\u2019association PIGE, 87 habitants d\u2019\u00c9vin-Malmaison, entre Douai et Lens, demandaient que soit reconnue une faute de l\u2019\u00c9tat. Selon eux, les services pr\u00e9fectoraux n\u2019auraient pas fait tout ce qui \u00e9tait possible pour emp\u00eacher l\u2019ex-fonderie Metaleurop de polluer au plomb et au cadmium les terres environnantes. Ils r\u00e9clamaient le remplacement des terres pollu\u00e9es par des terres saines et un total de 5,6 millions d\u2019euros.<\/p>\n<p style=\"text-align: justify;\"><strong>Pas de pr\u00e9judice d\u00e9montr\u00e9<\/strong><\/p>\n<p style=\"text-align: justify;\">Mais les juges ont d\u00e9bout\u00e9 ces 87 habitants de toutes leurs demandes. Ils ont estim\u00e9 que les requ\u00e9rants n\u2019apportaient pas la preuve des pr\u00e9judices (mat\u00e9riel, patrimonial et d\u2019anxi\u00e9t\u00e9) qu\u2019ils disent subir. \u00c0 partir de l\u00e0, ils se sont dispens\u00e9s de donner leur avis sur la mani\u00e8re dont a \u00e9t\u00e9 suivie et encadr\u00e9e l\u2019activit\u00e9 de Metaleurop jusqu\u2019\u00e0 sa fermeture en 2003 et les \u00e9ventuelles carences de l\u2019\u00c9tat.<\/p>\n<p style=\"text-align: justify;\">\u00ab Selon le tribunal, il n\u2019y aurait aucun risque \u00e0 vivre sur les terrains pollu\u00e9s au plomb et au cadmium et leur valeur fonci\u00e8re ne serait pas affect\u00e9e par la pollution \u00bb, s\u2019\u00e9tonne l\u2019avocat des requ\u00e9rants, M e David Deharbe. Pour lui, \u00ab plusieurs pi\u00e8ces du dossier ont \u00e9t\u00e9 d\u00e9natur\u00e9es \u00bb par les juges.<\/p>\n<p style=\"text-align: justify;\"><strong>Appel et recours<\/strong><\/p>\n<p style=\"text-align: justify;\">Bruno Adolphi, pr\u00e9sident de PIGE et concern\u00e9 lui-m\u00eame, a d\u2019ores et d\u00e9j\u00e0 annonc\u00e9 qu\u2019il allait faire appel. Par ailleurs, d\u2019autres dossiers concernant la pollution l\u00e9gu\u00e9e par Metaleurop attendent le tribunal administratif de Lille, \u00e0 commencer par le recours d\u00e9pos\u00e9 par la communaut\u00e9 d\u2019agglom\u00e9ration d\u2019H\u00e9nin-Carvin et cinq communes (dont \u00c9vin-Malmaison). L\u00e0 aussi, l\u2019enjeu sera fort : ces collectivit\u00e9s r\u00e9clament la condamnation de l\u2019\u00c9tat pour pr\u00e9judice \u00e9cologique, un pr\u00e9judice chiffr\u00e9 \u00e0 un demi-milliard d\u2019euros.<\/p>\n<p style=\"text-align: justify;\">VdN<\/p>\n<p style=\"text-align: center;\">** **<\/p>\n<p style=\"text-align: center;\"><strong>Commentaire<\/strong><\/p>\n<p style=\"text-align: justify;\">Polluez, polluez, vous ne serez pas condamn\u00e9s. C\u2019est aussi ce qui se passe pour les pesticides. La justice n\u2019en sort pas grandie car elle se place trop souvent du c\u00f4t\u00e9 des puissants.<br \/>\nIl faut continuer la bataille.<\/p>\n<p style=\"text-align: justify;\">La t\u00e9nacit\u00e9 d\u2019Ir\u00e8ne Frachon et de son \u00e9quipe a permis de condamner le producteur du m\u00e9diator. Mais il a fallu du temps, de l\u2019argent et du soutien. Cela peut servir d\u2019exemple pour ne pas d\u00e9sesp\u00e9rer dans ce monde qui met en \u00e9pingle un virus qui tue un peu plus de 50 000 morts en deux ans alors que la mort par cancer a concern\u00e9 plus de 157 000 personnes en 2018\u00a0!<\/p>\n<p style=\"text-align: justify;\">\n","protected":false},"excerpt":{"rendered":"<p>Pas de condamnation de l\u2019\u00c9tat pour la pollution laiss\u00e9e par cette entreprise\u00a0<\/p>\n","protected":false},"author":2,"featured_media":0,"comment_status":"closed","ping_status":"closed","sticky":false,"template":"","format":"standard","meta":{"footnotes":""},"categories":[1],"tags":[],"class_list":["post-10538","post","type-post","status-publish","format-standard","hentry","category-non-classe"],"_links":{"self":[{"href":"https:\/\/www.quieryavenir.fr\/blog\/wp-json\/wp\/v2\/posts\/10538","targetHints":{"allow":["GET"]}}],"collection":[{"href":"https:\/\/www.quieryavenir.fr\/blog\/wp-json\/wp\/v2\/posts"}],"about":[{"href":"https:\/\/www.quieryavenir.fr\/blog\/wp-json\/wp\/v2\/types\/post"}],"author":[{"embeddable":true,"href":"https:\/\/www.quieryavenir.fr\/blog\/wp-json\/wp\/v2\/users\/2"}],"replies":[{"embeddable":true,"href":"https:\/\/www.quieryavenir.fr\/blog\/wp-json\/wp\/v2\/comments?post=10538"}],"version-history":[{"count":2,"href":"https:\/\/www.quieryavenir.fr\/blog\/wp-json\/wp\/v2\/posts\/10538\/revisions"}],"predecessor-version":[{"id":10541,"href":"https:\/\/www.quieryavenir.fr\/blog\/wp-json\/wp\/v2\/posts\/10538\/revisions\/10541"}],"wp:attachment":[{"href":"https:\/\/www.quieryavenir.fr\/blog\/wp-json\/wp\/v2\/media?parent=10538"}],"wp:term":[{"taxonomy":"category","embeddable":true,"href":"https:\/\/www.quieryavenir.fr\/blog\/wp-json\/wp\/v2\/categories?post=10538"},{"taxonomy":"post_tag","embeddable":true,"href":"https:\/\/www.quieryavenir.fr\/blog\/wp-json\/wp\/v2\/tags?post=10538"}],"curies":[{"name":"wp","href":"https:\/\/api.w.org\/{rel}","templated":true}]}}