{"id":10562,"date":"2022-01-06T02:52:46","date_gmt":"2022-01-06T01:52:46","guid":{"rendered":"https:\/\/www.quieryavenir.fr\/blog\/?p=10562"},"modified":"2022-01-02T07:48:47","modified_gmt":"2022-01-02T06:48:47","slug":"amazon-la-souffrance-en-prime","status":"publish","type":"post","link":"https:\/\/www.quieryavenir.fr\/blog\/2022\/01\/06\/amazon-la-souffrance-en-prime\/","title":{"rendered":"Amazon, la souffrance en prime"},"content":{"rendered":"<h4><img loading=\"lazy\" decoding=\"async\" class=\"wp-image-10530 aligncenter\" src=\"https:\/\/www.quieryavenir.fr\/blog\/wp-content\/uploads\/2021\/12\/5G-211217-1-274x300.jpg\" alt=\"\" width=\"468\" height=\"512\" srcset=\"https:\/\/www.quieryavenir.fr\/blog\/wp-content\/uploads\/2021\/12\/5G-211217-1-274x300.jpg 274w, https:\/\/www.quieryavenir.fr\/blog\/wp-content\/uploads\/2021\/12\/5G-211217-1.jpg 500w\" sizes=\"auto, (max-width: 468px) 100vw, 468px\" \/><\/h4>\n<h4 style=\"text-align: left;\">Et la mort\u00a0!<\/h4>\n<p><!--more--><\/p>\n<p style=\"text-align: justify;\">TORNADES AUX USA : LE CAPITALISME TUE DEUX FOIS<\/p>\n<p style=\"text-align: justify;\">\u2013 6 morts et une centaine de disparus dans un entrep\u00f4t Amazon balay\u00e9 par une tornade \u2013<\/p>\n<p style=\"text-align: justify;\">Aux USA ce week-end, une s\u00e9rie de tornades a ravag\u00e9 6 \u00c9tats, laissant derri\u00e8re elle des villes d\u00e9sol\u00e9es, avec des b\u00e2timents r\u00e9duits en miettes. Dans la ville d&rsquo;Edwardsville, Illinois, un entrep\u00f4t Amazon a \u00e9t\u00e9 d\u00e9vast\u00e9 par une tornade. Le toit a \u00e9t\u00e9 arrach\u00e9 et le b\u00e2timent s&rsquo;est effondr\u00e9 sur lui-m\u00eame, il y a plus de 6 morts et plus de 100 disparus.<\/p>\n<p style=\"text-align: justify;\">Les employ\u00e9s ont \u00e9t\u00e9 contraints de continuer de travailler alors que la tornade approchait. Parmi les mesures utilis\u00e9es par la multinationale pour accro\u00eetre la \u00abproductivit\u00e9\u00bb de ses employ\u00e9s : la privation de t\u00e9l\u00e9phone. Amazon interdit aux travailleurs d&rsquo;amener leurs t\u00e9l\u00e9phones dans les entrep\u00f4ts, et organise des contr\u00f4les de s\u00e9curit\u00e9 avec d\u00e9tecteurs de m\u00e9taux. \u00c0 Edwardsville, ils n&rsquo;ont donc pas su qu&rsquo;une tornade approchait, et se sont retrouv\u00e9s pris au pi\u00e8ge. Paradoxe de cette industrie de la vente en ligne hyper-connect\u00e9e, et dont les t\u00e2ches sont largement assist\u00e9es par la technologie num\u00e9rique.<\/p>\n<p style=\"text-align: justify;\">Aux USA, le service m\u00e9t\u00e9o \u00e9met des avertissements \u00e0 ceux qui se trouvent sur le chemin des tornades. Un avertissement a \u00e9t\u00e9 envoy\u00e9 vers 20 heures, heure locale. L&rsquo;entrep\u00f4t d&rsquo;Amazon \u00e9t\u00e9 touch\u00e9 \u00e0 20h38. Sans que les employ\u00e9s n&rsquo;aient pu \u00eatre pr\u00e9venus.<\/p>\n<p style=\"text-align: justify;\">Plusieurs travailleurs accusent l&rsquo;entreprise, et soulignent que les t\u00e9l\u00e9phones peuvent \u00e9galement les aider \u00e0 appeler les secours s&rsquo;ils sont pi\u00e9g\u00e9s \u00abApr\u00e8s ces d\u00e9c\u00e8s, il n&rsquo;y a aucun moyen pour moi de compter sur Amazon pour assurer ma s\u00e9curit\u00e9\u00bb, a d\u00e9clar\u00e9 l&rsquo;un d&rsquo;eux. En 2018, deux employ\u00e9s d&rsquo;entrep\u00f4t d&rsquo;Amazon sont morts \u00e0 Baltimore lorsqu&rsquo;un b\u00e2timent s&rsquo;est partiellement effondr\u00e9 lors d&rsquo;une forte temp\u00eate.<\/p>\n<p style=\"text-align: justify;\">Le patron d&rsquo;Amazon, le multimilliardaire Jeff Bezos, a pass\u00e9 son samedi \u00e0 c\u00e9l\u00e9brer un lancement spatial de sa soci\u00e9t\u00e9 Blue Origin au Texas, pendant que les \u00e9quipes d&rsquo;urgence de l&rsquo;entrep\u00f4t creusaient dans les d\u00e9combres \u00e0 la recherche de corps. Il a fini par tweeter qu&rsquo;il avait le \u00abc\u0153ur bris\u00e9\u00bb suite au drame.<\/p>\n<p style=\"text-align: justify;\">Le capitalisme tue deux fois. En exploitant et en mettant d\u00e9lib\u00e9r\u00e9ment en danger les travailleurs pour augmenter les profits. Mais aussi en saccageant la nature, ce qui provoque les conditions de catastrophes m\u00e9t\u00e9orologiques plus nombreuses et meurtri\u00e8res. Par exemple, le nombre de tornades augmente aux USA, \u00e0 cause du r\u00e9chauffement climatique.<\/p>\n<p style=\"text-align: justify;\">Une source : <a href=\"https:\/\/l.facebook.com\/l.php?u=https%3A%2F%2Fwww.bloomberg.com%2Fnews%2Farticles%2F2021-12-12%2Fdeadly-collapse-at-amazon-warehouse-puts-spotlight-on-phone-ban%3Ffbclid%3DIwAR1PYR7ozKjaW5uidWmipEmlN59PeL7wAHuDjBhzqECGDYNJU-8_L1T_DIk&amp;h=AT3UILbgjTZsazOV4bRjQw94aHYLOIw9WrWVRQVieiXaAVdOIN2T5Iy1wpoo1ysBxhq5Mi5PWneYOiPUuFO_2bPfJyGNGJ_o5PaOJ9q1Y1sh1q31yYWbz3d8RI0ckxQH4GDQSy5SzNXAN48YZxYe&amp;__tn__=-UK-y-R&amp;c%5b0%5d=AT07TTtj_rtbIAoISh8Fwjz5AophFZsX96JvdukzECokt-2nQqfLiwB_gT9vYG_HALFuGnB3mkRTXWO60n2cj51NkKo5ay2gjKcgfJzXjzShIP9pjzEcayGuH6ENl9pwlnzcQyXTyWcu1XUVzK7zoJ8KnsKgckVpQSrcTanHwn06EpJ9wRqEGfvG8lVwfQlHHhqgw94\">https:\/\/www.bloomberg.com\/&#8230;\/deadly-collapse-at-amazon&#8230;<\/a><\/p>\n<p style=\"text-align: center;\">** **<\/p>\n<p style=\"text-align: center;\"><strong>Les implantations en Hauts-de-France<\/strong><\/p>\n<p style=\"text-align: justify;\"><strong>Boves (Somme)\u00a0<\/strong><\/p>\n<p style=\"text-align: justify;\">Ann\u00e9e de construction\u00a0: 2017<\/p>\n<p style=\"text-align: justify;\">Statut\u00a0: entrep\u00f4t de stockage<\/p>\n<p style=\"text-align: justify;\">Surface\u00a0: 107\u00a0000 m2<\/p>\n<p style=\"text-align: justify;\"><strong>Gauchy (Aisne)<\/strong><\/p>\n<p style=\"text-align: justify;\">Ann\u00e9e de construction\u00a0: 2021<\/p>\n<p style=\"text-align: justify;\">Statut\u00a0: agence de livraison<\/p>\n<p style=\"text-align: justify;\">Surface\u00a0: 7\u00a0500 m2<\/p>\n<p style=\"text-align: justify;\"><strong>Calais (PdC)<\/strong><\/p>\n<p style=\"text-align: justify;\">Ann\u00e9e de construction\u00a0: en projet<\/p>\n<p style=\"text-align: justify;\">Statut\u00a0: agence livraison<\/p>\n<p style=\"text-align: justify;\">Surface\u00a0: 8\u00a0500 m2<\/p>\n<p style=\"text-align: justify;\"><strong>Sainghain-en-M\u00e9lantois (Nord)<\/strong><\/p>\n<p style=\"text-align: justify;\">Ann\u00e9e de construction\u00a0: 2017<\/p>\n<p style=\"text-align: justify;\">Statut\u00a0: agence de livraison<\/p>\n<p style=\"text-align: justify;\">Surface\u00a0: 12\u00a0000 m2<\/p>\n<p style=\"text-align: justify;\"><strong>Brebi\u00e8res (PdC)<\/strong><\/p>\n<p style=\"text-align: justify;\">Ann\u00e9e de construction\u00a0: en projet<\/p>\n<p style=\"text-align: justify;\">Statut\u00a0: entrep\u00f4t de stockage ou centre de tri<\/p>\n<p style=\"text-align: justify;\">Surface\u00a0: 69\u00a0000 m2<\/p>\n<p style=\"text-align: justify;\"><strong>Lauwin-Planque (Nord)<\/strong><\/p>\n<p style=\"text-align: justify;\">Ann\u00e9e de construction\u00a0: 2013<\/p>\n<p style=\"text-align: justify;\">Statut\u00a0: entrep\u00f4t de stockage<\/p>\n<p style=\"text-align: justify;\">Surface\u00a0: 90\u00a0000 m2<\/p>\n<p style=\"text-align: justify;\"><strong>Avion (PdC)<\/strong><\/p>\n<p style=\"text-align: justify;\">Ann\u00e9e de construction\u00a0: 2020<\/p>\n<p style=\"text-align: justify;\">Statut\u00a0: agence de livraison<\/p>\n<p style=\"text-align: justify;\">Surface\u00a0: 9\u00a0400 m2<\/p>\n<p style=\"text-align: center;\">** **<\/p>\n<p style=\"text-align: center;\"><strong>L\u2019entreprise fond\u00e9e par Jeff Bezos est un totem du capitalisme contemporain. <\/strong><\/p>\n<p style=\"text-align: justify;\">Commerce en ligne tentaculaire, souci de la logistique pouss\u00e9 \u00e0 un degr\u00e9 jamais atteint, attaques sur les libraires, mais aussi empreinte \u00e9cologique affolante et management implacable\u00a0: partout dans le monde, le roi du e-commerce fait mal.<\/p>\n<p style=\"text-align: justify;\"><strong>Portrait d\u2019une hydre num\u00e9rique globalis\u00e9e<\/strong><\/p>\n<p style=\"text-align: justify;\">\u00a0<a href=\"https:\/\/www.mediapart.fr\/journal\/economie\/131221\/amazon-portrait-d-une-hydre-numerique-globalisee\">https:\/\/www.mediapart.fr\/journal\/economie\/131221\/amazon-portrait-d-une-hydre-numerique-globalisee<\/a><\/p>\n<p style=\"text-align: justify;\">En trois d\u00e9cennies, le groupe num\u00e9rique s\u2019est construit un empire global, dominant par la puissance de ses algorithmes et de ses technologies d\u2019intelligence artificielle, non seulement le commerce en ligne mais nombre d\u2019activit\u00e9s num\u00e9riques. Jusqu\u2019alors incontest\u00e9e, cette puissance commence \u00e0 faire peur. Premier volet de notre s\u00e9rie sur le g\u00e9ant de la vente en ligne.<\/p>\n<p style=\"text-align: justify;\"><a href=\"https:\/\/www.quieryavenir.fr\/blog\/wp-content\/uploads\/2021\/12\/Portrait-dune-hydre-numerique.pdf\">Portrait d&rsquo;une hydre num\u00e9rique<\/a><\/p>\n<p style=\"text-align: justify;\"><strong>Amazon tire vers le bas les conditions de travail<\/strong><\/p>\n<p style=\"text-align: justify;\"><a href=\"https:\/\/www.mediapart.fr\/journal\/economie\/261121\/amazon-tire-vers-le-bas-les-conditions-de-travail-dans-tout-le-secteur\">https:\/\/www.mediapart.fr\/journal\/economie\/261121\/amazon-tire-vers-le-bas-les-conditions-de-travail-dans-tout-le-secteur<\/a><\/p>\n<p style=\"text-align: justify;\">Pour le sociologue David Gaborieau, Amazon est \u00ab\u00a0l\u2019arbre qui cache la for\u00eat\u00a0\u00bb de la logistique, un secteur qui accueille d\u00e9sormais un quart des ouvriers fran\u00e7ais, et o\u00f9 les conditions de travail sont particuli\u00e8rement difficiles.<\/p>\n<p style=\"text-align: justify;\"><a href=\"https:\/\/www.quieryavenir.fr\/blog\/wp-content\/uploads\/2021\/12\/Amazon-tire-vers-le-bas.pdf\">Amazon tire vers le bas<\/a><\/p>\n<p style=\"text-align: justify;\"><strong>Chez Amazon, l\u2019int\u00e9rim est toute l\u2019ann\u00e9e<\/strong><\/p>\n<p style=\"text-align: justify;\"><a href=\"https:\/\/www.mediapart.fr\/journal\/economie\/261121\/chez-amazon-l-interim-c-est-toute-l-annee\">https:\/\/www.mediapart.fr\/journal\/economie\/261121\/chez-amazon-l-interim-c-est-toute-l-annee<\/a><\/p>\n<p style=\"text-align: justify;\">Si la pr\u00e9paration des f\u00eates de fin d\u2019ann\u00e9e y fait grimper en fl\u00e8che le nombre d\u2019int\u00e9rimaires, le recours au travail temporaire est une r\u00e9alit\u00e9 incontournable chez le g\u00e9ant de l\u2019e-commerce. Les agences d\u2019int\u00e9rim ont m\u00eame leurs propres locaux \u00ab\u00a0on site\u00a0\u00bb dans les huit entrep\u00f4ts fran\u00e7ais.<\/p>\n<p style=\"text-align: justify;\"><a href=\"https:\/\/www.quieryavenir.fr\/blog\/wp-content\/uploads\/2021\/12\/Interim-toute-lannee.pdf\">Int\u00e9rim toute l\u2019ann\u00e9e<\/a><\/p>\n<p style=\"text-align: justify;\"><strong>Amazon \u00e9pingl\u00e9 par la justice<\/strong><\/p>\n<p style=\"text-align: justify;\"><a href=\"https:\/\/www.mediapart.fr\/journal\/economie\/261121\/amazon-epingle-par-la-justice-pour-discrimination-syndicale\">https:\/\/www.mediapart.fr\/journal\/economie\/261121\/amazon-epingle-par-la-justice-pour-discrimination-syndicale<\/a><\/p>\n<p style=\"text-align: justify;\">Le g\u00e9ant am\u00e9ricain du commerce en ligne n\u2019h\u00e9site pas \u00e0 licencier des syndicalistes, et la CGT multiplie les proc\u00e9dures judiciaires. En cinq mois, l\u2019entreprise a \u00e9t\u00e9 condamn\u00e9e trois fois pour avoir \u00e9cart\u00e9 trop facilement des militants ou des responsables syndicaux.<\/p>\n<p style=\"text-align: justify;\"><a href=\"https:\/\/www.quieryavenir.fr\/blog\/wp-content\/uploads\/2021\/12\/Amazon-epingle-par-la-justice.pdf\">Amazon \u00e9pingl\u00e9 par la justice<\/a><\/p>\n<p style=\"text-align: justify;\"><strong>La r\u00e9bellion des libraires, l\u2019embarras des \u00e9diteurs<\/strong><\/p>\n<p style=\"text-align: justify;\"><a href=\"https:\/\/www.mediapart.fr\/journal\/economie\/151221\/amazon-la-rebellion-des-libraires-l-embarras-des-editeurs\">https:\/\/www.mediapart.fr\/journal\/economie\/151221\/amazon-la-rebellion-des-libraires-l-embarras-des-editeurs<\/a><\/p>\n<p style=\"text-align: justify;\">La multinationale multiplie les coups de boutoir contre le prix unique du livre. Les libraires s\u2019y opposent et viennent de remporter une importante victoire sur les frais de transport. Le monde de l\u2019\u00e9dition, lui, est plus ambigu.<\/p>\n<p style=\"text-align: justify;\"><a href=\"https:\/\/www.quieryavenir.fr\/blog\/wp-content\/uploads\/2021\/12\/La-rebellion-des-libraires.pdf\">La r\u00e9bellion des libraires<\/a><\/p>\n<p style=\"text-align: justify;\"><strong>Un gigantesque projet d\u2019entrep\u00f4t dans la r\u00e9gion rouennaise<\/strong><\/p>\n<p style=\"text-align: justify;\"><a href=\"https:\/\/www.mediapart.fr\/journal\/economie\/171221\/amazon-un-gigantesque-projet-d-entrepot-secoue-l-agglomeration-rouennaise\">https:\/\/www.mediapart.fr\/journal\/economie\/171221\/amazon-un-gigantesque-projet-d-entrepot-secoue-l-agglomeration-rouennaise<\/a><\/p>\n<p style=\"text-align: justify;\">Ce devrait \u00eatre le huiti\u00e8me entrep\u00f4t Amazon de France, et l\u2019un des plus vastes. \u00c0 Petit-Couronne, un site d\u00e9di\u00e9 \u00e0 l\u2019e-commerce se pr\u00e9pare sur les lieux d\u2019une ancienne raffinerie. Mais dans l\u2019agglom\u00e9ration, tout le monde ne l\u2019entend pas de cette oreille.<\/p>\n<p style=\"text-align: justify;\"><a href=\"https:\/\/www.quieryavenir.fr\/blog\/wp-content\/uploads\/2021\/12\/Un-gigantesque-projet-dentrepot.pdf\">Un gigantesque projet d\u2019entrep\u00f4t<\/a><\/p>\n<p style=\"text-align: justify;\"><strong>Comment Amazon tisse sa toile<\/strong><\/p>\n<p style=\"text-align: justify;\"><a href=\"https:\/\/www.mediapart.fr\/journal\/economie\/171221\/carte-comment-amazon-tisse-sa-toile-en-france\">https:\/\/www.mediapart.fr\/journal\/economie\/171221\/carte-comment-amazon-tisse-sa-toile-en-france<\/a><\/p>\n<p style=\"text-align: justify;\">Depuis 2007, ann\u00e9e d\u2019installation de son premier entrep\u00f4t dans le Loiret, la multinationale n\u2019a cess\u00e9 d\u2019\u00e9tendre son emprise sur le territoire hexagonal. De quatre sites en 2016, elle est pass\u00e9e \u00e0 40 cinq ans plus tard. Une dizaine d\u2019autres sont en projet.<\/p>\n<p style=\"text-align: justify;\"><a href=\"https:\/\/www.quieryavenir.fr\/blog\/wp-content\/uploads\/2021\/12\/Comment-Amazon-tisse-sa-toile.pdf\">Comment Amazon tisse sa toile<\/a><\/p>\n<p style=\"text-align: justify;\"><strong>Chris Smalls, le poil \u00e0 gratter d\u2019Amazon<\/strong><\/p>\n<p style=\"text-align: justify;\"><a href=\"https:\/\/www.mediapart.fr\/journal\/international\/191221\/chris-smalls-le-poil-gratter-d-amazon-aux-etats-unis\">https:\/\/www.mediapart.fr\/journal\/international\/191221\/chris-smalls-le-poil-gratter-d-amazon-aux-etats-unis<\/a><\/p>\n<p style=\"text-align: justify;\">Licenci\u00e9 par Amazon en mars 2020 apr\u00e8s avoir organis\u00e9 une manifestation pour demander de meilleures protections en pleine pand\u00e9mie, Chris Smalls se bat pour la cr\u00e9ation d\u2019un syndicat dans son ancien entrep\u00f4t, JFK8.\u00a0Si sa lutte aboutit, elle pourrait faire tache d\u2019huile.<\/p>\n<p style=\"text-align: justify;\"><a href=\"https:\/\/www.quieryavenir.fr\/blog\/wp-content\/uploads\/2021\/12\/le-poil-a-gratter-dAmazon.pdf\">le poil \u00e0 gratter d\u2019Amazon<\/a><\/p>\n<p style=\"text-align: justify;\"><strong>La politique climatique en carton d\u2019Amazon<\/strong><\/p>\n<p style=\"text-align: justify;\"><a href=\"https:\/\/www.mediapart.fr\/journal\/international\/221221\/la-politique-climatique-en-carton-d-amazon\">https:\/\/www.mediapart.fr\/journal\/international\/221221\/la-politique-climatique-en-carton-d-amazon<\/a><\/p>\n<p style=\"text-align: justify;\">Le g\u00e9ant du commerce en ligne communique en grande pompe sur ses engagements climatiques \u00e0 l\u2019horizon 2040. Mais le bilan carbone publi\u00e9 chaque ann\u00e9e par Amazon est largement sous-estim\u00e9. Les \u00e9missions de gaz \u00e0 effet de serre du groupe sont en pleine explosion, entre autres \u00e0 cause de son d\u00e9veloppement massif du tr\u00e8s polluant fret a\u00e9rien.<\/p>\n<p style=\"text-align: justify;\"><a href=\"https:\/\/www.quieryavenir.fr\/blog\/wp-content\/uploads\/2021\/12\/La-politique-climatique-dAmazon.pdf\">La politique climatique d\u2019Amazon<\/a><\/p>\n","protected":false},"excerpt":{"rendered":"<p>Et la mort\u00a0!<\/p>\n","protected":false},"author":2,"featured_media":0,"comment_status":"closed","ping_status":"closed","sticky":false,"template":"","format":"standard","meta":{"footnotes":""},"categories":[1],"tags":[],"class_list":["post-10562","post","type-post","status-publish","format-standard","hentry","category-non-classe"],"_links":{"self":[{"href":"https:\/\/www.quieryavenir.fr\/blog\/wp-json\/wp\/v2\/posts\/10562","targetHints":{"allow":["GET"]}}],"collection":[{"href":"https:\/\/www.quieryavenir.fr\/blog\/wp-json\/wp\/v2\/posts"}],"about":[{"href":"https:\/\/www.quieryavenir.fr\/blog\/wp-json\/wp\/v2\/types\/post"}],"author":[{"embeddable":true,"href":"https:\/\/www.quieryavenir.fr\/blog\/wp-json\/wp\/v2\/users\/2"}],"replies":[{"embeddable":true,"href":"https:\/\/www.quieryavenir.fr\/blog\/wp-json\/wp\/v2\/comments?post=10562"}],"version-history":[{"count":2,"href":"https:\/\/www.quieryavenir.fr\/blog\/wp-json\/wp\/v2\/posts\/10562\/revisions"}],"predecessor-version":[{"id":10572,"href":"https:\/\/www.quieryavenir.fr\/blog\/wp-json\/wp\/v2\/posts\/10562\/revisions\/10572"}],"wp:attachment":[{"href":"https:\/\/www.quieryavenir.fr\/blog\/wp-json\/wp\/v2\/media?parent=10562"}],"wp:term":[{"taxonomy":"category","embeddable":true,"href":"https:\/\/www.quieryavenir.fr\/blog\/wp-json\/wp\/v2\/categories?post=10562"},{"taxonomy":"post_tag","embeddable":true,"href":"https:\/\/www.quieryavenir.fr\/blog\/wp-json\/wp\/v2\/tags?post=10562"}],"curies":[{"name":"wp","href":"https:\/\/api.w.org\/{rel}","templated":true}]}}