{"id":10589,"date":"2022-01-07T02:25:43","date_gmt":"2022-01-07T01:25:43","guid":{"rendered":"https:\/\/www.quieryavenir.fr\/blog\/?p=10589"},"modified":"2022-01-05T07:13:22","modified_gmt":"2022-01-05T06:13:22","slug":"contre-le-nouveau-fanatisme-vaccinal","status":"publish","type":"post","link":"https:\/\/www.quieryavenir.fr\/blog\/2022\/01\/07\/contre-le-nouveau-fanatisme-vaccinal\/","title":{"rendered":"Contre le nouveau fanatisme \u00ab\u00a0vaccinal\u00a0\u00bb"},"content":{"rendered":"<p style=\"text-align: justify;\"><strong><img loading=\"lazy\" decoding=\"async\" class=\"wp-image-10598 aligncenter\" src=\"https:\/\/www.quieryavenir.fr\/blog\/wp-content\/uploads\/2022\/01\/Slogan-220108-217x300.jpg\" alt=\"\" width=\"441\" height=\"610\" srcset=\"https:\/\/www.quieryavenir.fr\/blog\/wp-content\/uploads\/2022\/01\/Slogan-220108-217x300.jpg 217w, https:\/\/www.quieryavenir.fr\/blog\/wp-content\/uploads\/2022\/01\/Slogan-220108.jpg 517w\" sizes=\"auto, (max-width: 441px) 100vw, 441px\" \/><\/strong><\/p>\n<h4 style=\"text-align: left;\"><strong>Plus de 2000 scientifiques et soignants fran\u00e7ais signent une tribune<\/strong><\/h4>\n<p><!--more--><\/p>\n<p style=\"text-align: justify;\"><strong>\u00ab\u00a0\u00a0Une nouvelle religion vaccinale est n\u00e9e en Occident\u00a0\u00bb<\/strong><\/p>\n<h4 style=\"text-align: justify;\">L\u2019id\u00e9ologie de la vaccination int\u00e9grale et r\u00e9p\u00e9t\u00e9e des populations est une sorte de nouvelle religion, avec son dieu, ses grands ma\u00eetres argentiers, ses d\u00e9vots, ses techniques de propagande de masse et ses mensonges \u00e9hont\u00e9s. En ouvrant d\u00e9sormais la voie \u00e0 la vaccination des enfants et en cr\u00e9ant par ailleurs entre les citoyens des discriminations in\u00e9dites pour des r\u00e9gimes r\u00e9put\u00e9s d\u00e9mocratiques, elle viole des droits humains que l\u2019on croyait \u00ab inali\u00e9nables \u00bb et dresse les citoyens les uns contre les autres.<\/h4>\n<p style=\"text-align: justify;\">La s\u00e9quence d\u2019appel \u00e0 la vaccination des enfants par le gouvernement fran\u00e7ais ce lundi 6 d\u00e9cembre \u00e9tait \u00e9crite d\u2019avance. L\u2019Agence europ\u00e9enne du m\u00e9dicament (EMA)\u00a0<a href=\"https:\/\/agenceurope.eu\/fr\/bulletin\/article\/12840\/2\">avait autoris\u00e9 le 25 novembre<\/a>\u00a0l\u2019usage des vaccins exp\u00e9rimentaux contre le Covid-19 chez les enfants \u00e2g\u00e9s de 5 \u00e0 11 ans, ne faisant que suivre une nouvelle fois la Food and Drug Administration (FDA) am\u00e9ricaine (<a href=\"https:\/\/www.fda.gov\/news-events\/press-announcements\/fda-authorizes-pfizer-biontech-covid-19-vaccine-emergency-use-children-5-through-11-years-age\">communiqu\u00e9 du 29 octobre<\/a>). Ceci ne concerne plus d\u00e9sormais que le produit de Pfizer\/BioNTech, m\u00eame s\u2019il faut bien par ailleurs continuer \u00e0\u00a0<a href=\"https:\/\/www.bfmtv.com\/economie\/vaccination-pourquoi-de-plus-en-plus-de-centres-ne-proposent-plus-que-du-moderna_AN-202112060308.html\">\u00e9couler le stock de celui de Moderna<\/a><u>\u00a0<\/u>dans les vaccinodromes. En France, la Haute Autorit\u00e9 de Sant\u00e9 (HAS) lui embo\u00eetait le pas\u00a0<a href=\"https:\/\/www.has-sante.fr\/jcms\/p_3302411\/fr\/covid-19-la-has-recommande-la-vaccination-des-enfants-fragiles\">en proposant (le 30 novembre) de vacciner tous les \u00ab\u00a0enfants fragiles\u00a0\u00bb<\/a>, \u00e0 savoir \u00ab\u00a0<em>tous ceux qui pr\u00e9sentent un risque de faire une forme grave de la maladie et de d\u00e9c\u00e9der et pour ceux vivant dans l\u2019entourage de personnes immunod\u00e9prim\u00e9es ou vuln\u00e9rables non prot\u00e9g\u00e9es par la vaccinatio<\/em>n\u00a0\u00bb. Elle appelle cela \u00ab\u00a0la strat\u00e9gie du cocooning\u00a0\u00bb, une appellation d\u2019apparence bienfaisante, qui masque le fait que les enfants sont bien moins contaminants que leurs parents et leurs enseignants (comme le montre\u00a0<a href=\"https:\/\/www.eurosurveillance.org\/content\/10.2807\/1560-7917.ES.2021.26.15.2001695\">une \u00e9tude de l\u2019Institut Pasteur<\/a>). Et la HAS annonce d\u00e9j\u00e0 qu\u2019elle \u00ab\u00a0<em>se prononcera ult\u00e9rieurement sur la pertinence d\u2019\u00e9largir cette vaccination<\/em>\u00a0\u00bb.<\/p>\n<p style=\"text-align: justify;\">Le premier groupe (les enfants \u00ab\u00a0\u00e0 risque\u00a0\u00bb) concernerait d\u00e9j\u00e0 au bas mot 360.000 personnes. Mais, bizarrement, la HAS ne chiffre pas le second groupe, celui des \u00ab\u00a0<em>enfants de 5 \u00e0 11 ans vivant dans l\u2019entourage de personnes immunod\u00e9prim\u00e9es ou celui de personnes vuln\u00e9rables non prot\u00e9g\u00e9es par la vaccination<\/em>\u00a0\u00bb. Il faut dire que,\u00a0<a href=\"https:\/\/solidarites-sante.gouv.fr\/grands-dossiers\/vaccin-covid-19\/article\/le-tableau-de-bord-de-la-vaccination\">selon le gouvernement<\/a>, le taux de vaccination des personnes de plus de 65 ans d\u00e9passe les 92% en France, de sorte que l\u2019on ne voit pas tr\u00e8s bien combien de \u00ab\u00a0personnes immunod\u00e9prim\u00e9es ou vuln\u00e9rables\u00a0\u00bb ne seraient pas encore vaccin\u00e9es. Mais peu importe en r\u00e9alit\u00e9, l\u2019essentiel est de continuer la grande marche en avant vers la vaccination int\u00e9grale (et r\u00e9p\u00e9t\u00e9e tous les six mois au minimum) de toute l\u2019humanit\u00e9. Telle est la nouvelle religion qui se r\u00e9pand dans le monde et permet aux grands ma\u00eetres argentiers Pfizer et Moderna d\u2019engranger\u00a0<a href=\"https:\/\/www.oxfam.org\/en\/press-releases\/pfizer-biontech-and-moderna-making-1000-profit-every-second-while-worlds-poorest\">1\u00a0000 dollars de b\u00e9n\u00e9fice par seconde<\/a>\u00a0\u00e0 chaque instant de nos vies, le tout orchestr\u00e9 par leurs vassaux r\u00e9gionaux que sont devenus la plupart des gouvernements occidentaux ainsi que les agences internationales \u2013 \u00e0 commencer par une Commission Europ\u00e9enne emmen\u00e9e par une Ursula von der Leyen orchestrant la grande op\u00e9ration vaccinale\u00a0<a href=\"https:\/\/politiquemagazine.fr\/monde\/entre-synergie-et-conflits-dinterets\/\">tout en ayant<\/a>\u00a0un fils travaillant pour le cabinet McKinsey et un mari directeur d\u2019une entreprise de biotechnologies orient\u00e9e vers les th\u00e9rapies g\u00e9n\u00e9tiques.<\/p>\n<p style=\"text-align: justify;\"><em>En France, la Haute Autorit\u00e9 de Sant\u00e9 (HAS) <\/em><a href=\"https:\/\/www.has-sante.fr\/jcms\/p_3302411\/fr\/covid-19-la-has-recommande-la-vaccination-des-enfants-fragiles\"><em>propose de vacciner tous les \u00ab\u00a0enfants fragiles\u00a0\u00bb<\/em><\/a><em>, \u00e0 savoir \u00ab\u00a0tous ceux qui pr\u00e9sentent un risque de faire une forme grave de la maladie et de d\u00e9c\u00e9der \u00bb<\/em><\/p>\n<h4 style=\"text-align: justify;\"><strong>Les ressorts \u00e9cul\u00e9s de la propagande de masse<\/strong><\/h4>\n<p style=\"text-align: justify;\">Pour y parvenir, ces gouvernements (et les nombreux journalistes qui les suivent au garde-\u00e0-vous) utilisent toutes les vieilles ficelles de la propagande. La logique de base est celle qu\u2019expliquait d\u00e9j\u00e0 Jacques Ellul il y a 60 ans (<em>Propagandes<\/em>, 1962)\u00a0:\u00a0\u00ab\u00a0<em>En face de la propagande d\u2019agitation [des r\u00e9volutionnaires, des putschistes, des terroristes], nous trouvons la propagande d\u2019int\u00e9gration, qui est la propagande des nations \u00e9volu\u00e9es, et caract\u00e9ristique de notre civilisation. C\u2019est une propagande de conformisation<\/em>\u00a0\u00bb. En effet, \u00ab\u00a0<em>dans une d\u00e9mocratie, il faut associer les citoyens aux d\u00e9cisions de l\u2019Etat. C\u2019est l\u00e0 le grand r\u00f4le de la propagande. Il faut donner aux citoyens le sentiment d\u2019avoir voulu les actes du gouvernement, d\u2019en \u00eatre responsables, d\u2019\u00eatre engag\u00e9s \u00e0 les d\u00e9fendre et \u00e0 les faire r\u00e9ussir<\/em>\u00a0\u00bb. On reconna\u00eet l\u00e0 le fondement de ce qui est appel\u00e9\u00a0<em>nudge<\/em>\u00a0de nos jours, un mot anglais \u00e0 la mode pour d\u00e9signer de vieilles techniques de marketing et de publicit\u00e9. C\u2019est en effet aux ann\u00e9es d\u2019entre-deux-guerres que remonte cette conception moderne de la propagande. L\u2019un de ses ma\u00eetres \u00e0 penser fut Edward Bernays, dont toute l\u2019\u0153uvre de propagandiste et de publicitaire\u00a0reposait sur l\u2019id\u00e9e que \u00ab\u00a0<em>la masse est incapable de juger correctement des affaires publiques et que les individus qui la composent sont inaptes \u00e0 exercer le r\u00f4le de citoyens en puissance qu\u2019une d\u00e9mocratie exige de chacun d\u2019eux\u00a0: bref, que le public, au fond, constitue pour la gouvernance de la soci\u00e9t\u00e9 un obstacle \u00e0 contourner et une menace \u00e0 \u00e9carter<\/em>\u00a0\u00bb, comme le r\u00e9sume\u00a0<a href=\"https:\/\/www.editionsladecouverte.fr\/propaganda-9782355220012\">son pr\u00e9facier fran\u00e7ais<\/a>.<\/p>\n<p style=\"text-align: justify;\">Le premier socle permanent de cette propagande est la peur, qui permet de placer les sujets en \u00e9tat de suggestibilit\u00e9. Apr\u00e8s avoir longtemps ni\u00e9 l\u2019existence des variants (sans doute parce que c\u2019est l\u2019IHU de Marseille qui le montrait), le gouvernement s\u2019en est empar\u00e9 pour renouveler cette strat\u00e9gie de la peur. Chaque nouveau variant permet ainsi de relancer l\u2019id\u00e9e simplette des \u00ab\u00a0vagues\u00a0\u00bb successives cens\u00e9es nous submerger, et vient justifier de nouvelles \u00e9tapes dans l\u2019objectif de vaccination int\u00e9grale, tout en d\u00e9tournant l\u2019attention des v\u00e9ritables causes de la mortalit\u00e9 occasionn\u00e9e par ces virus. Causes qui sont essentiellement d\u2019une part la proportion croissante de personnes atteintes de\u00a0<a href=\"https:\/\/resoaplus.fr\/sauver-le-dispositif-de-sante-francais-diminuons-lincidence-des-maladies-chroniques-dorigine-environnementale\/\">maladies chroniques environnementales<\/a>\u00a0(ob\u00e9sit\u00e9, diab\u00e8te, insuffisances cardiaques ou respiratoires, etc.), d\u2019autre part la tiers-mondisation de l\u2019h\u00f4pital public.<\/p>\n<p style=\"text-align: justify;\">Vient ensuite la technique de propagande \u00ab\u00a0blouses blanches et galons\u00a0\u00bb bien d\u00e9crite par Etienne Aug\u00e9 (<a href=\"https:\/\/www.deboecksuperieur.com\/ouvrage\/9782807300354-petit-traite-de-propagande-l-usage-de-ceux-qui-la-subissent\"><em>Petit trait\u00e9 de propagande. \u00c0 l\u2019usage de ceux qui la subissent<\/em><\/a>, 2007). Elle\u00a0consiste \u00e0 \u00ab\u00a0<em>faire appel \u00e0 des individus disposant de par leur titre, grade ou mandat, d\u2019une autorit\u00e9 sociale susceptible de b\u00e9n\u00e9ficier d\u2019une cr\u00e9dibilit\u00e9 sans rapport avec leurs propos et de provoquer chez leur audience une adh\u00e9sion \u00e0 leurs id\u00e9es, arguments ou actions<\/em>\u00a0\u00bb. Ainsi peut-on constater dans les m\u00e9dias \u00ab\u00a0<em>l\u2019apparition de sp\u00e9cialistes-professionnels, capables d\u2019intervenir sur des sujets dont ils n\u2019ont parfois pas une connaissance suffisante mais sur lesquels ils parviennent \u00e0 s\u2019exprimer avec un langage convaincant. Leur discours est per\u00e7u par la plupart des non-sp\u00e9cialistes comme un avis valant expertise car on a pris soin de les pr\u00e9senter, par exemple par le biais d\u2019un bandeau \u00e0 la t\u00e9l\u00e9vision, en mettant en valeur leurs titres, tels que docteur, professeur, g\u00e9n\u00e9ral, ainsi que leur domaine d\u2019expertise<\/em>\u00a0\u00bb. Bien entendu, pour que cela fonctionne, il faut soigneusement dissimuler leurs fr\u00e9quents liens avec les industries pharmaceutiques.<\/p>\n<p style=\"text-align: justify;\">En outre, les gouvernements comme celui de la France utilisent massivement un autre classique de la propagande\u00a0d\u2019Etat qu\u2019Etienne Aug\u00e9 appelle\u00a0\u00ab\u00a0le choix truqu\u00e9\u00a0\u00bb. Il consiste \u00e0 \u00ab\u00a0<em>proposer \u00e0 un public un choix, comme s\u2019il lui revenait de trancher et de choisir la meilleure option, tout en sachant \u00e0 l\u2019avance quel sera le r\u00e9sultat de cette consultation. Ainsi, le propagandiste met l\u2019auditoire devant l\u2019alternative entre un choix inacceptable qui sera n\u00e9cessairement rejet\u00e9, et une option qui appara\u00eetra comme peu d\u00e9sir\u00e9e mais in\u00e9luctable devant l\u2019ampleur du danger qui menace<\/em>\u00a0\u00bb. Vaccin\u00e9s ou reconfin\u00e9s\u00a0? Vaccin\u00e9s ou remasqu\u00e9s\u00a0? Vaccin\u00e9s, gu\u00e9ris ou morts\u00a0? L\u2019histoire \u00e9tait \u00e9crite d\u2019avance pour qui sait la reconna\u00eetre: \u00ab\u00a0<em>on utilise le choix truqu\u00e9 principalement pour expliquer des sacrifices ou pour annoncer des mesures drastiques. Il n\u2019est pas rare, dans ces cas-l\u00e0, que l\u2019on utilise des expressions inqui\u00e9tantes, car l\u2019objectif est de montrer qu\u2019il n\u2019existe qu\u2019une solution pour pr\u00e9venir une catastrophe<\/em>\u00a0\u00bb. Et l\u2019auteur de conclure que le\u00a0chef politique doit alors\u00ab\u00a0<em>s\u2019imposer dans un r\u00f4le de sauveur qui sait appr\u00e9cier l\u2019altruisme de ses \u2018ouailles\u2019. Il peut demander qu\u2019on lui sacrifie certaines libert\u00e9s primaires afin de mieux garantir la s\u00e9curit\u00e9 de chacun dans des temps troubl\u00e9s. Cette technique se retrouve \u00e0 l\u2019origine de la plupart des syst\u00e8mes de domination massifs qui conduisent \u00e0 des dictatures<\/em>\u00a0\u00bb.<\/p>\n<p style=\"text-align: justify;\">Enfin, arrive la technique de la grenouille \u00e9bouillant\u00e9e dans la c\u00e9l\u00e8bre fable\u00a0: plongez\u00a0une grenouille dans de l\u2019eau bouillante et elle bondira pour s\u2019\u00e9chapper, mais plongez-la dans de l\u2019eau froide et portez progressivement l\u2019eau \u00e0 \u00e9bullition, la grenouille s\u2019engourdira et finira par mourir de cette cuisson sans s\u2019en apercevoir. Les gouvernements usent et abusent de cette technique de contrainte en passant leur temps \u00e0 jurer que telle obligation n\u2019arrivera jamais ou que telle cat\u00e9gorie de la population ne sera jamais concern\u00e9e, afin de ne pas alarmer la population. Tout en r\u00e9alisant la chose petit \u00e0 petit. Ainsi la vaccination fut-elle d\u2019abord r\u00e9serv\u00e9e aux personnes les plus \u00e2g\u00e9es et aux professionnels de soins. Ensuite, elle a \u00e9t\u00e9 \u00e9largie progressivement aux adultes des tranches d\u2019\u00e2ge inf\u00e9rieures, avant de passer aux adolescents, puis aux enfants. Aujourd\u2019hui ce sont les enfants r\u00e9put\u00e9s \u00ab\u00a0fragiles\u00a0\u00bb, pour continuer \u00e0 jouer le noble r\u00f4le de protecteur. Demain, ce sera en r\u00e9alit\u00e9 la totalit\u00e9.<\/p>\n<h4 style=\"text-align: justify;\"><strong>La r\u00e9alit\u00e9 n\u2019a pas grand-chose \u00e0 voir avec cette propagande<\/strong><\/h4>\n<p style=\"text-align: justify;\">La r\u00e9alit\u00e9, elle, se moque de ces manipulations des peuples. Elle se r\u00e9sume en cinq constats.<\/p>\n<p style=\"text-align: justify;\">Le premier est que la pr\u00e9tendue \u00ab\u00a0pand\u00e9mie du si\u00e8cle\u00a0\u00bb n\u2019a jamais menac\u00e9 les personnes \u00e2g\u00e9es de moins de 60 ans. S\u2019il y a bien une cat\u00e9gorie de personnes qui ne risquent rien statistiquement, ce sont les enfants. Les statistiques de mortalit\u00e9 <a href=\"https:\/\/www.insee.fr\/fr\/statistiques\/4923977?sommaire=4487854\">\u00e9tablies par l\u2019INSEE<\/a>\u00a0montrent m\u00eame que les personnes \u00e2g\u00e9es de moins de 25 ans ont connu une\u00a0<em>sous-mortalit\u00e9<\/em>\u00a0en 2020 et 2021 par rapport \u00e0 2019. Quant \u00e0 celles \u00e2g\u00e9es de 25 \u00e0 49 ans, elles n\u2019ont globalement pas vu la diff\u00e9rence. La figure montre aussi que, sur la p\u00e9riode actuelle (1<sup>er<\/sup>\u00a0juin \u2013 8 novembre 2021), il n\u2019y a pas non plus de surmortalit\u00e9 chez les 50-64 ans.<\/p>\n<p style=\"text-align: justify;\">Le deuxi\u00e8me constat est qu\u2019il n\u2019est pas justifi\u00e9 d\u2019annoncer syst\u00e9matiquement le pire, aujourd\u2019hui l\u2019imminence d\u2019une \u00ab\u00a0cinqui\u00e8me vague\u00a0\u00bb. La r\u00e9alit\u00e9 est d\u2019abord qu\u2019il est fallacieux de pr\u00e9senter une courbe des \u00ab\u00a0cas positifs\u00a0\u00bb (qui d\u00e9pend de nombreux facteurs, \u00e0 commencer par la fr\u00e9quence des tests) comme une courbe du nombre de \u00ab\u00a0malades\u00a0\u00bb. L\u2019immense majorit\u00e9 des personnes porteuses de ce virus ont toujours \u00e9t\u00e9 peu ou pas symptomatiques. Ensuite, les hospitalisations et les d\u00e9c\u00e8s augmentent certes lentement, mais c\u2019est le cas chaque ann\u00e9e \u00e0 cette p\u00e9riode d\u2019entr\u00e9e dans l\u2019hiver. Les donn\u00e9es du\u00a0<a href=\"https:\/\/journals.sagepub.com\/doi\/10.1177\/0962280206071639\">r\u00e9seau\u00a0<em>Sentinelles<\/em><\/a>\u00a0(un r\u00e9seau fran\u00e7ais qui existe depuis 1984 et qui constitue un \u00e9chantillon de plusieurs centaines de m\u00e9decins g\u00e9n\u00e9ralistes faisant remonter leur activit\u00e9 m\u00e9dicale sur les maladies infectieuses) montrent m\u00eame que le nombre de malades se situe actuellement tr\u00e8s en de\u00e7\u00e0 non seulement des deux principales \u00e9pid\u00e9mies de Covid (mars-avril 2020 et octobre-novembre 2020), mais aussi des ann\u00e9es de plus fortes grippes saisonni\u00e8res (<em>Figure 2 ci-contre<\/em>). Ceci signifie que la sp\u00e9cificit\u00e9 de l\u2019\u00e9pid\u00e9mie de Covid ne r\u00e9side probablement pas dans sa dangerosit\u00e9 intrins\u00e8que, mais bien plut\u00f4t dans la r\u00e9ponse th\u00e9rapeutique, ou plut\u00f4t\u00a0<a href=\"https:\/\/blogs.mediapart.fr\/laurent-mucchielli\/blog\/091220\/comment-comprendre-le-deni-des-traitements-precoces-de-la-covid\">l\u2019absence de r\u00e9ponse th\u00e9rapeutique<\/a>, qui lui a \u00e9t\u00e9 oppos\u00e9e par les m\u00e9decins du fait des consignes gouvernementales qui ont privil\u00e9gi\u00e9 d\u2019abord des mesures non-pharmaceutiques (confinements, couvre-feux, etc.), ensuite la \u00ab\u00a0solution vaccinale\u00a0\u00bb.<\/p>\n<p style=\"text-align: justify;\">Le troisi\u00e8me constat est que la vaccination se dirige vers 100% de couverture de la population g\u00e9n\u00e9rale sans que cela ne change rien \u00e0 la dynamique des \u00e9pid\u00e9mies successives provoqu\u00e9es par les variants. C\u2019\u00e9tait d\u00e9j\u00e0 le cas du\u00a0<a href=\"https:\/\/blogs.mediapart.fr\/laurent-mucchielli\/blog\/200721\/la-vaccination-l-epreuve-des-faits-1ere-partie-les-chiffres-de-l-epidemie\">variant Delta (Indien) lors de l\u2019\u00e9t\u00e9\u00a0<\/a>dernier, et c\u2019est \u00e0 nouveau le cas du variant sud-africain dit Omicron (apparemment\u00a0<a href=\"https:\/\/www.samrc.ac.za\/news\/tshwane-district-omicron-variant-patient-profile-early-features\">moins dangereux que les pr\u00e9c\u00e9dents<\/a>). La conclusion est fatale\u00a0: le sauvetage par la vaccination g\u00e9n\u00e9rale est un mythe. Comme toutes les religions, il ne repose que sur la foi des croyants. La r\u00e9alit\u00e9, visible depuis plusieurs mois, est que la vaccination n\u2019enraye nullement la propagation de l\u2019\u00e9pid\u00e9mie. Et pour cause, il est\u00a0<a href=\"https:\/\/www.thelancet.com\/journals\/lanepe\/article\/PIIS2666-7762(21)00258-1\/fulltext?s=08#%20\">bien \u00e9tabli\u00a0<\/a>que la vaccination n\u2019emp\u00eache ni la contamination ni la transmission du virus.<\/p>\n<p style=\"text-align: justify;\">Le quatri\u00e8me constat est que, comme toutes les id\u00e9ologies religieuses ou la\u00efques, la vaccination int\u00e9grale est une structure psychorigide aveugle \u00e0 tout effet pervers et sourde \u00e0 toute remise en cause. En l\u2019occurrence, il est tabou de parler d\u2019effets ind\u00e9sirables graves li\u00e9s \u00e0 la vaccination des jeunes. Or la r\u00e9alit\u00e9 est l\u00e0, qui ne pourra pas \u00eatre ind\u00e9finiment cach\u00e9e sous le tapis. Les adeptes de la nouvelle religion ont d\u00e9ploy\u00e9 de grands efforts pour d\u00e9nier toute pertinence aux donn\u00e9es de pharmacovigilance\u00a0<a href=\"https:\/\/www.ardeur.net\/2021\/08\/la-dangerosite-des-nouveaux-vaccins-anti-covid-est-un-fait-historique\/\">qui \u00e9taient disponibles d\u00e9j\u00e0 l\u2019\u00e9t\u00e9 dernie<\/a><a href=\"https:\/\/web.archive.org\/web\/20211130154739\/https:\/www.ardeur.net\/2021\/08\/la-dangerosite-des-nouveaux-vaccins-anti-covid-est-un-fait-historique\/\">r<\/a>. Ils ne pourront rien contre l\u2019accumulation des publications scientifiques qui documentent notamment les risques in\u00e9dits de probl\u00e8mes cardiaques (thromboses, p\u00e9ricardites, myocardites) chez les adolescents vaccin\u00e9s (voir par exemple\u00a0<a href=\"https:\/\/academic.oup.com\/ehjqcco\/advance-article\/doi\/10.1093\/ehjqcco\/qcab090\/6442104\">ici<\/a>,\u00a0<a href=\"https:\/\/jkms.org\/DOIx.php?id=10.3346\/jkms.2021.36.e286\">ici<\/a>,\u00a0<a href=\"https:\/\/academic.oup.com\/cid\/advance-article\/doi\/10.1093\/cid\/ciab707\/6353927\">ici<\/a>,\u00a0<a href=\"https:\/\/www.ahajournals.org\/doi\/abs\/10.1161\/circ.144.suppl_1.10712\">ici<\/a>\u00a0et\u00a0<a href=\"https:\/\/www.medrxiv.org\/content\/10.1101\/2021.08.30.21262866v1\">l\u00e0<\/a>). En d\u2019autres termes, le rapport b\u00e9n\u00e9fice\/risque est clairement d\u00e9favorable \u00e0 la vaccination des jeunes. Pour cette raison, plusieurs pays scandinaves ont d\u00e9j\u00e0 renonc\u00e9 \u00e0 injecter aux jeunes les vaccins ARNm, rejoints il y a quelques jours par\u00a0<a href=\"https:\/\/www3.nhk.or.jp\/nhkworld\/en\/news\/20211204_12\/\">le Japon<\/a>. Au demeurant, lorsque le gouvernement avait saisi le Comit\u00e9 Consultatif National d\u2019Ethique le 27 avril 2021, ce dernier\u00a0<a href=\"https:\/\/www.ccne-ethique.fr\/sites\/default\/files\/enjeux_ethiques_relatifs_a_la_vaccination_covid_08.06.21_0.pdf\">avait conclu<\/a>\u00a0que \u00ab\u00a0<em>la vaccination des enfants de moins de 12 ans ne semble pas \u00e9thiquement et scientifiquement acceptable<\/em>\u00a0\u00bb. Mais qui se soucie encore de l\u2019\u00e9thique\u00a0?<\/p>\n<p style=\"text-align: justify;\">Enfin, le cinqui\u00e8me et dernier constat est que cette id\u00e9ologie industrielle et scientiste de la vaccination int\u00e9grale fonctionne comme les religions en temps de crise par le pass\u00e9. Elle a ses grands pr\u00eatres et ses d\u00e9vots, qui monopolisent plus que jamais la parole sur les plateaux de t\u00e9l\u00e9vision. Elle a son inquisition m\u00e9diatique qui excommunie les penseurs d\u00e9viants et r\u00eaverait de pouvoir les br\u00fbler comme jadis les sorci\u00e8res. Et elle produit massivement des boucs-\u00e9missaires (les non-vaccin\u00e9s) qui sont trait\u00e9s comme autrefois les pestif\u00e9r\u00e9s ou les l\u00e9preux, plus r\u00e9cemment les victimes du Sida\u00a0<a href=\"https:\/\/www.liberation.fr\/france\/2020\/11\/25\/la-contrainte-pour-lutter-contre-une-epidemie-c-est-contre-productif_1806677\/\">que J.-M. Le Pen voulait enfermer dans des \u00ab\u00a0sanatoriums\u00a0\u00bb<\/a>. Situation d\u2019autant plus absurde que\u00a0tout vaccin\u00e9 est un futur non-vaccin\u00e9 qui s\u2019ignore, puisque tout sera remis en cause pour celui ou celle qui ne fera pas sa troisi\u00e8me dose, avant sa quatri\u00e8me (<a href=\"https:\/\/twitter.com\/publicsenat\/status\/1468526697029017600\">d\u00e9j\u00e0 act\u00e9e par M. Delfraissy<\/a>), sa cinqui\u00e8me, sa sixi\u00e8me, etcetera.\u00a0Le principe m\u00eame du \u00ab\u00a0pass sanitaire\u00a0\u00bb a beau reposer sur un mensonge \u00e9hont\u00e9 (r\u00e9p\u00e9tons que la vaccination ne bloque ni l\u2019infection ni la transmission), sa logique discriminatoire se d\u00e9ploie dramatiquement depuis plusieurs mois. Et comme si la perte d\u2019emploi, le non-acc\u00e8s aux restaurants, aux lieux culturels, etc., ne suffisait pas, les gouvernements europ\u00e9ens rivalisent \u00e0 pr\u00e9sent d\u2019imagination contre l\u2019esp\u00e8ce de nouvel ennemi public n\u00b01 qu\u2019est devenu le non-vaccin\u00e9. A l\u2019image de l\u2019Autriche, il ne suffit plus d\u2019exclure, on voudrait maintenant mettre \u00e0 l\u2019amende, punir et enfermer. Cette logique discriminatoire morbide, qui viole des droits humains que l\u2019on croyait \u00ab\u00a0inali\u00e9nables\u00a0\u00bb, dresse les citoyens les uns contre les autres et sera certainement d\u00e9crite un jour par les historiens comme une sorte de folie collective orchestr\u00e9e par des personnes ayant perdu tout sens des valeurs d\u00e9mocratiques et des droits de l\u2019homme. Nous ne devons pas nous y r\u00e9signer et rester muets devant un tel d\u00e9sastre intellectuel et moral.<\/p>\n<p style=\"text-align: justify;\"><em>Vous souhaitez soutenir cette tribune ? Vous \u00eates chercheur, universitaire ou professionnel de sant\u00e9 ? <\/em><\/p>\n<p style=\"text-align: justify;\"><em>Vous pouvez signer en envoyant un mail ici : <\/em><\/p>\n<p style=\"text-align: justify;\"><a href=\"mailto:tribune.liberte.expression@gmail.com\">tribune.liberte.expression@gmail.com<\/a><\/p>\n<p style=\"text-align: justify;\"><strong>\u00a0<\/strong><\/p>\n<p style=\"text-align: justify;\"><strong>Lien vers la parution originale et compl\u00e8te sur Quartier G\u00e9n\u00e9ral<\/strong> :<\/p>\n<p style=\"text-align: justify;\"><a href=\"https:\/\/qg.media\/2021\/12\/12\/tribune-une-nouvelle-religion-vaccinale-est-nee-en-occident\/\">https:\/\/qg.media\/2021\/12\/12\/tribune-une-nouvelle-religion-vaccinale-est-nee-en-occident\/<\/a><\/p>\n<p style=\"text-align: justify;\">\n","protected":false},"excerpt":{"rendered":"<p>Plus de 2000 scientifiques et soignants fran\u00e7ais signent une tribune<\/p>\n","protected":false},"author":2,"featured_media":0,"comment_status":"closed","ping_status":"closed","sticky":false,"template":"","format":"standard","meta":{"footnotes":""},"categories":[1],"tags":[],"class_list":["post-10589","post","type-post","status-publish","format-standard","hentry","category-non-classe"],"_links":{"self":[{"href":"https:\/\/www.quieryavenir.fr\/blog\/wp-json\/wp\/v2\/posts\/10589","targetHints":{"allow":["GET"]}}],"collection":[{"href":"https:\/\/www.quieryavenir.fr\/blog\/wp-json\/wp\/v2\/posts"}],"about":[{"href":"https:\/\/www.quieryavenir.fr\/blog\/wp-json\/wp\/v2\/types\/post"}],"author":[{"embeddable":true,"href":"https:\/\/www.quieryavenir.fr\/blog\/wp-json\/wp\/v2\/users\/2"}],"replies":[{"embeddable":true,"href":"https:\/\/www.quieryavenir.fr\/blog\/wp-json\/wp\/v2\/comments?post=10589"}],"version-history":[{"count":4,"href":"https:\/\/www.quieryavenir.fr\/blog\/wp-json\/wp\/v2\/posts\/10589\/revisions"}],"predecessor-version":[{"id":10600,"href":"https:\/\/www.quieryavenir.fr\/blog\/wp-json\/wp\/v2\/posts\/10589\/revisions\/10600"}],"wp:attachment":[{"href":"https:\/\/www.quieryavenir.fr\/blog\/wp-json\/wp\/v2\/media?parent=10589"}],"wp:term":[{"taxonomy":"category","embeddable":true,"href":"https:\/\/www.quieryavenir.fr\/blog\/wp-json\/wp\/v2\/categories?post=10589"},{"taxonomy":"post_tag","embeddable":true,"href":"https:\/\/www.quieryavenir.fr\/blog\/wp-json\/wp\/v2\/tags?post=10589"}],"curies":[{"name":"wp","href":"https:\/\/api.w.org\/{rel}","templated":true}]}}