{"id":10592,"date":"2022-01-08T02:28:52","date_gmt":"2022-01-08T01:28:52","guid":{"rendered":"https:\/\/www.quieryavenir.fr\/blog\/?p=10592"},"modified":"2022-01-03T11:50:07","modified_gmt":"2022-01-03T10:50:07","slug":"la-liberte-des-un%c2%b7es-aux-depens-de-celle-des-autres","status":"publish","type":"post","link":"https:\/\/www.quieryavenir.fr\/blog\/2022\/01\/08\/la-liberte-des-un%c2%b7es-aux-depens-de-celle-des-autres\/","title":{"rendered":"La libert\u00e9 des un\u00b7es aux d\u00e9pens de celle des autres"},"content":{"rendered":"<p style=\"text-align: justify;\"><strong><img loading=\"lazy\" decoding=\"async\" class=\"wp-image-10579 aligncenter\" src=\"https:\/\/www.quieryavenir.fr\/blog\/wp-content\/uploads\/2022\/01\/Auberge-211228-300x221.jpg\" alt=\"\" width=\"671\" height=\"495\" srcset=\"https:\/\/www.quieryavenir.fr\/blog\/wp-content\/uploads\/2022\/01\/Auberge-211228-300x221.jpg 300w, https:\/\/www.quieryavenir.fr\/blog\/wp-content\/uploads\/2022\/01\/Auberge-211228.jpg 593w\" sizes=\"auto, (max-width: 671px) 100vw, 671px\" \/><\/strong><\/p>\n<h4 style=\"text-align: left;\"><strong>C\u2019est ce qui se passe avec le covid\u00a0!<\/strong><\/h4>\n<p><!--more--><\/p>\n<p style=\"text-align: justify;\"><strong>Vaccin, j\u2019oublie tout<\/strong><\/p>\n<p style=\"text-align: justify;\">Allez les enfants, les vacances sont finies, les mesures sanitaires sont de retour. Apr\u00e8s avoir offert quelques mois de r\u00e9pit aux personnes vaccin\u00e9es, papa Macron cogite pour g\u00e9rer le seul chiffre qui lui importe, celui des admissions hospitali\u00e8res qui doivent rester \u00e0 la limite de capacit\u00e9s bien \u00e9corn\u00e9es, et par la politique d\u2019aust\u00e9rit\u00e9, et par la crise sanitaire. Tout en respectant au mieux les besoins de l\u2019\u00e9conomie, c\u2019est \u00e0 dire des classes qui en tirent le plus grand profit.<\/p>\n<p style=\"text-align: justify;\">Pendant tout l\u2019automne, les salari\u00e9\u00b7es n\u2019ont pas eu la possibilit\u00e9 de choisir de t\u00e9l\u00e9travailler et ont d\u00fb s\u2019entasser dans le m\u00e9tro ou contribuer \u00e0 des embouteillages qu\u2019on n\u2019avait plus vus depuis longtemps. Les lieux recevant du public n\u2019ont plus eu d\u2019obligation de port du masque en int\u00e9rieur, sauf \u00e0 l\u2019initiative des organisateurs ou des pr\u00e9fets. C\u2019\u00e9tait la f\u00eate. \u00c0 un d\u00e9tail pr\u00e8s : nous en avons tenu \u00e0 l\u2019\u00e9cart les personnes non-vaccin\u00e9es ou qui ne se soumettaient pas au pass sanitaire. Pendant qu\u2019elles \u00e9taient de facto confin\u00e9es, nous avons enfin joui. Pendant ce temps, je fermais ma gueule, un peu parce que j\u2019en ai marre de faire les Cassandre qui sait comment \u00e7a va finir (dans un futur proche, pas plus), un peu parce que la seule r\u00e9ponse accord\u00e9e aux questions que je pose \u00e0 la sph\u00e8re \u00e9colo radicale \u00e0 ce sujet, c\u2019est du <em>bullying<\/em> (j\u2019en reparlerai).<\/p>\n<p style=\"text-align: justify;\">Depuis cet automne, les \u00e9lu\u00b7es des associations pour lesquelles je travaille sont purement et simplement tenu\u00b7es \u00e0 l\u2019\u00e9cart de la vie publique. Ils et elles ne vont pas au restaurant ou dans les bars et ne s\u2019en portent pas plus mal (c\u2019est une pratique assez peu fr\u00e9quente dans de nombreux milieux) mais n\u2019ont plus acc\u00e8s non plus aux trains nationaux ni \u00e0 une partie des lieux o\u00f9 nous menons nos rencontres, statutaires ou pas. C\u2019est \u00e0 dire qu\u2019ils et elles ne sont pas en mesure de participer sans pass \u00e0 nos conseils d\u2019administration ou \u00e0 nos AG. Ici le plus grand flou pr\u00e9vaut et il faut batailler pour faire valoir, quand elle existe, la libert\u00e9 de mener des r\u00e9unions associatives. Mais \u00e9tant des associations nationales, la question du transport et de l\u2019h\u00e9bergement fait souvent achopper nos efforts. Nos co-pr\u00e9sident\u00b7es sont quasiment assign\u00e9\u00b7es \u00e0 r\u00e9sidence, priv\u00e9\u00b7es de leur droit \u00e9l\u00e9mentaire \u00e0 la participation politique \u2013 ou alors sous une forme d\u00e9grad\u00e9e, \u00e0 distance.<\/p>\n<p style=\"text-align: justify;\">Ailleurs, ce sont les usag\u00e8r\u00b7es des biblioth\u00e8ques qui doivent pr\u00e9senter un pass. Les biblioth\u00e8ques municipales sont le seul lieu d\u2019acc\u00e8s gratuit \u00e0 l\u2019information, au savoir et aux d\u00e9marches administratives toujours plus d\u00e9mat\u00e9rialis\u00e9es mais qu\u2019importe, elles sont jug\u00e9es aussi dispensables qu\u2019une bo\u00eete de nuit ou un restaurant. <a href=\"https:\/\/bibsanspass.wixsite.com\">Les biblioth\u00e9caires pr\u00e9sentent ici leur lutte<\/a> pour que leur service reste accessible \u00e0 tou\u00b7tes, tout en expliquant que les bibli \u00ab\u00a0avaient parfaitement su s&rsquo;adapter \u00e0 la crise sanitaire en restant ouverts en continu depuis mai 2020, gr\u00e2ce \u00e0 des protocoles sanitaires stricts\u00a0\u00bb (la prochaine journ\u00e9e de gr\u00e8ve a lieu le 1er d\u00e9cembre).<\/p>\n<p style=\"text-align: justify;\">\u00c0 partir du moment o\u00f9 le vaccin a \u00e9t\u00e9 promu comme la principale mesure sanitaire, il s\u2019est agi de tordre le bras aux r\u00e9calcitrant\u00b7es tout en promettant monts et merveilles aux dociles\u00a0: \u00ab\u00a0Quand on est vaccin\u00e9, on est prot\u00e9g\u00e9 et on ne diffuse quasiment plus, en tout cas beaucoup moins, le virus\u00a0\u00bb, mentait Macron en Polyn\u00e9sie (d\u00e9p\u00eache AFP du 25 juillet). Probablement moins bien inform\u00e9e que le chef de l\u2019\u00c9tat, je savais pourtant que \u00ab\u00a0quasiment plus\u00a0\u00bb, c\u2019est environ deux fois moins. Pas de quoi pavoiser, pas de quoi faire la f\u00eate, pas de quoi oublier de se prot\u00e9ger et de prot\u00e9ger les autres avec des gestes simples. Ce qui devait arriver arrive donc\u00a0: la f\u00eate est finie ou en passe de l\u2019\u00eatre pour les vaccin\u00e9\u00b7es.<\/p>\n<p style=\"text-align: justify;\"><strong>De la critique du pass \u00e0 la critique des politiques s\u00e9curitaires\u00a0?<\/strong><\/p>\n<p style=\"text-align: justify;\">La restriction des libert\u00e9s, elle, s\u2019intensifie \u00e0 chaque pr\u00e9texte. Mais c\u2019est peu de dire que ce sujet est mal port\u00e9 par le mouvement anti-pass. D\u2019abord parce que la confusion est de mise quand on parle de politique \u00ab\u00a0sanitaire\u00a0\u00bb et qu\u2019on met dans le m\u00eame panier Big Pharma et des pr\u00e9cautions qui ne tiennent qu\u2019\u00e0 la bonne volont\u00e9 de chacun\u00b7e, critique de la soci\u00e9t\u00e9 industrielle et malthusianisme. Or, \u00ab\u00a0il n\u2019y a pas de politique sanitaire dans la mesure o\u00f9 il y a (de la part de l\u2019\u00c9tat) un refus obstin\u00e9 de toute mesure qui soit efficace et non punitive\u00a0\u00bb, \u00e9crit Val\u00e9rie G\u00e9rard <a href=\"https:\/\/diacritik.com\/2021\/10\/05\/valerie-gerard-ce-mouvement-anti-pass-ne-construit-rien-de-commun-mais-prone-la-destruction-de-toute-communaute-tracer-des-lignes\/\">dans ce bel article<\/a> qui oublie un \u00ab\u00a0d\u00e9tail\u00a0\u00bb\u00a0: le durcissement des libert\u00e9s individuelles et collectives \u00e0 fins diverses.<\/p>\n<p style=\"text-align: justify;\">Les lois s\u00e9curitaires s\u2019encha\u00eenent depuis des ann\u00e9es, elles sortent toutes pr\u00eates des minist\u00e8res le lendemain d\u2019une attaque ou d\u2019un fait divers, elles en viennent \u00e0 interdire tout et n\u2019importe quoi, soumettent chacun\u00b7e \u00e0 l\u2019arbitraire policier, rognent des libert\u00e9s que nous avions prises pour acquises. Leur pr\u00e9texte importe peu, elles finissent par s\u2019installer et les retours en arri\u00e8re semblent impossibles. Cette critique est loin d\u2019\u00eatre un commun des manifestations anti-pass. Des camarades anarchistes les ont accompagn\u00e9es dans l\u2019espoir d\u2019y voir surgir l\u2019esprit de r\u00e9volte qui a anim\u00e9 les Gilets jaunes comme des mouvements Nimby anti-am\u00e9nagement, quand les discussions invitent \u00e0 sortir de soi pour voir plus loin. O\u00f9 en est-on aujourd\u2019hui\u00a0?<\/p>\n<p style=\"text-align: justify;\">Justement, le couvre-feu pour raisons \u00ab\u00a0sanitaires\u00a0\u00bb dans les Antilles fran\u00e7aises a \u00e9t\u00e9 remplac\u00e9 par un couvre-feu s\u00e9curitaire. Un glissement qui n\u2019a rien d\u2019extraordinaire\u00a0: \u00e0 Singapour, il y a plus d\u2019un an que l\u2019appli anti-Covid locale sert \u00e0 r\u00e9soudre des affaires de droit commun. Nous y sommes donc, <a href=\"https:\/\/www.mediapart.fr\/journal\/france\/271121\/le-couvre-feu-un-outil-en-voie-de-banalisation\">en commen\u00e7ant par les anciennes colonies<\/a>, mais comment d\u00e9sormais faire front commun, apr\u00e8s les convergences avec les libertariens et l\u2019extr\u00eame droite au sujet des mesures \u00ab\u00a0sanitaires\u00a0\u00bb, apr\u00e8s la haine d\u00e9vers\u00e9e sur celles et ceux qui osent dire que la violence et le m\u00e9pris de l\u2019\u00c9tat s\u2019expriment d\u2019autant mieux sur les sujets coloniaux ou postcoloniaux\u00a0? Pour recoudre cette d\u00e9chirure, il faudra redonner tout son sens \u00e0 la notion de libert\u00e9. \u00c7a tombe bien, c\u2019est ce \u00e0 quoi nous invite un ouvrage tout juste sorti de presse&#8230;<\/p>\n<p style=\"text-align: justify;\">&#8212;<\/p>\n<p style=\"text-align: justify;\">Des asso qui luttent pour nos libert\u00e9s demandent de l\u2019aide. Ici la <a href=\"https:\/\/www.laquadrature.net\/donner\/\">Quadrature du net<\/a> et l\u00e0 la <a href=\"https:\/\/soutenir.ldh-france.org\/\">Ligue des droits \u00ab\u00a0de l\u2019Homme\u00a0\u00bb<\/a>. En attendant les prochaines manifs.<\/p>\n<p style=\"text-align: justify;\"><a href=\"https:\/\/blog.ecologie-politique.eu\/post\/Covid-la-liberte-des-un-es\">https:\/\/blog.ecologie-politique.eu\/post\/Covid-la-liberte-des-un-es<\/a><\/p>\n","protected":false},"excerpt":{"rendered":"<p>C\u2019est ce qui se passe avec le covid\u00a0!<\/p>\n","protected":false},"author":2,"featured_media":0,"comment_status":"closed","ping_status":"closed","sticky":false,"template":"","format":"standard","meta":{"footnotes":""},"categories":[1],"tags":[],"class_list":["post-10592","post","type-post","status-publish","format-standard","hentry","category-non-classe"],"_links":{"self":[{"href":"https:\/\/www.quieryavenir.fr\/blog\/wp-json\/wp\/v2\/posts\/10592","targetHints":{"allow":["GET"]}}],"collection":[{"href":"https:\/\/www.quieryavenir.fr\/blog\/wp-json\/wp\/v2\/posts"}],"about":[{"href":"https:\/\/www.quieryavenir.fr\/blog\/wp-json\/wp\/v2\/types\/post"}],"author":[{"embeddable":true,"href":"https:\/\/www.quieryavenir.fr\/blog\/wp-json\/wp\/v2\/users\/2"}],"replies":[{"embeddable":true,"href":"https:\/\/www.quieryavenir.fr\/blog\/wp-json\/wp\/v2\/comments?post=10592"}],"version-history":[{"count":2,"href":"https:\/\/www.quieryavenir.fr\/blog\/wp-json\/wp\/v2\/posts\/10592\/revisions"}],"predecessor-version":[{"id":10595,"href":"https:\/\/www.quieryavenir.fr\/blog\/wp-json\/wp\/v2\/posts\/10592\/revisions\/10595"}],"wp:attachment":[{"href":"https:\/\/www.quieryavenir.fr\/blog\/wp-json\/wp\/v2\/media?parent=10592"}],"wp:term":[{"taxonomy":"category","embeddable":true,"href":"https:\/\/www.quieryavenir.fr\/blog\/wp-json\/wp\/v2\/categories?post=10592"},{"taxonomy":"post_tag","embeddable":true,"href":"https:\/\/www.quieryavenir.fr\/blog\/wp-json\/wp\/v2\/tags?post=10592"}],"curies":[{"name":"wp","href":"https:\/\/api.w.org\/{rel}","templated":true}]}}