{"id":11103,"date":"2022-04-29T02:48:09","date_gmt":"2022-04-29T00:48:09","guid":{"rendered":"https:\/\/www.quieryavenir.fr\/blog\/?p=11103"},"modified":"2022-04-27T14:56:38","modified_gmt":"2022-04-27T12:56:38","slug":"pass-vaccinal-de-retour","status":"publish","type":"post","link":"https:\/\/www.quieryavenir.fr\/blog\/2022\/04\/29\/pass-vaccinal-de-retour\/","title":{"rendered":"Pass vaccinal de retour\u00a0?"},"content":{"rendered":"<h4><img loading=\"lazy\" decoding=\"async\" class=\"wp-image-11105 aligncenter\" src=\"https:\/\/www.quieryavenir.fr\/blog\/wp-content\/uploads\/2022\/04\/ICE-stop5G-300x186.jpg\" alt=\"\" width=\"527\" height=\"327\" srcset=\"https:\/\/www.quieryavenir.fr\/blog\/wp-content\/uploads\/2022\/04\/ICE-stop5G-300x186.jpg 300w, https:\/\/www.quieryavenir.fr\/blog\/wp-content\/uploads\/2022\/04\/ICE-stop5G.jpg 737w\" sizes=\"auto, (max-width: 527px) 100vw, 527px\" \/><\/h4>\n<h2 style=\"text-align: justify;\"><span style=\"font-family: Comic Sans MS, cursive;\"><span style=\"font-size: medium;\"><strong>Ce sera prochainement ? Le virus n&rsquo;est pas trait\u00e9 de la m\u00eame fa\u00e7on dans diff\u00e9rents pays !<\/strong><br \/>\n<\/span><\/span><\/h2>\n<p><!--more--><\/p>\n<p style=\"text-align: justify;\"><span style=\"font-family: Comic Sans MS, cursive;\"><span style=\"font-size: medium;\">Chaque jour, des dizaines de milliers de personnes continuent d&rsquo;\u00eatre test\u00e9es positives au Covid-19. La situation sanitaire qui continue de s&rsquo;aggraver pourrait-elle occasionner un retour des restrictions telles que le pass vaccinal ?<\/span><\/span><\/p>\n<p style=\"text-align: justify;\"><strong><span style=\"font-family: Comic Sans MS, cursive;\"><span style=\"font-size: medium;\">L&rsquo;\u00e9pid\u00e9mie de Covid-19 est loin d&rsquo;\u00eatre derri\u00e8re nous.\u00a0<\/span><\/span><\/strong><span style=\"font-family: Comic Sans MS, cursive;\"><span style=\"font-size: medium;\"> Selon les derniers chiffres de l&rsquo;Agence nationale de sant\u00e9 publique, <\/span><\/span><strong><span style=\"font-family: Comic Sans MS, cursive;\"><span style=\"font-size: medium;\">plus de 100 000 nouvelles contaminations<\/span><\/span><\/strong><span style=\"font-family: Comic Sans MS, cursive;\"><span style=\"font-size: medium;\"> ont \u00e9t\u00e9 enregistr\u00e9es pour la seule journ\u00e9e du dimanche 12 avril 2022. Par ailleurs,\u00a0le taux d&rsquo;incidence s&rsquo;\u00e9l\u00e8ve \u00e0 pr\u00e8s de 1 400 personnes test\u00e9es positives au virus sur 100 000 habitants en France, soit plus d&rsquo;1% de la population. Entre le 31 mars et le 6 avril 2022, l&rsquo;organisme a comptabilis\u00e9 <\/span><\/span><strong><span style=\"font-family: Comic Sans MS, cursive;\"><span style=\"font-size: medium;\">9 212 hospitalisations de <a href=\"https:\/\/www.planet.fr\/societe-covid-19-quel-pourrait-etre-le-scenario-catastrophe-pour-le-printemps.2471007.29336.html\">patients Covid<\/a><\/span><\/span><\/strong><span style=\"font-family: Comic Sans MS, cursive;\"><span style=\"font-size: medium;\">, dont <\/span><\/span><strong><span style=\"font-family: Comic Sans MS, cursive;\"><span style=\"font-size: medium;\">plus de 800 admissions en soins critiques<\/span><\/span><\/strong><span style=\"font-family: Comic Sans MS, cursive;\"><span style=\"font-size: medium;\">.\u00a0<\/span><\/span><\/p>\n<h2 style=\"text-align: justify;\"><a name=\"subpage-title-1\"><\/a><span style=\"font-family: Comic Sans MS, cursive;\"><span style=\"font-size: medium;\">\u00ab\u00a0Il ne faut pas s&rsquo;interdire de r\u00e9utiliser le pass vaccinal\u00a0\u00bb<\/span><\/span><\/h2>\n<p style=\"text-align: justify;\"><span style=\"font-family: Comic Sans MS, cursive;\"><span style=\"font-size: medium;\">\u00ab\u00a0La loi a donn\u00e9 la possibilit\u00e9 au <a href=\"https:\/\/www.planet.fr\/societe-covid-19-et-quatrieme-dose-les-nouvelles-annonces-dolivier-veran.2476414.29336.html\">gouvernement<\/a> de l&rsquo;utiliser <\/span><\/span><strong><span style=\"font-family: Comic Sans MS, cursive;\"><span style=\"font-size: medium;\">jusqu&rsquo;en juillet<\/span><\/span><\/strong><span style=\"font-family: Comic Sans MS, cursive;\"><span style=\"font-size: medium;\">. Et donc s&rsquo;il y avait une remont\u00e9e tr\u00e8s forte, qui s&rsquo;accompagnait d&rsquo;une mont\u00e9e des hospitalisations et en r\u00e9animation, qui conduit \u00e0 une d\u00e9programmation des op\u00e9rations, il ne faut pas s&rsquo;interdire de r\u00e9utiliser le <\/span><\/span><strong><span style=\"font-family: Comic Sans MS, cursive;\"><span style=\"font-size: medium;\">pass vaccinal<\/span><\/span><\/strong><span style=\"font-family: Comic Sans MS, cursive;\"><span style=\"font-size: medium;\">\u00ab\u00a0, a d\u00e9clar\u00e9 le pr\u00e9sident de la R\u00e9publique aupr\u00e8s de <\/span><\/span><em><a href=\"https:\/\/www.rtl.fr\/\"><span style=\"font-family: Comic Sans MS, cursive;\"><span style=\"font-size: medium;\">RTL<\/span><\/span><\/a><\/em><span style=\"font-family: Comic Sans MS, cursive;\"><span style=\"font-size: medium;\">.\u00a0<\/span><\/span><\/p>\n<p style=\"text-align: justify;\"><span style=\"font-family: Comic Sans MS, cursive;\"><span style=\"font-size: medium;\">O\u00f9\u00a0la situation hospitali\u00e8re est-elle la plus tendue ?\u00a0<\/span><\/span><strong><span style=\"font-family: Comic Sans MS, cursive;\"><span style=\"font-size: medium;\">Dans notre diaporama ci-dessous, d\u00e9couvrez le classement des d\u00e9partements o\u00f9 on compte le plus de lits de r\u00e9animation occup\u00e9s pour 100 000 habitants.\u00a0<\/span><\/span><\/strong><span style=\"font-family: Comic Sans MS, cursive;\"><span style=\"font-size: medium;\"> Les informations renseign\u00e9es sont issues des donn\u00e9es de Covid Tracker au 10 avril 2022.\u00a0<\/span><\/span><\/p>\n<p style=\"text-align: justify;\"><span style=\"font-family: Comic Sans MS, cursive;\"><span style=\"font-size: medium;\"><b>Article paru le 11 avril<\/b>\u00a0; pour en savoir plus, allez sur planet.fr<\/span><\/span><\/p>\n<p style=\"text-align: center;\"><span style=\"font-family: Comic Sans MS, cursive;\"><span style=\"font-size: medium;\">** **<\/span><\/span><\/p>\n<p style=\"text-align: center;\"><span style=\"font-family: Comic Sans MS, cursive;\"><strong>Ils ont jou\u00e9 sur la sid\u00e9ration et le mensonge<\/strong> <\/span><\/p>\n<p><span style=\"font-family: Comic Sans MS, cursive;\">Une intervention de L. Toubiana<br \/>\n<\/span><\/p>\n<p><span style=\"font-family: Comic Sans MS, cursive;\"><a href=\"https:\/\/www.youtube.com\/watch?v=wNKwetQ9Df0\">https:\/\/www.youtube.com\/watch?v=wNKwetQ9Df0<\/a> <\/span><\/p>\n<p style=\"text-align: center;\"><span style=\"font-family: Comic Sans MS, cursive;\"><span style=\"font-size: medium;\">** **<\/span><\/span><\/p>\n<p style=\"text-align: center;\"><strong><span style=\"font-family: Comic Sans MS, cursive;\"><span style=\"font-size: medium;\">Commentaire<\/span><\/span><\/strong><\/p>\n<p style=\"text-align: justify;\"><span style=\"font-family: Comic Sans MS, cursive;\"><span style=\"font-size: medium;\">Toute latitude va \u00eatre donn\u00e9e \u00e0 V\u00e9ran apr\u00e8s l\u2019\u00e9lection pr\u00e9sidentielle.<\/span><\/span><\/p>\n<p style=\"text-align: justify;\"><span style=\"font-family: Comic Sans MS, cursive;\"><span style=\"font-size: medium;\">Compte tenu de la politique sanitaire men\u00e9e depuis un bon moment, il ne faudra pas s\u2019attendre \u00e0 des changements radicaux. Bien au contraire.<\/span><\/span><\/p>\n<p style=\"text-align: justify;\"><span style=\"font-family: Comic Sans MS, cursive;\"><span style=\"font-size: medium;\">C\u2019est d\u2019autant plus plausible que la politique men\u00e9e jusque maintenant a fait ses preuves en terme d\u2019ob\u00e9issance de la part de nombreux Fran\u00e7ais.<br \/>\nOn a voulu faire peur en disant que c\u2019\u00e9tait la guerre. On s\u2019est donn\u00e9 les moyens de coercition, notamment en terme de sanctions financi\u00e8res. Ce qui fait que, m\u00eame maintenant, alors qu\u2019il n\u2019est plus question de porter le masque \u00e0 l\u2019ext\u00e9rieur, on voit encore des personnes marcher, rouler \u00e0 v\u00e9lo \u2026 avec le machin soi-disant protecteur.<\/span><\/span><\/p>\n<p style=\"text-align: justify;\"><span style=\"font-family: Comic Sans MS, cursive;\"><span style=\"font-size: medium;\">Pourtant, de nombreuses personnes -concern\u00e9es ou sp\u00e9cialis\u00e9es- ont bien dit que cette \u00ab\u00a0\u00e9pid\u00e9mie\u00a0\u00bb n\u2019\u00e9tait pas plus dangereuse que la grippe de 2015. <\/span><\/span><\/p>\n<p style=\"text-align: justify;\"><span style=\"font-family: Comic Sans MS, cursive;\"><span style=\"font-size: medium;\">Pourtant on a dit (toujours des personnes concern\u00e9es ou sp\u00e9cialis\u00e9es) que le confinement a servi \u00e0 pas grand-chose.\u00a0<\/span><\/span><\/p>\n<p style=\"text-align: justify;\"><span style=\"font-family: Comic Sans MS, cursive;\"><span style=\"font-size: medium;\">Pourtant on a dit que la politique \u00e0 propos des masques avait \u00e9t\u00e9 nulle\u00a0: tout d\u2019abord les masques ne servaient \u00e0 rien -argument quand il n\u2019y en avait pas en stock-\u00a0; ensuite, ils \u00e9taient devenues obligatoires, sous peines de sanctions<\/span><\/span><\/p>\n<p style=\"text-align: justify;\"><span style=\"font-family: Comic Sans MS, cursive;\"><span style=\"font-size: medium;\">Pourtant on a dit que la politique de la vaccination obligatoire \u00e9tait scandaleuse \u00e0 deux titres\u00a0:<\/span><\/span><\/p>\n<p style=\"text-align: justify;\"><span style=\"font-family: Comic Sans MS, cursive;\"><span style=\"font-size: medium;\">&#8211; elle portait atteinte \u00e0 la libert\u00e9 individuelle<\/span><\/span><\/p>\n<p style=\"text-align: justify;\"><span style=\"font-family: Comic Sans MS, cursive;\"><span style=\"font-size: medium;\">&#8211; le vaccin propos\u00e9 par big pharma (Pfizer \u2026) n\u2019en \u00e9tait pas un.<\/span><\/span><\/p>\n<p style=\"text-align: justify;\"><span style=\"font-family: Comic Sans MS, cursive;\"><span style=\"font-size: medium;\">Cela n\u2019a rien chang\u00e9.<\/span><\/span><\/p>\n<p style=\"text-align: justify;\"><span style=\"font-family: Comic Sans MS, cursive;\"><span style=\"font-size: medium;\">C\u2019est confirm\u00e9 par de nombreux observateurs que cet ensemble de mesures n\u2019a servi qu\u2019\u00e0 mettre en place des lois d\u2019urgence encore en application actuellement. Cela n\u2019a pas \u00e9t\u00e9 une politique sanitaire pour sauver des vies. On le pouvait d\u2019autant moins que tout a \u00e9t\u00e9 fait pour que les services m\u00e9dicaux soient \u00e9tudi\u00e9 sous l\u2019angle de la rentabilit\u00e9 financi\u00e8re. <\/span><\/span><\/p>\n<p style=\"text-align: justify;\"><span style=\"font-family: Comic Sans MS, cursive;\"><span style=\"font-size: medium;\">C\u2019est ce qui explique que l\u2019on a supprim\u00e9 -et on en supprime encore- des lits\u00a0; ce qui fait qu\u2019on a diminu\u00e9 le personnel m\u00e9dical -mais pas sp\u00e9cialement le personnel administratif-. On a m\u00eame d\u00e9gag\u00e9 des personnels soignants en quantit\u00e9 importantes parce qu\u2019ils n\u2019\u00e9taient pas vaccin\u00e9s. La politique sanitaire a \u00e9t\u00e9 aux ordres du pouvoir, sans lien avec la protection des citoyens.<\/span><\/span><\/p>\n<p style=\"text-align: justify;\"><span style=\"font-family: Comic Sans MS, cursive;\"><span style=\"font-size: medium;\">Bien entendu, les m\u00e9dias ont \u00e9t\u00e9 aux ordres et de ces \u00ab\u00a0sp\u00e9cialistes\u00a0\u00bb que l\u2019on entendait continuellement sur toutes les radios, les t\u00e9l\u00e9visions, les journaux, et du pouvoir en place.<\/span><\/span><\/p>\n<p style=\"text-align: justify;\"><span style=\"font-family: Comic Sans MS, cursive;\"><span style=\"font-size: medium;\">Ceci s\u2019explique aussi par la politique de l\u2019ordre des m\u00e9decins qui a tout fait -sanctions \u00e0 l\u2019appui- pour d\u00e9poss\u00e9der les m\u00e9decins g\u00e9n\u00e9ralistes de leurs d\u00e9cisions ultimes de prescrire, ceci au \u00ab profit \u00bb des services des urgences et des h\u00f4pitaux. Cela explique \u00e9videmment l\u2019engorgement dans ces services et les morts dus notamment au retard de diagnostic m\u00e9dical \u00e0 la base et au manque de personnel m\u00e9dical.<\/span><\/span><\/p>\n<p style=\"text-align: justify;\"><span style=\"font-family: Comic Sans MS, cursive;\"><span style=\"font-size: medium;\">Il ne faut pas se faire d\u2019illusions. Tout sera fait \u00e0 l\u2019heure actuelle pour montrer que la situation est tr\u00e8s grave, qu\u2019il y a une recrudescence de la maladie -en oubliant que le virus est plus contagieux mais moins dangereux, que les hospitalisations sont moins importantes et que la grippe s\u2019installe.<\/span><\/span><\/p>\n<p style=\"text-align: justify;\"><span style=\"font-family: Comic Sans MS, cursive;\"><span style=\"font-size: medium;\">Tout ceci pour remettre en route le pass vaccinal et obliger les jeunes \u00e0 passer \u00e0 la casserole. Cela ne g\u00eanera pas le pr\u00e9sident et son vassal \u00e0 la sant\u00e9 de passer outre aux libert\u00e9s individuelles ce qui entra\u00eenera une consid\u00e9rable augmentation du taux de suicide chez les enfants \u2013ce qui a \u00e9t\u00e9 d\u00e9j\u00e0 le cas durant ces deux derni\u00e8res ann\u00e9es. Puisque les loi d\u2019urgence ne seront pas abrog\u00e9es, on assistera encore \u00e0 une longue marche de moutons qui emprunteront la route de la num\u00e9risation forc\u00e9e et le boulevard du transhumanisme. 1984 ne sera pas loin !<\/span><\/span><\/p>\n<p style=\"text-align: justify;\"><span style=\"font-family: Comic Sans MS, cursive;\"><span style=\"font-size: medium;\">On n\u2019est pas sorti du cauchemar\u2026 sauf si on r\u00e9agit collectivement. On avait d\u00e9j\u00e0 commenc\u00e9 \u00e0 le faire pour le premier pass. Cela a \u00e9t\u00e9 compl\u00e8tement ignor\u00e9 par les \u00ab partis de gauche \u00bb qui n\u2019ont m\u00eame pas pris le train en marche, sous pr\u00e9texte que cela avait commenc\u00e9 avec des mots d\u2019ordre de l\u2019extr\u00eame-droite. La r\u00e9alit\u00e9 \u00e9tait globalement tout autre.<\/span><\/span><\/p>\n<p style=\"text-align: justify;\"><span style=\"font-family: Comic Sans MS, cursive;\"><span style=\"font-size: medium;\">Si on ne sort pas de cette opposition de fa\u00e7ade au pouvoir en place, on va continuer \u00e0 subir \u2026 et on en subira de plus en plus.<\/span><\/span><\/p>\n<p style=\"text-align: justify;\"><span style=\"font-family: Comic Sans MS, cursive;\"><span style=\"font-size: medium;\"><b>Un extrait du livre \u00ab\u00a0la doxa du covid, enqu\u00eate sur la gestion politico-sanitaire de la crise sanitaire\u00a0\u00bb , sous la direction de L. Mucchielli\u00a0:<\/b><\/span><\/span><\/p>\n<p><span style=\"font-family: Comic Sans MS, cursive;\"><span style=\"font-size: medium;\">\u00ab Alors qu&rsquo;ils avaient explicitement promis aux Fran\u00e7ais qu&rsquo;ils ne le devrait jamais, le pr\u00e9sident de la R\u00e9publique, le premier ministre, le ministre de la sant\u00e9 et l\u2019ensemble du gouvernement ne cessent d&rsquo;appeler par tous les moyens \u00e0 la vaccination int\u00e9grale de la population et ne cachent plus leur intention d&rsquo;essayer de rendre la vaccination obligatoire d&rsquo;une fa\u00e7on ou d&rsquo;une autre.<\/span><\/span><\/p>\n<p align=\"justify\"><span style=\"font-family: Comic Sans MS, cursive;\"><span style=\"font-size: medium;\">Dans cette vaste op\u00e9ration, le pouvoir ex\u00e9cutif d\u00e9ploie toutes les ficelles de marketing et de propagande. <\/span><\/span><\/p>\n<p style=\"text-align: justify;\"><span style=\"font-family: Comic Sans MS, cursive;\"><span style=\"font-size: medium;\">Il s\u2019agit notamment\u00a0:<\/span><\/span><\/p>\n<p style=\"text-align: justify;\"><span style=\"font-family: Comic Sans MS, cursive;\"><span style=\"font-size: medium;\">1) d\u2019effrayer la population avec la circulation d\u2019un nouveau \u00ab\u00a0variant delta\u00a0\u00bb semblant pourtant relativement inoffensif (du moins en \u00e9t\u00e9)<\/span><\/span><\/p>\n<p style=\"text-align: justify;\"><span style=\"font-family: Comic Sans MS, cursive;\"><span style=\"font-size: medium;\">2) de pr\u00e9tendre que la vaccination prot\u00e8ge presque totalement (95%) tant du risque d\u2019infection que du risque de formes s\u00e9v\u00e8res de la maladie (donc, au final, du risque de d\u00e9c\u00e8s)<\/span><\/span><\/p>\n<p style=\"text-align: justify;\"><span style=\"font-family: Comic Sans MS, cursive;\"><span style=\"font-size: medium;\">3) de faire accepter \u00e0 la population les termes d\u2019un chantage\u00a0: vaccination ou reconfinement\u00a0\u00bb<\/span><\/span><\/p>\n<p style=\"text-align: justify;\"><span style=\"font-family: Comic Sans MS, cursive;\"><span style=\"font-size: medium;\">Extrait \u00e9crit en juillet 2021\u00a0!<\/span><\/span><\/p>\n<p style=\"text-align: center;\"><span style=\"font-family: Comic Sans MS, cursive;\"><span style=\"font-size: medium;\">** **<\/span><\/span><\/p>\n<p style=\"text-align: center;\"><strong><span style=\"font-family: Comic Sans MS, cursive;\"><span style=\"font-size: medium;\">Message d&rsquo;un m\u00e9decin<\/span><\/span><\/strong><\/p>\n<pre><span style=\"font-family: Comic Sans MS, cursive;\"><span style=\"font-size: medium;\">M\u00e9decine et d\u00e9gringolade  <\/span><\/span>\r\n<span style=\"font-family: Comic Sans MS, cursive;\"><span style=\"font-size: medium;\">Le COVID a permis de mettre en \u00e9vidence la manipulation condamnable<\/span><\/span>\r\n<span style=\"font-family: Comic Sans MS, cursive;\"><span style=\"font-size: medium;\">de notre  gouvernement, la corruption financi\u00e8re du corps m\u00e9dical,<\/span><\/span>\r\n<span style=\"font-family: Comic Sans MS, cursive;\"><span style=\"font-size: medium;\">etc... <\/span><\/span>\r\n<span style=\"font-family: Comic Sans MS, cursive;\"><span style=\"font-size: medium;\">N\u00e9anmoins je vous invite \u00e0 d\u00e9poser plainte aupr\u00e8s des conseils<\/span><\/span>\r\n<span style=\"font-family: Comic Sans MS, cursive;\"><span style=\"font-size: medium;\">ordinaux de votre d\u00e9partement contre le praticien qui vous a vaccin\u00e9<\/span><\/span>\r\n<span style=\"font-family: Comic Sans MS, cursive;\"><span style=\"font-size: medium;\">avec un vaccin ARN Messager dont on connaissait les risques mortels<\/span><\/span>\r\n<span style=\"font-family: Comic Sans MS, cursive;\"><span style=\"font-size: medium;\">li\u00e9s \u00e0 toute exp\u00e9rimentation. Mentionnez le non-respect de<\/span><\/span>\r\n<span style=\"font-family: Comic Sans MS, cursive;\"><span style=\"font-size: medium;\">l'article 40 du code de d\u00e9ontologie dans lequel chaque m\u00e9decin doit<\/span><\/span>\r\n<span style=\"font-family: Comic Sans MS, cursive;\"><span style=\"font-size: medium;\">s'interdire de faire courir au patient un RISQUE INJUSTIFI\u00c9. <\/span><\/span>\r\n<span style=\"font-family: Comic Sans MS, cursive;\"><span style=\"font-size: medium;\">En effet la Chine, La Russie, L'inde et bien d'autres \u00e9tats<\/span><\/span>\r\n<span style=\"font-family: Comic Sans MS, cursive;\"><span style=\"font-size: medium;\">disposaient de vaccins dits classiques. <\/span><\/span>\r\n<span style=\"font-family: Comic Sans MS, cursive;\"><span style=\"font-size: medium;\">Surtout , une fois votre plainte d\u00e9pos\u00e9e, refusez la demande de<\/span><\/span>\r\n<span style=\"font-family: Comic Sans MS, cursive;\"><span style=\"font-size: medium;\">conciliation provenant du conseil d\u00e9partemental et ainsi votre<\/span><\/span>\r\n<span style=\"font-family: Comic Sans MS, cursive;\"><span style=\"font-size: medium;\">plainte sera g\u00e9r\u00e9e directement par la commission disciplinaire de<\/span><\/span>\r\n<span style=\"font-family: Comic Sans MS, cursive;\"><span style=\"font-size: medium;\">v\u00f4tre r\u00e9gion. Vous ne risquez absolument rien si ce n'est de<\/span><\/span>\r\n<span style=\"font-family: Comic Sans MS, cursive;\"><span style=\"font-size: medium;\">sensibiliser ceux qui ont trahi leur serment. <\/span><\/span>\r\n<span style=\"font-family: Comic Sans MS, cursive;\"><span style=\"font-size: medium;\">Et l\u00e0 on se tourne vers notre pr\u00e9sident Emmanuel MACRON qui n'a<\/span><\/span>\r\n<span style=\"font-family: Comic Sans MS, cursive;\"><span style=\"font-size: medium;\">autoris\u00e9 que des vaccins AM\u00c9RICAINS !!  (Pfizer-Moderna-Jansen) <\/span><\/span>\r\n<span style=\"font-family: Comic Sans MS, cursive;\"><span style=\"font-size: medium;\">C'est ce qu'on compare \u00e0 \"juge et partie\" et que la loi condamne pour<\/span><\/span>\r\n<span style=\"font-family: Comic Sans MS, cursive;\"><span style=\"font-size: medium;\">\"Conflit d'int\u00e9r\u00eats\". Le corps m\u00e9dical s'est rendu complice de ce<\/span><\/span>\r\n<span style=\"font-family: Comic Sans MS, cursive;\"><span style=\"font-size: medium;\">grave d\u00e9lit dont vous en comprendrez plus tard les cons\u00e9quences.<\/span><\/span><\/pre>\n<p class=\"western\" style=\"text-align: center;\" align=\"left\"><span style=\"color: #000000;\"><span style=\"font-family: Comic Sans MS, cursive;\"><span style=\"font-size: medium;\">** **<b><\/b><\/span><\/span><\/span><\/p>\n<p class=\"western\" style=\"text-align: center;\" align=\"left\"><span style=\"color: #000000;\"><span style=\"font-family: Comic Sans MS, cursive;\"><span style=\"font-size: medium;\"><b>Chine : jusqu&rsquo;o\u00f9 ira la FOLIE \u201cz\u00e9ro covid\u201d ?<\/b><\/span><\/span><\/span><\/p>\n<p style=\"text-align: justify;\" align=\"left\"><span style=\"font-family: Comic Sans MS, cursive;\"><span style=\"font-size: medium;\">Voil\u00e0 deux mois d\u00e9j\u00e0, je vous avais parl\u00e9 de la politique \u201cz\u00e9ro covid\u201d utopique, mais surtout intenable, de la Chine, appliqu\u00e9e \u00e0 Hong Kong.<br \/>\nPour rappel, cette politique consiste \u00e0 \u00e9radiquer purement et simplement la circulation du virus, en prenant des mesures draconiennes d\u00e8s qu\u2019un cas appara\u00eet et en contr\u00f4lant de mani\u00e8re rigoureuse les foyers d\u2019infection.<br \/>\nPar cons\u00e9quent, \u00e0 Hong Kong, les h\u00f4pitaux \u00e9taient satur\u00e9s d\u00e8s l\u2019arriv\u00e9e d\u2019Omicron, puisque asymptomatiques ou non, tous les patients positifs y \u00e9taient admis sans distinction.<br \/>\nEt les autorit\u00e9s annon\u00e7aient encore l\u2019arriv\u00e9e imminente de tests obligatoires, de tests antig\u00e9niques \u00e0 r\u00e9aliser tous les jours, la fermeture des commerces\u2026<br \/>\nDepuis, nos regards se sont tourn\u00e9s vers l\u2019Ukraine, les pr\u00e9sidentielles\u2026<br \/>\nPour autant, la situation chinoise n\u2019a cess\u00e9 d\u2019empirer jusqu\u2019\u00e0 aujourd\u2019hui, transformant la chasse au covid en une v\u00e9ritable folie furieuse inhumaine.<\/span><\/span><\/p>\n<p class=\"western\" style=\"text-align: justify;\" align=\"left\"><span style=\"color: #000000;\"><span style=\"font-family: Comic Sans MS, cursive;\"><span style=\"font-size: medium;\"><b>R\u00e9cit d\u2019un cauchemar bien r\u00e9el<\/b><\/span><\/span><\/span><\/p>\n<p style=\"text-align: justify;\" align=\"left\"><span style=\"font-family: Comic Sans MS, cursive;\"><span style=\"font-size: medium;\">Imaginez un instant que vous vivez \u00e0 Shanga\u00ef.<br \/>\nVous \u00eates tass\u00e9s, confin\u00e9s dans un petit appartement avec votre femme qui a accouch\u00e9 il y a quelques semaines \u00e0 peine et vos deux chats.<br \/>\nLa nourriture commence \u00e0 manquer et vous devez vous contenter des bien maigres rations gouvernementales.<br \/>\nLe troc est revenu au go\u00fbt du jour dans votre immeuble o\u00f9 chacun de vos voisins manque de quelque chose. Peut-\u00eatre arriverez-vous \u00e0 \u00e9changer un peu de sauce soja contre du caf\u00e9 aujourd\u2019hui ?<br \/>\nLes rares fois o\u00f9 vous sortez dans les rues d\u00e9sertes, surveill\u00e9 par des drones et des chiens robots r\u00e9p\u00e9tant inlassablement les mesures sanitaires, c\u2019est pour vous rendre dans un centre, faire un test PCR obligatoire tous les trois-quatre jours.<br \/>\nEt l\u00e0 catastrophe, la nouvelle tombe, vous \u00eates positif et votre b\u00e9b\u00e9 aussi, malgr\u00e9 tous vos efforts et ce confinement forc\u00e9.<br \/>\nVous n\u2019avez pas de sympt\u00f4mes\u2026 et pourtant !<br \/>\nImm\u00e9diatement, vous \u00eates tous emmen\u00e9s dans un centre pour y \u00eatre plac\u00e9s en quarantaine, s\u00e9par\u00e9s les uns des autres.<br \/>\nM\u00eame votre b\u00e9b\u00e9 est arrach\u00e9 des bras de sa m\u00e8re, qui pourtant l\u2019allaite.<br \/>\nPendant qu\u2019une nouvelle attente commence pour vous, des inconnus en combinaison rentrent dans votre appartement, dans votre intimit\u00e9, ultime rempart contre la folie ext\u00e9rieure.<br \/>\nVos deux chats, soup\u00e7onn\u00e9s d\u2019\u00eatre eux aussi porteurs du virus, sont captur\u00e9s, balanc\u00e9s comme des ordures dans un sac en plastique et tra\u00een\u00e9s dehors o\u00f9 un homme leur \u00e9crase sauvagement le cr\u00e2ne \u00e0 coup de pelle.<br \/>\nDes dizaines de jours ont pass\u00e9, vous avez perdu le compte, et enfin vous pouvez enfin rentrer \u201c\u00e0 la maison\u201d.<br \/>\nUne fois dans votre appartement vide, vous n\u2019aurez plus qu\u2019\u00e0 vous remettre de ces traumatismes et peut-\u00eatre pourrez vous, un jour, recommencer \u00e0 vivre.<br \/>\nCela vous para\u00eet \u00eatre un cauchemar ?<br \/>\nC\u2019est d\u00e9sormais la r\u00e9alit\u00e9 pour des millions de Chinois.<\/span><\/span><\/p>\n<p class=\"western\" style=\"text-align: justify;\" align=\"left\"><span style=\"color: #000000;\"><span style=\"font-family: Comic Sans MS, cursive;\"><span style=\"font-size: medium;\"><b>Une horreur qui n\u2019en finit pas\u00a0<\/b><\/span><\/span><\/span><\/p>\n<p style=\"text-align: justify;\" align=\"left\"><span style=\"font-family: Comic Sans MS, cursive;\"><span style=\"font-size: medium;\">Mi-avril, un Fran\u00e7ais plac\u00e9 contre son gr\u00e9 en quarantaine \u00e0 Shangha\u00ef a racont\u00e9 l\u2019enfer de sa mise en isolement.<br \/>\nSon r\u00e9cit fait froid dans le dos, tant les conditions sont inhumaines :<br \/>\nDans un centre de quarantaine, des centaines de lits sont align\u00e9s les uns \u00e0 c\u00f4t\u00e9 des autres, s\u00e9par\u00e9s uniquement par une petite cloison en plastique.<br \/>\nLa lumi\u00e8re est allum\u00e9e 24\/24h, aucune fen\u00eatre ne permet de voir le jour ou m\u00eame d\u2019avoir un rep\u00e8re temporel, le masque doit \u00eatre port\u00e9 en continu, il n\u2019y a aucune possibilit\u00e9 de se laver correctement, aucune intimit\u00e9 pour se changer \u2026<\/span><\/span><\/p>\n<p style=\"text-align: justify;\" align=\"left\"><span style=\"font-family: Comic Sans MS, cursive;\"><span style=\"font-size: medium;\">A quel moment la politique du \u201cz\u00e9ro covid\u201d a-t-elle fait basculer le gouvernement chinois dans une hyst\u00e9rie g\u00e9n\u00e9rale, r\u00e9v\u00e9lant toute la noirceur de l\u2019\u00e2me humaine ?<br \/>\nOn se croirait revenu au temps de la peste, o\u00f9 les malades \u00e9taient rassembl\u00e9s \u00e0 l\u2019ext\u00e9rieur des villes, dans des conditions affreuses.<br \/>\nPire encore, malgr\u00e9 ces r\u00e9glementations drastiques et inhumaines, la Chine ne parvient pas \u00e0 endiguer l\u2019\u00e9pid\u00e9mie, bien au contraire !<br \/>\nCe n\u2019est malheureusement pas si \u00e9tonnant quand on conna\u00eet la contagiosit\u00e9 d\u2019Omicron, la politique \u00ab\u00a0z\u00e9ro covid\u201d est tout bonnement impossible \u00e0 maintenir.<br \/>\nC\u2019est d\u00e9sormais au tour de P\u00e9kin de subir le m\u00eame sort que Shangha\u00ef, et Hong Kong, avec de terribles retomb\u00e9es sur la population et l\u2019\u00e9conomie mondiale.<br \/>\nMais quand s\u2019arr\u00eatera donc cette folie ?<\/span><\/span><\/p>\n<p>Thibaut Masco de <i>Sant\u00e9 Non Censur\u00e9e<\/i><br \/>\n<b>P.S. <\/b>: Depuis le d\u00e9but de la pand\u00e9mie, j\u2019ai l\u2019impression que les dirigeants cherchent tous \u00e0 \u00e9tablir les mesures les plus restrictives possibles : <i>obligation vaccinale en Autriche, camps de quarantaine au Canada<\/i> <i>et en Australie, restriction progressive des libert\u00e9s individuelles par la mise en place de pass sanitaires partout en Europe<\/i> <i>alors que la censure des r\u00e9seaux sociaux s\u2019op\u00e8re de mani\u00e8re g\u00e9n\u00e9ralis\u00e9e<\/i><\/p>\n<pre><span style=\"font-family: Comic Sans MS, cursive;\"><span style=\"font-size: medium;\">\u00a0<\/span><\/span><\/pre>\n","protected":false},"excerpt":{"rendered":"<p>Ce sera prochainement ? Le virus n&rsquo;est pas trait\u00e9 de la m\u00eame fa\u00e7on dans diff\u00e9rents pays !<\/p>\n","protected":false},"author":2,"featured_media":0,"comment_status":"closed","ping_status":"closed","sticky":false,"template":"","format":"standard","meta":{"footnotes":""},"categories":[1],"tags":[],"class_list":["post-11103","post","type-post","status-publish","format-standard","hentry","category-non-classe"],"_links":{"self":[{"href":"https:\/\/www.quieryavenir.fr\/blog\/wp-json\/wp\/v2\/posts\/11103","targetHints":{"allow":["GET"]}}],"collection":[{"href":"https:\/\/www.quieryavenir.fr\/blog\/wp-json\/wp\/v2\/posts"}],"about":[{"href":"https:\/\/www.quieryavenir.fr\/blog\/wp-json\/wp\/v2\/types\/post"}],"author":[{"embeddable":true,"href":"https:\/\/www.quieryavenir.fr\/blog\/wp-json\/wp\/v2\/users\/2"}],"replies":[{"embeddable":true,"href":"https:\/\/www.quieryavenir.fr\/blog\/wp-json\/wp\/v2\/comments?post=11103"}],"version-history":[{"count":11,"href":"https:\/\/www.quieryavenir.fr\/blog\/wp-json\/wp\/v2\/posts\/11103\/revisions"}],"predecessor-version":[{"id":11108,"href":"https:\/\/www.quieryavenir.fr\/blog\/wp-json\/wp\/v2\/posts\/11103\/revisions\/11108"}],"wp:attachment":[{"href":"https:\/\/www.quieryavenir.fr\/blog\/wp-json\/wp\/v2\/media?parent=11103"}],"wp:term":[{"taxonomy":"category","embeddable":true,"href":"https:\/\/www.quieryavenir.fr\/blog\/wp-json\/wp\/v2\/categories?post=11103"},{"taxonomy":"post_tag","embeddable":true,"href":"https:\/\/www.quieryavenir.fr\/blog\/wp-json\/wp\/v2\/tags?post=11103"}],"curies":[{"name":"wp","href":"https:\/\/api.w.org\/{rel}","templated":true}]}}