{"id":11118,"date":"2022-04-28T02:36:53","date_gmt":"2022-04-28T00:36:53","guid":{"rendered":"https:\/\/www.quieryavenir.fr\/blog\/?p=11118"},"modified":"2022-04-26T17:38:20","modified_gmt":"2022-04-26T15:38:20","slug":"appel-dun-analphabete","status":"publish","type":"post","link":"https:\/\/www.quieryavenir.fr\/blog\/2022\/04\/28\/appel-dun-analphabete\/","title":{"rendered":"Appel d\u2019un analphab\u00e8te"},"content":{"rendered":"<h1 class=\"western\" style=\"text-align: justify;\"><span style=\"font-family: Comic Sans MS, cursive;\"><span style=\"font-size: medium;\"><img loading=\"lazy\" decoding=\"async\" class=\"wp-image-11095 aligncenter\" src=\"https:\/\/www.quieryavenir.fr\/blog\/wp-content\/uploads\/2022\/04\/Guerre-220422.jpg\" alt=\"\" width=\"443\" height=\"324\" \/><\/span><\/span><\/h1>\n<h2 class=\"western\" style=\"text-align: justify;\"><strong><span style=\"color: #000000;\"><span style=\"font-family: Comic Sans MS, cursive;\"><span style=\"font-size: medium;\">Contre la tribune de quatre-vingt intellectuels<\/span><\/span><\/span><\/strong><\/h2>\n<p><!--more--><\/p>\n<p style=\"text-align: justify;\"><span style=\"font-family: Comic Sans MS, cursive;\"><span style=\"font-size: medium;\">Avec cette tribune * on nage en plein d\u00e9lire. Mais un d\u00e9lire permis et encens\u00e9. Orwell avait bien vu que \u00ab il y a de telles absurdit\u00e9s que seuls des intellectuels peuvent y croire. \u00bb Nous pensons que ceux qui s\u2019expriment ici sont de cette cat\u00e9gorie. Au moins quand ils font cette proclamation.<br \/>\nLe point fondamental consiste \u00e0 dire, \u00e9videmment comme toute la presse \u00e0 gros d\u00e9bit ne cesse de le r\u00e9p\u00e9ter depuis le 24 f\u00e9vrier, qu\u2019il faut \u00ab\u00a0soutenir les ukrainiens\u00a0\u00bb. La confusion est install\u00e9e d\u00e8s le d\u00e9part. Il y a bien des ukrainiens en Ukraine. On s\u2019en doutait. Mais pas seulement. Ces gens pourtant \u00e9minemment cultiv\u00e9s auraient-ils eu vent de l\u2019existence d\u2019une population russe importante\u00a0? Apparemment non. En tous cas, ils n\u2019en parlent pas. Savent-ils ou feignent-ils d\u2019ignorer que les bombardements n\u2019ont pas commenc\u00e9 le 24 f\u00e9vrier 2022 lors de l\u2019invasion russe mais une semaine avant quand l\u2019arm\u00e9e de Zelenski a d\u00e9cid\u00e9 d\u2019accentuer son pilonnage du Donbass. Pilonnage qui a lieu depuis 2014. Cette c\u00e9cit\u00e9 s\u00e9lective est bien celle des intellectuels \u00e0 la botte toujours pr\u00eats \u00e0 d\u00e9fendre le pouvoir \u2013 nous y reviendrons.<br \/>\nIl y a donc plusieurs peuples en Ukraine et nos \u00ab\u00a0fameux\u00a0\u00bb intellectuels entretiennent l\u2019id\u00e9e fausse que les ukrainiens se sont lev\u00e9s (\u2026tous ensemble\u00a0!) contre l\u2019agresseur russe. Ils n\u2019ont pas vu la sympathie que moult \u00ab\u00a0ukrainiens\u00a0\u00bb ont montr\u00e9 vis \u00e0 vis des \u00ab\u00a0agresseurs\u00a0\u00bb. Cela leur a malencontreusement \u00e9chapp\u00e9\u2026 Tout comme le soul\u00e8vement populaire contre le pouvoir central (\u2026ukrainien) dans les r\u00e9publiques du Donbass d\u00e8s 2014. Et qui perdure aujourd\u2019hui plus que jamais.<br \/>\nIl n\u2019est bien s\u00fbr rien dit, dans la tribune, du traitement fait aux \u00ab\u00a0russophones\u00a0\u00bb pendant toutes les ann\u00e9es qui ont suivi la pseudo r\u00e9volution dite du Maidan. Les meurtres individuels ou collectifs (particuli\u00e8rement ceux de la maison des syndicats d\u2019Odessa) ne les ont nullement \u00e9mus. Bien entendu. Ce sont \u2013 pour eux, peut-\u00eatre, mais pour la presse \u00e0 gros d\u00e9bit, c\u2019est s\u00fbr \u2013 des \u00e9motions non permises, ill\u00e9gitimes. Seul crier avec les loups (\u2026les puissants\u00a0!) est honorable pour ces gens-l\u00e0. Les victimes d\u00e9sign\u00e9es comme telles par les puissants sont les seules qui vaillent, n\u2019est-ce pas\u00a0? Les politiciens europ\u00e9ens, l\u2019in\u00e9narrable Biden, le com\u00e9dien Zelenski et la cohorte des journalistes pr\u00eacheurs de haine anti russe, tout \u00e7a est louable. Car il y a les haines licites \u2013 qui n\u2019en sont donc pas\u00a0! \u2013 et les autres. Que les enfonceurs de portes ouvertes doivent d\u00e9noncer en grande pompe.<br \/>\nLe soutien qu\u2019ils veulent \u00ab\u00a0sans calcul ni r\u00e9serve\u00a0\u00bb dit bien ce qu\u2019il veut dire. Ne r\u00e9fl\u00e9chissez pas\u00a0! Soutenez les troupes de l\u2019\u00c9tat ukrainien. Encore une fois, et comme toujours, faites confiance aux puissants. Toute recherche, tout pas de cot\u00e9, toute r\u00e9flexion serait nulle et non avenue. L\u00e0 encore, il n\u2019y a pas d\u2019alternative\u00a0! Ou alors c\u2019est du complotisme, bien entendu.<br \/>\nCes messieurs-dames ne se posent pas de question sur le fait que \u00ab\u00a0une trop grande partie de l\u2019opinion s\u2019est rang\u00e9 du cot\u00e9 du dictateur russe\u00a0\u00bb. Pourquoi donc l\u2019ont-ils fait alors qu\u2019<i>\u00e0 l\u2019\u00e9vidence<\/i>, il faut prendre position pour la troupe de l\u2019\u00c9tat ukrainien\u00a0? Ils n\u2019y voient qu\u2019une d\u00e9viation pathologique d\u2019un certain \u00ab\u00a0anti-imp\u00e9rialisme\u00a0\u00bb. Et le tour est jou\u00e9. Ces intellectuels (de vrais anti-imp\u00e9rialistes, bien s\u00fbr) pensent qu\u2019ils en ont fait bien assez en d\u00e9non\u00e7ant \u00ab\u00a0l\u2019\u00e9crasante responsabilit\u00e9 des puissances occidentales petites et grandes dans la d\u00e9vastation de notre monde.\u00a0\u00bb Ils nous ont dit qu\u2019il fallait d\u00e9noncer l\u2019Occident mais maintenant, c\u2019est fini, il faut s\u2019arr\u00eater. Que ne nous disent-ils pas pourquoi\u00a0! Bien dommage que cette tribune n\u2019en dise pas un mot. Et quand ils nous disent qu\u2019il faut d\u00e9fendre la libert\u00e9 des ukrainiens on se demande pourquoi ils n\u2019y vont pas de la m\u00eame indignation quand les russes d\u2019Ukraine se font massacrer.<br \/>\nS\u2019agit-il de prendre parti pour Poutine\u00a0? Non. Mais de voir que les agresseurs ici ne sont pas seulement ceux que d\u00e9noncent les m\u00e9dias et les pouvoirs en place. Il y a des raisons de se m\u00e9fier d\u2019un Poutine et de ses arguments imp\u00e9riaux pour envahir l\u2019Ukraine. Mais est-ce suffisant pour accepter que les \u00c9tats-Unis et l\u2019OTAN envoient au casse-pipe tous ces ukrainiens qui n\u2019ont pas le choix\u00a0? Faut-il oublier le pouvoir que les paramilitaires ont dans ce pays v\u00e9rol\u00e9 par la corruption, sans doute pire qu\u2019en Russie\u00a0? Les laboratoires am\u00e9ricains qui s\u2019y trouvent ne prouvent-ils pas assez que l\u2019\u00c9tat ukrainien est devenu une t\u00eate de pont de l\u2019OTAN et de tout ce qui se fait de pire en Occident\u00a0? Sommes-nous dans l\u2019obligation d\u2019appr\u00e9cier le show que nous m\u00e8ne le com\u00e9dien Zelenski\u00a0? Et l\u2019ind\u00e9cence de Biden qui clame, entre autres inepties, vouloir guerroyer \u00ab\u00a0jusqu\u2019au dernier ukrainien\u00a0\u00bb\u00a0?<br \/>\nTout est pitoyable dans cette tribune.<br \/>\nCeci ne saurait \u00eatre complet si on ne dit mot de Noam Chomsky. Cet homme qui a remarquablement analys\u00e9 la \u00ab\u00a0fabrique du consentement\u00a0\u00bb avant de tomber des deux pieds dans le panneau qu\u2019il avait d\u00e9nonc\u00e9. Ce m\u00eame intellectuel qui r\u00e9clama il y a peu l\u2019internement des \u00ab\u00a0non vaccin\u00e9s\u00a0\u00bb (lire\u00a0: <i>non inject\u00e9s par les substances que Pfizer et autres ont qualifi\u00e9 de \u00ab\u00a0vaccins\u00a0\u00bb<\/i>)\u00a0! D\u00e9cid\u00e9ment, tomb\u00e9 bien bas, il poursuit sa chute.\u00a0\u00a0<\/span><\/span><\/p>\n<p style=\"text-align: justify;\"><span style=\"font-family: Comic Sans MS, cursive;\"><span style=\"font-size: medium;\">Note\u00a0\u00a0 <\/span><\/span><\/p>\n<p style=\"text-align: justify;\"><span style=\"font-family: Comic Sans MS, cursive;\"><span style=\"font-size: medium;\">* <a href=\"https:\/\/www.lemonde.fr\/idees\/article\/2022\/04\/18\/l-appel-de-80-intellectuels-ne-nous-trompons-pas-de-combat-il-faut-soutenir-les-ukrainiens-sans-calcul-ni-reserve_6122656_3232.html\">https:\/\/www.lemonde.fr\/idees\/article\/2022\/04\/18\/l-appel-de-80-intellectuels-<\/a><\/span><\/span><\/p>\n<p style=\"text-align: justify;\"><span style=\"font-family: Comic Sans MS, cursive;\"><span style=\"font-size: medium;\">** **<\/span><\/span><\/p>\n<p style=\"text-align: justify;\"><span style=\"font-family: Comic Sans MS, cursive;\"><span style=\"font-size: medium;\"><a href=\"https:\/\/faut-le-dire.fr\/index.php\/2022\/04\/22\/appel-dun-analphabete\/\">https:\/\/faut-le-dire.fr\/index.php\/2022\/04\/22\/appel-dun-analphabete\/<\/a> <\/span><\/span><\/p>\n","protected":false},"excerpt":{"rendered":"<p>Contre la tribune de quatre-vingt intellectuels<\/p>\n","protected":false},"author":2,"featured_media":0,"comment_status":"closed","ping_status":"closed","sticky":false,"template":"","format":"standard","meta":{"footnotes":""},"categories":[1],"tags":[],"class_list":["post-11118","post","type-post","status-publish","format-standard","hentry","category-non-classe"],"_links":{"self":[{"href":"https:\/\/www.quieryavenir.fr\/blog\/wp-json\/wp\/v2\/posts\/11118","targetHints":{"allow":["GET"]}}],"collection":[{"href":"https:\/\/www.quieryavenir.fr\/blog\/wp-json\/wp\/v2\/posts"}],"about":[{"href":"https:\/\/www.quieryavenir.fr\/blog\/wp-json\/wp\/v2\/types\/post"}],"author":[{"embeddable":true,"href":"https:\/\/www.quieryavenir.fr\/blog\/wp-json\/wp\/v2\/users\/2"}],"replies":[{"embeddable":true,"href":"https:\/\/www.quieryavenir.fr\/blog\/wp-json\/wp\/v2\/comments?post=11118"}],"version-history":[{"count":1,"href":"https:\/\/www.quieryavenir.fr\/blog\/wp-json\/wp\/v2\/posts\/11118\/revisions"}],"predecessor-version":[{"id":11119,"href":"https:\/\/www.quieryavenir.fr\/blog\/wp-json\/wp\/v2\/posts\/11118\/revisions\/11119"}],"wp:attachment":[{"href":"https:\/\/www.quieryavenir.fr\/blog\/wp-json\/wp\/v2\/media?parent=11118"}],"wp:term":[{"taxonomy":"category","embeddable":true,"href":"https:\/\/www.quieryavenir.fr\/blog\/wp-json\/wp\/v2\/categories?post=11118"},{"taxonomy":"post_tag","embeddable":true,"href":"https:\/\/www.quieryavenir.fr\/blog\/wp-json\/wp\/v2\/tags?post=11118"}],"curies":[{"name":"wp","href":"https:\/\/api.w.org\/{rel}","templated":true}]}}