{"id":11121,"date":"2022-05-01T02:40:59","date_gmt":"2022-05-01T00:40:59","guid":{"rendered":"https:\/\/www.quieryavenir.fr\/blog\/?p=11121"},"modified":"2022-04-26T17:43:09","modified_gmt":"2022-04-26T15:43:09","slug":"quand-lenergie-propre-a-les-mains-sales","status":"publish","type":"post","link":"https:\/\/www.quieryavenir.fr\/blog\/2022\/05\/01\/quand-lenergie-propre-a-les-mains-sales\/","title":{"rendered":"Quand l\u2019\u00e9nergie \u00ab propre \u00bb a les mains sales"},"content":{"rendered":"<h1 class=\"western\" style=\"text-align: justify;\"><span style=\"font-family: Comic Sans MS, cursive;\"><span style=\"font-size: medium;\"><img loading=\"lazy\" decoding=\"async\" class=\"wp-image-11120 aligncenter\" src=\"https:\/\/www.quieryavenir.fr\/blog\/wp-content\/uploads\/2022\/04\/Micron-220426-300x213.jpg\" alt=\"\" width=\"577\" height=\"410\" srcset=\"https:\/\/www.quieryavenir.fr\/blog\/wp-content\/uploads\/2022\/04\/Micron-220426-300x213.jpg 300w, https:\/\/www.quieryavenir.fr\/blog\/wp-content\/uploads\/2022\/04\/Micron-220426.jpg 703w\" sizes=\"auto, (max-width: 577px) 100vw, 577px\" \/><\/span><\/span><\/h1>\n<h2 class=\"western\" style=\"text-align: justify;\"><strong><span style=\"font-family: Comic Sans MS, cursive;\"><span style=\"font-size: medium;\">Il s\u2019agit de la soci\u00e9t\u00e9 Iberdrola qui investit dans les \u00e9oliennes<\/span><\/span><\/strong><\/h2>\n<p><!--more--><\/p>\n<p style=\"text-align: justify;\"><span style=\"font-family: Comic Sans MS, cursive;\"><span style=\"font-size: medium;\">Soixante-deux \u00e9oliennes seront bient\u00f4t plant\u00e9es dans les fonds marins de la baie de Saint-Brieuc, en Bretagne, couvrant 75 km\u00b2. La soci\u00e9t\u00e9 Iberdrola, <a href=\"https:\/\/ailes-marines.bzh\/le-projet\/le-projet-en-bref\/\" target=\"_blank\" rel=\"noopener\">via sa filiale bretonne Ailes Marines<\/a>, est \u00e0 la t\u00eate de ce chantier tr\u00e8s controvers\u00e9. Elle est aussi candidate \u00e0 l\u2019appel d\u2019offres pour un deuxi\u00e8me parc, cette-fois en Bretagne sud. Objectif : \u00ab\u00a0Construire un projet tant responsable que durable\u00a0\u00bb, affirme la filiale du g\u00e9ant espagnol, leader mondial de l\u2019\u00e9nergie \u00e9olienne, qui se dit \u00ab\u00a0soucieuse de la pr\u00e9servation de l\u2019environnement\u00a0\u00bb.<\/span><\/span><\/p>\n<p style=\"text-align: justify;\"><span style=\"font-family: Comic Sans MS, cursive;\"><span style=\"font-size: medium;\">Les Bretons ont pourtant suivi, durant l\u2019ann\u00e9e 2021, les p\u00e9rip\u00e9ties de la multinationale\u00a0: des fuites d\u2019huile hydraulique caus\u00e9es par la duret\u00e9 de la roche \u00e0 l\u2019enqu\u00eate ouverte par le parquet national financier pour \u00ab\u00a0recel de favoritisme\u00a0\u00bb. Sans oublier l\u2019alliance in\u00e9dite entre les p\u00eacheurs m\u00e9contents et l\u2019ONG Sea Shepherd.<\/span><\/span><\/p>\n<p style=\"text-align: justify;\"><span style=\"font-family: Comic Sans MS, cursive;\"><span style=\"font-size: medium;\">Que se cache donc derri\u00e8re la communication de l\u2019entreprise\u00a0? Des journalistes de <\/span><\/span><em><span style=\"font-family: Comic Sans MS, cursive;\"><span style=\"font-size: medium;\">Splann\u00a0!<\/span><\/span><\/em><span style=\"font-family: Comic Sans MS, cursive;\"><span style=\"font-size: medium;\"> se sont pench\u00e9es sur plusieurs projets embl\u00e9matiques \u00ab\u00a0d\u2019\u00e9nergie verte\u00a0\u00bb que cette soci\u00e9t\u00e9 m\u00e8ne sur d\u2019autres continents, \u00e0 travers une vaste enqu\u00eate bas\u00e9es sur des sources ouvertes. Car plus de dix ans avant de planter ses m\u00e2ts en Bretagne, le florissant op\u00e9rateur ib\u00e9rique a investi l\u2019Am\u00e9rique latine. Accusations de violations de droits humains, h\u00e9catombe d\u2019oiseaux migrateurs, poissons morts et activistes craignant pour leur vie\u2026 Autour des projets d\u2019Iberdrola, les cicatrices peinent \u00e0 se refermer.<\/span><\/span><\/p>\n<p style=\"text-align: justify;\"><span style=\"font-family: Comic Sans MS, cursive;\"><span style=\"font-size: medium;\"><a href=\"https:\/\/splann.org\/\">https:\/\/splann.org\/<\/a> <\/span><\/span><\/p>\n<p>&nbsp;<\/p>\n<p class=\"western\" style=\"text-align: justify;\"><strong><span style=\"font-family: Comic Sans MS, cursive;\"><span style=\"font-size: medium;\">Parcs \u00e9oliens de l\u2019isthme de Tehuantepec, Oaxaca, Mexique<\/span><\/span><\/strong><\/p>\n<p style=\"text-align: justify;\"><span style=\"font-family: Comic Sans MS, cursive;\"><span style=\"font-size: medium;\">Au pied des \u00e9oliennes, le crime organis\u00e9e<\/span><\/span><\/p>\n<p style=\"text-align: justify;\"><span style=\"font-family: Comic Sans MS, cursive;\"><span style=\"font-size: medium;\"><a href=\"https:\/\/splann.org\/iberdrola-tehuantepec-eoliennes-crime\/\">https:\/\/splann.org\/iberdrola-tehuantepec-eoliennes-crime\/<\/a> <\/span><\/span><\/p>\n<p style=\"text-align: justify;\"><span style=\"font-family: Comic Sans MS, cursive;\"><span style=\"font-size: medium;\">des oiseaux morts par milliers<\/span><\/span><\/p>\n<p style=\"text-align: justify;\"><a href=\"https:\/\/splann.org\/iberdrola-la-venta-oiseaux-morts\/\"><span style=\"font-family: Comic Sans MS, cursive;\"><span style=\"font-size: medium;\">https:\/\/splann.org\/iberdrola-la-venta-oiseaux-morts\/<\/span><\/span><\/a><\/p>\n<p style=\"text-align: justify;\">\n<p style=\"text-align: justify;\"><span style=\"font-family: Comic Sans MS, cursive;\"><span style=\"font-size: medium;\"><b>Barrage de Teles Pires, Amazonie, Br\u00e9sil<\/b><\/span><\/span><\/p>\n<p style=\"text-align: justify;\"><span style=\"font-family: Comic Sans MS, cursive;\"><span style=\"font-size: medium;\">Un barrage au grand dam des Am\u00e9ridiens<\/span><\/span><\/p>\n<p style=\"text-align: justify;\"><span style=\"font-family: Comic Sans MS, cursive;\"><span style=\"font-size: medium;\"><a href=\"https:\/\/splann.org\/iberdrola-teles-pires-amerindiens\/\">https:\/\/splann.org\/iberdrola-teles-pires-amerindiens\/<\/a> <\/span><\/span><\/p>\n<p style=\"text-align: justify;\">\n<p class=\"western\" style=\"text-align: justify;\"><span style=\"font-family: Comic Sans MS, cursive;\"><span style=\"font-size: medium;\"><strong>Barrage de Belo Monte, Amazonie, Br\u00e9s<\/strong>il<\/span><\/span><\/p>\n<p style=\"text-align: justify;\"><span style=\"font-family: Comic Sans MS, cursive;\"><span style=\"font-size: medium;\">\u00ab\u00a0Ethnocide\u00a0\u00bb au coeur de la for\u00eat<\/span><\/span><\/p>\n<p style=\"text-align: justify;\"><a href=\"https:\/\/splann.org\/iberdrola-belo-monte-ethnocide\/\"><span style=\"font-family: Comic Sans MS, cursive;\"><span style=\"font-size: medium;\">https:\/\/splann.org\/iberdrola-belo-monte-ethnocide\/<\/span><\/span><\/a><\/p>\n<p>&nbsp;<\/p>\n<p class=\"western\" style=\"text-align: justify;\"><strong><span style=\"font-family: Comic Sans MS, cursive;\"><span style=\"font-size: medium;\">Barrage de Baixo Igua\u00e7u, Paran\u00e1, Br\u00e9sil<\/span><\/span><\/strong><\/p>\n<p style=\"text-align: justify;\"><span style=\"font-family: Comic Sans MS, cursive;\"><span style=\"font-size: medium;\">Litiges en cascade<\/span><\/span><\/p>\n<p style=\"text-align: justify;\"><span style=\"font-family: Comic Sans MS, cursive;\"><span style=\"font-size: medium;\"><a href=\"https:\/\/splann.org\/iberdrola-iguacu-litiges-cascade\/\">https:\/\/splann.org\/iberdrola-iguacu-litiges-cascade\/<\/a> <\/span><\/span><\/p>\n<p style=\"text-align: justify;\">\n<p style=\"text-align: justify;\">\n<p style=\"text-align: justify;\">\n<p style=\"text-align: justify;\">\n","protected":false},"excerpt":{"rendered":"<p>Il s\u2019agit de la soci\u00e9t\u00e9 Iberdrola qui investit dans les \u00e9oliennes<\/p>\n","protected":false},"author":2,"featured_media":0,"comment_status":"closed","ping_status":"closed","sticky":false,"template":"","format":"standard","meta":{"footnotes":""},"categories":[1],"tags":[],"class_list":["post-11121","post","type-post","status-publish","format-standard","hentry","category-non-classe"],"_links":{"self":[{"href":"https:\/\/www.quieryavenir.fr\/blog\/wp-json\/wp\/v2\/posts\/11121","targetHints":{"allow":["GET"]}}],"collection":[{"href":"https:\/\/www.quieryavenir.fr\/blog\/wp-json\/wp\/v2\/posts"}],"about":[{"href":"https:\/\/www.quieryavenir.fr\/blog\/wp-json\/wp\/v2\/types\/post"}],"author":[{"embeddable":true,"href":"https:\/\/www.quieryavenir.fr\/blog\/wp-json\/wp\/v2\/users\/2"}],"replies":[{"embeddable":true,"href":"https:\/\/www.quieryavenir.fr\/blog\/wp-json\/wp\/v2\/comments?post=11121"}],"version-history":[{"count":2,"href":"https:\/\/www.quieryavenir.fr\/blog\/wp-json\/wp\/v2\/posts\/11121\/revisions"}],"predecessor-version":[{"id":11123,"href":"https:\/\/www.quieryavenir.fr\/blog\/wp-json\/wp\/v2\/posts\/11121\/revisions\/11123"}],"wp:attachment":[{"href":"https:\/\/www.quieryavenir.fr\/blog\/wp-json\/wp\/v2\/media?parent=11121"}],"wp:term":[{"taxonomy":"category","embeddable":true,"href":"https:\/\/www.quieryavenir.fr\/blog\/wp-json\/wp\/v2\/categories?post=11121"},{"taxonomy":"post_tag","embeddable":true,"href":"https:\/\/www.quieryavenir.fr\/blog\/wp-json\/wp\/v2\/tags?post=11121"}],"curies":[{"name":"wp","href":"https:\/\/api.w.org\/{rel}","templated":true}]}}