{"id":11125,"date":"2022-04-30T02:44:54","date_gmt":"2022-04-30T00:44:54","guid":{"rendered":"https:\/\/www.quieryavenir.fr\/blog\/?p=11125"},"modified":"2022-04-27T06:06:52","modified_gmt":"2022-04-27T04:06:52","slug":"avec-les-trieurs-de-dechets","status":"publish","type":"post","link":"https:\/\/www.quieryavenir.fr\/blog\/2022\/04\/30\/avec-les-trieurs-de-dechets\/","title":{"rendered":"Avec les trieurs de d\u00e9chets"},"content":{"rendered":"<h1 class=\"western\" style=\"text-align: justify;\"><span style=\"font-family: Comic Sans MS, cursive;\"><span style=\"font-size: medium;\"><img loading=\"lazy\" decoding=\"async\" class=\"wp-image-11124 aligncenter\" src=\"https:\/\/www.quieryavenir.fr\/blog\/wp-content\/uploads\/2022\/04\/GJ-220426-1-258x300.jpg\" alt=\"\" width=\"402\" height=\"467\" srcset=\"https:\/\/www.quieryavenir.fr\/blog\/wp-content\/uploads\/2022\/04\/GJ-220426-1-258x300.jpg 258w, https:\/\/www.quieryavenir.fr\/blog\/wp-content\/uploads\/2022\/04\/GJ-220426-1.jpg 500w\" sizes=\"auto, (max-width: 402px) 100vw, 402px\" \/><\/span><\/span><\/h1>\n<h2 class=\"western\" style=\"text-align: justify;\"><strong><span style=\"font-family: Comic Sans MS, cursive;\"><span style=\"font-size: medium;\">\u00ab\u00a0\u00a0Recycler, \u00e7a sauve peut-\u00eatre la plan\u00e8te mais pas les travailleurs\u00a0\u00bb<\/span><\/span><\/strong><\/h2>\n<p><!--more--><\/p>\n<p style=\"text-align: justify;\"><span style=\"font-family: Comic Sans MS, cursive;\"><span style=\"font-size: medium;\">La fili\u00e8re du recyclage promet d\u2019allier d\u00e9fense de l\u2019environnement et de l\u2019emploi. Derri\u00e8re cette \u00e9conomie vertueuse, les travailleurs triment entre cadences effr\u00e9n\u00e9es, risques d\u2019accidents et expositions aux produits chimiques.<\/span><\/span><\/p>\n<p style=\"text-align: justify;\"><span style=\"font-family: Comic Sans MS, cursive;\"><span style=\"font-size: medium;\">C\u2019est un combat quotidien auquel nous incite la <a href=\"https:\/\/www.youtube.com\/watch?v=CII4xm7Rwz4\" target=\"_blank\" rel=\"noopener\">pub<\/a> d\u2019Ecosystem, un organisme public qui promeut le tri des d\u00e9chets. Un combat pour l\u2019environnement que m\u00e8nerait 48\u00a0% de la population fran\u00e7aise en apportant au recyclage ses appareils d\u00e9fectueux, ses piles usag\u00e9es ou en jetant ses emballages dans le bon conteneur. Ce simple \u00ab\u00a0geste citoyen\u00a0\u00bb qui r\u00e9duirait les consommations d\u2019\u00e9nergie et \u00e9viterait l\u2019\u00e9mission de millions de tonnes de CO2&#8230; <\/span><\/span><span style=\"font-family: Comic Sans MS, cursive;\"><span style=\"font-size: medium;\"><i>\u00ab\u00a0Trier, c\u2019est donner\u00a0\u00bb<\/i><\/span><\/span><span style=\"font-family: Comic Sans MS, cursive;\"><span style=\"font-size: medium;\">, insiste Citeo, entreprise cr\u00e9\u00e9e par le secteur de la grande consommation et de la distribution pour <\/span><\/span><span style=\"font-family: Comic Sans MS, cursive;\"><span style=\"font-size: medium;\"><i>\u00ab\u00a0r\u00e9duire l\u2019impact environnemental de leurs emballages et papiers\u00a0\u00bb<\/i><\/span><\/span><span style=\"font-family: Comic Sans MS, cursive;\"><span style=\"font-size: medium;\">. <\/span><\/span><span style=\"font-family: Comic Sans MS, cursive;\"><span style=\"font-size: medium;\"><i>\u00ab\u00a0Aujourd\u2019hui, 68\u00a0% des emballages m\u00e9nagers et 60,5\u00a0% des papiers sont recycl\u00e9s gr\u00e2ce au geste de tri des Fran\u00e7ais, devenu premier geste \u00e9cocitoyen du recyclage\u00a0\u00bb<\/i><\/span><\/span><span style=\"font-family: Comic Sans MS, cursive;\"><span style=\"font-size: medium;\">, vante Citeo.<\/span><\/span><\/p>\n<p style=\"text-align: justify;\"><span style=\"font-family: Comic Sans MS, cursive;\"><span style=\"font-size: medium;\">Pour accomplir ce \u00ab\u00a0geste citoyen\u00a0\u00bb, Fofana Yoro se l\u00e8ve toutes les nuits \u00e0 3 h. Depuis son orientation professionnelle en 2015 vers ce secteur dit d\u2019avenir, ce Malien de 37 ans prend trois bus pour arriver au centre de tri du Syctom (l\u2019agence parisienne de tri des d\u00e9chets) de Paris, dans le 15e arrondissement, aux alentours de 5h30. Une fois sa tenue enfil\u00e9e et un caf\u00e9 plus tard, il se positionne \u00e0 6h sur la cha\u00eene de triage g\u00e9r\u00e9e par l\u2019entreprise Xveo, filiale du groupe V\u00e9olia. Fofana Yoro occupe l\u2019un de ces dizaines de milliers d\u2019\u00ab\u00a0emplois verts\u00a0\u00bb que doit g\u00e9n\u00e9rer la transition \u00e9cologique.<\/span><\/span><\/p>\n<p class=\"western\" style=\"text-align: justify;\"><strong><span style=\"font-family: Comic Sans MS, cursive;\"><span style=\"font-size: medium;\">Trier cartons, seringues et couteaux<\/span><\/span><\/strong><\/p>\n<p style=\"text-align: justify;\"><a name=\"nh1\"><\/a><span style=\"font-family: Comic Sans MS, cursive;\"><span style=\"font-size: medium;\">Son coll\u00e8gue Ibrahima Baradji, 64 ans, conduit d\u00e9j\u00e0 sa pelleteuse depuis dix minutes. Depuis l\u2019ouverture de ce site de traitement parisien en 2011, l\u2019homme bient\u00f4t retrait\u00e9 a vu d\u00e9filer plusieurs entreprise (Coved, Ihol, Xveo) \u00e0 qui Paris externalise le tri des d\u00e9chets. Au volant de son engin, Ibrahima r\u00e9cup\u00e8re dans le hall de d\u00e9chargement les ordures que les camions-bennes ont achemin\u00e9es apr\u00e8s le ramassage des poubelles en ville\u00a0[<a href=\"https:\/\/basta.media\/Recycler-trieur-de-dechets-sytcom-conditions-de-travail-Ecosystem-emplois-verts#nb1\">1<\/a>]. Il les d\u00e9verse ensuite dans la tr\u00e9mie, un grand conteneur alimentant la ligne de tri d\u2019o\u00f9 les d\u00e9chets filent sur les tapis, traqu\u00e9s par des lecteurs optiques, par des aimants aspirant les \u00e9ventuels m\u00e9taux. Une trommel, sorte d\u2019\u00e9norme tambour rotatif trou\u00e9 de machine \u00e0 laver, les dispatche par type de mati\u00e8re. Le tout termine sa course dans une cabine o\u00f9 une armada de petites mains trie ce que la m\u00e9canique n\u2019a pas pass\u00e9 au crible.<\/span><\/span><\/p>\n<p style=\"text-align: justify;\"><span style=\"font-family: Comic Sans MS, cursive;\"><span style=\"font-size: medium;\">Bouteilles, papier, canettes\u2026 les d\u00e9chets sont ici compact\u00e9s en masses appel\u00e9es \u00ab\u00a0balles\u00a0\u00bb et deviennent ainsi de la \u00ab\u00a0mati\u00e8re premi\u00e8re secondaire\u00a0\u00bb, qui est vendue. Les d\u00e9chets refus\u00e9s \u00e0 cette \u00e9tape iront \u00e0 l\u2019incin\u00e9rateur. En tout, seulement 20\u00a0% de nos ordures seraient r\u00e9ellement valoris\u00e9s. <i>\u00ab\u00a0On aide la machine, car le tri s\u00e9lectif \u00e0 la maison n\u2019est pas bien fait\u00a0\u00bb<\/i>, regrette Ibrahima. Nos poubelles r\u00e9servent toutes sortes de surprises \u00e0 ces travailleurs \u00e0 l\u2019ombre de la soci\u00e9t\u00e9 de consommation.<\/span><\/span><\/p>\n<p style=\"text-align: justify;\"><span style=\"font-family: Comic Sans MS, cursive;\"><span style=\"font-size: medium;\">Sur le tapis d\u00e9di\u00e9 aux cartons, Fofana \u00f4te les intrus, place dans les bacs les \u00e9ventuels v\u00eatements, chaussures, bouts de ferraille&#8230; <\/span><\/span><span style=\"font-family: Comic Sans MS, cursive;\"><span style=\"font-size: medium;\"><i>\u00ab\u00a0Au bout d\u2019un mois, plus besoin de regarder, c\u2019est automatique\u00a0\u00bb<\/i><\/span><\/span><span style=\"font-family: Comic Sans MS, cursive;\"><span style=\"font-size: medium;\">. Mais il faut rester \u00e0 l\u2019affut d\u2019\u00e9ventuelles coupures et du risque d\u2019infection&#8230; Car avec la crise sanitaire, les blouses et masques m\u00e9dicaux, dits \u00ab\u00a0d\u00e9chets d\u2019activit\u00e9s de soins \u00e0 risques\u00a0\u00bb, ont <a href=\"https:\/\/www.editions-legislatives.fr\/actualite\/crise-sanitaire-comment-l-ile-de-france-a-t-elle-gere-la-premiere-vague-de-dasri-lies-au-covid-19\" target=\"_blank\" rel=\"noopener\">encombr\u00e9<\/a> les conteneurs.<\/span><\/span><\/p>\n<p style=\"text-align: justify;\"><span style=\"font-family: Comic Sans MS, cursive;\"><span style=\"font-size: medium;\">Fofana s\u2019est d\u00e9j\u00e0 piqu\u00e9 avec des seringues que jettent les h\u00f4pitaux environnants, et s\u2019est fait soign\u00e9 d\u2019un simple pansement, sans vraiment s\u2019arr\u00eater&#8230; Au site de traitement des d\u00e9chets Paprec du Blanc-Mesnil (93), Moustafiha Diabira fixe des yeux l\u2019amont du tapis roulant pour rep\u00e9rer, par exemple, la viande avari\u00e9e, les couches pleines, les couteaux ou autres <i>\u00ab\u00a0seringues de crack\u00e9s\u00a0\u00bb<\/i> d\u00e9filant \u00e0 70km\/h, avec des pics \u00e0 plus de 80km\/h. Le quinquag\u00e9naire arriv\u00e9 du Mali en 1997, tente d\u2019\u00e9viter qu\u2019une bouteille de verre lui coupe ses gants mal adapt\u00e9s. <i>\u00ab\u00a0Heureusement que je les avais doubl\u00e9s moi-m\u00eame, sinon je m\u2019entaillais le doigt\u00a0\u00bb,<\/i> dit-il. \u00c0 cette vitesse, <i>\u00ab\u00a0on est comme prisonnier\u00a0\u00bb<\/i> du tapis, dit-il. Apr\u00e8s quinze mois \u00e0 tendre ses bras au milieu du tapis,\u00a0<i>\u00ab\u00a0j\u2019avais l\u2019impression que mes \u00e9paules allaient tomber\u00a0\u00bb<\/i>.<\/span><\/span><\/p>\n<p style=\"text-align: justify;\"><span style=\"font-family: Comic Sans MS, cursive;\"><span style=\"font-size: medium;\">Dans sa cabine, Fofana, en poste depuis l\u2019aube, tr\u00e9pigne de son c\u00f4t\u00e9 des heures durant, en posture statique, jusqu\u2019au changement d\u2019\u00e9quipe de 13h30. Ses chevilles gonflent, lui font mal. Les anciens lui conseillent de <i>\u00ab\u00a0bouger toutes les deux heures\u00a0\u00bb<\/i>. <i>\u00ab\u00a0Le plus dur c\u2019est de rester debout\u00a0\u00bb<\/i>, conc\u00e8de aussi l\u2019ex-trieur Ibrahima. Des chaises assis-debout ont finalement \u00e9t\u00e9 install\u00e9es.<\/span><\/span><\/p>\n<h2 class=\"western\" style=\"text-align: justify;\"><span style=\"font-family: Comic Sans MS, cursive;\"><span style=\"font-size: medium;\">\u00ab\u00a0Le tri n\u00e9cessite une bonne condition physique\u00a0\u00bb<\/span><\/span><\/h2>\n<p style=\"text-align: justify;\"><span style=\"font-family: Comic Sans MS, cursive;\"><span style=\"font-size: medium;\">\u00c0 pousser, soulever, basculer, et renverser 70 kilogrammes de ferrailles jusqu\u2019\u00e0 vingt fois par jour, les muscles se raidissent, le dos se tasse et se casse.\u00a0L\u2019ann\u00e9e derni\u00e8re, un journaliste de l\u2019\u00e9mission Cash Investigation a <a href=\"https:\/\/www.francetvinfo.fr\/replay-magazine\/france-2\/cash-investigation\/cash-investigation-du-jeudi-11-novembre-2021_4817185.html\" target=\"_blank\" rel=\"noopener\">film\u00e9<\/a> en cam\u00e9ra cach\u00e9e une travailleuse paralys\u00e9e par la douleur sur une cha\u00eene de tri de Paprec. En <a href=\"https:\/\/www.paprec.com\/fr\/reponse-a-cash-lindustrie-bashing-ca-suffit\/\" target=\"_blank\" rel=\"noopener\">r\u00e9ponse<\/a>, le g\u00e9ant du recyclage s\u2019est dit conscient que <\/span><\/span><span style=\"font-family: Comic Sans MS, cursive;\"><span style=\"font-size: medium;\"><i>\u00ab\u00a0le tri n\u00e9cessite une bonne condition physique\u00a0\u00bb<\/i><\/span><\/span><span style=\"font-family: Comic Sans MS, cursive;\"><span style=\"font-size: medium;\"> et a d\u00e9clar\u00e9 faire des <\/span><\/span><span style=\"font-family: Comic Sans MS, cursive;\"><span style=\"font-size: medium;\"><i>\u00ab\u00a0efforts permanents\u00a0\u00bb<\/i><\/span><\/span><span style=\"font-family: Comic Sans MS, cursive;\"><span style=\"font-size: medium;\"> d\u2019am\u00e9lioration des conditions de travail en recrutant des ergonomes et en modernisant ses centres automatis\u00e9s.<\/span><\/span><\/p>\n<p style=\"text-align: justify;\"><a name=\"nh2\"><\/a><span style=\"font-family: Comic Sans MS, cursive;\"><span style=\"font-size: medium;\"><i>\u00ab\u00a0Beaucoup d\u2019entreprises mettent en avant leurs outils technologiques sans que certains principes de base, comme des marquages au sol, ne soient respect\u00e9s\u00a0\u00bb<\/i><\/span><\/span><span style=\"font-family: Comic Sans MS, cursive;\"><span style=\"font-size: medium;\">, d\u00e9plore de son c\u00f4t\u00e9 aupr\u00e8s de <\/span><\/span><span style=\"font-family: Comic Sans MS, cursive;\"><span style=\"font-size: medium;\"><i>basta!<\/i><\/span><\/span><span style=\"font-family: Comic Sans MS, cursive;\"><span style=\"font-size: medium;\"> un inspecteur du travail francilien. En 2018, un agent du site de traitement des d\u00e9chets de La Courneuve a film\u00e9 des conditions plut\u00f4t \u00e9loign\u00e9es des recommandations de l\u2019Institut national de recherche et de s\u00e9curit\u00e9 pour la pr\u00e9vention des accidents du travail et des maladies professionnelles (INRS)\u00a0[<a href=\"https:\/\/basta.media\/Recycler-trieur-de-dechets-sytcom-conditions-de-travail-Ecosystem-emplois-verts#nb2\">2<\/a>]. Cette vid\u00e9o, diffus\u00e9e par Cash Investigation et que <\/span><\/span><span style=\"font-family: Comic Sans MS, cursive;\"><span style=\"font-size: medium;\"><i>Basta!<\/i><\/span><\/span><span style=\"font-family: Comic Sans MS, cursive;\"><span style=\"font-size: medium;\"> s\u2019est procur\u00e9e, montre des travailleurs sans casque \u00e0 proximit\u00e9 des grappins m\u00e9caniques, ou marchant sur un tapis menant \u00e0 un broyeur, avant que des engins ne leur d\u00e9versent des d\u00e9tritus dessus.<\/span><\/span><\/p>\n<h2 class=\"western\" style=\"text-align: justify;\"><span style=\"font-family: Comic Sans MS, cursive;\"><span style=\"font-size: medium;\">Des travailleurs morts dans les centres de tri<\/span><\/span><\/h2>\n<p style=\"text-align: justify;\"><span style=\"font-family: Comic Sans MS, cursive;\"><span style=\"font-size: medium;\">Vacarme, poussi\u00e8re, substances chimiques\u00a0: le traitement du d\u00e9chet demeure un m\u00e9tiers des plus dangereux<\/span><\/span><\/p>\n<p style=\"text-align: justify;\"><span style=\"font-family: Comic Sans MS, cursive;\"><span style=\"font-size: medium;\">Recycler, <\/span><\/span><span style=\"font-family: Comic Sans MS, cursive;\"><span style=\"font-size: medium;\"><i>\u00ab\u00a0\u00e7a sauve peut-\u00eatre la plan\u00e8te mais pas les travailleurs\u00a0\u00bb<\/i><\/span><\/span><span style=\"font-family: Comic Sans MS, cursive;\"><span style=\"font-size: medium;\">, constate au quotidien le trieur francilien Fofana. Vue de sa cabine de tri, l\u2019aventure verte promise par les \u00e9co-organismes n\u2019est pas si rose. Vacarme, poussi\u00e8re, substances chimiques\u2026 Le traitement du d\u00e9chet demeure un m\u00e9tiers des plus dangereux, et les accidents y sont fr\u00e9quents et graves, rappelle l\u2019<a href=\"https:\/\/www.anses.fr\/fr\/system\/files\/CONSO2016SA0137Ra.pdf\" target=\"_blank\" rel=\"noopener\">Agence nationale de s\u00e9curit\u00e9 sanitaire de l\u2019alimentation, de l\u2019environnement et du travail (Anses)<\/a>. La fili\u00e8re \u00ab\u00a0D\u00e9chets d\u2019\u00e9quipement \u00e9lectrique et \u00e9lectronique\u00a0\u00bb, celle vant\u00e9e par la pub d\u2019Ecosystem, pr\u00e9sente notamment des <\/span><\/span><span style=\"font-family: Comic Sans MS, cursive;\"><span style=\"font-size: medium;\"><i>\u00ab\u00a0risques chimiques ou biologiques \u00e9lev\u00e9s\u00a0\u00bb<\/i><\/span><\/span><span style=\"font-family: Comic Sans MS, cursive;\"><span style=\"font-size: medium;\">, souligne l\u2019Anses.<\/span><\/span><\/p>\n<p style=\"text-align: justify;\"><span style=\"font-family: Comic Sans MS, cursive;\"><span style=\"font-size: medium;\">Au centre de tri, les rares pauses sont souvent synonymes de pannes ou d\u2019incidents. Comme cette matin\u00e9e o\u00f9 Ibrahima a d\u00fb stopper la cha\u00eene <i>\u00ab\u00a0pour laisser l\u2019air rentrer\u00a0\u00bb<\/i>, car du gaz a explos\u00e9 \u00e0 cause d\u2019un a\u00e9rosol. En cas de <i>\u00ab\u00a0bourrage\u00a0\u00bb<\/i> de la goulotte d\u2019arriv\u00e9e, Fofana va la d\u00e9sencombrer, non sans risque. <i>\u00ab\u00a0Le d\u00e9bourrage est une des zones accidentog\u00e8nes les plus dangereuses du recyclage\u00a0\u00bb<\/i>, appuie Ali Chaligui, coordinateur CGT du groupe V\u00e9olia Propret\u00e9.<\/span><\/span><\/p>\n<p style=\"text-align: justify;\"><span style=\"font-family: Comic Sans MS, cursive;\"><span style=\"font-size: medium;\">En 2009, un trieur non form\u00e9 a \u00e9t\u00e9 tu\u00e9 lors d\u2019une telle op\u00e9ration chez Coved, filiale de Paprec. L\u2019entreprise a \u00e9t\u00e9 <a href=\"https:\/\/www.legifrance.gouv.fr\/juri\/id\/JURITEXT000032598281\" target=\"_blank\" rel=\"noopener\">condamn\u00e9e<\/a> pour homicide involontaire. En janvier, le parquet d\u2019\u00c9vry a <a href=\"https:\/\/www.ouest-france.fr\/societe\/justice\/n-salarie-meurt-happe-par-une-machine-150-000-d-amende-requis-contre-l-entreprise-paprec-517f0c44-72ec-11ec-aa63-d4f0e90a3def\" target=\"_blank\" rel=\"noopener\">requis<\/a> 150 000 euros d\u2019amendes pour homicide involontaire contre Paprec suite \u00e0 la mort d\u2019un salari\u00e9 en 2014. L\u2019homme \u00e9tait mort broy\u00e9, happ\u00e9 par une machine de tri de d\u00e9chets sur son lieu de travail dans l\u2019Essonne. Mais le 8\u00a0mars, le tribunal correctionnel d\u2019\u00c9vry a <a href=\"https:\/\/www.leparisien.fr\/essonne-91\/paprec-echappe-a-la-condamnation-apres-la-mort-dun-salarie-broye-dans-une-machine-de-tri-08-03-2022-C6FHA7DQ6VDZJE5IE7ATMR2GVE.php\" target=\"_blank\" rel=\"noopener\">d\u00e9clar\u00e9 \u00ab\u00a0l\u2019extinction des poursuites judiciaires\u00a0\u00bb<\/a> qui visaient Paprec Environnement suite \u00e0 ce d\u00e9c\u00e8s. Une d\u00e9cision motiv\u00e9e par <\/span><\/span><span style=\"font-family: Comic Sans MS, cursive;\"><span style=\"font-size: medium;\"><i>\u00ab\u00a0la fusion par absorption de l\u2019entreprise par Paprec Grand \u00cele-de-France\u00a0\u00bb<\/i><\/span><\/span><span style=\"font-family: Comic Sans MS, cursive;\"><span style=\"font-size: medium;\">.<\/span><\/span><\/p>\n<p style=\"text-align: justify;\"><span style=\"font-family: Comic Sans MS, cursive;\"><span style=\"font-size: medium;\">2014 toujours, c\u2019est sur un autre site de la m\u00eame entreprise, \u00e0 La Courneuve, qu\u2019un travailleur d\u00e9c\u00e8de sous le poids des balles de papier. En d\u00e9cembre 2021, un salari\u00e9 d\u2019un centre de tri d\u2019une autre entreprise, dans les Pyr\u00e9n\u00e9es-Orientales, a <a href=\"https:\/\/www.lasemaineduroussillon.com\/2021\/12\/16\/drame-dans-un-centre-de-tri-a-elne-lemploye-se-tue-en-chutant-dans-une-vis-sans-fin\/\" target=\"_blank\" rel=\"noopener\">perdu<\/a> la vie en chutant dans un cylindre (lire aussi notre <a href=\"https:\/\/basta.media\/une-usine-de-recyclage-de-dechets-accusee-d-avoir-intoxique-plusieurs-de-ses\">reportage<\/a> dans une usine de Montlu\u00e7on en 2015).<\/span><\/span><\/p>\n<p style=\"text-align: justify;\"><span style=\"font-family: Comic Sans MS, cursive;\"><span style=\"font-size: medium;\"><b>\u00ab\u00a0Avec la gr\u00e8ve, ils ont \u00e9t\u00e9 respect\u00e9s par la direction\u00a0\u00bb<\/b><\/span><\/span><\/p>\n<p style=\"text-align: justify;\"><a name=\"nh3\"><\/a><span style=\"font-family: Comic Sans MS, cursive;\"><span style=\"font-size: medium;\">\u00c0 Xveo, la gr\u00e8ve lanc\u00e9e le 14\u00a0octobre dernier par les trieuses et trieurs du site s\u2019est interrompue sans que les n\u00e9gociations avec V\u00e9olia n\u2019aboutissent. Mais <\/span><\/span><span style=\"font-family: Comic Sans MS, cursive;\"><span style=\"font-size: medium;\"><i>\u00ab\u00a0ce n\u2019est que partie remise\u00a0\u00bb<\/i><\/span><\/span><span style=\"font-family: Comic Sans MS, cursive;\"><span style=\"font-size: medium;\">, pr\u00e9viennent les ex-gr\u00e9vistes, r\u00e9unis d\u00e9but f\u00e9vrier pour d\u00e9cider des suites de leur mouvement et du partage de leur caisse de gr\u00e8ve\u00a0[<a href=\"https:\/\/basta.media\/Recycler-trieur-de-dechets-sytcom-conditions-de-travail-Ecosystem-emplois-verts#nb3\">3<\/a>]. Leur but\u00a0: une revalorisation de salaire de 200 euros et une prime \u00ab\u00a0qualit\u00e9\u00a0\u00bb de 150 euros. En dix ans, ces recycleurs n\u2019ont pas vu leur r\u00e9mun\u00e9ration augmenter au m\u00eame rythme que la masse de d\u00e9tritus trait\u00e9s sur le site. Officiellement, celle-ci a plus que doubl\u00e9, passant de 30 \u00e0 70 tonnes journali\u00e8res sur la p\u00e9riode, bien davantage, selon les trieurs.<\/span><\/span><\/p>\n<p style=\"text-align: justify;\"><a name=\"nh4\"><\/a><span style=\"font-family: Comic Sans MS, cursive;\"><span style=\"font-size: medium;\">Dans le viseur \u00e9galement\u00a0: le donneur d\u2019ordre public. <\/span><\/span><span style=\"font-family: Comic Sans MS, cursive;\"><span style=\"font-size: medium;\"><i>\u00ab\u00a0Le Syctom ne doit pas fuir ses responsabilit\u00e9s\u00a0\u00bb<\/i><\/span><\/span><span style=\"font-family: Comic Sans MS, cursive;\"><span style=\"font-size: medium;\">, tancent les gr\u00e9vistes. L\u2019agence francilienne de traitement du d\u00e9chet, administr\u00e9e par des \u00e9lus de la ville de Paris, a en effet toute ma\u00eetrise sur la mission privatis\u00e9e\u00a0[<a href=\"https:\/\/basta.media\/Recycler-trieur-de-dechets-sytcom-conditions-de-travail-Ecosystem-emplois-verts#nb4\">4<\/a>]. En novembre 2021, le conseil municipal de Paris s\u2019est tout de m\u00eame prononc\u00e9 pour la <\/span><\/span><span style=\"font-family: Comic Sans MS, cursive;\"><span style=\"font-size: medium;\"><i>\u00ab\u00a0cr\u00e9ation d\u2019un groupe de travail sur la commande publique responsable\u00a0\u00bb<\/i><\/span><\/span><span style=\"font-family: Comic Sans MS, cursive;\"><span style=\"font-size: medium;\">. Jug\u00e9 trop l\u00e9ger et peu concret par l\u2019\u00e9lue insoumise Danielle Simonnet qui en <a href=\"https:\/\/www.daniellesimonnet.fr\/2021\/11\/08\/voeu-pour-que-le-syctom-assume-ses-responsabilites-de-donneurs-dordre\/\" target=\"_blank\" rel=\"noopener\">appelle<\/a> \u00e0 <\/span><\/span><span style=\"font-family: Comic Sans MS, cursive;\"><span style=\"font-size: medium;\"><i>\u00ab\u00a0un service public\u00a0\u00bb<\/i><\/span><\/span><span style=\"font-family: Comic Sans MS, cursive;\"><span style=\"font-size: medium;\">, ambitieux en terme \u00e9cologique et&#8230; social.<\/span><\/span><\/p>\n<p style=\"text-align: justify;\"><span style=\"font-family: Comic Sans MS, cursive;\"><span style=\"font-size: medium;\">Si les gr\u00e9vistes n\u2019ont pas encore obtenu gain de cause, ils ont gagn\u00e9 <i>\u00ab\u00a0la conscience de leur force<\/i>, se r\u00e9jouit Ibrahima Baradji, devenu repr\u00e9sentant CGT du site. <i>Avec la gr\u00e8ve, ils ont \u00e9t\u00e9 respect\u00e9s par la direction.\u00a0\u00bb<\/i> Cadres et DRH ont d\u00e9couvert les difficiles conditions de travail du tri s\u00e9lectif lors du blocage du site. <i>\u00ab\u00a0Certains ont reconnu que c\u2019\u00e9tait un m\u00e9tier tr\u00e8s dur et que nos demandes \u00e9taient l\u00e9gitimes\u00a0\u00bb<\/i>, se satisfait Ibrahima.<\/span><\/span><\/p>\n<p style=\"text-align: justify;\"><span style=\"font-family: Comic Sans MS, cursive;\"><span style=\"font-size: medium;\"><b>Des int\u00e9rimaires \u00ab\u00a0kleenex\u00a0\u00bb\u00a0?<\/b><\/span><\/span><\/p>\n<p style=\"text-align: justify;\"><span style=\"font-family: Comic Sans MS, cursive;\"><span style=\"font-size: medium;\">Beaucoup des employ\u00e9s du secteur encha\u00eenent des emplois peu qualifi\u00e9s, pr\u00e9caires, entre CDD, contrats d\u2019insertion ou missions d\u2019int\u00e9rim. Les directions peuvent s\u2019en s\u00e9parer facilement. <\/span><\/span><span style=\"font-family: Comic Sans MS, cursive;\"><span style=\"font-size: medium;\"><i>\u00ab\u00a0Les int\u00e9rimaires sont comme des kleenex\u00a0\u00bb<\/i><\/span><\/span><span style=\"font-family: Comic Sans MS, cursive;\"><span style=\"font-size: medium;\">, l\u00e2che un titulaire. L\u2019action collective des salari\u00e9s Xveo n\u2019est donc pas anodine dans une profession, peu syndiqu\u00e9e, o\u00f9 la moindre revendication peut co\u00fbter cher. Mahamadou Kant\u00e9 en <a href=\"https:\/\/www.causedupeuple.info\/2018\/12\/02\/dans-le-groupe-paprec-les-syndicats-ca-existe-pas-interview-de-mahamadou-kante-syndicaliste-cgt-partie-2\/\" target=\"_blank\" rel=\"noopener\">sait<\/a> quelque chose. Le repr\u00e9sentant CGT Paprec-\u00cele de France a fait l\u2019objet de deux proc\u00e9dures de licenciement de la part du g\u00e9ant recycleur. Deux proc\u00e9dures refus\u00e9es par l\u2019inspection du travail.<\/span><\/span><\/p>\n<p>&nbsp;<\/p>\n<p style=\"text-align: justify;\"><span style=\"font-family: Comic Sans MS, cursive;\"><span style=\"font-size: medium;\"><b>basta.media<\/b><\/span><\/span><\/p>\n","protected":false},"excerpt":{"rendered":"<p>\u00ab\u00a0\u00a0Recycler, \u00e7a sauve peut-\u00eatre la plan\u00e8te mais pas les travailleurs\u00a0\u00bb<\/p>\n","protected":false},"author":2,"featured_media":0,"comment_status":"closed","ping_status":"closed","sticky":false,"template":"","format":"standard","meta":{"footnotes":""},"categories":[1],"tags":[],"class_list":["post-11125","post","type-post","status-publish","format-standard","hentry","category-non-classe"],"_links":{"self":[{"href":"https:\/\/www.quieryavenir.fr\/blog\/wp-json\/wp\/v2\/posts\/11125","targetHints":{"allow":["GET"]}}],"collection":[{"href":"https:\/\/www.quieryavenir.fr\/blog\/wp-json\/wp\/v2\/posts"}],"about":[{"href":"https:\/\/www.quieryavenir.fr\/blog\/wp-json\/wp\/v2\/types\/post"}],"author":[{"embeddable":true,"href":"https:\/\/www.quieryavenir.fr\/blog\/wp-json\/wp\/v2\/users\/2"}],"replies":[{"embeddable":true,"href":"https:\/\/www.quieryavenir.fr\/blog\/wp-json\/wp\/v2\/comments?post=11125"}],"version-history":[{"count":1,"href":"https:\/\/www.quieryavenir.fr\/blog\/wp-json\/wp\/v2\/posts\/11125\/revisions"}],"predecessor-version":[{"id":11126,"href":"https:\/\/www.quieryavenir.fr\/blog\/wp-json\/wp\/v2\/posts\/11125\/revisions\/11126"}],"wp:attachment":[{"href":"https:\/\/www.quieryavenir.fr\/blog\/wp-json\/wp\/v2\/media?parent=11125"}],"wp:term":[{"taxonomy":"category","embeddable":true,"href":"https:\/\/www.quieryavenir.fr\/blog\/wp-json\/wp\/v2\/categories?post=11125"},{"taxonomy":"post_tag","embeddable":true,"href":"https:\/\/www.quieryavenir.fr\/blog\/wp-json\/wp\/v2\/tags?post=11125"}],"curies":[{"name":"wp","href":"https:\/\/api.w.org\/{rel}","templated":true}]}}