{"id":11138,"date":"2022-05-03T02:49:45","date_gmt":"2022-05-03T00:49:45","guid":{"rendered":"https:\/\/www.quieryavenir.fr\/blog\/?p=11138"},"modified":"2022-05-01T08:51:53","modified_gmt":"2022-05-01T06:51:53","slug":"la-situation-senvenime-encore-plus","status":"publish","type":"post","link":"https:\/\/www.quieryavenir.fr\/blog\/2022\/05\/03\/la-situation-senvenime-encore-plus\/","title":{"rendered":"La situation s\u2019envenime encore plus"},"content":{"rendered":"<p style=\"text-align: justify;\" align=\"left\"><span style=\"font-family: Comic Sans MS, cursive;\"><span style=\"font-size: medium;\"><b><span style=\"color: #000000;\"><img loading=\"lazy\" decoding=\"async\" class=\"wp-image-11132 aligncenter\" src=\"https:\/\/www.quieryavenir.fr\/blog\/wp-content\/uploads\/2022\/05\/Resistons-220426-1-300x134.jpg\" alt=\"\" width=\"611\" height=\"273\" srcset=\"https:\/\/www.quieryavenir.fr\/blog\/wp-content\/uploads\/2022\/05\/Resistons-220426-1-300x134.jpg 300w, https:\/\/www.quieryavenir.fr\/blog\/wp-content\/uploads\/2022\/05\/Resistons-220426-1-768x343.jpg 768w, https:\/\/www.quieryavenir.fr\/blog\/wp-content\/uploads\/2022\/05\/Resistons-220426-1.jpg 831w\" sizes=\"auto, (max-width: 611px) 100vw, 611px\" \/><\/span><\/b><\/span><\/span><\/p>\n<h3 style=\"text-align: justify;\" align=\"left\"><span style=\"font-family: Comic Sans MS, cursive;\"><span style=\"font-size: medium;\"><b><span style=\"color: #000000;\">Le lien entre la France et le monde<\/span><\/b><\/span><\/span><\/h3>\n<p><!--more--><\/p>\n<p style=\"text-align: justify;\" align=\"left\"><span style=\"font-family: Comic Sans MS, cursive;\"><span style=\"font-size: medium;\"><span style=\"color: #000000;\">Le citoyen fran\u00e7ais doit comprendre que la propagande des m\u00e9dias de masse ne leur dit pas la v\u00e9rit\u00e9 sur la situation politique nationale et internationale\u2026.. La situation s\u2019aggrave et s\u2019envenime car l\u2019effondrement \u00e9conomique de l\u2019oligarchie occidentale s\u2019effondre \u00e0 un rythme de plus en plus rapide. Leur sauve conduite c\u2019est le grand reset ou la Guerre mondiale.<\/span><\/span><\/span><\/p>\n<p style=\"text-align: justify;\" align=\"left\"><span style=\"font-family: Comic Sans MS, cursive;\"><span style=\"font-size: medium;\"><span style=\"color: #000000;\">Du global au local nous devons r\u00e9sonner et r\u00e9fl\u00e9chir, ce qui concerne le monde nous concernent nous !<\/span><\/span><\/span><\/p>\n<p style=\"text-align: center;\" align=\"left\"><span style=\"font-family: Comic Sans MS, cursive;\"><span style=\"font-size: medium;\"><span style=\"color: #000000;\">** **<\/span><\/span><\/span><\/p>\n<p style=\"text-align: justify;\" align=\"left\"><span style=\"font-family: Comic Sans MS, cursive;\"><span style=\"font-size: medium;\"><span style=\"color: #000000;\"><i><b>Grand Reset = Guerre mondiale, ce que dit un article de R\u00e9seau International.<\/b><\/i><\/span><\/span><\/span><\/p>\n<p style=\"text-align: justify;\" align=\"left\"><span style=\"font-family: Comic Sans MS, cursive;\"><span style=\"font-size: medium;\"><span style=\"color: #000000;\">\u00ab Le fameux \u00ab Grand Reset \u00bb pr\u00f4n\u00e9 par Schwab et les dirigeants occidentaux ayant capot\u00e9 avec l\u2019op\u00e9ration \u00ab COVID \u00bb, il est n\u00e9cessaire de trouver un autre vecteur pour le mettre en \u0153uvre, faute de quoi l\u2019\u00e9conomie occidentale s\u2019effondrera. Ce vecteur sera la troisi\u00e8me guerre mondiale et c\u2019est pourquoi \u00c9tats-Unis et Europe augmentent constamment les enjeux de la guerre en Ukraine et \u00ab piquent de plus en plus l\u2019ours russe \u00bb.<\/span><\/span><\/span><\/p>\n<p style=\"text-align: justify;\" align=\"left\"><span style=\"font-family: Comic Sans MS, cursive;\"><span style=\"font-size: medium;\"><span style=\"color: #000000;\">C\u2019est ce qu\u2019a <\/span><span style=\"color: #000081;\">d\u00e9clar\u00e9 en substance <\/span><span style=\"color: #000000;\">le pr\u00e9visionniste \u00e9conomique am\u00e9ricain Martin Armstrong, cit\u00e9 par la ressource ind\u00e9pendante <\/span><span style=\"color: #000081;\">USAWatchdog<\/span><span style=\"color: #000000;\">. \u00bb<\/span><\/span><\/span><\/p>\n<p style=\"text-align: justify;\" align=\"left\"><span style=\"font-family: Comic Sans MS, cursive;\"><span style=\"font-size: medium;\"><span style=\"color: #000000;\">\u00ab L\u2019OTAN et l\u2019UE essaient d\u00e9lib\u00e9r\u00e9ment de pousser l\u2019ours et ne font qu\u2019augmenter la pression.<\/span><\/span><\/span><\/p>\n<p style=\"text-align: justify;\" align=\"left\"><span style=\"font-family: Comic Sans MS, cursive;\"><span style=\"font-size: medium;\"><span style=\"color: #000000;\">Avec la Russie, tout se r\u00e9p\u00e8te encore et encore. Malheureusement, nous nous dirigeons vers la guerre \u00bb, r\u00e9p\u00e8te Armstrong. Et il conseille \u00ab de s\u2019approvisionner en vivres pendant deux ans \u00bb, estimant qu\u2019une grande guerre en Europe va \u00e9clater dans quelques semaines. \u00bb<\/span><\/span><\/span><\/p>\n<p style=\"text-align: justify;\" align=\"left\"><span style=\"font-family: Comic Sans MS, cursive;\"><span style=\"font-size: medium;\"><span style=\"color: #000000;\"><i>Ce que dit Boris Guennadevitch Karpov du journal Rusreinfo <\/i><\/span><span style=\"color: #000000;\">\u00ab Nous partageons cette pr\u00e9vision (sur ce que dit Armstrong) : Elle explique bien les actions suicidaires de l\u2019Europe et des \u00c9tats-Unis avec leur soutien infatigable \u00e0 l\u2019Ukraine, leurs livraisons<\/span><\/span><\/span><\/p>\n<p style=\"text-align: justify;\" align=\"left\"><span style=\"font-family: Comic Sans MS, cursive;\"><span style=\"font-size: medium;\"><span style=\"color: #000000;\">d\u2019armes et de mat\u00e9riel permanent, leur partage des informations du \u00ab Renseignement \u00bb permettant aux ukrainiens de localiser avec exactitude les troupes russes, leurs envois d\u2019instructeurs militaires et leurs \u00ab sanctions \u00bb anti-russes. Il faut y ajouter les op\u00e9rations de propagande destin\u00e9es \u00e0 pr\u00e9senter la Russie comme un ignoble agresseur avec, par exemple, les mises en sc\u00e8nes des \u00ab massacres \u00bb de Bucha et de Kramatorsk. Comme le dit le proverbe, \u00ab la guerre annulera tout \u00bb, et puisque la Russie est impliqu\u00e9e, ce sera une guerre mondiale. \u00bb<\/span><\/span><\/span><\/p>\n<p style=\"text-align: justify;\" align=\"left\"><span style=\"font-family: Comic Sans MS, cursive;\"><span style=\"font-size: medium;\"><span style=\"color: #000000;\"><i>\u00ab La situation se r\u00e9p\u00e8te aujourd\u2019hui : Nous voyons l\u2019implication de plus en plus grande des occidentaux en Ukraine, qui continuent d\u2019ailleurs de masser des troupes aux fronti\u00e8res de la Russie et de la Bi\u00e9lorussie, comprenant que la Russie va bien \u00eatre oblig\u00e9e de r\u00e9agir aux livraisons d\u2019armes occidentales \u00e0 l\u2019Ukraine. \u00bb<\/i><\/span><\/span><\/span><\/p>\n<p style=\"text-align: justify;\" align=\"left\"><span style=\"font-family: Comic Sans MS, cursive;\"><span style=\"font-size: medium;\"><span style=\"color: #000000;\"><i>\u00ab \u00c0 Moscou les d\u00e9put\u00e9s et s\u00e9nateurs sont sur le point de voter des lois imposant la destruction des armes livr\u00e9es \u00e0 l\u2019Ukraine \u00ab ou qu\u2019elles se trouvent \u00bb. Ce qui peut signifier des frappes sur les entrep\u00f4ts et convois d\u2019armes destin\u00e9es \u00e0 l\u2019Ukraine avant m\u00eame qu\u2019elles n\u2019y arrivent. En d\u2019autres termes, des frappes hors d\u2019Ukraine. Donc dans des pays de l\u2019OTAN. \u00bb<\/i><\/span><\/span><\/span><\/p>\n<p style=\"text-align: justify;\" align=\"left\"><span style=\"font-family: Comic Sans MS, cursive;\"><span style=\"font-size: medium;\"><span style=\"color: #000000;\"><i>\u00ab <\/i><\/span><span style=\"color: #000000;\">Il s\u2019av\u00e8re que dans les mois voire les semaines qui arrivent, le conflit en Ukraine pourrait se transformer en un affrontement direct entre les forces arm\u00e9es russes et les unit\u00e9s de l\u2019OTAN. \u00bb<\/span><\/span><\/span><\/p>\n<p style=\"text-align: justify;\" align=\"left\"><span style=\"font-family: Comic Sans MS, cursive;\"><span style=\"font-size: medium;\"><span style=\"color: #000000;\"><i>\u00ab Les seules tr\u00e8s faibles chances d\u2019\u00e9viter ceci serait que l\u2019Europe et les \u00c9tats-Unis changent radicalement de politique. \u00bb<\/i><\/span><\/span><\/span><\/p>\n<p style=\"text-align: justify;\" align=\"left\"><span style=\"font-family: Comic Sans MS, cursive;\"><span style=\"font-size: medium;\"><span style=\"color: #000000;\"><i>\u00ab <\/i><\/span><span style=\"color: #000000;\">Seules deux choses sont certaines: La Russie se bat pour son existence m\u00eame, elle ne reculera pas. Et en cas de guerre contre l\u2019OTAN, la Russie ne laissera pas intact le territoire des \u00c9tats-Unis. \u00bb<\/span><\/span><\/span><\/p>\n<p style=\"text-align: justify;\" align=\"left\"><span style=\"font-family: Comic Sans MS, cursive;\"><span style=\"font-size: medium;\"><span style=\"color: #000000;\"><i>\u00ab L&rsquo;Otan \u00e9labore des plans pour d\u00e9ployer des forces arm\u00e9es permanentes \u00e0 grande \u00e9chelle aux fronti\u00e8res orientales avec la Russie, a <\/i><\/span><span style=\"color: #000081;\"><i>d\u00e9clar\u00e9 <\/i><\/span><span style=\"color: #000000;\"><i>le secr\u00e9taire g\u00e9n\u00e9ral de l&rsquo;Otan, Jens Stoltenberg, dans un entretien au Telegraph le 10 avril. \u00bb<\/i><\/span><\/span><\/span><\/p>\n<p style=\"text-align: justify;\" align=\"left\"><span style=\"font-family: Comic Sans MS, cursive;\"><span style=\"font-size: medium;\"><span style=\"color: #000000;\"><i>\u00ab Les forces de l&rsquo;Otan sont d\u00e9j\u00e0 en train de se consolider pr\u00e8s des fronti\u00e8res de la Russie dans les pays baltes avec du personnel, des chars, de l&rsquo;artillerie et du mat\u00e9riel de reconnaissance. En outre, l&rsquo;Alliance atlantique se pr\u00e9pare \u00e0 approfondir sa coop\u00e9ration avec la Finlande et la Su\u00e8de, toujours th\u00e9oriquement neutres. Des observateurs estiment que m\u00eame le transfert permanent des porte-avions am\u00e9ricains vers la Baltique est en cours d&rsquo;\u00e9laboration. \u00bb<\/i><\/span><\/span><\/span><\/p>\n<p style=\"text-align: justify;\" align=\"left\"><span style=\"font-family: Comic Sans MS, cursive;\"><span style=\"font-size: medium;\"><span style=\"color: #000000;\"><i>\u00ab Bref, la guerre totale est d\u00e9clar\u00e9e contre le nouvel objectif de l&rsquo;Otan: La Russie. La course aux armements lanc\u00e9e par l&rsquo;Otan et les \u00c9tats-Unis a lieu au profit de la paix et de la vie des habitants des pays se trouvant sous la tutelle des \u00c9tats-Unis et du contr\u00f4le politique militaire de l&rsquo;Otan. Les responsables politiques occidentaux ont d\u00e9cid\u00e9 de d\u00e9chirer la loi, sign\u00e9e en 1997 stipulant que l&rsquo;Otan et la Russie ne se consid\u00e8rent pas comme des adversaires et veulent, donc, ouvrir une guerre <\/i><\/span><\/span><\/span><span style=\"font-family: Comic Sans MS, cursive;\"><span style=\"font-size: medium;\"><span style=\"color: #000000;\"><i>directe et frontale contre la Russie. \u00bb<\/i><\/span><\/span><\/span><\/p>\n<p style=\"text-align: justify;\" align=\"left\"><span style=\"font-family: Comic Sans MS, cursive;\"><span style=\"font-size: medium;\"><span style=\"color: #000000;\"><i><b>Olivier Renault<\/b><\/i><\/span><\/span><\/span><\/p>\n<p style=\"text-align: justify;\" align=\"left\"><span style=\"font-family: Comic Sans MS, cursive;\"><span style=\"font-size: medium;\"><span style=\"color: #000000;\"><i><b>R\u00e9seau International<\/b><\/i><\/span><\/span><\/span><\/p>\n<p style=\"text-align: justify;\" align=\"left\"><span style=\"color: #000000;\">\u2018<span style=\"font-family: Comic Sans MS, cursive;\"><span style=\"font-size: medium;\"><i>Face \u00e0 cette escalade militaire potentielle du conflit provoqu\u00e9e par ces aides militaires croissantes de l\u2019OTAN aux forces ukrainiennes, Moscou vient de taper du poing sur la table en envoyant une note diplomatique officielle \u00e0 Washington l\u2019avertissant que cette strat\u00e9gie aura des cons\u00e9quences graves en provoquant \u00e0 la fois une escalade militaire et une escalade diplomatique.<\/i><\/span><\/span><\/span><\/p>\n<p style=\"text-align: justify;\" align=\"left\"><span style=\"font-family: Comic Sans MS, cursive;\"><span style=\"font-size: medium;\"><span style=\"color: #000000;\">Dans ce document de 4 pages, Moscou indique clairement que si les aides de l\u2019OTAN se poursuivent, ses forces arm\u00e9es pourront d\u00e9sormais prendre pour cible tous les convois ravitaillant l\u2019Ukraine depuis ses fronti\u00e8res occidentales. \u00bb<\/span><\/span><\/span><\/p>\n<p style=\"text-align: justify;\" align=\"left\"><span style=\"font-family: Comic Sans MS, cursive;\"><span style=\"font-size: medium;\"><span style=\"color: #000000;\"><i><b>Observateur Continental<\/b><\/i><\/span><\/span><\/span><\/p>\n<p style=\"text-align: justify;\" align=\"left\"><span style=\"font-family: Comic Sans MS, cursive;\"><span style=\"font-size: medium;\"><span style=\"color: #000000;\"><i>\u00ab La censure (occidental) draconienne des m\u00e9dias internationaux russes et le blocus de l&rsquo;\u00e9conomie russe indiquent une campagne d&rsquo;hostilit\u00e9 \u00e0 grande \u00e9chelle de la part des puissances occidentales qui \u00e9taient pr\u00eates \u00e0 partir. L&rsquo;intervention de la Russie en Ukraine le 24 f\u00e9vrier \u2013 bas\u00e9e sur des principes plausibles d&rsquo;autod\u00e9fense \u2013 a servi de tremplin \u00e0 l&rsquo;hostilit\u00e9 refoul\u00e9e de l&rsquo;Occident. Mais cette hostilit\u00e9 n&rsquo;est pas seulement envers la Russie. Il vise \u00e0 faire face \u00e0 l&rsquo;\u00e9mergence d&rsquo;un ordre mondial multipolaire qui \u00e9chappe au contr\u00f4le de la domination am\u00e9ricaine. Cette domination \u2013 ou h\u00e9g\u00e9monie &#8211; est bas\u00e9e sur le contr\u00f4le am\u00e9ricain du syst\u00e8me financier mondial ainsi que sur la<\/i><\/span><\/span><\/span><\/p>\n<p style=\"text-align: justify;\" align=\"left\"><span style=\"font-family: Comic Sans MS, cursive;\"><span style=\"font-size: medium;\"><span style=\"color: #000000;\"><i>puissance militaire am\u00e9ricaine brutale, assist\u00e9e par ses adjoints de l&rsquo;OTAN. \u00bb<\/i><\/span><\/span><\/span><\/p>\n<p style=\"text-align: justify;\" align=\"left\"><span style=\"font-family: Comic Sans MS, cursive;\"><span style=\"font-size: medium;\"><span style=\"color: #000000;\"><i>\u00ab Il n&rsquo;y a aucune garantie du r\u00e9sultat. Mais il suffit de dire que l&rsquo;ancien ordre dirig\u00e9 par les \u00c9tats- Unis doit dispara\u00eetre, et il ira pr\u00e9cis\u00e9ment parce qu&rsquo;il n&rsquo;est plus durable en ce qui concerne le reste de l&rsquo;humanit\u00e9. \u00bb<\/i><\/span><\/span><\/span><\/p>\n<p style=\"text-align: justify;\" align=\"left\"><span style=\"font-family: Comic Sans MS, cursive;\"><span style=\"font-size: medium;\"><span style=\"color: #000000;\"><i>\u00ab Les dirigeants europ\u00e9ens sont comme des collaborateurs qui l\u00e8chent la botte de leur ma\u00eetre. Leur soumission abjecte enhardit le bellicisme imp\u00e9rial am\u00e9ricain contre la Russie. Ils semblent dispos\u00e9s \u00e0 laisser leur propre peuple subir les cons\u00e9quences d&rsquo;un conflit dirig\u00e9 par les \u00c9tats-Unis, au point m\u00eame de faciliter une troisi\u00e8me guerre mondiale en Europe. \u00bb<\/i><\/span><\/span><\/span><\/p>\n<p style=\"text-align: justify;\" align=\"left\"><span style=\"font-family: Comic Sans MS, cursive;\"><span style=\"font-size: medium;\"><span style=\"color: #000000;\"><i>\u00ab Il y a une id\u00e9e fausse selon laquelle le fascisme en Europe \u00e9tait en quelque sorte un<\/i><\/span><\/span><\/span><\/p>\n<p style=\"text-align: justify;\" align=\"left\"><span style=\"font-family: Comic Sans MS, cursive;\"><span style=\"font-size: medium;\"><span style=\"color: #000000;\"><i>d\u00e9veloppement unique dans l&rsquo;Allemagne nazie. Le Troisi\u00e8me Reich avait de nombreux<\/i><\/span><\/span><\/span><\/p>\n<p style=\"text-align: justify;\" align=\"left\"><span style=\"font-family: Comic Sans MS, cursive;\"><span style=\"font-size: medium;\"><span style=\"color: #000000;\"><i>collaborateurs europ\u00e9ens en Pologne, dans les pays baltes, en Italie, en France, en Espagne et dans d&rsquo;autres sources secr\u00e8tes comme l&rsquo;establishment britannique dans les ann\u00e9es 1930.<\/i><\/span><\/span><\/span><\/p>\n<p style=\"text-align: justify;\" align=\"left\"><span style=\"font-family: Comic Sans MS, cursive;\"><span style=\"font-size: medium;\"><span style=\"color: #000000;\">\u00ab Les m\u00e9dias am\u00e9ricains et occidentaux pr\u00e9sentent Biden et les soi-disant dirigeants europ\u00e9ens comme un mod\u00e8le de d\u00e9mocratie et de droiture. La v\u00e9rit\u00e9 est que nous assistons au retour du fascisme en Europe sous la direction de l&rsquo;h\u00e9g\u00e9monie am\u00e9ricaine. \u00bb<\/span><\/span><\/span><\/p>\n<p style=\"text-align: justify;\" align=\"left\"><span style=\"font-family: Comic Sans MS, cursive;\"><span style=\"font-size: medium;\"><span style=\"color: #000000;\"><i><b>MESSAGE de Monseigneur VIGAN\u00d2<\/b><\/i><\/span><\/span><\/span><\/p>\n<p style=\"text-align: justify;\" align=\"left\"><span style=\"font-family: Comic Sans MS, cursive;\"><span style=\"font-size: medium;\"><span style=\"color: #000000;\"><i>\u00ab Ne nous faisons pas d\u2019illusions : ces serviteurs du Nouvel Ordre Mondial qui ont r\u00e9ussi \u00e0 occuper les plus hautes fonctions des gouvernements nationaux et des organisations internationales sont nos ennemis : ennemis du bien et ennemis de Dieu. Ils ne se soucient pas de savoir combien d\u2019entre nous devront mourir des effets du vaccin, de la faim ou des bombes : ils ne s\u2019int\u00e9ressent qu\u2019au pouvoir, aux avantages personnels et \u00e0 ceux de leurs ma\u00eetres, que personne n\u2019a os\u00e9 jusqu\u2019\u00e0 pr\u00e9sent incriminer et condamner.<\/i><\/span><\/span><\/span><\/p>\n<p style=\"text-align: justify;\" align=\"left\"><span style=\"font-family: Comic Sans MS, cursive;\"><span style=\"font-size: medium;\"><span style=\"color: #000000;\">Cette guerre est motiv\u00e9e par le besoin pressant de la famille Biden de couvrir la conspiration colossale et les crimes tr\u00e8s graves dont Joe et Hunter ont souill\u00e9 leurs mains, avec leurs complices.<\/span><\/span><\/span><\/p>\n<p style=\"text-align: justify;\" align=\"left\"><span style=\"font-family: Comic Sans MS, cursive;\"><span style=\"font-size: medium;\"><span style=\"color: #000000;\">Les nouvelles de leur implication dans la pr\u00e9sence de biolaboratoires am\u00e9ricains en territoire ukrainien cofinanc\u00e9s par Soros, dans l\u2019activit\u00e9 de la Birmanie, dans le r\u00e9seau d\u2019argent d\u2019Obama et des Clinton, confirment un \u00e9norme et scandaleux conflit d\u2019int\u00e9r\u00eats qui, en soi, devrait nous faire nous demander : au nom de quoi Joe Biden parle-t-il ? Parle-t-il pour d\u00e9fendre les int\u00e9r\u00eats des \u00c9tats- Unis, ou pour cacher les crimes que lui et son fils ont commis ? Parle-t-il en tant que pr\u00e9sident des \u00c9tats-Unis ou en tant que marionnette aux mains de l\u2019\u00c9tat profond et de la cabale mondialiste ?<\/span><\/span><\/span><\/p>\n<p style=\"text-align: justify;\" align=\"left\"><span style=\"font-family: Comic Sans MS, cursive;\"><span style=\"font-size: medium;\"><span style=\"color: #000000;\">Il s\u2019agit d\u2019une guerre : oui, une guerre qui a commenc\u00e9 il y a quelque temps, est rest\u00e9e souterraine et est devenue \u00e9vidente avec la pand\u00e9mie. C\u2019est une guerre de l\u2019\u00e9lite contre l\u2019ensemble de l\u2019humanit\u00e9. C\u2019est une guerre non d\u00e9clar\u00e9e, mais qui a d\u00e9j\u00e0 fait des millions de victimes \u00e0 cause des traitements refus\u00e9s et des vaccins forc\u00e9s, plus que par les armes. C\u2019est une guerre du Nouvel Ordre Mondial contre vous, contre nous, contre nos enfants, nos valeurs et notre avenir. C\u2019est une guerre de l\u2019obscurit\u00e9 contre la lumi\u00e8re. <\/span><span style=\"color: #000000;\"><i>Lux in tenebris lucet, et tenebr\u00e6 eam non comprehenderunt. <\/i><\/span><span style=\"color: #000000;\">La lumi\u00e8re brille dans les t\u00e9n\u00e8bres, et les t\u00e9n\u00e8bres ne l\u2019ont pas comprise, comme nous le dit saint Jean dans l\u2019\u00c9vangile (Jn 1, 5). Parce que les t\u00e9n\u00e8bres d\u00e9testent la lumi\u00e8re. La lumi\u00e8re, c\u2019est la v\u00e9rit\u00e9, c\u2019est la clart\u00e9, c\u2019est l\u2019honn\u00eatet\u00e9. La lumi\u00e8re, c\u2019est le Christ. Les t\u00e9n\u00e8bres, c\u2019est le mensonge, c\u2019est la tromperie, c\u2019est la conspiration. Les t\u00e9n\u00e8bres sont le royaume de Satan. \u00bb<\/span><\/span><\/span><\/p>\n<p style=\"text-align: justify;\" align=\"left\"><span style=\"font-family: Comic Sans MS, cursive;\"><span style=\"font-size: medium;\"><span style=\"color: #000000;\">Le citoyen Fran\u00e7ais est directement concern\u00e9 je rapporte les <\/span><span style=\"color: #000000;\"><i><b>propos de Karl Richter<\/b><\/i><\/span><\/span><\/span><\/p>\n<p style=\"text-align: justify;\" align=\"left\"><span style=\"font-family: Comic Sans MS, cursive;\"><span style=\"font-size: medium;\"><span style=\"color: #000000;\">Source: <a href=\"https:\/\/www.facebook.com\/karl.richter.79\">https:\/\/www.facebook.com\/karl.richter.7<\/a><\/span><a href=\"https:\/\/www.facebook.com\/karl.richter.79\"><span style=\"color: #000000;\">98<\/span><\/a><\/span><\/span><\/p>\n<p style=\"text-align: justify;\" align=\"left\"><span style=\"font-family: Comic Sans MS, cursive;\"><span style=\"font-size: medium;\"><span style=\"color: #000000;\">\u00ab Celui qui ne fait rien &#8211; de m\u00eame que celui qui soutient l&rsquo;Ukraine &#8211; soutient la poursuite de l&rsquo;h\u00e9g\u00e9monie am\u00e9ricaine, des \u00ab\u00a0valeurs dites occidentales\u00a0\u00bb, du pillage du monde par Big Money. Il soutient le fait que l&rsquo;Allemagne reste une plaque tournante pour les guerres d&rsquo;agression am\u00e9ricaines dans le monde entier et devienne la cible d&rsquo;\u00e9ventuelles attaques militaires de toute partie adverse. Il soutient aussi le suicide \u00e9conomique de l&rsquo;Europe qui a soutenu une politique \u00e9nerg\u00e9tique d\u00e9lirante et des sanctions absurdes. Il soutient le programme satanique des \u00e9lites occidentales, qui se r\u00e9sume \u00e0 la destruction de la famille, \u00e0 la destruction de notre sant\u00e9 et de notre int\u00e9grit\u00e9 physique, \u00e0 l&rsquo;effacement de l&rsquo;identit\u00e9 personnelle (via le transhumanisme !). \u00bb<\/span><\/span><\/span><\/p>\n<p style=\"text-align: center;\" align=\"left\"><span style=\"font-family: Comic Sans MS, cursive;\"><span style=\"font-size: medium;\"><span style=\"color: #000000;\">** **<\/span><\/span><\/span><\/p>\n<p style=\"text-align: justify;\" align=\"left\"><span style=\"font-family: Comic Sans MS, cursive;\"><span style=\"font-size: medium;\"><span style=\"color: #000000;\">Les am\u00e9ricains \u00ab Big Brother \u00bb incarnation du nouvel ordre mondiale doivent passer la main. Leurs manigances et leurs crimes ont assez dur\u00e9, la France doit sortir de leur \u00e9treinte mortelle. Ils propagent la vermine partout ou ils passent, ils s\u00e8ment mort d\u00e9solation appauvrissement\u2026. Citoyens Fran\u00e7ais, ne rien dire, ne rien faire vous rend coupable car complice d\u2019une oligarchie occidentale d\u00e9prav\u00e9, corrompu, perverse, mafieuse.<\/span><\/span><\/span><\/p>\n<p style=\"text-align: justify;\" align=\"left\"><span style=\"font-family: Comic Sans MS, cursive;\"><span style=\"font-size: medium;\"><span style=\"color: #000000;\">Ne croyez pas qu\u2019une \u00e9lection vous aidera en quoi que ce soit, car il n\u2019y a pas de d\u00e9l\u00e9gation \u00e0 votre responsabilit\u00e9 propre. Depuis des ann\u00e9es vous avez laiss\u00e9 faire et tout \u00e0 pourrit, il faudra en payer le prix.<\/span><\/span><\/span><\/p>\n<p style=\"text-align: justify;\" align=\"left\"><span style=\"font-family: Comic Sans MS, cursive;\"><span style=\"font-size: medium;\"><span style=\"color: #000000;\">La seule solution est la reprise en main de notre destin citoyen par le citoyen lui m\u00eame. Pour reprendre la parole et la d\u00e9cision il faut se r\u00e9unir dans les Assembl\u00e9es Citoyennes locales.<\/span><\/span><\/span><\/p>\n<p style=\"text-align: justify;\" align=\"left\"><span style=\"font-family: Comic Sans MS, cursive;\"><span style=\"font-size: medium;\"><span style=\"color: #000000;\">L\u2019assembl\u00e9e est votre avenir soyez attentif pour notre salut !<\/span><\/span><\/span><\/p>\n<p style=\"text-align: justify;\" align=\"left\"><span style=\"font-family: Comic Sans MS, cursive;\"><span style=\"font-size: medium;\"><span style=\"color: #000000;\">Comme pour tout la r\u00e9cup\u00e9ration est possible, donc prudence, l\u2019Assembl\u00e9e Citoyenne est libre locale et ind\u00e9pendante de tout mouvement, ce sont les citoyens qui s\u2019organisent \u00e0 l\u2019\u00e9chelle locale en \u00ab guilde d\u2019action territoriale \u00bb, si les citoyens s\u2019organisent pour leur vie de tous les jours ils seront capable de faire plier toute les institutions corrompues instrumentalis\u00e9es par le nouvel ordre mondiale oligarchique occidental et am\u00e9ricain.<\/span><\/span><\/span><\/p>\n<p style=\"text-align: justify;\" align=\"left\"><span style=\"font-family: Comic Sans MS, cursive;\"><span style=\"font-size: medium;\"><span style=\"color: #000000;\">Il faut faire face au pillage du monde, pour cela il faut bien comprendre d\u2019o\u00f9 vient le vent mauvais et putride qui nous souffle au visage car il faut se prot\u00e9ger de ce vent que l\u2019on ressent dans les m\u00e9dias qui nous cachent la v\u00e9rit\u00e9 et la r\u00e9alit\u00e9. Toute propagande est faite pour vous, nous contr\u00f4ler, la \u00ab propaganda \u00bb est une d\u00e9solation, une d\u00e9vastation de l\u2019humanit\u00e9, prot\u00e9gez-vous. Rien ne doit vous d\u00e9tourner de la r\u00e9alit\u00e9 et de la v\u00e9rit\u00e9 les manipulateurs des faits sont des ren\u00e9gats nuisibles \u00e0 <\/span><\/span><\/span><span style=\"font-family: Comic Sans MS, cursive;\"><span style=\"font-size: medium;\"><span style=\"color: #000000;\">votre sant\u00e9 mentale et \u00e0 l\u2019humain. Les probl\u00e8mes sont ignor\u00e9s par les m\u00e9dias occidentaux car ils nient la v\u00e9rit\u00e9 et la r\u00e9alit\u00e9, se faisant ils nient votre existence et votre humanit\u00e9.<\/span><\/span><\/span><\/p>\n<p style=\"text-align: justify;\" align=\"left\"><span style=\"font-family: Comic Sans MS, cursive;\"><span style=\"font-size: medium;\"><span style=\"color: #000000;\">Vous d\u00e9fendre c\u2019est ne pas vous tromper sur ceux qui provoque la mis\u00e8re du monde, se d\u00e9fendre c\u2019est instaurer des guildes au sein des Assembl\u00e9es Citoyennes locales pour ne plus d\u00e9pendre de l\u2019oligarchie et de la technocratie nationale inf\u00e9od\u00e9 au nouvel ordre mondialiste. Dans la situation ou nous nous trouvons il n\u2019y a pas d\u2019institutions propres, m\u00eame les \u00e9lections sont sales. Vous pouvez voter mais cela ne r\u00e9soudra rien, la tricherie a servis le premier tour des \u00e9lection, elle servira le deuxi\u00e8me tour \u00e0 votre insu. La propagande sert \u00e0 vous berner, \u00e0 vous spolier, \u00e0 vous d\u00e9pouiller, vous appuyer sur se syst\u00e8me c\u2019est l\u2019assurance de tomber, si vous tomber vous entra\u00eenez d\u2019autres <\/span><\/span><\/span><span style=\"font-family: Comic Sans MS, cursive;\"><span style=\"font-size: medium;\"><span style=\"color: #000000;\">personnes avec vous.<\/span><\/span><\/span><\/p>\n<p style=\"text-align: justify;\" align=\"left\"><span style=\"font-family: Comic Sans MS, cursive;\"><span style=\"font-size: medium;\"><span style=\"color: #000000;\">Il faut se rapprocher, s\u2019entendre et s\u2019\u00e9couter car il y a un choix \u00e0 faire\u2026. Ce n\u2019est pas moi seul qui le dit et la situation nous le d\u00e9montre, attendre c\u2019est s\u2019enliser plus encore !<\/span><\/span><\/span><\/p>\n<p style=\"text-align: justify;\" align=\"left\"><span style=\"font-family: Comic Sans MS, cursive;\"><span style=\"font-size: medium;\"><span style=\"color: #000000;\">Arr\u00eatez de vous croire sup\u00e9rieur car vous \u00eates au fond du trou !<\/span><\/span><\/span><\/p>\n<p style=\"text-align: center;\" align=\"left\"><span style=\"font-family: Comic Sans MS, cursive;\"><span style=\"font-size: medium;\"><span style=\"color: #000000;\">** **<\/span><\/span><\/span><\/p>\n<p style=\"text-align: center;\" align=\"left\"><span style=\"font-family: Comic Sans MS, cursive;\"><span style=\"font-size: medium;\"><span style=\"color: #000000;\"><i><b>L\u2019Hexagone tourne en rond<\/b><\/i><\/span><\/span><\/span><\/p>\n<p style=\"text-align: justify;\" align=\"left\"><span style=\"font-family: Comic Sans MS, cursive;\"><span style=\"font-size: medium;\"><span style=\"color: #000000;\">Par contraste encore, les Fran\u00e7ais s\u2019appr\u00eatent \u00e0 voir leur pays, non pas rayonner comme il le fit, de l\u2019Angleterre sous Guillaume le Conqu\u00e9rant, jusqu\u2019\u00e0 la Russie de Catherine II. \u00c0 pr\u00e9sent, la France va dispara\u00eetre! Emmanuel Macron a d\u00e9j\u00e0 commenc\u00e9 \u00e0 nier l\u2019existence du pays.<\/span><\/span><\/span><\/p>\n<p style=\"text-align: justify;\" align=\"left\"><span style=\"font-family: Comic Sans MS, cursive;\"><span style=\"font-size: medium;\"><span style=\"color: #000000;\">Sa politique r\u00e9aliste consiste \u00e0 remplacer les ministres \u00e9lus par d\u2019on\u00e9reux conseillers sp\u00e9ciaux. \u00c0 \u00e9radiquer les services sociaux, pay\u00e9s par la population. \u00c0 subventionner les journaux des multimilliardaires, pour influencer le peuple. \u00c0 privatiser les services publics, pay\u00e9s par les contribuables. \u00c0 l\u00e9galiser les \u00e9vasions fiscales, diminuer les imp\u00f4ts des entreprises priv\u00e9es. \u00c0 restreindre l\u2019aide au logement, l\u2019appui aux \u00e9tudiants, l\u2019assurance ch\u00f4mage, les pensions de retraites.<\/span><\/span><\/span><\/p>\n<p style=\"text-align: justify;\" align=\"left\"><span style=\"font-family: Comic Sans MS, cursive;\"><span style=\"font-size: medium;\"><span style=\"color: #000000;\">Cet expert \u00e0 concr\u00e9tiser des fusions entre multinationales et enrichir les banquiers, est un parfait \u00e9l\u00e8ve de <\/span><span style=\"color: #000000;\"><b>Klaus Schwab<\/b><\/span><span style=\"color: #000000;\">. Les \u00e9mules de ce dictateur financier d\u00e9sirent cr\u00e9er une \u00e9lite supranationale qui pourra outrepasser les fronti\u00e8res, non pas pour fraterniser et amplifier la libert\u00e9 d\u2019action et de mouvements des citoyens, mais d\u00e9pouiller les gens des services pay\u00e9s par eux. Les accords de libre-\u00e9change font perdre leurs pouvoirs aux \u00c9tats, amenuisent les droits des travailleurs, saccagent<\/span><\/span><\/span><\/p>\n<p style=\"text-align: justify;\" align=\"left\"><span style=\"font-family: Comic Sans MS, cursive;\"><span style=\"font-size: medium;\"><span style=\"color: #000000;\">l\u2019environnement. D\u00e8s qu\u2019une maison de retraite ou une clinique se privatise, on n\u2019ajoute aucun service, on n\u2019am\u00e9liore rien, on exige plus de profits, en cong\u00e9diant des employ\u00e9s. <\/span><span style=\"color: #000000;\"><b>Emmanuel Macron <\/b><\/span><span style=\"color: #000000;\">n\u2019est pas au service des citoyens, mais du Forum \u00c9conomique Mondial. Toujours l\u2019aust\u00e9rit\u00e9 pour les classes moyenne et pauvre, et les collusions avantageuses pour les magnats.<\/span><\/span><\/span><\/p>\n<p style=\"text-align: justify;\" align=\"left\"><span style=\"font-family: Comic Sans MS, cursive;\"><span style=\"font-size: medium;\"><span style=\"color: #000000;\">Apr\u00e8s cinq ans de ce d\u00e9sastre financier, les Fran\u00e7ais s\u2019appr\u00eatent \u00e0 compl\u00e9ter cette entreprise de n\u00e9gation d\u2019une nation. Au lieu d\u2019entonner avec Jean Ferrat la chanson \u00ab Ma France \u00bb, ils marmonneront celle de L\u00e9o Ferr\u00e9 : \u00ab <\/span><span style=\"color: #000000;\"><i>Ils ont vot\u00e9 et c\u2019est tant pis <\/i><\/span><span style=\"color: #000000;\">\u00bb.<\/span><\/span><\/span><\/p>\n<p style=\"text-align: justify;\"><span style=\"font-family: Comic Sans MS, cursive;\"><span style=\"font-size: medium;\"><span style=\"color: #000000;\"><b>Maryse Laurence Lewis<\/b><\/span><\/span><\/span><\/p>\n","protected":false},"excerpt":{"rendered":"<p>Le lien entre la France et le monde<\/p>\n","protected":false},"author":2,"featured_media":0,"comment_status":"closed","ping_status":"closed","sticky":false,"template":"","format":"standard","meta":{"footnotes":""},"categories":[1],"tags":[],"class_list":["post-11138","post","type-post","status-publish","format-standard","hentry","category-non-classe"],"_links":{"self":[{"href":"https:\/\/www.quieryavenir.fr\/blog\/wp-json\/wp\/v2\/posts\/11138","targetHints":{"allow":["GET"]}}],"collection":[{"href":"https:\/\/www.quieryavenir.fr\/blog\/wp-json\/wp\/v2\/posts"}],"about":[{"href":"https:\/\/www.quieryavenir.fr\/blog\/wp-json\/wp\/v2\/types\/post"}],"author":[{"embeddable":true,"href":"https:\/\/www.quieryavenir.fr\/blog\/wp-json\/wp\/v2\/users\/2"}],"replies":[{"embeddable":true,"href":"https:\/\/www.quieryavenir.fr\/blog\/wp-json\/wp\/v2\/comments?post=11138"}],"version-history":[{"count":1,"href":"https:\/\/www.quieryavenir.fr\/blog\/wp-json\/wp\/v2\/posts\/11138\/revisions"}],"predecessor-version":[{"id":11139,"href":"https:\/\/www.quieryavenir.fr\/blog\/wp-json\/wp\/v2\/posts\/11138\/revisions\/11139"}],"wp:attachment":[{"href":"https:\/\/www.quieryavenir.fr\/blog\/wp-json\/wp\/v2\/media?parent=11138"}],"wp:term":[{"taxonomy":"category","embeddable":true,"href":"https:\/\/www.quieryavenir.fr\/blog\/wp-json\/wp\/v2\/categories?post=11138"},{"taxonomy":"post_tag","embeddable":true,"href":"https:\/\/www.quieryavenir.fr\/blog\/wp-json\/wp\/v2\/tags?post=11138"}],"curies":[{"name":"wp","href":"https:\/\/api.w.org\/{rel}","templated":true}]}}