{"id":11140,"date":"2022-05-04T02:51:55","date_gmt":"2022-05-04T00:51:55","guid":{"rendered":"https:\/\/www.quieryavenir.fr\/blog\/?p=11140"},"modified":"2022-05-01T08:54:23","modified_gmt":"2022-05-01T06:54:23","slug":"le-nucleaire-nest-pas-bon-pour-le-climat","status":"publish","type":"post","link":"https:\/\/www.quieryavenir.fr\/blog\/2022\/05\/04\/le-nucleaire-nest-pas-bon-pour-le-climat\/","title":{"rendered":"Le nucl\u00e9aire n\u2019est pas bon pour le climat"},"content":{"rendered":"<h1 class=\"western\" style=\"text-align: justify;\"><span style=\"font-family: Comic Sans MS, cursive;\"><span style=\"font-size: medium;\"><img loading=\"lazy\" decoding=\"async\" class=\"wp-image-11131 aligncenter\" src=\"https:\/\/www.quieryavenir.fr\/blog\/wp-content\/uploads\/2022\/05\/Melenchon-220426-271x300.jpg\" alt=\"\" width=\"382\" height=\"423\" srcset=\"https:\/\/www.quieryavenir.fr\/blog\/wp-content\/uploads\/2022\/05\/Melenchon-220426-271x300.jpg 271w, https:\/\/www.quieryavenir.fr\/blog\/wp-content\/uploads\/2022\/05\/Melenchon-220426.jpg 500w\" sizes=\"auto, (max-width: 382px) 100vw, 382px\" \/><\/span><\/span><\/h1>\n<h2 style=\"text-align: justify;\"><span style=\"font-family: Comic Sans MS, cursive;\"><span style=\"font-size: medium;\"><b>Un accident nucl\u00e9aire peut-il se produire en France\u00a0?<\/b><\/span><\/span><\/h2>\n<p><!--more--><\/p>\n<p><strong>L\u2019enqu\u00eate de Reporterre en cinq parties :<\/strong><\/p>\n<ul>\n<li>1\/5\u00a0: <a href=\"https:\/\/m.reporterre.net\/Le-nucleaire-n-est-pas-bon-pour-le-climat\">Le nucl\u00e9aire n\u2019est pas bon pour le climat<\/a><\/li>\n<\/ul>\n<ul>\n<li>2\/5\u00a0: <a href=\"https:\/\/m.reporterre.net\/Nucleaire-l-accident-qui-ne-doit-pas-arriver\">L\u2019accident qui ne doit pas arriver<\/a><\/li>\n<\/ul>\n<ul>\n<li>3\/5\u00a0: <a href=\"https:\/\/m.reporterre.net\/Un-accident-nucleaire-peut-il-se-produire-en-France\">Un accident nucl\u00e9aire peut-il se produire en France\u00a0?<\/a><\/li>\n<\/ul>\n<ul>\n<li>4\/5\u00a0: <a href=\"https:\/\/m.reporterre.net\/Relancer-le-nucleaire-Une-mauvaise-affaire-pour-le-climat\">Relancer le nucl\u00e9aire\u00a0? Une mauvaise affaire pour le climat<\/a><\/li>\n<\/ul>\n<ul>\n<li>5\/5\u00a0: <a href=\"https:\/\/m.reporterre.net\/Nucleaire-ou-sobriete-il-faut-choisir\">Nucl\u00e9aire ou sobri\u00e9t\u00e9, il faut choisir<\/a><\/li>\n<\/ul>\n<p style=\"text-align: center;\">** **<\/p>\n<p style=\"text-align: justify;\"><span style=\"font-family: Comic Sans MS, cursive;\"><span style=\"font-size: medium;\">Port\u00e9s par un puissant lobbying, les pronucl\u00e9aires tentent de s\u00e9duire l\u2019opinion publique. <\/span><\/span><\/p>\n<p style=\"text-align: justify;\"><span style=\"font-family: Comic Sans MS, cursive;\"><span style=\"font-size: medium;\">Alors, le nucl\u00e9aire, bien ou mal\u00a0? \u00c9coutez <a href=\"https:\/\/twitter.com\/LCP\/status\/1443289958496751621?s=20\" target=\"_blank\" rel=\"noopener\">cette journaliste<\/a> du quotidien patronal <\/span><\/span><span style=\"font-family: Comic Sans MS, cursive;\"><span style=\"font-size: medium;\"><i>L\u2019Opinion<\/i><\/span><\/span><span style=\"font-family: Comic Sans MS, cursive;\"><span style=\"font-size: medium;\">\u00a0: <\/span><\/span><span style=\"font-family: Comic Sans MS, cursive;\"><span style=\"font-size: medium;\"><i>\u00ab\u00a0La pr\u00e9tendue impossibilit\u00e9 de d\u00e9manteler les centrales, la pr\u00e9tendue incapacit\u00e9 \u00e0 traiter les d\u00e9chets, rel\u00e8vent de la fausse information. Et le nucl\u00e9aire civil, quand on parle de son danger, de ses explosions, a fait dans toute son histoire moins de 1\u00a0000\u00a0victimes\u00a0\u00bb<\/i><\/span><\/span><span style=\"font-family: Comic Sans MS, cursive;\"><span style=\"font-size: medium;\">. D\u2019ailleurs, affirme-t-elle aussi\u00a0: <\/span><\/span><span style=\"font-family: Comic Sans MS, cursive;\"><span style=\"font-size: medium;\"><i>\u00ab\u00a0\u00catre antinucl\u00e9aire, c\u2019est l\u2019\u00e9quivalent climatique d\u2019\u00eatre antivax\u00a0: le refus de la raison\u00a0\u00bb<\/i><\/span><\/span><span style=\"font-family: Comic Sans MS, cursive;\"><span style=\"font-size: medium;\">.<\/span><\/span><\/p>\n<p style=\"text-align: justify;\"><span style=\"font-family: Comic Sans MS, cursive;\"><span style=\"font-size: medium;\">Dans le fil d\u2019une telle argumentation, on comprend qu\u2019il soit permis d\u2019injurier les responsables politiques qui pr\u00e9tendraient sortir du nucl\u00e9aire\u00a0: un nucl\u00e9ariste anonyme r\u00e8gle ainsi son compte \u00e0 Jean-Luc M\u00e9lenchon\u00a0: <\/span><\/span><span style=\"font-family: Comic Sans MS, cursive;\"><span style=\"font-size: medium;\"><i>\u00ab\u00a0Qu\u2019est-ce qu\u2019il est nul\u00a0!\u00a0\u00bb<\/i><\/span><\/span><span style=\"font-family: Comic Sans MS, cursive;\"><span style=\"font-size: medium;\">\u00a0; un autre rench\u00e9rit\u00a0: <\/span><\/span><span style=\"font-family: Comic Sans MS, cursive;\"><span style=\"font-size: medium;\"><i>\u00ab\u00a0S\u00e9rieusement, quel abruti.\u00a0\u00bb<\/i><\/span><\/span><span style=\"font-family: Comic Sans MS, cursive;\"><span style=\"font-size: medium;\"> Et \u00e0 propos d\u2019une com\u00e9dienne qui exprime sa crainte l\u00e9gitime d\u2019un accident nucl\u00e9aire, les <\/span><\/span><span style=\"font-family: Comic Sans MS, cursive;\"><span style=\"font-size: medium;\"><i>\u00ab\u00a0quelle conne\u00a0\u00bb<\/i><\/span><\/span><span style=\"font-family: Comic Sans MS, cursive;\"><span style=\"font-size: medium;\"> fusent <a href=\"https:\/\/twitter.com\/audreyvernon3\/status\/1506246809131360260?s=20&amp;t=LA9h1LXbInZ3r8kuyowATw\" target=\"_blank\" rel=\"noopener\">de la part des trolls nucl\u00e9aristes<\/a>.<\/span><\/span><\/p>\n<h3 class=\"western\" style=\"text-align: justify;\"><span style=\"font-family: Comic Sans MS, cursive;\"><span style=\"font-size: medium;\">Un patient travail de lobbying<\/span><\/span><\/h3>\n<p style=\"text-align: justify;\"><span style=\"font-family: Comic Sans MS, cursive;\"><span style=\"font-size: medium;\">Ces personnages ne se permettraient pas de telles saillies si un patient travail de lobbying n\u2019avait pr\u00e9par\u00e9 l\u2019opinion, depuis des ann\u00e9es, \u00e0 croire des sornettes.<\/span><\/span><\/p>\n<p style=\"text-align: justify;\"><span style=\"font-family: Comic Sans MS, cursive;\"><span style=\"font-size: medium;\">Comme le disait l\u2019ancien ministre de la Transition \u00e9cologique Fran\u00e7ois de Rugy, EDF est un des <a href=\"https:\/\/reporterre.net\/Les-trois-lobbies-selon-Francois-de-Rugy-EDF-l-automobile-la-chasse-Interview\">trois lobbies<\/a> auquel il a \u00e9t\u00e9 confront\u00e9, avec ceux de l\u2019automobile et de la chasse. Le Premier ministre \u00c9douard Philippe \u00e9tait un <a href=\"https:\/\/reporterre.net\/Le-Premier-ministre-Edouard-Philippe-vient-d-Areva-et-n-a-pas-la-fibre-ecolo\">ancien directeur d\u2019Areva<\/a>, un des pivots fran\u00e7ais de la fili\u00e8re nucl\u00e9aire (devenue Orano apr\u00e8s sa quasi-faillite).<\/span><\/span><\/p>\n<dl>\n<dt><span style=\"font-family: Comic Sans MS, cursive;\"><span style=\"font-size: medium;\">\u00c0 Bruxelles, le lobby nucl\u00e9aire, au sein duquel les Fran\u00e7ais sont les plus actifs, comptait en 2021 vingt-sept organisations employant 119 personnes et d\u00e9pensant <a href=\"https:\/\/reclaimfinance.org\/site\/2021\/07\/22\/la-science-abandonnee-comment-les-lobbies-du-gaz-et-du-nucleaire-gagnent-la-bataille-de-la-taxonomie\/\" target=\"_blank\" rel=\"noopener\">7,9\u00a0millions d\u2019euros par an<\/a> pour peser sur les choix europ\u00e9ens. Mais, \u00e0 vrai dire, c\u2019est toute la classe dirigeante fran\u00e7aise qui constitue le lobby nucl\u00e9ariste, tant par les \u00e9coles d\u2019\u00e9lite Polytechnique et Mines, qui ont form\u00e9 l\u2019<a href=\"https:\/\/www.nouvelobs.com\/economie\/20211119.OBS51206\/les-x-mines-lobby-du-nucleaire-en-france.html\" target=\"_blank\" rel=\"noopener\">ossature de la fili\u00e8re<\/a> depuis des d\u00e9cennies, que par la majorit\u00e9 actuelle des partis politiques.<\/span><\/span><\/dt>\n<\/dl>\n<p style=\"text-align: justify;\"><span style=\"font-family: Comic Sans MS, cursive;\"><span style=\"font-size: medium;\">L\u2019offensive a \u00e9t\u00e9 relanc\u00e9e vigoureusement depuis quelques ann\u00e9es, avec les moyens de l\u2019\u00e9poque\u00a0: une utilisation <a href=\"https:\/\/reporterre.net\/Comment-le-nucleaire-gagne-la-bataille-des-reseaux-sociaux\">assidue des r\u00e9seaux sociaux<\/a>, des Youtubeurs, voire des grands m\u00e9dias <a href=\"https:\/\/ledrenche.ouest-france.fr\/demain-dans-1000-ans-archeologie\/\" target=\"_blank\" rel=\"noopener\">comme <\/a><\/span><\/span><a href=\"https:\/\/ledrenche.ouest-france.fr\/demain-dans-1000-ans-archeologie\/\" target=\"_blank\" rel=\"noopener\"><span style=\"font-family: Comic Sans MS, cursive;\"><span style=\"font-size: medium;\"><i>Ouest-France<\/i><\/span><\/span><\/a><span style=\"font-family: Comic Sans MS, cursive;\"><span style=\"font-size: medium;\">, pay\u00e9s pour <a href=\"https:\/\/reporterre.net\/L-Andra-utilise-des-youtubeurs-pour-rendre-cool-les-dechets-radioactifs\">vanter la gestion<\/a> des d\u00e9chets nucl\u00e9aires, des chroniqueurs partisans comme Emmanuelle Ducros, ou des personnages pleins d\u2019aplomb comme <a href=\"https:\/\/reporterre.net\/Qui-est-Jean-Marc-Jancovici-L-enquete-de-Reporterre\">Jean-Marc Jancovici<\/a>, \u00e0 la t\u00eate du Shift Project. Tout cela est favoris\u00e9 par l\u2019ignorance fr\u00e9quente des journalistes, comme le reconna\u00eet honn\u00eatement <a href=\"https:\/\/twitter.com\/LaureClosier\/status\/1491733021661278214?s=20&amp;t=9NiGxjhYirg2jm8GOaTy5A\" target=\"_blank\" rel=\"noopener\">une journaliste de BFMTV<\/a>\u00a0: <\/span><\/span><span style=\"font-family: Comic Sans MS, cursive;\"><span style=\"font-size: medium;\"><i>\u00ab\u00a0Je pr\u00e9pare une chronique sur [le] nucl\u00e9aire\/renouvelable pour ce soir\u2026 mon niveau de m\u00e9connaissance est abyssal. Nous (journalistes) avons besoin de formation sur les questions \u00e9nerg\u00e9tiques d\u2019urgence ne serait-ce que pour comprendre les ordres de grandeur.\u00a0\u00bb<\/i><\/span><\/span><\/p>\n<h3 class=\"western\" style=\"text-align: justify;\"><span style=\"font-family: Comic Sans MS, cursive;\"><span style=\"font-size: medium;\">Raisonner et s\u2019informer avant de d\u00e9cider<\/span><\/span><\/h3>\n<p style=\"text-align: justify;\"><span style=\"font-family: Comic Sans MS, cursive;\"><span style=\"font-size: medium;\">Donc, avant d\u2019\u00eatre favorable \u00e0 une relance du nucl\u00e9aire en France, ou \u00e0 d\u2019autres solutions, il faut se lib\u00e9rer de la propagande, et raisonner en s\u2019informant. Reprenons l\u2019affaire \u00e0 la base. Tout part du sophisme que voici\u00a0: <i>\u00ab\u00a0Le nucl\u00e9aire n\u2019\u00e9met pas de gaz carbonique, le gaz carbonique est mauvais pour le climat, donc le nucl\u00e9aire est bon pour le climat.\u00a0\u00bb<\/i> Le raisonnement semble tr\u00e8s convaincant, mais il ne nous apprend en fait pas grand-chose.<\/span><\/span><\/p>\n<p style=\"text-align: justify;\"><span style=\"font-family: Comic Sans MS, cursive;\"><span style=\"font-size: medium;\">Ou pas davantage que deux autres sophismes tout aussi convaincants\u00a0: <i>\u00ab\u00a0Les \u00e9nergies renouvelables n\u2019\u00e9mettent pas de gaz carbonique, le gaz carbonique est mauvais pour le climat, donc les \u00e9nergies renouvelables sont bonnes pour le climat\u00a0\u00bb<\/i>\u00a0; ou\u00a0<i>\u00ab\u00a0\u00c9conomiser l\u2019\u00e9nergie n\u2019\u00e9met pas de gaz carbonique, le gaz carbonique est mauvais pour le climat, donc \u00e9conomiser l\u2019\u00e9nergie est bon pour le climat\u00a0\u00bb<\/i>.<\/span><\/span><\/p>\n<p style=\"text-align: justify;\"><span style=\"font-family: Comic Sans MS, cursive;\"><span style=\"font-size: medium;\">Les trois raisonnements \u00e9tant \u00e9galement pertinents, plusieurs choix se proposent, si l\u2019objectif est d\u2019arr\u00eater d\u2019\u00e9mettre des gaz \u00e0 effet de serre\u00a0: adopter soit l\u2019une des trois voies propos\u00e9es, soit une combinaison des trois ensemble, soit une combinaison de deux voies (nucl\u00e9aire et solaire, nucl\u00e9aire et \u00e9conomies d\u2019\u00e9nergies, \u00e9conomies d\u2019\u00e9nergie et \u00e9nergies renouvelables). Sept choix sont possibles\u00a0!<\/span><\/span><\/p>\n<p style=\"text-align: justify;\"><span style=\"font-family: Comic Sans MS, cursive;\"><span style=\"font-size: medium;\">Donc, pour op\u00e9rer le bon, il faut analyser comment les solutions propos\u00e9es r\u00e9pondent \u00e0 des crit\u00e8res autres que l\u2019\u00e9mission de gaz \u00e0 effet de serre, param\u00e8tre pour lequel elles sont \u00e0 \u00e9galit\u00e9. Ces crit\u00e8res vont porter sur la dangerosit\u00e9 \u00e9ventuelle des solutions, sur leur faisabilit\u00e9, sur leur co\u00fbt, sur ce qu\u2019elles impliquent pour la vie quotidienne, sur le type de soci\u00e9t\u00e9 qu\u2019elles impliquent.<\/span><\/span><\/p>\n<p style=\"text-align: center;\"><span style=\"font-family: Comic Sans MS, cursive;\"><span style=\"font-size: medium;\">** **<\/span><\/span><\/p>\n<p style=\"text-align: center;\"><span style=\"font-family: Comic Sans MS, cursive;\"><span style=\"font-size: medium;\"><b>Un accident nucl\u00e9aire peut-il se produire en France\u00a0?<\/b><\/span><\/span><\/p>\n<p style=\"text-align: justify;\"><span style=\"font-family: Comic Sans MS, cursive;\"><span style=\"font-size: medium;\">Comme <\/span><\/span><span style=\"font-family: Comic Sans MS, cursive;\"><span style=\"font-size: medium;\"><i>Reporterre<\/i><\/span><\/span><span style=\"font-family: Comic Sans MS, cursive;\"><span style=\"font-size: medium;\"> l\u2019a analys\u00e9 dans les parties <a href=\"https:\/\/m.reporterre.net\/Le-nucleaire-n-est-pas-bon-pour-le-climat\">1<\/a> et <a href=\"https:\/\/m.reporterre.net\/Nucleaire-l-accident-qui-ne-doit-pas-arriver\">2<\/a> de cette enqu\u00eate, on ne peut pas ignorer la possibilit\u00e9 d\u2019un accident nucl\u00e9aire, en France pas plus qu\u2019ailleurs. Et si les m\u00e9dias et presque tous les politiques glissent sur le sujet, les responsables de la s\u00fbret\u00e9, eux, le prennent tr\u00e8s au s\u00e9rieux, avec une anxi\u00e9t\u00e9 permanente. Bernard Doroszczuk, pr\u00e9sident de l\u2019Autorit\u00e9 de s\u00fbret\u00e9 nucl\u00e9aire (ASN), l\u2019a <a href=\"https:\/\/reporterre.net\/L-ASN-envisage-l-abandon-du-retraitement-des-dechets-nucleaires\">rappel\u00e9 le 19\u00a0janvier dernier<\/a>\u00a0: <\/span><\/span><span style=\"font-family: Comic Sans MS, cursive;\"><span style=\"font-size: medium;\"><i>\u00ab\u00a0Un accident nucl\u00e9aire est toujours possible et ceux qui pr\u00e9tendraient le contraire prennent une grande responsabilit\u00e9. Il faut rester r\u00e9aliste. Un accident nucl\u00e9aire est toujours possible et cela suppose de l\u2019anticipation.\u00a0\u00bb<\/i><\/span><\/span><span style=\"font-family: Comic Sans MS, cursive;\"><span style=\"font-size: medium;\"> Son pr\u00e9d\u00e9cesseur, Pierre-Franck Chevet, l\u2019avait reconnu d\u00e8s 2012\u00a0: <\/span><\/span><span style=\"font-family: Comic Sans MS, cursive;\"><span style=\"font-size: medium;\"><i>\u00ab\u00a0L\u2019accident est possible\u00a0\u00bb<\/i><\/span><\/span><span style=\"font-family: Comic Sans MS, cursive;\"><span style=\"font-size: medium;\">, disait-il \u00e0 l\u2019Assembl\u00e9e nationale. Ce n\u2019est pas une d\u00e9claration en l\u2019air.<\/span><\/span><\/p>\n<p style=\"text-align: justify;\"><span style=\"font-family: Comic Sans MS, cursive;\"><span style=\"font-size: medium;\">Depuis plus d\u2019une dizaine d\u2019ann\u00e9es, avant m\u00eame <a href=\"https:\/\/fr.wikipedia.org\/wiki\/Accident_nucl%C3%A9aire_de_Fukushima\">Fukushima en 2011<\/a>, la pr\u00e9paration \u00e0 l\u2019accident a \u00e9t\u00e9 engag\u00e9e en France\u00a0: le <a href=\"https:\/\/www.asn.fr\/l-asn-informe\/post-accident\/le-codirpa\">Codirpa<\/a> a \u00e9t\u00e9 cr\u00e9\u00e9 en 2005, et d\u00e8s 2007 il produisait des sc\u00e9narios d\u2019accident radiologique majeur. Le travail a \u00e9t\u00e9 amplifi\u00e9 en 2014 avec un <a href=\"https:\/\/reporterre.net\/L-Etat-francais-se-prepare-a-l-accident-nucleaire\">Plan national de r\u00e9ponse<\/a> intitul\u00e9 <\/span><\/span><span style=\"font-family: Comic Sans MS, cursive;\"><span style=\"font-size: medium;\"><i>\u00ab\u00a0Accident nucl\u00e9aire ou radiologique majeur\u00a0\u00bb<\/i><\/span><\/span><span style=\"font-family: Comic Sans MS, cursive;\"><span style=\"font-size: medium;\">. Il existe m\u00eame un <a href=\"https:\/\/post-accident-nucleaire.fr\/\">site officiel pour se pr\u00e9parer<\/a>\u00a0et un <\/span><\/span><span style=\"font-family: Comic Sans MS, cursive;\"><span style=\"font-size: medium;\"><i>\u00ab\u00a0<a href=\"https:\/\/reporterre.net\/Au-milieu-du-chaos-climatique-le-risque-d-un-desastre-atomique\">guide pratique<\/a> pour les habitants d\u2019un territoire contamin\u00e9 par un accident nucl\u00e9aire\u00a0\u00bb<\/i><\/span><\/span><span style=\"font-family: Comic Sans MS, cursive;\"><span style=\"font-size: medium;\">. De la m\u00eame mani\u00e8re qu\u2019une pand\u00e9mie majeure a fini par se produire \u2014 comme l\u2019annon\u00e7aient de longue date les sp\u00e9cialistes des virus\u00a0\u2014, de m\u00eame les accidents nucl\u00e9aires ont une probabilit\u00e9 de r\u00e9currence importante, et sont m\u00eame <\/span><\/span><span style=\"font-family: Comic Sans MS, cursive;\"><span style=\"font-size: medium;\"><i>\u00ab\u00a0in\u00e9vitables\u00a0\u00bb<\/i><\/span><\/span><span style=\"font-family: Comic Sans MS, cursive;\"><span style=\"font-size: medium;\">, selon l\u2019ex-directeur de l\u2019Agence de s\u00fbret\u00e9 nucl\u00e9aire des \u00c9tats-Unis, Gregory Jaczko.<\/span><\/span><\/p>\n<p style=\"text-align: justify;\"><span style=\"font-family: Comic Sans MS, cursive;\"><span style=\"font-size: medium;\">Aussi d\u00e9sagr\u00e9able que cela soit, il faut donc int\u00e9grer l\u2019hypoth\u00e8se de l\u2019accident nucl\u00e9aire dans toutes les r\u00e9flexions visant \u00e0 att\u00e9nuer les \u00e9missions de gaz \u00e0 effet de serre. Et malheureusement, de nombreux faits poussent \u00e0 penser que cette hypoth\u00e8se monte en probabilit\u00e9.<\/span><\/span><\/p>\n<h3 class=\"western\" style=\"text-align: justify;\"><span style=\"font-family: Comic Sans MS, cursive;\"><span style=\"font-size: medium;\">Des points strat\u00e9giques&#8230;<\/span><\/span><\/h3>\n<p style=\"text-align: justify;\"><a name=\"nh6\"><\/a><span style=\"font-family: Comic Sans MS, cursive;\"><span style=\"font-size: medium;\">La guerre en Ukraine, avec <a href=\"https:\/\/reporterre.net\/Nucleaire-en-Ukraine-le-point-sur-les-risques\">les menaces<\/a> sur les centrales de Tchernobyl et de Zaporijia, a rappel\u00e9 la gravit\u00e9 potentielle d\u2019un accident sur une installation nucl\u00e9aire qui surviendrait par une frappe militaire. Notons que des chercheurs avaient r\u00e9fl\u00e9chi \u00e0 cette possibilit\u00e9 d\u00e8s 1980, <a href=\"https:\/\/www.lemonde.fr\/idees\/article\/2011\/04\/29\/le-nucleaire-civil-impliquerait-des-risques-tres-accrus-en-temps-de-guerre_1514292_3232.html\">en 2011<\/a>, et en f\u00e9vrier dernier, avant l\u2019invasion russe\u00a0[<a href=\"https:\/\/m.reporterre.net\/Un-accident-nucleaire-peut-il-se-produire-en-France#nb6\">6<\/a>]. Les centrales nucl\u00e9aires \u2014 leurs \u00e9quipements \u00e9lectriques auxiliaires \u00e9tant les parties les plus vuln\u00e9rables \u2014 sont des <a href=\"https:\/\/reporterre.net\/Nucleaire-en-Ukraine-le-point-sur-les-risques\">cibles possibles<\/a>, ou des moyens de faire pression sur l\u2019adversaire.<\/span><\/span><\/p>\n<dl>\n<dt><\/dt>\n<\/dl>\n<p style=\"text-align: justify;\"><span style=\"font-family: Comic Sans MS, cursive;\"><span style=\"font-size: medium;\">Cette pr\u00e9occupation peut bien s\u00fbr aussi concerner la France. Apr\u00e8s les attentats du 11\u00a0septembre 2001, on s\u2019\u00e9tait rendu compte que les sites nucl\u00e9aires pouvaient \u00eatre vis\u00e9s. En France, l\u2019usine de La Hague (Manche), qui concentre une des plus grandes quantit\u00e9s de radioactivit\u00e9 au monde dans des <\/span><\/span><span style=\"font-family: Comic Sans MS, cursive;\"><span style=\"font-size: medium;\"><i>\u00ab\u00a0piscines\u00a0\u00bb<\/i><\/span><\/span><span style=\"font-family: Comic Sans MS, cursive;\"><span style=\"font-size: medium;\"> mal prot\u00e9g\u00e9es, pourrait \u00eatre un objectif strat\u00e9gique. Et pendant plusieurs mois, en 2002, des missiles sol-air Crotale avaient \u00e9t\u00e9 <a href=\"https:\/\/www.lalibre.be\/international\/2001\/10\/19\/des-missiles-pour-proteger-la-hague-KD2C7YEXSRCNTPMN3QSLNJFRHE\/\">install\u00e9s \u00e0 proximit\u00e9 de l\u2019usine<\/a>. Il \u00e9tait aussi apparu \u00e0 l\u2019\u00e9poque que la majorit\u00e9 des r\u00e9acteurs nucl\u00e9aires ne peuvent pas r\u00e9sister \u00e0 la chute d\u2019un avion de ligne.<\/span><\/span><\/p>\n<p style=\"text-align: justify;\"><span style=\"font-family: Comic Sans MS, cursive;\"><span style=\"font-size: medium;\">D\u2019autres \u00e9v\u00e9nements moins spectaculaires pourraient aussi survenir, comme des sabotages\u00a0: en 2014, la centrale de Doel en Belgique avait ainsi \u00e9t\u00e9 arr\u00eat\u00e9e plusieurs mois \u00e0 la suite d\u2019un <a href=\"https:\/\/afcn.fgov.be\/fr\/dossiers\/centrales-nucleaires-en-belgique\/actualite\/sabotage-de-la-turbine-vapeur-de-doel-4\">sabotage dans la turbine \u00e0 vapeur<\/a> \u2014 les criminels n\u2019ont <a href=\"https:\/\/www.lecho.be\/entreprises\/energie\/l-enquete-sur-le-sabotage-de-la-centrale-nucleaire-doel-4-cloturee-sans-inculpe\/10325595.html\">jamais \u00e9t\u00e9 retrouv\u00e9s<\/a>. Les cyberattaques sont une autre source d\u2019inqui\u00e9tude pour les responsables de la s\u00e9curit\u00e9 nucl\u00e9aire \u2014 des attaques op\u00e9r\u00e9es en 2017 contre des compagnies nucl\u00e9aires aux \u00c9tats-Unis\u00a0\u2014, tout comme l\u2019efficacit\u00e9 croissante des drones.<\/span><\/span><\/p>\n<p style=\"text-align: justify;\"><span style=\"font-family: Comic Sans MS, cursive;\"><span style=\"font-size: medium;\">&#8230; vuln\u00e9rables au changement climatique<\/span><\/span><\/p>\n<p style=\"text-align: justify;\"><span style=\"font-family: Comic Sans MS, cursive;\"><span style=\"font-size: medium;\">En fait, la production d\u2019\u00e9lectricit\u00e9 nucl\u00e9aire est un syst\u00e8me tr\u00e8s centralis\u00e9\u00a0: les r\u00e9acteurs nucl\u00e9aires sont des machines extr\u00eamement puissantes et peu nombreuses. Ils pr\u00e9sentent donc une plus grande vuln\u00e9rabilit\u00e9 qu\u2019un appareil de production constitu\u00e9 d\u2019une myriade de petites unit\u00e9s diss\u00e9min\u00e9es sur le territoire, telles que les \u00e9nergies renouvelables. Viser les centrales nucl\u00e9aires \u2014 ou des installations recelant des quantit\u00e9s \u00e9normes de produits radioactifs comme les piscines de combustibles us\u00e9s ou de d\u00e9chets \u2014 pourrait donc avoir un effet d\u00e9stabilisateur majeur sur un pays, entra\u00eenant des dizaines de milliers de personnes sur les routes, et un territoire contamin\u00e9 pour des d\u00e9cennies.<\/span><\/span><\/p>\n<p style=\"text-align: justify;\"><span style=\"font-family: Comic Sans MS, cursive;\"><span style=\"font-size: medium;\">Or le changement climatique risque fort d\u2019accro\u00eetre les tensions internationales, surtout si les pays ne font pas le <a href=\"https:\/\/reporterre.net\/Sobriete-energetique-la-solution-oubliee-l-enquete-de-Reporterre\">choix de la sobri\u00e9t\u00e9<\/a>, mais veulent maintenir une \u00e9conomie de croissance\u00a0: il faut dans ce cas se situer dans <\/span><\/span><span style=\"font-family: Comic Sans MS, cursive;\"><span style=\"font-size: medium;\"><i>\u00ab\u00a0une perspective o\u00f9 la rar\u00e9faction acc\u00e9l\u00e9r\u00e9e des ressources n\u00e9cessaires aux soci\u00e9t\u00e9s industrielles (p\u00e9trole, gaz, minerais&#8230;) viendrait \u00e0 raidir les relations internationales\u00a0\u00bb<\/i><\/span><\/span><span style=\"font-family: Comic Sans MS, cursive;\"><span style=\"font-size: medium;\">, <a href=\"https:\/\/www.lemonde.fr\/idees\/article\/2011\/04\/29\/le-nucleaire-civil-impliquerait-des-risques-tres-accrus-en-temps-de-guerre_1514292_3232.html\">observait le sociologue Pierre Jacquiot<\/a>.<\/span><\/span><\/p>\n<p style=\"text-align: justify;\"><span style=\"font-family: Comic Sans MS, cursive;\"><span style=\"font-size: medium;\">En fait, l\u2019atome suppose la paix et une soci\u00e9t\u00e9 tr\u00e8s stable. <i>\u00ab\u00a0Construire une centrale<\/i>, observent les jeunes chercheurs B\u00e9reng\u00e8re Bossard et Aur\u00e9lien Gabriel Cohen, <i>c\u2019est faire le pari que rien de grave n\u2019arrivera \u00e0 cet endroit pendant au moins des d\u00e9cennies.\u00a0\u00bb<\/i> Un pari que le changement climatique rend hasardeux, voire irresponsable.<\/span><\/span><\/p>\n<blockquote><p><span style=\"font-family: Comic Sans MS, cursive;\"><span style=\"font-size: medium;\">Les s\u00e9ismes constituent une source latente d\u2019inqui\u00e9tude<\/span><\/span><\/p><\/blockquote>\n<p style=\"text-align: justify;\"><span style=\"font-family: Comic Sans MS, cursive;\"><span style=\"font-size: medium;\">Bien d\u2019autres \u00e9v\u00e9nements inattendus que la guerre et le terrorisme pourraient bouleverser le paysage nucl\u00e9aire. Les s\u00e9ismes constituent une source latente d\u2019inqui\u00e9tude, comme l\u2019a rappel\u00e9 le tremblement de terre du 11\u00a0novembre 2019, avec une magnitude de 5,4 qui a conduit \u00e0 <a href=\"https:\/\/m.reporterre.net\/Apres-un-seisme-de-magnitude-5-4-la-centrale-nucleaire-de-Cruas-a-l-arret\">l\u2019arr\u00eat de la centrale de Cruas<\/a> (Ard\u00e8che). En 2012, un s\u00e9isme s\u2019\u00e9tait aussi produit <a href=\"https:\/\/m.reporterre.net\/Un-seisme-s-est-produit-a-trente-km-du-centre-nucleaire-de-Cadarache\">pr\u00e8s du centre nucl\u00e9aire de Cadarache<\/a> (Bouches-du-Rh\u00f4ne). Les scientifiques pr\u00e9sagent <a href=\"https:\/\/m.reporterre.net\/Les-seismes-seront-de-plus-en-plus-frequents-en-Europe\">une plus grande fr\u00e9quence des s\u00e9ismes en Europe<\/a>.<\/span><\/span><\/p>\n<p style=\"text-align: justify;\"><span style=\"font-family: Comic Sans MS, cursive;\"><span style=\"font-size: medium;\">Un autre sc\u00e9nario, bien connu des sp\u00e9cialistes, d\u00e9coule de la rupture possible du <a href=\"https:\/\/fr.wikipedia.org\/wiki\/Barrage_de_Vouglans\">barrage de Vouglans<\/a>, situ\u00e9 dans le Jura. Ce barrage pr\u00e9sente un d\u00e9faut de conception qui pourrait affaiblir sa stabilit\u00e9. Or plusieurs r\u00e9acteurs nucl\u00e9aires se trouvent en aval de ce barrage, et pourraient \u00eatre atteints par une \u00e9ventuelle vague de submersion, notamment la centrale de Bugey (Ain).<\/span><\/span><\/p>\n<dl>\n<dt><span style=\"font-family: Comic Sans MS, cursive;\"><span style=\"font-size: medium;\">Les centrales nucl\u00e9aires sont aussi de plus en plus vuln\u00e9rables au r\u00e9chauffement climatique, qui devrait affecter leurs ressources en eau ou les soumettre \u00e0 des \u00e9v\u00e9nements extr\u00eames. Ce qui arrive d\u00e9j\u00e0 fr\u00e9quemment en \u00e9t\u00e9 \u2014 et qui n\u2019implique pas de possibilit\u00e9 d\u2019accident \u2014 est le r\u00e9chauffement des eaux des rivi\u00e8res dont ont besoin les centrales ou m\u00eame l\u2019insuffisance d\u2019eau\u00a0: <a href=\"https:\/\/m.reporterre.net\/L-acces-a-l-eau-un-enjeu-crucial-pour-le-nucleaire\">cela contraint les r\u00e9acteurs \u00e0 s\u2019arr\u00eater<\/a>. Mais des inondations, des <a href=\"https:\/\/reporterre.net\/Partout-dans-le-monde-les-vagues-vont-deferler-sur-les-littoraux\">submersions marines<\/a> et des temp\u00eates pourraient aussi se multiplier et devenir plus puissantes. La centrale du Blayais, en Gironde, a d\u00e9j\u00e0 <a href=\"https:\/\/fr.wikipedia.org\/wiki\/Inondation_de_la_centrale_nucl%C3%A9aire_du_Blayais_en_1999\">exp\u00e9riment\u00e9 une submersion partielle<\/a> en 1999, qui a forc\u00e9 l\u2019arr\u00eat des r\u00e9acteurs. Aux \u00c9tats-Unis comme en Chine, des ouragans et typhons sont pass\u00e9s pr\u00e8s des r\u00e9acteurs de Brunswick et de Taishan en 2018.<\/span><\/span><\/dt>\n<\/dl>\n<p style=\"text-align: justify;\"><span style=\"font-family: Comic Sans MS, cursive;\"><span style=\"font-size: medium;\">La gravit\u00e9 potentielle des effets du changement climatique explique que l\u2019Autorit\u00e9 am\u00e9ricaine de s\u00fbret\u00e9 nucl\u00e9aire, la NRC, ait annul\u00e9 en f\u00e9vrier dernier une pr\u00e9c\u00e9dente autorisation d\u2019allongement du fonctionnement des r\u00e9acteurs am\u00e9ricains\u00a0: les propri\u00e9taires de centrales sont pri\u00e9s de <a href=\"https:\/\/beyondnuclear.org\/nrc-rescinds-reactor-license-extensions\/\">documenter pr\u00e9cis\u00e9ment<\/a> les impacts potentiels de la crise climatique, comme l\u2019augmentation du niveau des mers.<\/span><\/span><\/p>\n<p style=\"text-align: justify;\"><span style=\"font-family: Comic Sans MS, cursive;\"><span style=\"font-size: medium;\">Un risque plus subtil s\u2019annonce aussi \u00e0 l\u2019horizon d\u2019un pays qui voudrait maintenir un important parc nucl\u00e9aire\u00a0: si le changement climatique et la catastrophe \u00e9cologique s\u2019approfondissent, l\u2019\u00e9conomie mondiale se trouvera de plus en plus en difficult\u00e9. La tension sur toutes les d\u00e9penses sera croissante, et la pression pour all\u00e9ger le maintien de la s\u00e9curit\u00e9 nucl\u00e9aire de plus en plus lourde. Comment assurer la s\u00e9curit\u00e9 des centrales nucl\u00e9aires \u2014 qui suppose un effort financier important \u2014 dans un pays appauvri\u00a0?<\/span><\/span><\/p>\n<h3 class=\"western\" style=\"text-align: justify;\"><span style=\"font-family: Comic Sans MS, cursive;\"><span style=\"font-size: medium;\">Les r\u00e9acteurs fran\u00e7ais vieux et fragiles<\/span><\/span><\/h3>\n<p style=\"text-align: justify;\"><span style=\"font-family: Comic Sans MS, cursive;\"><span style=\"font-size: medium;\">S\u2019il faut imp\u00e9rativement imaginer des \u00e9v\u00e9nements extr\u00eames \u00e0 la probabilit\u00e9 faible, mais r\u00e9elle, il est tout aussi n\u00e9cessaire de se rendre compte que la fragilit\u00e9 m\u00eame du parc nucl\u00e9aire fran\u00e7ais est une cause possible d\u2019accidents graves.<\/span><\/span><\/p>\n<p style=\"text-align: justify;\"><span style=\"font-family: Comic Sans MS, cursive;\"><span style=\"font-size: medium;\">Les r\u00e9acteurs construits en s\u00e9rie dans les ann\u00e9es 1970 et 1980 vieillissent, alors qu\u2019ils \u00e9taient con\u00e7us pour fonctionner quarante ans\u00a0: au sein du r\u00e9acteur, notamment, les pi\u00e8ces et mat\u00e9riaux sont soumis \u00e0 un feu continu de neutrons qui amoindrissent peu \u00e0 peu leur capacit\u00e9 d\u2019endurance. Cela requiert donc une vigilance extr\u00eame, alors que la situation <a href=\"https:\/\/reporterre.net\/EDF-s-enfonce-dans-les-difficultes-financieres\">financi\u00e8re d\u00e9sastreuse d\u2019EDF<\/a> et de la fili\u00e8re dans son ensemble pousse \u00e0 rel\u00e2cher les exigences de s\u00fbret\u00e9.<\/span><\/span><\/p>\n<p style=\"text-align: justify;\"><span style=\"font-family: Comic Sans MS, cursive;\"><span style=\"font-size: medium;\">Dix r\u00e9acteurs ont ainsi des cuves qui pr\u00e9sentent des fissures depuis leur fabrication dans l\u2019usine du Creusot. La cuve est l\u2019une des pi\u00e8ces cruciales d\u2019un r\u00e9acteur, une pi\u00e8ce qu\u2019on ne peut pas changer. Elle est en permanence attaqu\u00e9e par le flux neutronique g\u00e9n\u00e9r\u00e9 par la r\u00e9action nucl\u00e9aire, si bien que toute imperfection, telles que des fissures ou une composition impr\u00e9cise de l\u2019acier, risque d\u2019amoindrir sa r\u00e9sistance en cas d\u2019accident.<\/span><\/span><\/p>\n<p style=\"text-align: justify;\"><span style=\"font-family: Comic Sans MS, cursive;\"><span style=\"font-size: medium;\">De fait, <a href=\"https:\/\/www.global-chance.org\/Vieillissement-des-aciers-sous-irradiation\">assure le physicien Thierry de Larochelambert<\/a>, en s\u2019appuyant sur l\u2019\u00e9tat des recherches internationales, <\/span><\/span><span style=\"font-family: Comic Sans MS, cursive;\"><span style=\"font-size: medium;\"><i>\u00ab\u00a0le vieillissement thermique des aciers sous irradiation des cuves, des couvercles, des boulons, des buses et des internes des r\u00e9acteurs nucl\u00e9aires acc\u00e9l\u00e8re rapidement au-del\u00e0 de quarante\u00a0ans pour tous les r\u00e9acteurs de 900\u00a0MW, ce qui risque de compromettre tr\u00e8s fortement leur r\u00e9sistance \u00e0 un \u00e9ventuel choc froid sous pression\u00a0\u00bb<\/i><\/span><\/span><span style=\"font-family: Comic Sans MS, cursive;\"><span style=\"font-size: medium;\">.<\/span><\/span><\/p>\n<p style=\"text-align: justify;\"><span style=\"font-family: Comic Sans MS, cursive;\"><span style=\"font-size: medium;\">EDF compte cependant prolonger la dur\u00e9e de fonctionnement de ses r\u00e9acteurs jusqu\u2019\u00e0 cinquante ans \u2014 avec l\u2019<a href=\"https:\/\/www.asn.fr\/l-asn-informe\/actualites\/la-poursuite-de-fonctionnement-des-reacteurs-de-900-mwe-au-dela-de-40-ans\">accord sous r\u00e9serve de l\u2019ASN<\/a>\u00a0\u2014, voire jusqu\u2019\u00e0 soixante. Mais cette ambition est probl\u00e9matique, notamment du fait de la fragilit\u00e9 des cuves. Par exemple, dans le cas du r\u00e9acteur\u00a01\u00a0de Tricastin, un des plus vieux mais aussi des plus probl\u00e9matiques du parc, l\u2019IRSN a donn\u00e9 un avis favorable avec beaucoup de circonvolutions \u00e0 un <a href=\"https:\/\/www.irsn.fr\/FR\/expertise\/avis\/2021\/Documents\/decembre\/Avis-IRSN-2021-00205.pdf\">fonctionnement jusqu\u2019\u00e0 cinquante ans<\/a>. Mais cet avis est critiqu\u00e9 par les experts de l\u2019association Global Chance, qui s\u2019interrogent sur le comportement de la cuve du r\u00e9acteur. Ils n\u2019ont pas obtenu la communication des statistiques techniques qui leur auraient permis d\u2019affiner leur analyse. La transparence et un d\u00e9bat technique ouvert paraissent pourtant indispensables, vu la gravit\u00e9 de l\u2019enjeu.<\/span><\/span><\/p>\n<blockquote><p><span style=\"font-family: Comic Sans MS, cursive;\"><span style=\"font-size: medium;\">L\u2019ASN a relev\u00e9 114 incidents en 2021<\/span><\/span><\/p><\/blockquote>\n<p style=\"text-align: justify;\"><span style=\"font-family: Comic Sans MS, cursive;\"><span style=\"font-size: medium;\">Le probl\u00e8me n\u2019est pas nouveau\u00a0: en 2018, une commission d\u2019enqu\u00eate parlementaire, dont la rapporteure \u00e9tait Mme\u00a0Pompili, alors d\u00e9put\u00e9e du groupe En marche, <a href=\"https:\/\/reporterre.net\/Le-nucleaire-francais-critique-par-des-parlementaires\">dressait un tableau alarm\u00e9<\/a> de la situation de s\u00fbret\u00e9 du parc nucl\u00e9aire. Il pointait le manque de rigueur dans la construction et l\u2019exploitation des r\u00e9acteurs. En particulier, le recours est de plus en plus fr\u00e9quent au principe d\u2019<\/span><\/span><span style=\"font-family: Comic Sans MS, cursive;\"><span style=\"font-size: medium;\"><i>\u00ab\u00a0exclusion de rupture\u00a0\u00bb<\/i><\/span><\/span><span style=\"font-family: Comic Sans MS, cursive;\"><span style=\"font-size: medium;\">, qui permet de ne pas pr\u00e9voir un certain nombre d\u2019\u00e9quipements et de proc\u00e9dures de secours (par exemple, dans un r\u00e9acteur) au motif que la pi\u00e8ce (par exemple, la cuve) est tellement solide et bien con\u00e7ue qu\u2019il est impossible qu\u2019elle rompe. <\/span><\/span><span style=\"font-family: Comic Sans MS, cursive;\"><span style=\"font-size: medium;\"><i>\u00ab\u00a0Or, il a \u00e9t\u00e9 mis en \u00e9vidence que certaines pi\u00e8ces comme la cuve de l\u2019EPR de Flamanville, pourtant plac\u00e9es sous ce dogme de l\u2019impossibilit\u00e9 de rupture, n\u2019avaient pas \u00e9t\u00e9 usin\u00e9es de mani\u00e8re correcte\u00a0\u00bb<\/i><\/span><\/span><span style=\"font-family: Comic Sans MS, cursive;\"><span style=\"font-size: medium;\">, rappelait le rapport.<\/span><\/span><\/p>\n<p style=\"text-align: justify;\"><span style=\"font-family: Comic Sans MS, cursive;\"><span style=\"font-size: medium;\">Depuis, la situation ne semble pas s\u2019am\u00e9liorer, m\u00eame si <a href=\"https:\/\/www.asn.fr\/l-asn-informe\/actualites\/voeux-a-la-presse-2022-de-l-asn-premiers-constats-concernant-la-surete-des-installations-en-2021\">l\u2019ASN juge<\/a> que <\/span><\/span><span style=\"font-family: Comic Sans MS, cursive;\"><span style=\"font-size: medium;\"><i>\u00ab\u00a0la s\u00fbret\u00e9 des installations nucl\u00e9aires s\u2019est maintenue, dans l\u2019ensemble, \u00e0 un niveau satisfaisant\u00a0\u00bb<\/i><\/span><\/span><span style=\"font-family: Comic Sans MS, cursive;\"><span style=\"font-size: medium;\">. Elle n\u2019en a pas moins relev\u00e9 <a href=\"https:\/\/www.asn.fr\/l-asn-controle\/actualites-du-controle\/installations-nucleaires\/avis-d-incident-des-installations-nucleaires?publication_date_year%5Bfrom%5D=2021&amp;publication_date_year%5Bto%5D=2021\">114\u00a0incidents<\/a> en 2021. Vingt-cinq r\u00e9acteurs (sur cinquante-six) \u00e9taient \u00e0 l\u2019arr\u00eat d\u00e9but avril 2022. En particulier, quatre parmi les plus puissants du parc d\u2019EDF sont d\u00e9branch\u00e9s en raison de corrosion et de fissuration dans les circuits d\u2019injection de s\u00e9curit\u00e9. Ces d\u00e9fauts pourraient emp\u00eacher le syst\u00e8me de sauvetage du c\u0153ur de bien fonctionner en cas d\u2019accident. <\/span><\/span><span style=\"font-family: Comic Sans MS, cursive;\"><span style=\"font-size: medium;\"><i>\u00ab\u00a0La corrosion r\u00e9duit la r\u00e9sistance m\u00e9canique des tuyauteries concern\u00e9es. Celles-ci pourraient alors rompre \u00e0 la suite d\u2019une sollicitation m\u00e9canique (par exemple un s\u00e9isme) ou de l\u2019utilisation du syst\u00e8me d\u2019injection de s\u00e9curit\u00e9\u00a0\u00bb<\/i><\/span><\/span><span style=\"font-family: Comic Sans MS, cursive;\"><span style=\"font-size: medium;\">, <a href=\"https:\/\/reporterre.net\/Corrosion-et-fissures-les-quatre-plus-gros-reacteurs-nucleaires-francais-a-l-arret\">explique l\u2019ASN \u00e0 <\/a><\/span><\/span><a href=\"https:\/\/reporterre.net\/Corrosion-et-fissures-les-quatre-plus-gros-reacteurs-nucleaires-francais-a-l-arret\"><span style=\"font-family: Comic Sans MS, cursive;\"><span style=\"font-size: medium;\"><i>Reporterre<\/i><\/span><\/span><\/a><span style=\"font-family: Comic Sans MS, cursive;\"><span style=\"font-size: medium;\">.<\/span><\/span><\/p>\n<p style=\"text-align: justify;\"><span style=\"font-family: Comic Sans MS, cursive;\"><span style=\"font-size: medium;\">Les tensions affectant les r\u00e9acteurs m\u00e9ritent d\u2019autant plus l\u2019attention que les industriels nucl\u00e9aires peuvent dissimuler des informations cruciales. Durant des ann\u00e9es, l\u2019usine Framatome du Creusot, qui fabrique des pi\u00e8ces indispensables aux r\u00e9acteurs, a ainsi <a href=\"https:\/\/reporterre.net\/2-Derriere-le-fiasco-de-l-EPR-les-errements-du-Creusot-sous-la-responsabilite\">cach\u00e9 d\u00e9lib\u00e9r\u00e9ment des d\u00e9fauts<\/a> de fabrication \u00e0 l\u2019Autorit\u00e9 de s\u00fbret\u00e9. Ces pratiques frauduleuses n\u2019ont pas disparu, puisqu\u2019un cadre de la centrale de Tricastin \u2014 une des <a href=\"https:\/\/reporterre.net\/Enquete-dans-la-centrale-la-plus-dangereuse-de-France\">plus vieilles centrales de France<\/a> \u2014 accuse sa direction de <\/span><\/span><a href=\"https:\/\/reporterre.net\/Un-cadre-de-la-centrale-nucleaire-du-Tricastin-denonce-des-dissimulations-et-minimisations\"><span style=\"font-family: Comic Sans MS, cursive;\"><span style=\"font-size: medium;\"><i>\u00ab\u00a0dissimulations d\u2019incidents de s\u00fbret\u00e9\u00a0\u00bb<\/i><\/span><\/span><\/a><span style=\"font-family: Comic Sans MS, cursive;\"><span style=\"font-size: medium;\">. L\u2019affaire est maintenant devant la justice.<\/span><\/span><\/p>\n<h3 class=\"western\" style=\"text-align: justify;\"><span style=\"font-family: Comic Sans MS, cursive;\"><span style=\"font-size: medium;\">L\u2019EPR, le boulet d\u2019EDF<\/span><\/span><\/h3>\n<p style=\"text-align: justify;\"><span style=\"font-family: Comic Sans MS, cursive;\"><span style=\"font-size: medium;\">Le r\u00e9acteur EPR \u2014 <a href=\"https:\/\/reporterre.net\/Nouveau-retard-et-surcout-de-plusieurs-milliards-d-euros-pour-les-EPR-de\">toujours en construction<\/a> depuis plus de douze ans \u00e0 un co\u00fbt cinq fois sup\u00e9rieur \u00e0 l\u2019estimation initiale \u2014 pr\u00e9sente aussi de nombreux d\u00e9fauts, qui ont \u00e9t\u00e9 corrig\u00e9s au fur et \u00e0 mesure du chantier. Mais dans des conditions discutables. Par exemple, un probl\u00e8me de corrosion sur le couvercle et sur les viroles est apparu sur la cuve. Celle-ci a malgr\u00e9 tout \u00e9t\u00e9 autoris\u00e9e en 2017 par l\u2019ASN, sous condition de changer le couvercle en 2024 \u2014 soit peu de temps apr\u00e8s le <a href=\"https:\/\/reporterre.net\/Le-couvercle-de-l-EPR-est-autorise-pour-sept-ans-malgre-ses-defauts-de-surete\">d\u00e9marrage suppos\u00e9 de ce r\u00e9acteur<\/a>. Comme le remarquent ironiquement les journalistes Thierry Gadault et Hugues Demeude, ce sera\u00a0<\/span><\/span><span style=\"font-family: Comic Sans MS, cursive;\"><span style=\"font-size: medium;\"><i>\u00ab\u00a0le premier r\u00e9acteur au monde qui va d\u00e9marrer avec une cuve dont on sait qu\u2019elle n\u2019est pas standard\u00a0\u00bb<\/i><\/span><\/span><span style=\"font-family: Comic Sans MS, cursive;\"><span style=\"font-size: medium;\">.<\/span><\/span><\/p>\n<p style=\"text-align: justify;\"><span style=\"font-family: Comic Sans MS, cursive;\"><span style=\"font-size: medium;\">Enfin, le caract\u00e8re en partie pilotable du nucl\u00e9aire est une autre cause de fragilisation, alors que les \u00e9nergies renouvelables montent peu \u00e0 peu en ligne. En effet, le nucl\u00e9aire est souvent mis \u00e0 contribution pour compenser les variations du renouvelable, ce qui le conduit \u00e0 une modulation de sa production, alors qu\u2019il est con\u00e7u pour fonctionner <i>\u00ab\u00a0en base\u00a0\u00bb<\/i>, c\u2019est-\u00e0-dire en continu. Cette \u00e9volution est d\u2019autant plus probl\u00e9matique que, du fait du vieillissement des \u00e9quipements, les marges de s\u00fbret\u00e9 diminuent. Les ralentissements ou r\u00e9acc\u00e9l\u00e9rations des r\u00e9acteurs ne leur font pas de bien \u2014 un camion diesel n\u2019est pas fait pour fonctionner comme une voiture de sport.<\/span><\/span><\/p>\n<h3 class=\"western\" style=\"text-align: justify;\"><span style=\"font-family: Comic Sans MS, cursive;\"><span style=\"font-size: medium;\">EDF\u00a0: tr\u00e8s grande entreprise, en tr\u00e8s grande difficult\u00e9<\/span><\/span><\/h3>\n<p style=\"text-align: justify;\"><span style=\"font-family: Comic Sans MS, cursive;\"><span style=\"font-size: medium;\">EDF, la compagnie historique ch\u00e8re au c\u0153ur des Fran\u00e7ais, va mal. \u00c0 vrai dire, c\u2019est le cas depuis des ann\u00e9es, mais dans le syst\u00e8me de pouvoir fran\u00e7ais, les remises en cause sont pour le moins difficiles, et quand les erreurs finissent par produire leurs effets, on consid\u00e8re que l\u2019\u00c9tat est l\u00e0 pour payer les pots cass\u00e9s. Ainsi, l\u2019\u00c9tat \u2014 c\u2019est-\u00e0-dire les contribuables \u2014 a pay\u00e9 <a href=\"https:\/\/www.lesechos.fr\/2017\/07\/letat-lance-la-recapitalisation-qui-va-sauver-areva-176029\">5\u00a0milliards\u00a0d\u2019euros<\/a> en 2017 pour sauver Areva de la faillite, suite \u00e0 la strat\u00e9gie exub\u00e9rante d\u2019Anne Lauvergeon, la pr\u00e9sidente de cette compagnie.<\/span><\/span><\/p>\n<p style=\"text-align: justify;\"><span style=\"font-family: Comic Sans MS, cursive;\"><span style=\"font-size: medium;\">EDF s\u2019est en fait mise en danger depuis les ann\u00e9es 2000, avec une s\u00e9rie de mauvais choix\u00a0: l\u2019entreprise a op\u00e9r\u00e9 des investissements dispendieux \u00e0 l\u2019international (rachat de la compagnie am\u00e9ricaine Constellation Energy, puis de la compagnie anglaise British Energy) et dans l\u2019EPR, sur la base d\u2019une analyse trop optimiste de l\u2019\u00e9volution de la consommation \u00e9lectrique et de sa capacit\u00e9 \u00e0 fabriquer un nouveau r\u00e9acteur apr\u00e8s vingt ans sans exp\u00e9rience (le dernier r\u00e9acteur fran\u00e7ais, Civaux 2, a \u00e9t\u00e9 mis en service en 2002).<\/span><\/span><\/p>\n<p style=\"text-align: justify;\"><span style=\"font-family: Comic Sans MS, cursive;\"><span style=\"font-size: medium;\">L\u2019\u00c9tat intervient ainsi r\u00e9guli\u00e8rement pour soutenir financi\u00e8rement EDF, qui tra\u00eene comme un boulet un endettement de plus de <a href=\"https:\/\/www.edf.fr\/groupe-edf\/espaces-dedies\/journalistes\/tous-les-communiques-de-presse\/resultats-annuels-2021\">40\u00a0milliards\u00a0d\u2019euros<\/a>, un montant plus du double de son r\u00e9sultat annuel d\u2019exploitation. Et comme l\u2019a r\u00e9sum\u00e9 la Cour des comptes en novembre 2021, <\/span><\/span><span style=\"font-family: Comic Sans MS, cursive;\"><span style=\"font-size: medium;\"><i>\u00ab\u00a0EDF ne pourra financer seule la construction de nouveaux r\u00e9acteurs alors qu\u2019elle doit supporter le co\u00fbt de la prolongation du parc actuel et des investissements de s\u00fbret\u00e9 <\/i><\/span><\/span><span style=\"font-family: Comic Sans MS, cursive;\"><span style=\"font-size: medium;\">\u201cpost-Fukushima\u201d<\/span><\/span><span style=\"font-family: Comic Sans MS, cursive;\"><span style=\"font-size: medium;\"><i>, faire face aux co\u00fbts futurs de d\u00e9mant\u00e8lement et \u00e0 l\u2019\u00e9volution incertaine de l\u2019acc\u00e8s r\u00e9gul\u00e9 au nucl\u00e9aire historique en place depuis 2011\u00a0\u00bb<\/i><\/span><\/span><span style=\"font-family: Comic Sans MS, cursive;\"><span style=\"font-size: medium;\">.<\/span><\/span><\/p>\n<p style=\"text-align: justify;\"><span style=\"font-family: Comic Sans MS, cursive;\"><span style=\"font-size: medium;\">Cela n\u2019emp\u00eache pas l\u2019entreprise de continuer \u00e0 faire des choix fond\u00e9s sur des hypoth\u00e8ses optimistes, en repoussant aux ann\u00e9es 2030 la fin des r\u00e9acteurs (ce qui permet de retarder les d\u00e9penses de d\u00e9mant\u00e8lement), en se pr\u00e9parant \u00e0 la construction de nouveaux EPR2 \u00e0 des co\u00fbts qui <\/span><\/span><span style=\"font-family: Comic Sans MS, cursive;\"><span style=\"font-size: medium;\"><i>\u00ab\u00a0ne peuvent \u00eatre totalement stabilis\u00e9s\u00a0\u00bb<\/i><\/span><\/span><span style=\"font-family: Comic Sans MS, cursive;\"><span style=\"font-size: medium;\">, selon les <a href=\"https:\/\/www.ecologie.gouv.fr\/sites\/default\/files\/2022.02.18_Rapport_nucleaire.pdf\">termes m\u00eames du gouvernement<\/a>, tout en faisant l\u2019impasse sur la question des d\u00e9chets, l\u00e0 aussi plus co\u00fbteuse et plus compliqu\u00e9e que pr\u00e9vue. \u00c0 quoi s\u2019ajoute donc le pari que le vieillissement des r\u00e9acteurs pourra se produire sans casse&#8230;<\/span><\/span><\/p>\n<p style=\"text-align: justify;\"><span style=\"font-family: Comic Sans MS, cursive;\"><span style=\"font-size: medium;\">Cette tension croissante sur tous les segments d\u2019activit\u00e9 nucl\u00e9aire fait peser une pression toujours plus lourde sur la s\u00fbret\u00e9, ce qui rend plus cr\u00e9dibles les hypoth\u00e8ses d\u2019accident. <i>\u00ab\u00a0Tant qu\u2019il n\u2019y a pas officiellement eu d\u2019accident, ceux qui disent qu\u2019il n\u2019y en aura pas auront toujours raison<\/i>, observe l\u2019autrice La Parisienne lib\u00e9r\u00e9e. <i>Ceux qui disent qu\u2019il y aura un accident, avec l\u2019espoir de l\u2019emp\u00eacher, n\u2019auront donc par d\u00e9finition raison qu\u2019une fois arriv\u00e9 l\u2019accident, ce qui rendra vaine leur d\u00e9marche.\u00a0\u00bb<\/i><\/span><\/span><\/p>\n<p style=\"text-align: justify;\"><span style=\"font-family: Comic Sans MS, cursive;\"><span style=\"font-size: medium;\">Il n\u2019en est pas moins urgent de tirer l\u2019alarme avec t\u00e9nacit\u00e9. Et d\u2019affirmer que la probabilit\u00e9 d\u2019un accident nucl\u00e9aire, m\u00eame infime, est un param\u00e8tre \u00e0 prendre en compte en priorit\u00e9 dans tout choix \u00e9nerg\u00e9tique, en raison de sa gravit\u00e9 potentielle. Un souci qui ne se pose ni pour le choix des \u00e9conomies d\u2019\u00e9nergies ni pour celui des \u00e9nergies renouvelables, d\u2019autres voies sans danger pour faire face au changement climatique.<\/span><\/span><\/p>\n","protected":false},"excerpt":{"rendered":"<p>Un accident nucl\u00e9aire peut-il se produire en France\u00a0?<\/p>\n","protected":false},"author":2,"featured_media":0,"comment_status":"closed","ping_status":"closed","sticky":false,"template":"","format":"standard","meta":{"footnotes":""},"categories":[1],"tags":[],"class_list":["post-11140","post","type-post","status-publish","format-standard","hentry","category-non-classe"],"_links":{"self":[{"href":"https:\/\/www.quieryavenir.fr\/blog\/wp-json\/wp\/v2\/posts\/11140","targetHints":{"allow":["GET"]}}],"collection":[{"href":"https:\/\/www.quieryavenir.fr\/blog\/wp-json\/wp\/v2\/posts"}],"about":[{"href":"https:\/\/www.quieryavenir.fr\/blog\/wp-json\/wp\/v2\/types\/post"}],"author":[{"embeddable":true,"href":"https:\/\/www.quieryavenir.fr\/blog\/wp-json\/wp\/v2\/users\/2"}],"replies":[{"embeddable":true,"href":"https:\/\/www.quieryavenir.fr\/blog\/wp-json\/wp\/v2\/comments?post=11140"}],"version-history":[{"count":1,"href":"https:\/\/www.quieryavenir.fr\/blog\/wp-json\/wp\/v2\/posts\/11140\/revisions"}],"predecessor-version":[{"id":11141,"href":"https:\/\/www.quieryavenir.fr\/blog\/wp-json\/wp\/v2\/posts\/11140\/revisions\/11141"}],"wp:attachment":[{"href":"https:\/\/www.quieryavenir.fr\/blog\/wp-json\/wp\/v2\/media?parent=11140"}],"wp:term":[{"taxonomy":"category","embeddable":true,"href":"https:\/\/www.quieryavenir.fr\/blog\/wp-json\/wp\/v2\/categories?post=11140"},{"taxonomy":"post_tag","embeddable":true,"href":"https:\/\/www.quieryavenir.fr\/blog\/wp-json\/wp\/v2\/tags?post=11140"}],"curies":[{"name":"wp","href":"https:\/\/api.w.org\/{rel}","templated":true}]}}