{"id":11625,"date":"2022-09-19T02:22:22","date_gmt":"2022-09-19T00:22:22","guid":{"rendered":"https:\/\/www.quieryavenir.fr\/blog\/?p=11625"},"modified":"2022-09-16T07:24:07","modified_gmt":"2022-09-16T05:24:07","slug":"covid-grosse-surprise","status":"publish","type":"post","link":"https:\/\/www.quieryavenir.fr\/blog\/2022\/09\/19\/covid-grosse-surprise\/","title":{"rendered":"Covid\u00a0: grosse surprise"},"content":{"rendered":"<h1 class=\"western\" style=\"text-align: justify;\"><strong><span style=\"font-family: Comic Sans MS, cursive;\"><span style=\"font-size: medium;\">Le plan de la Commission europ\u00e9enne pour l\u2018automne-hiver 2022<\/span><\/span><\/strong><\/h1>\n<p><img loading=\"lazy\" decoding=\"async\" class=\"wp-image-11623 aligncenter\" src=\"https:\/\/www.quieryavenir.fr\/blog\/wp-content\/uploads\/2022\/09\/Eliszabeth-220913-274x300.jpg\" alt=\"\" width=\"388\" height=\"425\" srcset=\"https:\/\/www.quieryavenir.fr\/blog\/wp-content\/uploads\/2022\/09\/Eliszabeth-220913-274x300.jpg 274w, https:\/\/www.quieryavenir.fr\/blog\/wp-content\/uploads\/2022\/09\/Eliszabeth-220913-768x842.jpg 768w, https:\/\/www.quieryavenir.fr\/blog\/wp-content\/uploads\/2022\/09\/Eliszabeth-220913.jpg 861w\" sizes=\"auto, (max-width: 388px) 100vw, 388px\" \/><\/p>\n<p><!--more--><\/p>\n<p style=\"text-align: justify;\"><span style=\"font-family: Comic Sans MS, cursive;\"><span style=\"font-size: medium;\">Comme je suppose que la majorit\u00e9 d\u2019entre vous ne se rend pas spontan\u00e9ment sur le site internet de la Commission Europ\u00e9enne afin de surveiller ce que celle-ci nous pr\u00e9pare pour la prochaine vague de covid, j\u2019y suis all\u00e9 pour vous.<\/span><\/span><\/p>\n<p style=\"text-align: justify;\"><span style=\"font-family: Comic Sans MS, cursive;\"><span style=\"font-size: medium;\">J\u2019y ai trouv\u00e9 la confirmation de dispositifs pr\u00e9vus et pr\u00e9visibles\u2026<\/span><\/span><\/p>\n<p style=\"text-align: justify;\">\u2026 <span style=\"font-family: Comic Sans MS, cursive;\"><span style=\"font-size: medium;\">et j\u2019y ai d\u00e9busqu\u00e9\u00a0<\/span><\/span><span style=\"font-family: Comic Sans MS, cursive;\"><span style=\"font-size: medium;\"><u>une mesure bel et bien programm\u00e9e, mais\u00a0<\/u><\/span><\/span><strong><span style=\"font-family: Comic Sans MS, cursive;\"><span style=\"font-size: medium;\"><u>bien discr\u00e8te<\/u><\/span><\/span><\/strong><span style=\"font-family: Comic Sans MS, cursive;\"><span style=\"font-size: medium;\">. Surtout, lisez-moi bien jusqu\u2019au bout.<\/span><\/span><\/p>\n<p class=\"western\" style=\"text-align: justify;\"><strong><span style=\"font-family: Comic Sans MS, cursive;\"><span style=\"font-size: medium;\">Le plan de bataille pour cet automne-hiver est d\u00e9j\u00e0 pr\u00eat<\/span><\/span><\/strong><\/p>\n<p style=\"text-align: justify;\"><span style=\"font-family: Comic Sans MS, cursive;\"><span style=\"font-size: medium;\">Sur le site officiel de la commission europ\u00e9enne a donc \u00e9t\u00e9 publi\u00e9e, il y a pr\u00e9cis\u00e9ment une semaine, le 2 septembre, la liste des \u00ab\u00a0<\/span><\/span><strong><span style=\"font-family: Comic Sans MS, cursive;\"><span style=\"font-size: medium;\">mesures concr\u00e8tes<\/span><\/span><\/strong><span style=\"font-family: Comic Sans MS, cursive;\"><span style=\"font-size: medium;\">\u00a0\u00bb que les pays de l\u2019UE sont\u00a0<\/span><\/span><em><span style=\"font-family: Comic Sans MS, cursive;\"><span style=\"font-size: medium;\">cens\u00e9s<\/span><\/span><\/em><span style=\"font-family: Comic Sans MS, cursive;\"><span style=\"font-size: medium;\">\u00a0adopter pour faire face \u00e0 la \u00e9ni\u00e8me vague pr\u00e9vue de Covid.<\/span><\/span><\/p>\n<p style=\"text-align: justify;\"><span style=\"font-family: Comic Sans MS, cursive;\"><span style=\"font-size: medium;\">J\u2019\u00e9cris\u00a0<\/span><\/span><em><span style=\"font-family: Comic Sans MS, cursive;\"><span style=\"font-size: medium;\">cens\u00e9s<\/span><\/span><\/em><span style=\"font-family: Comic Sans MS, cursive;\"><span style=\"font-size: medium;\">\u00a0car la Commission europ\u00e9enne n\u2019a pas de pouvoir contraignant \u00e0 ce stade sur les \u00c9tats\u00a0:<\/span><\/span><\/p>\n<p style=\"text-align: justify;\"><span style=\"font-family: Comic Sans MS, cursive;\"><span style=\"font-size: medium;\">\u00ab\u00a0<\/span><\/span><em><span style=\"font-family: Comic Sans MS, cursive;\"><span style=\"font-size: medium;\">La Commission demande instamment aux \u00c9tats membres de mettre en place les strat\u00e9gies et les structures n\u00e9cessaires, y compris pour la vaccination et la surveillance contre la COVID-19, afin de r\u00e9agir rapidement et durablement aux futures \u00e9pid\u00e9mies.\u00a0<\/span><\/span><\/em><em><span style=\"font-family: Comic Sans MS, cursive;\"><span style=\"font-size: medium;\"><u>L&rsquo;objectif principal des actions propos\u00e9es par la Commission est d&rsquo;accro\u00eetre le recours aux vaccins, y compris les vaccins adapt\u00e9s et nouveaux<\/u><\/span><\/span><\/em><em><span style=\"font-family: Comic Sans MS, cursive;\"><span style=\"font-size: medium;\">, et de veiller \u00e0 ce que tous les citoyens soient bien prot\u00e9g\u00e9s<\/span><\/span><\/em><span style=\"font-family: Comic Sans MS, cursive;\"><span style=\"font-size: medium;\">.\u00a0\u00bb<\/span><\/span><\/p>\n<p style=\"text-align: justify;\"><span style=\"font-family: Comic Sans MS, cursive;\"><span style=\"font-size: medium;\">Le communiqu\u00e9, en fran\u00e7ais, est disponible dans le lien en source[1].<\/span><\/span><\/p>\n<p style=\"text-align: justify;\"><span style=\"font-family: Comic Sans MS, cursive;\"><span style=\"font-size: medium;\">Dans ce communiqu\u00e9, les principales mesures \u00e9num\u00e9r\u00e9es\u00a0sont :<\/span><\/span><\/p>\n<ul style=\"text-align: justify;\">\n<li><span style=\"font-family: Comic Sans MS, cursive;\"><span style=\"font-size: medium;\">Mettre l\u2019accent sur la vaccination et les doses de rappel\u00a0pour tous ;<\/span><\/span><\/li>\n<li><span style=\"font-family: Comic Sans MS, cursive;\"><span style=\"font-size: medium;\">Rendre prioritaires pour les doses de rappel les personnes \u00e2g\u00e9es de 60 ans et plus, ainsi que les personnes consid\u00e9r\u00e9es comme plus \u00e0 risque de d\u00e9velopper une maladie grave\u00a0;<\/span><\/span><\/li>\n<li><span style=\"font-family: Comic Sans MS, cursive;\"><span style=\"font-size: medium;\"><u>Combiner les campagnes de vaccination anti-covid et anti-grippe<\/u>;<\/span><\/span><\/li>\n<li><span style=\"font-family: Comic Sans MS, cursive;\"><span style=\"font-size: medium;\">Faire la promotion des \u00ab\u00a0avantages de la vaccination\u00a0\u00bb.<\/span><\/span><\/li>\n<\/ul>\n<p style=\"text-align: justify;\"><span style=\"font-family: Comic Sans MS, cursive;\"><span style=\"font-size: medium;\">Au surplus, le document de la Commission europ\u00e9enne insiste sur\u00a0<\/span><\/span><strong><span style=\"font-family: Comic Sans MS, cursive;\"><span style=\"font-size: medium;\">l\u2019effort de d\u00e9ploiement logistique qui doit \u00eatre men\u00e9 pour assurer la diffusion des nouveaux vaccins r\u00e9cemment approuv\u00e9s\u00a0<\/span><\/span><\/strong><span style=\"font-family: Comic Sans MS, cursive;\"><span style=\"font-size: medium;\">(sans r\u00e9elle \u00e9tude clinique, au passage, ce qui est ahurissant)<\/span><\/span><strong><span style=\"font-family: Comic Sans MS, cursive;\"><span style=\"font-size: medium;\">,\u00a0<\/span><\/span><\/strong><strong><span style=\"font-family: Comic Sans MS, cursive;\"><span style=\"font-size: medium;\"><u>ciblant Omicron<\/u><\/span><\/span><\/strong><span style=\"font-family: Comic Sans MS, cursive;\"><span style=\"font-size: medium;\">.<\/span><\/span><\/p>\n<p style=\"text-align: justify;\"><span style=\"font-family: Comic Sans MS, cursive;\"><span style=\"font-size: medium;\">(Omicron, qui est d\u00e9j\u00e0 un variant en grande partie obsol\u00e8te\u2026 enfin bref\u2026)<\/span><\/span><\/p>\n<p style=\"text-align: justify;\"><span style=\"font-family: Comic Sans MS, cursive;\"><span style=\"font-size: medium;\">Pour le reste, c\u2019est\u00a0<u>la ribambelle des mesures habituelles<\/u>\u00a0: retour des masques faciaux, limitation des rassemblements, etc.<\/span><\/span><\/p>\n<p style=\"text-align: justify;\"><span style=\"font-family: Comic Sans MS, cursive;\"><span style=\"font-size: medium;\">Bref, rien de nouveau sous le soleil en apparence.<\/span><\/span><\/p>\n<p style=\"text-align: justify;\"><span style=\"font-family: Comic Sans MS, cursive;\"><span style=\"font-size: medium;\">Mais en apparence seulement.<\/span><\/span><\/p>\n<p class=\"western\" style=\"text-align: justify;\"><strong><span style=\"font-family: Comic Sans MS, cursive;\"><span style=\"font-size: medium;\">Ces \u00ab\u00a0d\u00e9tails\u00a0\u00bb qui n\u2019apparaissent pas dans le communiqu\u00e9 de presse<\/span><\/span><\/strong><\/p>\n<p style=\"text-align: justify;\"><span style=\"font-family: Comic Sans MS, cursive;\"><span style=\"font-size: medium;\">Le site de la commission europ\u00e9enne laisse la possibilit\u00e9 de t\u00e9l\u00e9charger une version imprimable du d\u00e9tail de ces mesures.<\/span><\/span><\/p>\n<p style=\"text-align: justify;\"><span style=\"font-family: Comic Sans MS, cursive;\"><span style=\"font-size: medium;\">Mais assez \u00e9tonnamment, ce document ne fait\u2026 que deux pages.<\/span><\/span><\/p>\n<p style=\"text-align: justify;\"><span style=\"font-family: Comic Sans MS, cursive;\"><span style=\"font-size: medium;\">Si vous restez sur le mode \u00ab\u00a0fran\u00e7ais\u00a0\u00bb du site, vous ne trouverez pas de documentation plus d\u00e9taill\u00e9e.<\/span><\/span><\/p>\n<p style=\"text-align: justify;\"><span style=\"font-family: Comic Sans MS, cursive;\"><span style=\"font-size: medium;\">Pourtant, ce \u00ab\u00a0document de r\u00e9f\u00e9rence\u00a0\u00bb existe.<\/span><\/span><\/p>\n<p style=\"text-align: justify;\"><span style=\"font-family: Comic Sans MS, cursive;\"><span style=\"font-size: medium;\">Mais voici ce qui se passe quand vous essayez d\u2019y acc\u00e9der\u00a0:<\/span><\/span><\/p>\n<p style=\"text-align: justify;\"><span style=\"font-family: Comic Sans MS, cursive;\"><span style=\"font-size: medium;\">Vous le voyez, il est indiqu\u00e9\u00a0: \u00ab\u00a0ce document n\u2019est pas disponible en fran\u00e7ais\u00a0\u00bb.<\/span><\/span><\/p>\n<p style=\"text-align: justify;\"><span style=\"font-family: Comic Sans MS, cursive;\"><span style=\"font-size: medium;\">En fait, il n\u2019est disponible qu\u2019en anglais, c\u2019est-\u00e0-dire dans la langue du seul pays qui a quitt\u00e9 l\u2019Union Europ\u00e9enne\u2026 et qui n\u2019est donc pas concern\u00e9 par ces mesures.<\/span><\/span><\/p>\n<p style=\"text-align: justify;\"><span style=\"font-family: Comic Sans MS, cursive;\"><span style=\"font-size: medium;\">N\u2019aurait-il pas \u00e9t\u00e9 l\u00e9gitime qu\u2019un document d\u2019une telle importance soit disponible\u00a0<\/span><\/span><em><span style=\"font-family: Comic Sans MS, cursive;\"><span style=\"font-size: medium;\">a minima<\/span><\/span><\/em><span style=\"font-family: Comic Sans MS, cursive;\"><span style=\"font-size: medium;\">\u00a0dans les langues des pays europ\u00e9ens les plus peupl\u00e9s\u00a0: le fran\u00e7ais, l\u2019allemand, l\u2019espagnol, l\u2019italien\u00a0?&#8230;<\/span><\/span><\/p>\n<p style=\"text-align: justify;\"><span style=\"font-family: Comic Sans MS, cursive;\"><span style=\"font-size: medium;\">Mais ouvrons ce fameux document, en anglais, donc. Si vous lisez l\u2019anglais, vous pouvez le faire avec moi en t\u00e9l\u00e9chargeant le document via le lien en source[2].<\/span><\/span><\/p>\n<p style=\"text-align: justify;\"><span style=\"font-family: Comic Sans MS, cursive;\"><span style=\"font-size: medium;\">Il fait 15 pages, bien serr\u00e9es. C\u2019est le genre de document administratif, r\u00e9barbatif \u00e0 lire, et dans lequel les informations importantes sont \u00e9crites en petit.<\/span><\/span><\/p>\n<p style=\"text-align: justify;\"><span style=\"font-family: Comic Sans MS, cursive;\"><span style=\"font-size: medium;\">Toute la strat\u00e9gie de la Commission europ\u00e9enne y est d\u00e9taill\u00e9e, sans complexe.<\/span><\/span><\/p>\n<p style=\"text-align: justify;\"><span style=\"font-family: Comic Sans MS, cursive;\"><span style=\"font-size: medium;\">Tout d\u2019abord, la commission reconna\u00eet noir sur blanc qu\u2019il est\u00a0<u>impossible de pr\u00e9voir quel variant du Covid sera dominant cet automne<\/u>\u00a0(p.2)\u00a0:<\/span><\/span><\/p>\n<p style=\"text-align: justify;\"><span style=\"font-family: Comic Sans MS, cursive;\"><span style=\"font-size: medium;\">\u00c0 quoi donc serviront les nouveaux vaccins approuv\u00e9s la veille de la publication de ce rapport (\u00a0! ) et d\u00e9j\u00e0 pr\u00e9-command\u00e9s dans des proportions gigantesques\u00a0? Myst\u00e8re.<\/span><\/span><\/p>\n<p style=\"text-align: justify;\"><span style=\"font-family: Comic Sans MS, cursive;\"><span style=\"font-size: medium;\">Mais surtout, p.4, la Commission livre une feuille de route orwellienne pour assurer, quoi qu\u2019il arrive, la diffusion de ces nouvelles doses\u00a0:<\/span><\/span><\/p>\n<p style=\"text-align: justify;\"><span style=\"font-family: Comic Sans MS, cursive;\"><span style=\"font-size: medium;\">On apprend dans ce texte que la \u00ab\u00a0promotion\u00a0\u00bb de ces doses suppl\u00e9mentaires et de ces nouveaux vaccins (plus exp\u00e9rimentaux que jamais) passe par\u00a0<\/span><\/span><span style=\"font-family: Comic Sans MS, cursive;\"><span style=\"font-size: medium;\"><u>la mise en confiance de la population et la \u00ab\u00a0chasse \u00e0 la d\u00e9sinformation dans m\u00e9dias mainstream et les r\u00e9seaux sociaux\u00a0\u00bb<\/u><\/span><\/span><span style=\"font-family: Comic Sans MS, cursive;\"><span style=\"font-size: medium;\">\u00a0&#8211; autrement dit, non seulement\u00a0<\/span><\/span><strong><span style=\"font-family: Comic Sans MS, cursive;\"><span style=\"font-size: medium;\">nous aurons toujours le droit aux messages de sant\u00e9 publique effront\u00e9ment mensongers<\/span><\/span><\/strong><span style=\"font-family: Comic Sans MS, cursive;\"><span style=\"font-size: medium;\">\u00a0(\u00ab\u00a0tous vaccin\u00e9s, tous prot\u00e9g\u00e9s\u00a0\u00bb) mais aussi\u00a0<\/span><\/span><span style=\"font-family: Comic Sans MS, cursive;\"><span style=\"font-size: medium;\"><u>\u00e0 la censure et au pseudo \u00ab\u00a0fact-checking\u00a0\u00bb du gouvernement et des gardiens de sa ligne sanitaire<\/u><\/span><\/span><span style=\"font-family: Comic Sans MS, cursive;\"><span style=\"font-size: medium;\">.<\/span><\/span><\/p>\n<p style=\"text-align: justify;\"><span style=\"font-family: Comic Sans MS, cursive;\"><span style=\"font-size: medium;\">Mais le dernier point est le plus surprenant\u00a0:\u00a0<u>il lie explicitement l\u2019h\u00e9sitation vaccinale et les campagnes de d\u00e9sinformation aux \u00ab\u00a0narratifs\u00a0\u00bb anti-occidentaux et anti-UE\u00a0!!! En particulier aux r\u00e9seaux de \u00ab\u00a0d\u00e9sinformation\u00a0\u00bb sur\u2026 la guerre en Ukraine\u00a0!<\/u><\/span><\/span><\/p>\n<p style=\"text-align: justify;\"><span style=\"font-family: Comic Sans MS, cursive;\"><span style=\"font-size: medium;\">Voil\u00e0 un m\u00e9lange des genres qui me para\u00eet surprenant dans un document cens\u00e9 parler de sant\u00e9\u00a0:\u00a0<\/span><\/span><strong><span style=\"font-family: Comic Sans MS, cursive;\"><span style=\"font-size: medium;\">nous ne sommes ici d\u00e9finitivement plus dans le registre des arguments scientifiques, mais de l\u2019id\u00e9ologie et de la propagande<\/span><\/span><\/strong><span style=\"font-family: Comic Sans MS, cursive;\"><span style=\"font-size: medium;\">.<\/span><\/span><\/p>\n<p style=\"text-align: justify;\"><span style=\"font-family: Comic Sans MS, cursive;\"><span style=\"font-size: medium;\">Mais accrochez-vous, ce n\u2019est pas termin\u00e9.<\/span><\/span><\/p>\n<p class=\"western\" style=\"text-align: justify;\"><strong><span style=\"font-family: Comic Sans MS, cursive;\"><span style=\"font-size: medium;\">Les \u00ab\u00a0mesures concr\u00e8tes\u00a0\u00bb vont plus loin\u2026\u00a0<\/span><\/span><em><span style=\"font-family: Comic Sans MS, cursive;\"><span style=\"font-size: medium;\">beaucoup<\/span><\/span><\/em><span style=\"font-family: Comic Sans MS, cursive;\"><span style=\"font-size: medium;\">\u00a0plus loin\u00a0: RETOUR DU PASS\u00a0!!!!<\/span><\/span><\/strong><\/p>\n<p style=\"text-align: justify;\"><span style=\"font-family: Comic Sans MS, cursive;\"><span style=\"font-size: medium;\">Le communiqu\u00e9 par lequel j\u2019ai commenc\u00e9 cette lettre \u00e9voque les \u00ab\u00a0mesures concr\u00e8tes\u00a0\u00bb \u00e0 adopter en cas de vague \u00e9pid\u00e9mique.<\/span><\/span><\/p>\n<p style=\"text-align: justify;\"><span style=\"font-family: Comic Sans MS, cursive;\"><span style=\"font-size: medium;\">Ces mesures sont davantage d\u00e9taill\u00e9es \u00e0 partir de la p.7 du document de r\u00e9f\u00e9rence en anglais\u00a0: y sont list\u00e9s, notamment, le\u00a0<u>recours au t\u00e9l\u00e9travail<\/u>\u00a0mais aussi\u00a0<u>la vaccination des enfants en milieu scolaire<\/u>.<\/span><\/span><\/p>\n<p style=\"text-align: justify;\"><span style=\"font-family: Comic Sans MS, cursive;\"><span style=\"font-size: medium;\">Je rappelle que la vaccination des enfants a provoqu\u00e9 une lev\u00e9e de boucliers de la part de nombreux p\u00e9diatres et m\u00e9decins \u00e0 cause de la\u00a0<u>mauvaise balance b\u00e9n\u00e9fices-risques<\/u>\u00a0de cette d\u00e9marche\u00a0: la recommander sans nuance dans ce document est une folie, tout simplement.<\/span><\/span><\/p>\n<p style=\"text-align: justify;\"><span style=\"font-family: Comic Sans MS, cursive;\"><span style=\"font-size: medium;\">Et puis il y a la bombe, cette information, \u00e0 partir de la p.11\u00a0:<\/span><\/span><\/p>\n<p style=\"text-align: justify;\"><span style=\"font-family: Comic Sans MS, cursive;\"><span style=\"font-size: medium;\">Ces paragraphes nous annoncent tout simplement\u00a0<u>le retour du Pass sanitaire en Europe<\/u>.<\/span><\/span><\/p>\n<p style=\"text-align: justify;\"><span style=\"font-family: Comic Sans MS, cursive;\"><span style=\"font-size: medium;\">Je traduis\u00a0en partie : \u00ab\u00a0<\/span><\/span><em><span style=\"font-family: Comic Sans MS, cursive;\"><span style=\"font-size: medium;\">Les \u00c9tats membres peuvent utiliser le certificat num\u00e9rique COVID de l&rsquo;UE au cas o\u00f9 la situation de cet automne-hiver obligerait les pays \u00e0 r\u00e9introduire temporairement les restrictions de voyage.\u00a0<\/span><\/span><\/em><em><span style=\"font-family: Comic Sans MS, cursive;\"><span style=\"font-size: medium;\"><u>Le r\u00e8glement de l&rsquo;UE sur les certificats num\u00e9riques COVID, qui a \u00e9t\u00e9 prolong\u00e9 jusqu&rsquo;en juin 2023, fournit le cadre n\u00e9cessaire pour g\u00e9rer l&rsquo;impact des restrictions sur la libre circulation et pour faciliter les d\u00e9placements<\/u><\/span><\/span><\/em><span style=\"font-family: Comic Sans MS, cursive;\"><span style=\"font-size: medium;\">.\u00a0\u00bb<\/span><\/span><\/p>\n<p style=\"text-align: justify;\"><span style=\"font-family: Comic Sans MS, cursive;\"><span style=\"font-size: medium;\">Plus bas, le document formule cette perle (je ne m\u2019en suis toujours pas remis)\u00a0: \u00ab\u00a0<\/span><\/span><em><span style=\"font-family: Comic Sans MS, cursive;\"><span style=\"font-size: medium;\">Le certificat num\u00e9rique COVID de l&rsquo;UE a \u00e9t\u00e9 un succ\u00e8s majeur en fournissant au public un outil qui est accept\u00e9 et approuv\u00e9 dans toute l&rsquo;UE (et dans plusieurs pays tiers) et \u00e9vite la fragmentation de plusieurs syst\u00e8mes nationaux<\/span><\/span><\/em><span style=\"font-family: Comic Sans MS, cursive;\"><span style=\"font-size: medium;\">.\u00a0\u00bb<\/span><\/span><\/p>\n<p style=\"text-align: justify;\"><span style=\"font-family: Comic Sans MS, cursive;\"><span style=\"font-size: medium;\">Peu de gens s\u2019\u00e9taient \u00e9mus de la prolongation du cadre du certificat num\u00e9rique Covid europ\u00e9en, il y a quelques semaines.<\/span><\/span><\/p>\n<p style=\"text-align: justify;\"><span style=\"font-family: Comic Sans MS, cursive;\"><span style=\"font-size: medium;\">On voit ici que cette prolongation n\u2019a rien d\u2019une mesure administrative, mais vise bel et bien \u00e0 sa r\u00e9introduction \u00ab\u00a0si les circonstances l\u2019exigent\u00a0\u00bb.<\/span><\/span><\/p>\n<p style=\"text-align: justify;\"><span style=\"font-family: Comic Sans MS, cursive;\"><span style=\"font-size: medium;\">Mais\u2026\u00a0<\/span><\/span><em><span style=\"font-family: Comic Sans MS, cursive;\"><span style=\"font-size: medium;\">qui sera habilit\u00e9 \u00e0 \u00ab\u00a0appr\u00e9cier\u00a0\u00bb ces circonstances\u00a0?<\/span><\/span><\/em><\/p>\n<p style=\"text-align: justify;\"><span style=\"font-family: Comic Sans MS, cursive;\"><span style=\"font-size: medium;\">Le document est aussi flou sur ce point, que redoutablement pr\u00e9cis sur tous les autres.<\/span><\/span><\/p>\n<p style=\"text-align: justify;\"><span style=\"font-family: Comic Sans MS, cursive;\"><span style=\"font-size: medium;\">Je termine toutefois par la seule note positive du rapport \u00e0 mes yeux :\u00a0<\/span><\/span><strong><span style=\"font-family: Comic Sans MS, cursive;\"><span style=\"font-size: medium;\">la prise en compte de la r\u00e9alit\u00e9 du \u00ab\u00a0Covid-long\u00a0\u00bb comme maladie \u00e0 la symptomatologie sp\u00e9cifique, et par cons\u00e9quent n\u00e9cessitant la d\u00e9couverte de traitements adapt\u00e9s, distincts de ceux du covid classique<\/span><\/span><\/strong><span style=\"font-family: Comic Sans MS, cursive;\"><span style=\"font-size: medium;\">.<\/span><\/span><\/p>\n<p style=\"text-align: justify;\"><span style=\"font-family: Comic Sans MS, cursive;\"><span style=\"font-size: medium;\">La Commission affirme financer six programmes de recherches sur le covid long\u00a0; esp\u00e9rons que cela am\u00e9liorera la condition des dizaines de milliers de personnes souffrant aujourd\u2019hui \u00e0 la fois du covid-long et de son absence de prise en charge par la m\u00e9decine classique.<\/span><\/span><\/p>\n<p style=\"text-align: justify;\"><span style=\"font-family: Comic Sans MS, cursive;\"><span style=\"font-size: medium;\">Pour le reste, nous risquons bien d\u2019avoir, au cours des mois \u00e0 venir, \u00e0 p\u00e2tir non pas des politiques \u00e9nerg\u00e9tiques \u00e0 la place des politiques sanitaires, mais bien des deux \u00e0 la fois.<\/span><\/span><\/p>\n<p style=\"text-align: justify;\"><strong><span style=\"font-family: Comic Sans MS, cursive;\"><span style=\"font-size: medium;\">Pour lire l\u2019article complet\u00a0:<\/span><\/span><\/strong><\/p>\n<p style=\"text-align: justify;\"><span style=\"font-family: Comic Sans MS, cursive;\"><span style=\"font-size: medium;\"><a href=\"https:\/\/view.mail1.alternatif-bien-etre.info\/?qs=7fb6e32772803e7ef1c670f6c7b851a21bd2bd49dee73ae08026afbda2024b7e37a40b8de50c577143cd65fc42eca8ba309182656b2258be82a9f0768a64d1abe07e84e394176cc2143dfb2744e56520\">https:\/\/view.mail1.alternatif-bien-etre.info\/?qs=7fb6e32772803e7ef1c670f6c7b851a21bd2bd4<\/a> <\/span><\/span><\/p>\n","protected":false},"excerpt":{"rendered":"<p>Le plan de la Commission europ\u00e9enne pour l\u2018automne-hiver 2022<\/p>\n","protected":false},"author":2,"featured_media":0,"comment_status":"closed","ping_status":"closed","sticky":false,"template":"","format":"standard","meta":{"footnotes":""},"categories":[1],"tags":[],"class_list":["post-11625","post","type-post","status-publish","format-standard","hentry","category-non-classe"],"_links":{"self":[{"href":"https:\/\/www.quieryavenir.fr\/blog\/wp-json\/wp\/v2\/posts\/11625","targetHints":{"allow":["GET"]}}],"collection":[{"href":"https:\/\/www.quieryavenir.fr\/blog\/wp-json\/wp\/v2\/posts"}],"about":[{"href":"https:\/\/www.quieryavenir.fr\/blog\/wp-json\/wp\/v2\/types\/post"}],"author":[{"embeddable":true,"href":"https:\/\/www.quieryavenir.fr\/blog\/wp-json\/wp\/v2\/users\/2"}],"replies":[{"embeddable":true,"href":"https:\/\/www.quieryavenir.fr\/blog\/wp-json\/wp\/v2\/comments?post=11625"}],"version-history":[{"count":1,"href":"https:\/\/www.quieryavenir.fr\/blog\/wp-json\/wp\/v2\/posts\/11625\/revisions"}],"predecessor-version":[{"id":11626,"href":"https:\/\/www.quieryavenir.fr\/blog\/wp-json\/wp\/v2\/posts\/11625\/revisions\/11626"}],"wp:attachment":[{"href":"https:\/\/www.quieryavenir.fr\/blog\/wp-json\/wp\/v2\/media?parent=11625"}],"wp:term":[{"taxonomy":"category","embeddable":true,"href":"https:\/\/www.quieryavenir.fr\/blog\/wp-json\/wp\/v2\/categories?post=11625"},{"taxonomy":"post_tag","embeddable":true,"href":"https:\/\/www.quieryavenir.fr\/blog\/wp-json\/wp\/v2\/tags?post=11625"}],"curies":[{"name":"wp","href":"https:\/\/api.w.org\/{rel}","templated":true}]}}