{"id":11640,"date":"2022-09-21T02:08:51","date_gmt":"2022-09-21T00:08:51","guid":{"rendered":"https:\/\/www.quieryavenir.fr\/blog\/?p=11640"},"modified":"2022-09-17T11:11:25","modified_gmt":"2022-09-17T09:11:25","slug":"le-nucleaire-nest-pas-bon-pour-le-climat-2","status":"publish","type":"post","link":"https:\/\/www.quieryavenir.fr\/blog\/2022\/09\/21\/le-nucleaire-nest-pas-bon-pour-le-climat-2\/","title":{"rendered":"Le nucl\u00e9aire n\u2019est pas bon pour le climat"},"content":{"rendered":"<h1 style=\"text-align: left;\"><strong><span style=\"font-family: Comic Sans MS, cursive;\"><span style=\"font-size: medium;\">Port\u00e9s par un puissant lobbying, les pronucl\u00e9aires tentent de s\u00e9duire l\u2019opinion publique \u2026 et oublient de parler de Bure\u00a0!<\/span><\/span><\/strong><\/h1>\n<p><img loading=\"lazy\" decoding=\"async\" class=\"wp-image-11637 aligncenter\" src=\"https:\/\/www.quieryavenir.fr\/blog\/wp-content\/uploads\/2022\/09\/Applaudissement-220917-300x300.jpg\" alt=\"\" width=\"444\" height=\"444\" \/><\/p>\n<p style=\"text-align: justify;\"><span style=\"font-family: Comic Sans MS, cursive;\"><span style=\"font-size: medium;\">Un rappel de ce qui a d\u00e9j\u00e0 \u00e9t\u00e9 abord\u00e9 le 4 mai\u00a0:<\/span><\/span><\/p>\n<p style=\"text-align: justify;\"><span style=\"font-family: Comic Sans MS, cursive;\"><span style=\"font-size: medium;\"><a href=\"https:\/\/www.quieryavenir.fr\/blog\/2022\/05\/04\/le-nucleaire-nest-pas-bon-pour-le-climat\/\">https:\/\/www.quieryavenir.fr\/blog\/2022\/05\/04\/le-nucleaire-nest-pas-bon-pour-le-climat\/<\/a> <\/span><\/span><\/p>\n<p style=\"text-align: justify;\"><span style=\"font-family: Comic Sans MS, cursive;\"><span style=\"font-size: medium;\">\u00ab\u00a0Le nucl\u00e9aire n\u2019\u00e9met pas de gaz carbonique\u00a0\u00bb, vraiment\u00a0? L\u2019atome n\u2019est ni anodin pour le climat, ni pour les citoyens. <\/span><\/span><\/p>\n<p style=\"text-align: justify;\"><span style=\"font-family: Comic Sans MS, cursive;\"><span style=\"font-size: medium;\">5 articles dans reporterre<\/span><\/span><\/p>\n<p style=\"text-align: justify;\"><span style=\"font-family: Comic Sans MS, cursive;\"><span style=\"font-size: medium;\"><a href=\"https:\/\/reporterre.net\/Le-nucleaire-n-est-pas-bon-pour-le-climat-199\">https:\/\/reporterre.net\/Le-nucleaire-n-est-pas-bon-pour-le-climat-199<\/a><\/span><\/span><\/p>\n<p style=\"text-align: justify;\"><span style=\"font-family: Comic Sans MS, cursive;\"><span style=\"font-size: medium;\"><i>Face aux lobbies qui pr\u00e9sentent le nucl\u00e9aire comme LA solution au d\u00e9fi climatique, <\/i>Reporterre <i>a men\u00e9 l\u2019enqu\u00eate. Comment l\u2019atome s\u2019est-il impos\u00e9 dans le d\u00e9bat public\u00a0? Un accident grave est-il possible en France\u00a0? La sobri\u00e9t\u00e9 n\u2019est-elle pas la meilleure solution \u00e0 l\u2019urgence climatique\u00a0? <\/i><\/span><\/span><\/p>\n<p class=\"western\" style=\"text-align: justify;\"><strong><span style=\"font-family: Comic Sans MS, cursive;\"><span style=\"font-size: medium;\">Le nucl\u00e9aire n\u2019est pas bon pour le climat<\/span><\/span><\/strong><\/p>\n<p style=\"text-align: justify;\"><span style=\"font-family: Comic Sans MS, cursive;\"><span style=\"font-size: medium;\">Port\u00e9s par un puissant lobbying, les pronucl\u00e9aires tentent de s\u00e9duire l\u2019opinion publique. \u00ab\u00a0Le nucl\u00e9aire n\u2019\u00e9met pas de gaz carbonique\u00a0\u00bb, vraiment\u00a0? L\u2019atome n\u2019est ni anodin pour le climat, ni pour les citoyens. Enqu\u00eate [1\/5]<\/span><\/span><\/p>\n<p class=\"western\" style=\"text-align: justify;\"><strong><span style=\"font-family: Comic Sans MS, cursive;\"><span style=\"font-size: medium;\">Nucl\u00e9aire\u00a0: l\u2019accident qui ne doit pas arriver<\/span><\/span><\/strong><\/p>\n<p style=\"text-align: justify;\"><span style=\"font-family: Comic Sans MS, cursive;\"><span style=\"font-size: medium;\">Les accidents nucl\u00e9aires ont des cons\u00e9quences dramatiques, malgr\u00e9 les d\u00e9n\u00e9gations des pronucl\u00e9aires. En termes de d\u00e9c\u00e8s et de maladies, mais aussi sur le plan \u00e9conomique et en laissant des zones contamin\u00e9es pour des d\u00e9cennies. Enqu\u00eate [2\/5]<\/span><\/span><\/p>\n<p style=\"text-align: justify;\"><span style=\"font-family: Comic Sans MS, cursive;\"><span style=\"font-size: medium;\"><strong>Un accident nucl\u00e9aire peut-il se produire en France\u00a0?<\/strong> <\/span><\/span><\/p>\n<p style=\"text-align: justify;\"><span style=\"font-family: Comic Sans MS, cursive;\"><span style=\"font-size: medium;\">Guerres, cyberattaques, d\u00e9r\u00e8glement climatique&#8230; Les causes possibles d\u2019accidents graves sont nombreuses. Et en France, les r\u00e9acteurs vieillissants g\u00e9r\u00e9s par EDF, en difficult\u00e9 financi\u00e8re, soul\u00e8vent cette crainte. Enqu\u00eate [3\/5] <\/span><\/span><\/p>\n<p style=\"text-align: justify;\"><span style=\"font-family: Comic Sans MS, cursive;\"><span style=\"font-size: medium;\"><strong>Relancer le nucl\u00e9aire\u00a0? Une mauvaise affaire pour le climat<\/strong> <\/span><\/span><\/p>\n<p style=\"text-align: justify;\"><span style=\"font-family: Comic Sans MS, cursive;\"><span style=\"font-size: medium;\">Dans le monde, le nucl\u00e9aire est en d\u00e9clin, largement supplant\u00e9 par les \u00e9nergies renouvelables. Pourtant, la France pr\u00e9voit de relancer le nucl\u00e9aire. Une relance qui se base sur des hypoth\u00e8ses fragiles et risque de nous co\u00fbter cher. Enqu\u00eate [4\/5] <\/span><\/span><\/p>\n<p style=\"text-align: justify;\"><span style=\"font-family: Comic Sans MS, cursive;\"><span style=\"font-size: medium;\"><strong>Nucl\u00e9aire ou sobri\u00e9t\u00e9, il faut choisir<\/strong> <\/span><\/span><\/p>\n<p style=\"text-align: justify;\"><span style=\"font-family: Comic Sans MS, cursive;\"><span style=\"font-size: medium;\">L\u2019obsession des conservateurs pour le nucl\u00e9aire repousse le d\u00e9bat sur la sobri\u00e9t\u00e9. C\u2019est pourtant le meilleur moyen pour limiter le r\u00e9chauffement climatique. Mais elle suppose une baisse des in\u00e9galit\u00e9s, une n\u00e9cessit\u00e9 ignor\u00e9e par les nucl\u00e9aristes.\u00a0Enqu\u00eate [5\/5] <\/span><\/span><\/p>\n<p style=\"text-align: center;\"><span style=\"font-family: Comic Sans MS, cursive;\"><span style=\"font-size: medium;\">** **<\/span><\/span><\/p>\n<p style=\"text-align: center;\"><strong><span style=\"font-family: Comic Sans MS, cursive;\"><span style=\"font-size: medium;\">Bure<\/span><\/span><\/strong><\/p>\n<p style=\"text-align: justify;\"><span style=\"font-family: Comic Sans MS, cursive;\"><span style=\"font-size: medium;\">La d\u00e9put\u00e9e Europe Ecologie les Verts Sandrine Rousseau et cinq d\u00e9put\u00e9s de La France Insoumise (LFI) ont lanc\u00e9 ce vendredi 16 septembre 2022 un \u00ab\u00a0front parlementaire\u00a0\u00bb contre l&rsquo;enfouissement des d\u00e9chets nucl\u00e9aires \u00e0 Bure (Meuse).<\/span><\/span><\/p>\n<p style=\"text-align: justify;\"><span style=\"font-family: Comic Sans MS, cursive;\"><span style=\"font-size: medium;\">Six d\u00e9put\u00e9s se sont d\u00e9plac\u00e9s \u00e0 Bure (Meuse) ce vendredi 16 septembre, pour lancer un \u00ab\u00a0front parlementaire\u00a0\u00bb contre l&rsquo;enfouissement des d\u00e9chets nucl\u00e9aires. Parmi eux, cinq \u00e9lus de la France Insoumise : Caroline Fiat, Mathilde Panot, Martine Etienne, Charlotte Leduc et Aymeric Caron, mais aussi la d\u00e9put\u00e9 Europe Ecologie Les Verts, Sandrine Rousseau.\u00a0<\/span><\/span><\/p>\n<p style=\"text-align: justify;\"><span style=\"font-family: Comic Sans MS, cursive;\"><span style=\"font-size: medium;\">Tous entendent faire bloc contre Cigeo, le projet de centre de stockage profond de d\u00e9chets radioactifs. Un projet d\u00e9clar\u00e9 d'\u00a0\u00bbutilit\u00e9 publique\u00a0\u00bb (UP) et inscrit comme \u00ab\u00a0op\u00e9ration d&rsquo;int\u00e9r\u00eat national\u00a0\u00bb (OIN) le 8 juillet suite \u00e0 deux d\u00e9crets sign\u00e9s par la Premi\u00e8re ministre \u00c9lisabeth Borne.<\/span><\/span><\/p>\n<p style=\"text-align: justify;\"><span style=\"font-family: Comic Sans MS, cursive;\"><span style=\"font-size: medium;\"><a href=\"https:\/\/france3-regions.francetvinfo.fr\/grand-est\/meuse\/bure\/bure-sandrine-rousseau-eelv-fait-front-contre-l-enfouissement-des-dechets-nucleaires-2615700.html\">https:\/\/france3-regions.francetvinfo.fr\/grand-est\/meuse\/bure\/bure-sandrine-rousseau-eelv-fait<\/a> <\/span><\/span><\/p>\n","protected":false},"excerpt":{"rendered":"<p>Port\u00e9s par un puissant lobbying, les pronucl\u00e9aires tentent de s\u00e9duire l\u2019opinion publique \u2026 et oublient de parler de Bure\u00a0! Un rappel de ce qui a d\u00e9j\u00e0 \u00e9t\u00e9 abord\u00e9 le 4 mai\u00a0: https:\/\/www.quieryavenir.fr\/blog\/2022\/05\/04\/le-nucleaire-nest-pas-bon-pour-le-climat\/ \u00ab\u00a0Le nucl\u00e9aire n\u2019\u00e9met&#8230;<\/p>\n","protected":false},"author":2,"featured_media":0,"comment_status":"closed","ping_status":"closed","sticky":false,"template":"","format":"standard","meta":{"footnotes":""},"categories":[1],"tags":[],"class_list":["post-11640","post","type-post","status-publish","format-standard","hentry","category-non-classe"],"_links":{"self":[{"href":"https:\/\/www.quieryavenir.fr\/blog\/wp-json\/wp\/v2\/posts\/11640","targetHints":{"allow":["GET"]}}],"collection":[{"href":"https:\/\/www.quieryavenir.fr\/blog\/wp-json\/wp\/v2\/posts"}],"about":[{"href":"https:\/\/www.quieryavenir.fr\/blog\/wp-json\/wp\/v2\/types\/post"}],"author":[{"embeddable":true,"href":"https:\/\/www.quieryavenir.fr\/blog\/wp-json\/wp\/v2\/users\/2"}],"replies":[{"embeddable":true,"href":"https:\/\/www.quieryavenir.fr\/blog\/wp-json\/wp\/v2\/comments?post=11640"}],"version-history":[{"count":1,"href":"https:\/\/www.quieryavenir.fr\/blog\/wp-json\/wp\/v2\/posts\/11640\/revisions"}],"predecessor-version":[{"id":11641,"href":"https:\/\/www.quieryavenir.fr\/blog\/wp-json\/wp\/v2\/posts\/11640\/revisions\/11641"}],"wp:attachment":[{"href":"https:\/\/www.quieryavenir.fr\/blog\/wp-json\/wp\/v2\/media?parent=11640"}],"wp:term":[{"taxonomy":"category","embeddable":true,"href":"https:\/\/www.quieryavenir.fr\/blog\/wp-json\/wp\/v2\/categories?post=11640"},{"taxonomy":"post_tag","embeddable":true,"href":"https:\/\/www.quieryavenir.fr\/blog\/wp-json\/wp\/v2\/tags?post=11640"}],"curies":[{"name":"wp","href":"https:\/\/api.w.org\/{rel}","templated":true}]}}