{"id":11655,"date":"2022-09-24T02:41:11","date_gmt":"2022-09-24T00:41:11","guid":{"rendered":"https:\/\/www.quieryavenir.fr\/blog\/?p=11655"},"modified":"2022-09-22T15:43:14","modified_gmt":"2022-09-22T13:43:14","slug":"fouquieres","status":"publish","type":"post","link":"https:\/\/www.quieryavenir.fr\/blog\/2022\/09\/24\/fouquieres\/","title":{"rendered":"Fouqui\u00e8res"},"content":{"rendered":"<h1 style=\"text-align: justify;\"><strong><span style=\"font-family: Comic Sans MS, cursive;\">A propos d\u2019une commune peu connue dans le Pas-de-Calais<\/span><\/strong><\/h1>\n<p style=\"text-align: justify;\"><span style=\"color: #c9211e;\"><span style=\"font-family: Comic Sans MS, cursive;\"><img loading=\"lazy\" decoding=\"async\" class=\"wp-image-11654 aligncenter\" src=\"https:\/\/www.quieryavenir.fr\/blog\/wp-content\/uploads\/2022\/09\/Lorette-220916-300x282.jpg\" alt=\"\" width=\"431\" height=\"405\" srcset=\"https:\/\/www.quieryavenir.fr\/blog\/wp-content\/uploads\/2022\/09\/Lorette-220916-300x282.jpg 300w, https:\/\/www.quieryavenir.fr\/blog\/wp-content\/uploads\/2022\/09\/Lorette-220916.jpg 531w\" sizes=\"auto, (max-width: 431px) 100vw, 431px\" \/><\/span><\/span><\/p>\n<p><!--more--><\/p>\n<p style=\"text-align: justify;\"><span style=\"font-family: Comic Sans MS, cursive;\">Elle est situ\u00e9e \u00e0 8 km \u00e0 l\u2019Est de Lens.<br \/>\nComme c\u2019est difficile \u00e0 trouver, un ami ch\u2019ti (PD ou DP) a cr\u00e9\u00e9 un texte<\/span><\/p>\n<p style=\"text-align: justify;\"><span style=\"font-family: Comic Sans MS, cursive;\">** **<\/span><\/p>\n<p style=\"text-align: justify;\"><span style=\"font-family: Comic Sans MS, cursive;\">Fouqui\u00e8res<\/span><\/p>\n<p style=\"text-align: justify;\"><span style=\"font-family: Comic Sans MS, cursive;\">En revenant de Cor<span style=\"color: #c9211e;\">fou, qui est r<\/span>emarquable parmi les \u00eeles ioniennes, je me suis arr\u00eat\u00e9, comme un <span style=\"color: #c9211e;\">fou qui erre<\/span> b\u00eatement, \u00e0 <span style=\"color: #c9211e;\">Fouqui\u00e8res<\/span>-les-B\u00e9thune, alors que j\u2019habite <span style=\"color: #c9211e;\">Fouqui\u00e8res<\/span>-les-Lens, pour go\u00fbter le to<span style=\"color: #c9211e;\">fu qui \u00e9<\/span>rafle l\u00e9g\u00e8rement mon r\u00e9gime.<\/span><\/p>\n<p style=\"text-align: justify;\"><span style=\"font-family: Comic Sans MS, cursive;\">M\u00eame si je suis plus <span style=\"color: #c9211e;\">fou qu\u2019hier<\/span>, je ne fais pas partie de ce monde qui ki<span style=\"color: #c9211e;\">ffe ou qui er<\/span>gote sur la boisson, notamment, bien s\u00fbr, la Le<span style=\"color: #c9211e;\">ffe, ou qui \u00e9r<\/span>ige des garde-<span style=\"color: #c9211e;\">fous. Qui \u00e9r<\/span>ucte \u00e0 mes propos\u00a0?<\/span><\/p>\n<p style=\"text-align: justify;\"><span style=\"font-family: Comic Sans MS, cursive;\">Et toi, le ch\u2019ti, qu\u2019est ce que tu <span style=\"color: #c9211e;\">fous\u00a0? Qui est r<\/span>esponsable de ma soi<span style=\"color: #c9211e;\">f\u00a0? Ou qui \u00e9r<\/span>adique mes pens\u00e9es\u00a0?<\/span><\/p>\n<p style=\"text-align: justify;\"><span style=\"font-family: Comic Sans MS, cursive;\">Je suis \u00e0 vif<span style=\"color: #c9211e;\">\u00a0! Hou\u00a0! Qui est r<\/span>abiboch\u00e9 par mes lamentables \u00e9crits de ou<span style=\"color: #c9211e;\">f\u00a0? Ou qui \u00e9r<\/span>ode mon cerveau \u00e0 force de me contredire\u00a0?<\/span><\/p>\n<p style=\"text-align: justify;\"><span style=\"font-family: Comic Sans MS, cursive;\">Dis-donc, tu ressembles \u00e0 un petit gor<span style=\"color: #c9211e;\">fou qui est r<\/span>onchonnant en mangeant voracement du sa<span style=\"color: #c9211e;\">fou, qui est r<\/span>avissant comme fruit. A mon humble avis, tu aimes nettement plus Carque<span style=\"color: #c9211e;\">fou qu\u2019Hy\u00e8res<\/span>.<br \/>\nRetournes-y\u00a0! Ou alors les Gorges de la <span style=\"color: #c9211e;\">Fou, qui\u00e9r<\/span>y-la-Motte\u00a0?<\/span><\/p>\n<p style=\"text-align: justify;\"><span style=\"font-family: Comic Sans MS, cursive;\">Ne serait-il pas toi le f<span style=\"color: #c9211e;\">ou qui \u00e9r<\/span>einte mon optisme\u00a0?<\/span><\/p>\n<p style=\"text-align: justify;\"><span style=\"font-family: Comic Sans MS, cursive;\">Je sais, je ba<span style=\"color: #c9211e;\">foue \u2026 Qui\u00a0? Er<\/span>ratum\u00a0! Je n\u2019insulte personne, ce ne sont que des jeux de mots laids.<\/span><\/p>\n<p style=\"text-align: justify;\"><span style=\"font-family: Comic Sans MS, cursive;\">Et n\u2019avale pas d\u2019alqui<span style=\"color: #c9211e;\">foux qui \u00e9r<\/span>aillerait tes visc\u00e8res\u00a0!<\/span><\/p>\n","protected":false},"excerpt":{"rendered":"<p>A propos d\u2019une commune peu connue dans le Pas-de-Calais<\/p>\n","protected":false},"author":2,"featured_media":0,"comment_status":"closed","ping_status":"closed","sticky":false,"template":"","format":"standard","meta":{"footnotes":""},"categories":[1],"tags":[],"class_list":["post-11655","post","type-post","status-publish","format-standard","hentry","category-non-classe"],"_links":{"self":[{"href":"https:\/\/www.quieryavenir.fr\/blog\/wp-json\/wp\/v2\/posts\/11655","targetHints":{"allow":["GET"]}}],"collection":[{"href":"https:\/\/www.quieryavenir.fr\/blog\/wp-json\/wp\/v2\/posts"}],"about":[{"href":"https:\/\/www.quieryavenir.fr\/blog\/wp-json\/wp\/v2\/types\/post"}],"author":[{"embeddable":true,"href":"https:\/\/www.quieryavenir.fr\/blog\/wp-json\/wp\/v2\/users\/2"}],"replies":[{"embeddable":true,"href":"https:\/\/www.quieryavenir.fr\/blog\/wp-json\/wp\/v2\/comments?post=11655"}],"version-history":[{"count":3,"href":"https:\/\/www.quieryavenir.fr\/blog\/wp-json\/wp\/v2\/posts\/11655\/revisions"}],"predecessor-version":[{"id":11658,"href":"https:\/\/www.quieryavenir.fr\/blog\/wp-json\/wp\/v2\/posts\/11655\/revisions\/11658"}],"wp:attachment":[{"href":"https:\/\/www.quieryavenir.fr\/blog\/wp-json\/wp\/v2\/media?parent=11655"}],"wp:term":[{"taxonomy":"category","embeddable":true,"href":"https:\/\/www.quieryavenir.fr\/blog\/wp-json\/wp\/v2\/categories?post=11655"},{"taxonomy":"post_tag","embeddable":true,"href":"https:\/\/www.quieryavenir.fr\/blog\/wp-json\/wp\/v2\/tags?post=11655"}],"curies":[{"name":"wp","href":"https:\/\/api.w.org\/{rel}","templated":true}]}}