{"id":11660,"date":"2022-09-26T02:33:42","date_gmt":"2022-09-26T00:33:42","guid":{"rendered":"https:\/\/www.quieryavenir.fr\/blog\/?p=11660"},"modified":"2022-09-23T16:24:50","modified_gmt":"2022-09-23T14:24:50","slug":"olivier-veran-et-le-complexe-derostrate","status":"publish","type":"post","link":"https:\/\/www.quieryavenir.fr\/blog\/2022\/09\/26\/olivier-veran-et-le-complexe-derostrate\/","title":{"rendered":"Olivier V\u00e9ran et le complexe d\u2019\u00c9rostrate"},"content":{"rendered":"<h1 style=\"text-align: justify;\"><strong><span style=\"color: #000000;\"><span style=\"font-family: Comic Sans MS, cursive;\"><span style=\"font-size: medium;\">A propos de la sortie du livre de notre ancien sinistre de la sant\u00e9<\/span><\/span><\/span><\/strong><\/h1>\n<p><img loading=\"lazy\" decoding=\"async\" class=\"wp-image-11653 aligncenter\" src=\"https:\/\/www.quieryavenir.fr\/blog\/wp-content\/uploads\/2022\/09\/Medef-220921-300x258.jpg\" alt=\"\" width=\"480\" height=\"413\" srcset=\"https:\/\/www.quieryavenir.fr\/blog\/wp-content\/uploads\/2022\/09\/Medef-220921-300x258.jpg 300w, https:\/\/www.quieryavenir.fr\/blog\/wp-content\/uploads\/2022\/09\/Medef-220921.jpg 448w\" sizes=\"auto, (max-width: 480px) 100vw, 480px\" \/><\/p>\n<p><!--more--><\/p>\n<p style=\"text-align: justify;\"><span style=\"font-family: Comic Sans MS, cursive;\"><span style=\"font-size: medium;\">Si depuis la semaine derni\u00e8re vous avez vous aussi appris qu\u2019Olivier V\u00e9ran publiait un livre intitul\u00e9 <\/span><\/span><em><span style=\"font-family: Comic Sans MS, cursive;\"><span style=\"font-size: medium;\">Par-del\u00e0 les vagues<\/span><\/span><\/em><span style=\"font-family: Comic Sans MS, cursive;\"><span style=\"font-size: medium;\"> racontant \u00ab\u00a0de l\u2019int\u00e9rieur\u00a0\u00bb <\/span><\/span><em><span style=\"font-family: Comic Sans MS, cursive;\"><span style=\"font-size: medium;\">sa<\/span><\/span><\/em><span style=\"font-family: Comic Sans MS, cursive;\"><span style=\"font-size: medium;\"> crise du Covid alors qu\u2019il \u00e9tait ministre de la sant\u00e9, <\/span><\/span><span style=\"font-family: Comic Sans MS, cursive;\"><span style=\"font-size: medium;\"><u>qu\u2019avez-vous ressenti<\/u><\/span><\/span><span style=\"font-family: Comic Sans MS, cursive;\"><span style=\"font-size: medium;\">\u00a0?<\/span><\/span><\/p>\n<p style=\"text-align: justify;\"><span style=\"font-family: Comic Sans MS, cursive;\"><span style=\"font-size: medium;\">De la stup\u00e9faction\u00a0? De l\u2019incr\u00e9dulit\u00e9\u00a0?<\/span><\/span><\/p>\n<p style=\"text-align: justify;\"><span style=\"font-family: Comic Sans MS, cursive;\"><span style=\"font-size: medium;\">Peut-\u00eatre de la curiosit\u00e9\u00a0?<\/span><\/span><\/p>\n<p style=\"text-align: justify;\"><span style=\"font-family: Comic Sans MS, cursive;\"><span style=\"font-size: medium;\">Pour ma part, cet exercice de promotion \u00e9gocentr\u00e9e de la part d\u2019un ministre en exercice (M. V\u00e9ran n\u2019est plus ministre de la sant\u00e9, mais porte-parole du gouvernement et \u00ab\u00a0ministre d\u00e9l\u00e9gu\u00e9 charg\u00e9 du renouveau d\u00e9mocratique\u00a0\u00bb \u2013 je n\u2019ai toujours pas compris ce que cela impliquait concr\u00e8tement, il s\u2019occupe peut-\u00eatre du r\u00e9assort mobilier de l\u2019Assembl\u00e9e nationale\u00a0?) m\u2019a paru pour le moins <\/span><\/span><em><span style=\"font-family: Comic Sans MS, cursive;\"><span style=\"font-size: medium;\">d\u00e9plac\u00e9<\/span><\/span><\/em><span style=\"font-family: Comic Sans MS, cursive;\"><span style=\"font-size: medium;\">.<\/span><\/span><\/p>\n<p style=\"text-align: justify;\"><span style=\"font-family: Comic Sans MS, cursive;\"><span style=\"font-size: medium;\">Mais vous allez voir que cet \u00ab\u00a0\u00e9v\u00e8nement\u00a0\u00bb nous permet de mieux comprendre le profil psychologique de l\u2019ex-ministre de la sant\u00e9.<\/span><\/span><\/p>\n<h2 style=\"text-align: justify;\"><span style=\"color: #000000;\"><span style=\"font-family: Comic Sans MS, cursive;\"><span style=\"font-size: medium;\">Ministre, il se voit h\u00e9ros et \u00e9crivain<\/span><\/span><\/span><\/h2>\n<p style=\"text-align: justify;\"><span style=\"font-family: Comic Sans MS, cursive;\"><span style=\"font-size: medium;\">Nous sommes habitu\u00e9s \u00e0 ce que les ministres en exercice publient des livres alors qu\u2019ils ont un mandat public \u2013 les champions du genre dans le gouvernement actuel \u00e9tant Marl\u00e8ne Schiappa (10 livres depuis qu\u2019elle est au gouvernement[1]!) et Bruno Le Maire (5 livres depuis 2017).<\/span><\/span><\/p>\n<p style=\"text-align: justify;\"><span style=\"font-family: Comic Sans MS, cursive;\"><span style=\"font-size: medium;\">Je me demande toujours o\u00f9 ces ministres trouvent le temps d\u2019\u00e9crire autant alors qu\u2019ils sont cens\u00e9s \u00eatre pleinement au service de leurs concitoyens.<\/span><\/span><\/p>\n<p style=\"text-align: justify;\"><span style=\"font-family: Comic Sans MS, cursive;\"><span style=\"font-size: medium;\">Mais le livre de M. V\u00e9ran n\u2019a rien d\u2019un roman, d\u2019une profession de foi politique ou d\u2019une analyse de la situation de la France\u00a0: c\u2019est un \u00ab\u00a0r\u00e9cit de l\u2019int\u00e9rieur\u00a0\u00bb.<\/span><\/span><\/p>\n<p style=\"text-align: justify;\"><span style=\"color: #000000;\"><span style=\"font-family: Comic Sans MS, cursive;\"><span style=\"font-size: medium;\">Voici comment ce surplus de ministre-\u00e9crivain, en pleine tourn\u00e9e promotionnelle pour son livre, pr\u00e9sente sa d\u00e9marche\u00a0:\u00a0<\/span><\/span><\/span><\/p>\n<p style=\"text-align: justify;\"><span style=\"color: #000000;\"><span style=\"font-family: Comic Sans MS, cursive;\"><span style=\"font-size: medium;\"><img loading=\"lazy\" decoding=\"async\" class=\"wp-image-11664 aligncenter\" src=\"https:\/\/www.quieryavenir.fr\/blog\/wp-content\/uploads\/2022\/09\/Veran-220912-278x300.jpg\" alt=\"\" width=\"434\" height=\"468\" srcset=\"https:\/\/www.quieryavenir.fr\/blog\/wp-content\/uploads\/2022\/09\/Veran-220912-278x300.jpg 278w, https:\/\/www.quieryavenir.fr\/blog\/wp-content\/uploads\/2022\/09\/Veran-220912.jpg 500w\" sizes=\"auto, (max-width: 434px) 100vw, 434px\" \/><\/span><\/span><\/span><\/p>\n<p style=\"text-align: justify;\"><span style=\"font-family: Comic Sans MS, cursive;\"><span style=\"font-size: medium;\">Je passe sur la faute de fran\u00e7ais (\u00ab\u00a0vous partager\u00a0\u00bb ne se dit pas\u00a0: on <\/span><\/span><em><span style=\"font-family: Comic Sans MS, cursive;\"><span style=\"font-size: medium;\">partage avec vous<\/span><\/span><\/em><span style=\"font-family: Comic Sans MS, cursive;\"><span style=\"font-size: medium;\">\u00a0; \u00ab\u00a0vous partager\u00a0\u00bb consiste \u00e0 se munir d\u2019un couteau et \u00e0 d\u00e9couper son interlocuteur \u2013 \u00e7a fait mal), qui fait toujours un peu tache quand on se pique de litt\u00e9rature.<\/span><\/span><\/p>\n<p>Son livre appara\u00eet en r\u00e9alit\u00e9 comme un exercice d\u2019\u00e9quilibriste entre <strong><span style=\"font-family: Comic Sans MS, cursive;\"><span style=\"font-size: medium;\">\u00e9ni\u00e8me r\u00e9gurgitation de la propagande officielle<\/span><\/span><\/strong><span style=\"font-family: Comic Sans MS, cursive;\"><span style=\"font-size: medium;\"> (entre autres\u00a0: les vaccins ont sauv\u00e9 des milliers de vie\u00a0; le Pr Raoult est un charlatan, compar\u00e9 dans ses pages au Dr Doxey de Lucky Luke) et <\/span><\/span><strong><span style=\"font-family: Comic Sans MS, cursive;\"><span style=\"font-size: medium;\">journal intime<\/span><\/span><\/strong><span style=\"font-family: Comic Sans MS, cursive;\"><span style=\"font-size: medium;\">.<\/span><\/span><\/p>\n<p>L\u2019h\u00e9ro\u00efque Olivier V\u00e9ran se met \u00e0 nu, d\u00e9clarant s\u2019\u00eatre tromp\u00e9 sur les masques (rappelez-vous, il avait d\u00e9clar\u00e9 sur tous les plateaux t\u00e9l\u00e9 qu\u2019ils \u00e9taient inutiles, avant de les rendre obligatoires une semaine plus tard) et avoir \u00ab\u00a0<em><span style=\"font-family: Comic Sans MS, cursive;\"><span style=\"font-size: medium;\">touch\u00e9 du doigt le burn-out<\/span><\/span><\/em><span style=\"font-family: Comic Sans MS, cursive;\"><span style=\"font-size: medium;\">\u00a0\u00bb.<\/span><\/span><\/p>\n<p>Et c\u2019est ce versant du livre que je juge <em><span style=\"font-family: Comic Sans MS, cursive;\"><span style=\"font-size: medium;\">obsc\u00e8ne<\/span><\/span><\/em><span style=\"font-family: Comic Sans MS, cursive;\"><span style=\"font-size: medium;\"> (voil\u00e0 le mot que je cherchais\u00a0!&#8230;)\u00a0: durant le Covid, Olivier V\u00e9ran a tout simplement\u00a0:<\/span><\/span><\/p>\n<ul style=\"text-align: justify;\">\n<li><strong><span style=\"font-family: Comic Sans MS, cursive;\"><span style=\"font-size: medium;\">aggrav\u00e9 un peu plus chaque jour la crise de notre syst\u00e8me de sant\u00e9<\/span><\/span><\/strong><span style=\"font-family: Comic Sans MS, cursive;\"><span style=\"font-size: medium;\">\u2013 personnels soignants d\u00e9pass\u00e9s et en d\u00e9pression, r\u00e9duction des lits alors que le contraire avait \u00e9t\u00e9 promis, exclusion des soignants non-vaccin\u00e9s\u00a0;<\/span><\/span><\/li>\n<li><strong><span style=\"font-family: Comic Sans MS, cursive;\"><span style=\"font-size: medium;\">contribu\u00e9 \u00e0 la s\u00e9questration des Fran\u00e7ais <\/span><\/span><\/strong><span style=\"font-family: Comic Sans MS, cursive;\"><span style=\"font-size: medium;\">au moyen des confinements, des volte-face permanents sur telle ou telle mesure, des mesures absurdes (attestations de sortie, interdiction de prendre son caf\u00e9 debout, etc., etc.)\u00a0;<\/span><\/span><\/li>\n<li><strong><span style=\"font-family: Comic Sans MS, cursive;\"><span style=\"font-size: medium;\">dilapid\u00e9 des dizaines de millions d\u2019euros d\u2019argent public<\/span><\/span><\/strong><span style=\"font-family: Comic Sans MS, cursive;\"><span style=\"font-size: medium;\"> en achetant \u00e0 des g\u00e9ants de l\u2019industrie pharmaceutique des millions de doses de vaccins exp\u00e9rimentaux, et \u00e0 MacKinsey des \u00ab\u00a0conseils\u00a0\u00bb\u00a0;<\/span><\/span><\/li>\n<li><strong><span style=\"font-family: Comic Sans MS, cursive;\"><span style=\"font-size: medium;\">pos\u00e9 les bases d\u2019un syst\u00e8me d\u2019obligation vaccinale et de surveillance m\u00e9dico-sociale <\/span><\/span><\/strong><span style=\"font-family: Comic Sans MS, cursive;\"><span style=\"font-size: medium;\">avec les instaurations du pass sanitaire puis vaccinal.<\/span><\/span><\/li>\n<\/ul>\n<p style=\"text-align: justify;\"><span style=\"font-family: Comic Sans MS, cursive;\"><span style=\"font-size: medium;\">En fait, c\u2019est tr\u00e8s simple\u00a0: <u>la sant\u00e9 des Fran\u00e7ais, sous le mandat d\u2019Olivier V\u00e9ran, s\u2019est d\u00e9grad\u00e9e comme jamais<\/u>.<\/span><\/span><\/p>\n<h2 style=\"text-align: justify;\"><span style=\"color: #000000;\"><span style=\"font-family: Comic Sans MS, cursive;\"><span style=\"font-size: medium;\">Regarde le syst\u00e8me de sant\u00e9 br\u00fbler<\/span><\/span><\/span><\/h2>\n<p style=\"text-align: justify;\"><span style=\"font-family: Comic Sans MS, cursive;\"><span style=\"font-size: medium;\">Nous faisons aujourd\u2019hui face \u00e0 une mortalit\u00e9 record toutes causes confondues, les plus jeunes souffrent de s\u00e9quelles psycho-sociales suite aux mesures que le gouvernement leur a impos\u00e9, et notre syst\u00e8me de sant\u00e9 vit la plus grave crise de son histoire.<\/span><\/span><\/p>\n<p>Pendant qu\u2019il contribuait \u00e0 l\u2019enracinement de cette catastrophe, Monsieur V\u00e9ran, \u00e9crit-il, souffrait de naus\u00e9es, de stress permanent, et s\u2019est mis \u00e0 la m\u00e9ditation (grand bien lui fasse\u00a0!).<\/p>\n<p>A ce niveau de responsabilit\u00e9, s\u2019\u00e9pancher dans un livre pour raconter ses \u00e9tats d\u2019\u00e2me au plus fort de la catastrophe aggrav\u00e9e par son action, est, je r\u00e9p\u00e8te ce mot et le souligne deux fois, <span style=\"font-family: Comic Sans MS, cursive;\"><span style=\"font-size: medium;\"><u>obsc\u00e8ne<\/u><\/span><\/span><span style=\"font-family: Comic Sans MS, cursive;\"><span style=\"font-size: medium;\">.<\/span><\/span><\/p>\n<p>Je n\u2019ai aucun doute sur le fait que M. V\u00e9ran a, durant ces mois de crise, v\u00e9cu et travaill\u00e9 sous pression.<\/p>\n<p>Mais sa responsabilit\u00e9 \u00e9tait d\u2019aider ses concitoyens et soutenir le syst\u00e8me de sant\u00e9\u00a0; <em><span style=\"font-family: Comic Sans MS, cursive;\"><span style=\"font-size: medium;\">\u00e0 mon sens non seulement il a \u00e9chou\u00e9, mais <\/span><\/span><\/em><strong><span style=\"font-family: Comic Sans MS, cursive;\"><span style=\"font-size: medium;\">son \u00ab\u00a0action\u00a0\u00bb laissera des traces funestes et concr\u00e8tes dans l\u2019h\u00f4pital public et la sant\u00e9 des Fran\u00e7ais durant des d\u00e9cennies<\/span><\/span><\/strong><span style=\"font-family: Comic Sans MS, cursive;\"><span style=\"font-size: medium;\">.<\/span><\/span><\/p>\n<p>Monsieur V\u00e9ran, face au chaos que vous n\u2019avez pas su g\u00e9rer, et que vous avez m\u00eame contribu\u00e9 \u00e0 rendre pire, vous auriez pu, vous auriez d\u00fb, c\u2019est la moindre des choses, <span style=\"font-family: Comic Sans MS, cursive;\"><span style=\"font-size: medium;\"><u>garder votre devoir de r\u00e9serve<\/u><\/span><\/span><span style=\"font-family: Comic Sans MS, cursive;\"><span style=\"font-size: medium;\">.<\/span><\/span><\/p>\n<p>Votre exercice de pseudo-mea culpa (sur les masques) et de mise en sc\u00e8ne de vos atermoiements est <span style=\"font-family: Comic Sans MS, cursive;\"><span style=\"font-size: medium;\"><u>insultant envers les personnels soignants que vous n\u2019avez pas su prot\u00e9ger, et envers les Fran\u00e7ais dont vous avez g\u00e2ch\u00e9 l\u2019existence<\/u><\/span><\/span><span style=\"font-family: Comic Sans MS, cursive;\"><span style=\"font-size: medium;\">.<\/span><\/span><\/p>\n<p>Vous me faites l\u2019effet d\u2019un homme ayant mis le feu \u00e0 notre syst\u00e8me de sant\u00e9, se retournant vers nous et nous disant \u00ab\u00a0regardez comme j\u2019ai \u00e9t\u00e9 courageux, et regardez comme je souffre\u00a0!\u00a0\u00bb<\/p>\n<p>Et le pire, c\u2019est que vous \u00e9crivez, noir sur blanc dans votre livre\u00a0: \u00ab\u00a0<em><span style=\"font-family: Comic Sans MS, cursive;\"><span style=\"font-size: medium;\">\u00c7a rend modeste, une gestion de crise\u2026<\/span><\/span><\/em><span style=\"font-family: Comic Sans MS, cursive;\"><span style=\"font-size: medium;\">\u00a0\u00bb<\/span><\/span><\/p>\n<p>Mais au fond, cela ne m\u2019\u00e9tonne pas.<\/p>\n<p>Vous avez un pr\u00e9d\u00e9cesseur, qui a s\u00e9vi il y a 2400 ans.<\/p>\n<h2 style=\"text-align: justify;\"><span style=\"color: #000000;\"><span style=\"font-family: Comic Sans MS, cursive;\"><span style=\"font-size: medium;\">Il met le feu \u00e0 une merveille du monde pour\u2026 devenir c\u00e9l\u00e8bre<\/span><\/span><\/span><\/h2>\n<p style=\"text-align: justify;\"><span style=\"color: #000000;\"><span style=\"font-family: Comic Sans MS, cursive;\"><span style=\"font-size: medium;\">En 356 avant J\u00e9sus-Christ, on compte parmi les sept merveilles du monde le temple d\u2019Art\u00e9mis, \u00e0 Ephese.<\/span><\/span><\/span><\/p>\n<p style=\"text-align: justify;\"><span style=\"font-family: Comic Sans MS, cursive;\"><span style=\"font-size: medium;\">C<\/span><\/span><span style=\"font-family: Comic Sans MS, cursive;\"><span style=\"font-size: medium;\">e sanctuaire, vieux de deux si\u00e8cles, est d\u00e9volu \u00e0 la d\u00e9esse grecque de la nature et de la chasse. On vient de tout le monde antique pour le visiter.<\/span><\/span><\/p>\n<p>Mais, le 21 juillet, un berger du nom d\u2019\u00c9rostrate met le feu au temple, qui dispara\u00eet totalement dans un chaos de flammes et de fum\u00e9e.<\/p>\n<p>Le berger est arr\u00eat\u00e9. Il ne se d\u00e9bat pas. Puis il est interrog\u00e9.<\/p>\n<p>Quand on lui demande pourquoi il a commis ce crime sacril\u00e8ge et pyromane, \u00c9rostrate a cette r\u00e9ponse\u00a0inattendue\u00a0: <span style=\"font-family: Comic Sans MS, cursive;\"><span style=\"font-size: medium;\"><u>\u00ab\u00a0je voulais devenir c\u00e9l\u00e8bre, je voulais rentrer dans l\u2019histoire\u00a0\u00bb<\/u><\/span><\/span><span style=\"font-family: Comic Sans MS, cursive;\"><span style=\"font-size: medium;\">.<\/span><\/span><\/p>\n<p>Incapable de construire ni d\u2019inventer quoi que ce soit de grand ni de m\u00e9morable, <strong><span style=\"font-family: Comic Sans MS, cursive;\"><span style=\"font-size: medium;\">\u00c9rostrate a trouv\u00e9 dans l\u2019an\u00e9antissement de ce que d\u2019autres avaient mis plusieurs ann\u00e9es \u00e0 construire et rendre beau, la \u00ab\u00a0porte d\u2019entr\u00e9e\u00a0\u00bb vers la post\u00e9rit\u00e9<\/span><\/span><\/strong><span style=\"font-family: Comic Sans MS, cursive;\"><span style=\"font-size: medium;\">.<\/span><\/span><\/p>\n<p>Et d\u2019une certaine fa\u00e7on\u2026 il a r\u00e9ussi.<\/p>\n<p>Apr\u00e8s la confession de ce \u00ab\u00a0mobile\u00a0\u00bb ahurissant, les sages d\u2019\u00c9ph\u00e8se d\u00e9cr\u00e9t\u00e8rent que le nom d\u2019\u00c9rostrate serait interdit\u00a0: proscrit dans les conversations, effac\u00e9 de toute \u00e9criture.<\/p>\n<p>Lui, qui pour passer \u00e0 la post\u00e9rit\u00e9 d\u00e9truisit volontairement l\u2019une des sept merveilles du monde, fut condamn\u00e9 \u00e0 l\u2019oubli et \u00e0 l\u2019anonymat.<\/p>\n<p>Et pourtant, son nom nous est parvenu par la plume de quelques historiens antiques.<\/p>\n<p>Et surtout, ce nom, loin de sombrer dans l\u2019oubli, est devenu celui d\u2019un trouble psychologique\u00a0: <strong><span style=\"font-family: Comic Sans MS, cursive;\"><span style=\"font-size: medium;\">le complexe d\u2019\u00c9rostrate<\/span><\/span><\/strong><span style=\"font-family: Comic Sans MS, cursive;\"><span style=\"font-size: medium;\">.<\/span><\/span><\/p>\n<p>Le complexe d\u2019\u00c9rostrate identifie celle ou celui qui est \u00ab\u00a0pr\u00eat \u00e0 tout\u00a0\u00bb pour se mettre en avant, pour devenir c\u00e9l\u00e8bre, pour que l\u2019on parle de lui \u2013 y compris \u00e0 tuer, \u00e0 d\u00e9truire ou \u00e0 \u00ab\u00a0surfer\u00a0\u00bb sur un malheur ou une catastrophe.<\/p>\n<p style=\"text-align: justify;\"><span style=\"color: #000000;\"><span style=\"font-family: Comic Sans MS, cursive;\"><span style=\"font-size: medium;\">Notre \u00e9poque est pleine d\u2019\u00c9rostrate<\/span><\/span><\/span><\/p>\n<p style=\"text-align: justify;\"><span style=\"font-family: Comic Sans MS, cursive;\"><span style=\"font-size: medium;\"><span style=\"color: #000000;\">Cela va de l\u2019existence, \u00e9gocentrique mais anodine, d\u2019un nombre croissant d\u2019\u00eatres humains tournant uniquement autour de leur mise en avant sur les r\u00e9seaux sociaux, \u00e0 des actes tragiques comme les tueries dont les Etats-Unis sont malheureusement coutumiers depuis deux d\u00e9cennies.<\/span><\/span><\/span><\/p>\n<p>Ce n\u2019est pas, ou pas que, du narcissisme\u00a0: il s\u2019agit d\u2019exister, aux yeux des autres, par les d\u00e9g\u00e2ts que l\u2019on fait, ou dont l\u2019on profite.<\/p>\n<p>Olivier V\u00e9ran est un produit de notre temps.<\/p>\n<p>Il n\u2019est pas seulement un homme qui n\u2019a pas \u00e9t\u00e9 \u00e0 la hauteur de la situation, ni un ministre fossoyeur de notre syst\u00e8me de sant\u00e9\u00a0: il n\u2019existe aujourd\u2019hui publiquement <em><span style=\"color: #000000;\">que<\/span><\/em><span style=\"color: #000000;\"> par ce chaos.<\/span><\/p>\n<p>Ce chaos, qui a pris des proportions ahurissantes, durant deux ans et demi, est aujourd\u2019hui le terreau sur lequel il cultive sa posture, l\u2019autoc\u00e9l\u00e9bration pr\u00e9tentieuse de son r\u00f4le fantasm\u00e9 de ministre h\u00e9ro\u00efque.<\/p>\n<p>D\u2019ailleurs, le fait qu\u2019il profite actuellement de son poste au gouvernement pour faire la promotion de son livre ne semble choquer personne\u00a0; on appelle pourtant \u00e7a, en principe, un <em><span style=\"color: #000000;\">conflit d\u2019int\u00e9r\u00eat<\/span><\/em><span style=\"color: #000000;\">.<\/span><\/p>\n<p>Mais surtout, Olivier V\u00e9ran est un produit de notre temps dans le sens o\u00f9 <em><span style=\"color: #000000;\">il n\u2019est pas le seul<\/span><\/em><span style=\"color: #000000;\">.<\/span><\/p>\n<p>Beaucoup de m\u00e9decins, de politiques, n\u2019existent que sur les cendres des incendies qu\u2019ils ont eux-m\u00eames allum\u00e9.<\/p>\n<p>Olivier V\u00e9ran est un \u00c9rostrate, certes, mais ils sont d\u00e9sormais l\u00e9gion\u2026 et cela para\u00eet parfaitement normal\u00a0!<\/p>\n<p>Car c\u2019est bien cela le pire\u00a0: les habitants d\u2019\u00c9ph\u00e8se ont voulu bannir le nom d\u2019\u00c9rostrate, condamner \u00e0 l\u2019oubli celui qui avait voulu devenir c\u00e9l\u00e8bre en provoquant le chaos.<\/p>\n<p>Aujourd\u2019hui, \u00c9rostrate ne serait ni ostracis\u00e9, ni condamn\u00e9 \u00e0 l\u2019oubli\u00a0: il publierait un livre, serait invit\u00e9 sur les plateaux de t\u00e9l\u00e9vision, questionn\u00e9 par des journalistes avides de conna\u00eetre ses impressions.<\/p>\n<p>\u00ab\u00a0Alors, \u00c9rostrate, qu\u2019avez-vous ressenti au moment pr\u00e9cis o\u00f9 votre torche a touch\u00e9 le temple d\u2019Art\u00e9mis\u00a0? Racontez-vous, c\u2019est passionnant\u00a0!\u00a0\u00bb<\/p>\n<p>Cela ne peut se faire, h\u00e9las, qu\u2019avec la complicit\u00e9 de l\u2019ordre en place. <em><span style=\"color: #000000;\">Le Parisien<\/span><\/em><span style=\"color: #000000;\"> r\u00e9v\u00e9lait il y a quelques jours que, sur 19 avis post\u00e9s sur le site de vente en ligne Amazon, le livre d\u2019Olivier V\u00e9ran en r\u00e9coltait 17 m\u00e9diocres (1 \u2b50 sur 5).<\/span><\/p>\n<p>Deux jours plus tard, il ne restait \u00ab\u00a0plus\u00a0\u00bb que deux avis \u00e0 5 \u2b50[2]. Les autres avaient disparu.<\/p>\n<p>Cette strat\u00e9gie \u00e9hont\u00e9e du contr\u00f4le de l\u2019opinion porte ses fruits\u00a0: le livre de M. V\u00e9ran est n\u00b01 des ventes sur Amazon.<\/p>\n<p>\u00c9rostrate est d\u00e9sormais un auteur \u00e0 succ\u00e8s. F\u00e9licitations \u00e0 lui, malheur \u00e0 nous.<\/p>\n<p style=\"text-align: justify;\"><strong><span style=\"font-family: Comic Sans MS, cursive;\"><span style=\"font-size: medium;\"><span style=\"color: #000000;\">R. Bacquet\u00a0; alternatif bien-\u00eatre<\/span><\/span><\/span><\/strong><\/p>\n","protected":false},"excerpt":{"rendered":"<p>A propos de la sortie du livre de notre ancien sinistre de la sant\u00e9<\/p>\n","protected":false},"author":2,"featured_media":0,"comment_status":"closed","ping_status":"closed","sticky":false,"template":"","format":"standard","meta":{"footnotes":""},"categories":[1],"tags":[],"class_list":["post-11660","post","type-post","status-publish","format-standard","hentry","category-non-classe"],"_links":{"self":[{"href":"https:\/\/www.quieryavenir.fr\/blog\/wp-json\/wp\/v2\/posts\/11660","targetHints":{"allow":["GET"]}}],"collection":[{"href":"https:\/\/www.quieryavenir.fr\/blog\/wp-json\/wp\/v2\/posts"}],"about":[{"href":"https:\/\/www.quieryavenir.fr\/blog\/wp-json\/wp\/v2\/types\/post"}],"author":[{"embeddable":true,"href":"https:\/\/www.quieryavenir.fr\/blog\/wp-json\/wp\/v2\/users\/2"}],"replies":[{"embeddable":true,"href":"https:\/\/www.quieryavenir.fr\/blog\/wp-json\/wp\/v2\/comments?post=11660"}],"version-history":[{"count":2,"href":"https:\/\/www.quieryavenir.fr\/blog\/wp-json\/wp\/v2\/posts\/11660\/revisions"}],"predecessor-version":[{"id":11665,"href":"https:\/\/www.quieryavenir.fr\/blog\/wp-json\/wp\/v2\/posts\/11660\/revisions\/11665"}],"wp:attachment":[{"href":"https:\/\/www.quieryavenir.fr\/blog\/wp-json\/wp\/v2\/media?parent=11660"}],"wp:term":[{"taxonomy":"category","embeddable":true,"href":"https:\/\/www.quieryavenir.fr\/blog\/wp-json\/wp\/v2\/categories?post=11660"},{"taxonomy":"post_tag","embeddable":true,"href":"https:\/\/www.quieryavenir.fr\/blog\/wp-json\/wp\/v2\/tags?post=11660"}],"curies":[{"name":"wp","href":"https:\/\/api.w.org\/{rel}","templated":true}]}}