{"id":11670,"date":"2022-09-25T02:25:49","date_gmt":"2022-09-25T00:25:49","guid":{"rendered":"https:\/\/www.quieryavenir.fr\/blog\/?p=11670"},"modified":"2022-09-23T16:27:57","modified_gmt":"2022-09-23T14:27:57","slug":"stop-a-la-destruction-du-vivant-et-des-petits-pecheurs","status":"publish","type":"post","link":"https:\/\/www.quieryavenir.fr\/blog\/2022\/09\/25\/stop-a-la-destruction-du-vivant-et-des-petits-pecheurs\/","title":{"rendered":"Stop \u00e0 la destruction du vivant et des petits p\u00eacheurs"},"content":{"rendered":"<h1 class=\"western\" style=\"text-align: justify;\"><strong><span style=\"font-family: Comic Sans MS, cursive;\"><span style=\"font-size: medium;\">Exit la senne d\u00e9mersale<\/span><\/span><\/strong><\/h1>\n<p><img loading=\"lazy\" decoding=\"async\" class=\"wp-image-11669 aligncenter\" src=\"https:\/\/www.quieryavenir.fr\/blog\/wp-content\/uploads\/2022\/09\/Evolution-220921-300x204.jpg\" alt=\"\" width=\"449\" height=\"305\" srcset=\"https:\/\/www.quieryavenir.fr\/blog\/wp-content\/uploads\/2022\/09\/Evolution-220921-300x204.jpg 300w, https:\/\/www.quieryavenir.fr\/blog\/wp-content\/uploads\/2022\/09\/Evolution-220921.jpg 536w\" sizes=\"auto, (max-width: 449px) 100vw, 449px\" \/><\/p>\n<p><!--more--><\/p>\n<p class=\"western\" style=\"text-align: justify;\"><span style=\"font-family: Comic Sans MS, cursive;\"><span style=\"font-size: medium;\"><strong>Signez la p\u00e9tition\u00a0:<\/strong> <\/span><\/span><\/p>\n<p style=\"text-align: justify;\"><span style=\"font-family: Comic Sans MS, cursive;\"><span style=\"font-size: medium;\"><a href=\"https:\/\/interdiction-senne.bloomassociation.org\/\">https:\/\/interdiction-senne.bloomassociation.org\/<\/a> <\/span><\/span><\/p>\n<p style=\"text-align: justify;\"><span style=\"font-family: Comic Sans MS, cursive;\"><span style=\"font-size: medium;\">C\u2019est urgent\u00a0: avant le 30 septembre.<\/span><\/span><\/p>\n<p style=\"text-align: justify;\"><span style=\"font-family: Comic Sans MS, cursive;\"><span style=\"font-size: medium;\">** **<\/span><\/span><\/p>\n<p style=\"text-align: justify;\"><span style=\"font-family: Comic Sans MS, cursive;\"><span style=\"font-size: medium;\">M. le Pr\u00e9sident,<\/span><\/span><\/p>\n<p style=\"text-align: justify;\"><span style=\"font-family: Comic Sans MS, cursive;\"><span style=\"font-size: medium;\">Le 30 septembre prochain, vous aurez entre vos mains le destin de centaines de p\u00eacheurs c\u00f4tiers fran\u00e7ais et de milliers d\u2019animaux marins, ratiss\u00e9s quotidiennement par des p\u00eacheurs industriels sans foi ni loi. <\/span><\/span><strong><span style=\"font-family: Comic Sans MS, cursive;\"><span style=\"font-size: medium;\">Le 30 septembre prochain, vous devez vous assurer que la France d\u00e9fende \u00e0 Bruxelles l\u2019interdiction d\u2019un engin destructeur qui transforme nos mers et nos ports de p\u00eache en d\u00e9serts\u00a0: la senne d\u00e9mersale.<\/span><\/span><\/strong><\/p>\n<p style=\"text-align: justify;\"><span style=\"font-family: Comic Sans MS, cursive;\"><span style=\"font-size: medium;\">La senne d\u00e9mersale est une technique de p\u00eache d\u00e9vastatrice, fruit de l\u2019hyper-efficacit\u00e9 technologique des industriels n\u00e9erlandais de la p\u00eache. Cette m\u00e9thode de capture anti-\u00e9cologique consiste \u00e0 d\u00e9ployer un c\u00e2ble sur les fonds marins et \u00e0 le rabattre ensuite sur les poissons pi\u00e9g\u00e9s en cr\u00e9ant un mur de s\u00e9diments autour d\u2019eux. <\/span><\/span><strong><span style=\"font-family: Comic Sans MS, cursive;\"><span style=\"font-size: medium;\">Cinq senneurs ratissent en une seule journ\u00e9e une surface \u00e9quivalente \u00e0 celle de Paris.<\/span><\/span><\/strong><\/p>\n<p style=\"text-align: justify;\"><span style=\"font-family: Comic Sans MS, cursive;\"><span style=\"font-size: medium;\">Aujourd\u2019hui, environ 75 senneurs sont autoris\u00e9s \u00e0 p\u00eacher en Manche. Cela signifie qu\u2019on a donn\u00e9 aux pr\u00e9dateurs industriels n\u00e9erlandais un blanc-seing pour d\u00e9truire l\u2019environnement marin autour de la France et les p\u00eacheurs c\u00f4tiers du Nord de la France et de Normandie.<\/span><\/span><\/p>\n<p style=\"text-align: justify;\"><strong><span style=\"font-family: Comic Sans MS, cursive;\"><span style=\"font-size: medium;\">Les petits p\u00eacheurs ont \u00e9t\u00e9 d\u00e9laiss\u00e9s par des d\u00e9cennies de politiques publiques d\u00e9faillantes et injustes. Ils ne survivront pas \u00e0 cette nouvelle attaque des industriels.<\/span><\/span><\/strong><\/p>\n<p style=\"text-align: justify;\"><span style=\"font-family: Comic Sans MS, cursive;\"><span style=\"font-size: medium;\">A Bruxelles, la France d\u00e9fend pourtant les industriels \u00e9trangers plut\u00f4t que les p\u00eacheurs fran\u00e7ais. 98% des p\u00eacheurs demandent l\u2019interdiction de cette m\u00e9thode de p\u00eache qui vide la mer, \u00e9met des tonnes de CO2 et d\u00e9loge le carbone stock\u00e9 gratuitement par l\u2019oc\u00e9an dans les s\u00e9diments marins.<\/span><\/span><\/p>\n<p style=\"text-align: justify;\"><span style=\"font-family: Comic Sans MS, cursive;\"><span style=\"font-size: medium;\">A l\u2019heure du changement climatique et de l\u2019h\u00e9morragie sociale parmi les petits producteurs, vous devez interdire cette pratique. D\u2019urgence.<\/span><\/span><\/p>\n<p style=\"text-align: justify;\"><span style=\"font-family: Comic Sans MS, cursive;\"><span style=\"font-size: medium;\">Le 12 juillet 2022, le Parlement europ\u00e9en a vot\u00e9 l\u2019interdiction de la senne d\u00e9mersale dans les eaux c\u00f4ti\u00e8res normandes et du Nord de la France.<\/span><\/span><\/p>\n<p style=\"text-align: justify;\"><span style=\"font-family: Comic Sans MS, cursive;\"><span style=\"font-size: medium;\">Mais cette victoire est fragile. Et elle est en danger.<br \/>\nL\u2019enjeu est \u00e9norme. Et les ennemis de l\u2019\u00e9cologie nombreux.<\/span><\/span><\/p>\n<p style=\"text-align: justify;\"><span style=\"font-family: Comic Sans MS, cursive;\"><span style=\"font-size: medium;\">Monsieur le Pr\u00e9sident, <\/span><\/span><strong><span style=\"font-family: Comic Sans MS, cursive;\"><span style=\"font-size: medium;\">si vous n\u2019\u00e9levez pas votre voix pour sauver les p\u00eacheurs fran\u00e7ais des pratiques destructrices des industriels n\u00e9erlandais, le 30 septembre, le vote du Parlement sera remis en cause<\/span><\/span><\/strong><span style=\"font-family: Comic Sans MS, cursive;\"><span style=\"font-size: medium;\"> au cours du \u00ab\u00a0Trilogue\u00a0\u00bb (la n\u00e9gociation totalement opaque qui a lieu entre la Commission europ\u00e9enne, le Parlement europ\u00e9en et le Conseil de l\u2019Union).<\/span><\/span><\/p>\n<p style=\"text-align: justify;\"><span style=\"font-family: Comic Sans MS, cursive;\"><span style=\"font-size: medium;\">La France est la premi\u00e8re puissance maritime au sein de l\u2019Union. Personne n\u2019osera remettre en cause votre volont\u00e9 dans le cadre d\u2019un vote concernant les p\u00eacheurs fran\u00e7ais. <\/span><\/span><strong><span style=\"font-family: Comic Sans MS, cursive;\"><span style=\"font-size: medium;\">Pour gagner, il suffit que vous le vouliez. Il suffit de donner des indications claires \u00e0 vos diplomates et aux autres \u00c9tats europ\u00e9ens. Sans instructions de votre part, les diplomates fran\u00e7ais d\u00e9fendront, comme d\u2019habitude, la p\u00eache industrielle. C\u2019est \u00e0 vous de prendre ce dossier en mains et d\u2019exiger la sauvegarde du climat, des animaux marins et des p\u00eacheurs fran\u00e7ais.<\/span><\/span><\/strong><\/p>\n<p style=\"text-align: justify;\"><span style=\"font-family: Comic Sans MS, cursive;\"><span style=\"font-size: medium;\">M. Le Pr\u00e9sident, il est minuit moins une pour la plan\u00e8te et pour l\u2019humanit\u00e9. Or l\u2019oc\u00e9an est un immense puits de carbone qui absorbe pr\u00e8s d\u2019un tiers de nos \u00e9missions de CO2 et agit comme le principal r\u00e9gulateur du climat.<\/span><\/span><\/p>\n<p style=\"text-align: justify;\"><span style=\"font-family: Comic Sans MS, cursive;\"><span style=\"font-size: medium;\">En notre nom, le 30 septembre prochain, r\u00e9sistez aux pressions des lobbies, soyez \u00e0 la hauteur des enjeux et <\/span><\/span><strong><span style=\"font-family: Comic Sans MS, cursive;\"><span style=\"font-size: medium;\">d\u00e9fendez l\u2019interdiction de la senne demersale<\/span><\/span><\/strong><span style=\"font-family: Comic Sans MS, cursive;\"><span style=\"font-size: medium;\"> destructrice du climat, de la biodiversit\u00e9 et des p\u00eacheurs c\u00f4tiers.<\/span><\/span><\/p>\n<p style=\"text-align: center;\"><span style=\"font-family: Comic Sans MS, cursive;\"><span style=\"font-size: medium;\">** **<\/span><\/span><\/p>\n<p style=\"text-align: justify;\"><span style=\"font-family: Comic Sans MS, cursive;\"><span style=\"font-size: medium;\">Nous avons gagn\u00e9 la premi\u00e8re manche au Parlement europ\u00e9en, nous devons gagner le Trilogue. Pour cela, nous avons besoin d\u2019une \u00e9norme mobilisation citoyenne.<\/span><\/span><\/p>\n<p style=\"text-align: justify;\"><span style=\"font-family: Comic Sans MS, cursive;\"><span style=\"font-size: medium;\">Pour donner du poids \u00e0 nos actions et mettre une pression de \u00ab\u00a0dingue\u00a0\u00bb, signez cette p\u00e9tition qui sera envoy\u00e9e au Pr\u00e9sident de la R\u00e9publique Emmanuel Macron, au Secr\u00e9taire d\u2019\u00c9tat charg\u00e9 de la mer Herv\u00e9 Berville et au d\u00e9put\u00e9 europ\u00e9en du parti pr\u00e9sidentiel Pierre Karleskind.<\/span><\/span><\/p>\n<p style=\"text-align: center;\"><span style=\"font-family: Comic Sans MS, cursive;\"><span style=\"font-size: medium;\">** **<\/span><\/span><\/p>\n<p style=\"text-align: justify;\" align=\"left\"><span style=\"color: #032342;\"><span style=\"font-family: Comic Sans MS, cursive;\"><span style=\"font-size: medium;\">Nous avons bien fait de nous r\u00e9jouir la semaine derni\u00e8re \u00e0 l\u2019annonce de la protection de 16 000 km\u00b2 d\u2019\u00e9cosyst\u00e8mes profonds dans l\u2019Atlantique, car cette semaine, les nouvelles ne sont pas r\u00e9jouissantes : <b>\u00e0 Bruxelles, des n\u00e9gociations cruciales pour l\u2019oc\u00e9an ont d\u00e9marr\u00e9. Et devinez quoi ?<\/b><\/span><\/span><\/span><\/p>\n<p style=\"text-align: justify;\" align=\"left\"><span style=\"color: #032342;\"><span style=\"font-family: Comic Sans MS, cursive;\"><span style=\"font-size: medium;\">Emmanuel Macron a fait le choix de d\u00e9fendre les lobbies industriels au d\u00e9triment des animaux marins et des p\u00eacheurs c\u00f4tiers. Face \u00e0 cette nouvelle atteinte \u00e0 l\u2019int\u00e9r\u00eat g\u00e9n\u00e9ral humain et \u00e9cologique, nous avons lanc\u00e9 une mobilisation d\u2019urgence : <b>il nous reste une semaine pour forcer les \u00c9tats climaticides \u00e0 se d\u00e9partir de l\u2019emprise des lobbies industriels.<\/b><\/span><\/span><\/span><\/p>\n<p style=\"text-align: justify;\" align=\"left\"><span style=\"color: #032342;\"><span style=\"font-family: Comic Sans MS, cursive;\"><span style=\"font-size: medium;\">Sans votre intervention citoyenne, nous risquons de perdre un arbitrage crucial pour le climat et les emplois du littoral fran\u00e7ais. Et <b>notre objectif n\u2019est pas mince<\/b> : Emmanuel Macron doit ressentir une pression citoyenne gigantesque pour \u00eatre oblig\u00e9 d\u2019en tenir compte et de d\u00e9fendre les p\u00eacheurs fran\u00e7ais et le climat \u00e0 Bruxelles. Autant vous dire que <b>la mobilisation de chacune et chacun d\u2019entre vous sera d\u00e9terminante.<\/b><\/span><\/span><\/span><\/p>\n<h3 class=\"western\" style=\"text-align: justify;\" align=\"left\"><span style=\"color: #e41c67;\"><span style=\"font-family: Comic Sans MS, cursive;\"><span style=\"font-size: medium;\"><b>N\u00e9gociations opaques et diktat des lobbies<\/b><\/span><\/span><\/span><\/h3>\n<p style=\"text-align: justify;\" align=\"left\"><span style=\"color: #032342;\"><span style=\"font-family: Comic Sans MS, cursive;\"><span style=\"font-size: medium;\"><b>Le 29 septembre prochain, <\/b>les n\u00e9gociations opaques de \u00ab trilogue \u00bb entre la Commission europ\u00e9enne, le Parlement europ\u00e9en et le Conseil de l\u2019UE vont d\u00e9cider de <b>l\u2019interdiction ou non de la \u00ab senne d\u00e9mersale \u00bb, une technique de p\u00eache d\u00e9vastatrice <\/b>apparent\u00e9e au chalutage de fond, invent\u00e9e par les industriels n\u00e9erlandais.<\/span><\/span><\/span><\/p>\n<p style=\"text-align: justify;\" align=\"left\"><span style=\"color: #032342;\"><span style=\"font-family: Comic Sans MS, cursive;\"><span style=\"font-size: medium;\">Cette m\u00e9thode de capture consiste \u00e0 d\u00e9ployer un c\u00e2ble sur les fonds marins et \u00e0 le rabattre ensuite sur les poissons pi\u00e9g\u00e9s en cr\u00e9ant un mur de s\u00e9diments autour d\u2019eux. <b>Cinq senneurs ratissent en une seule journ\u00e9e une surface \u00e9quivalente \u00e0 celle de Paris ! <\/b>Rien ne leur \u00e9chappe.<\/span><\/span><\/span><\/p>\n<p style=\"text-align: justify;\" align=\"left\"><span style=\"color: #032342;\"><span style=\"font-family: Comic Sans MS, cursive;\"><span style=\"font-size: medium;\">Apr\u00e8s la p\u00eache \u00e9lectrique, nous voil\u00e0 de nouveau face \u00e0 une <b>funeste \u00ab innovation \u00bb des N\u00e9erlandais qui transforme nos mers en d\u00e9serts et nos ports de p\u00eache en cimeti\u00e8res.<\/b><\/span><\/span><\/span><\/p>\n<h3 class=\"western\" style=\"text-align: justify;\" align=\"left\"><span style=\"color: #e41c67;\"><span style=\"font-family: Comic Sans MS, cursive;\"><span style=\"font-size: medium;\"><b>Stop \u00e0 la destruction du vivant<\/b><\/span><\/span><\/span><\/h3>\n<p style=\"text-align: justify;\" align=\"left\"><span style=\"color: #032342;\"><span style=\"font-family: Comic Sans MS, cursive;\"><span style=\"font-size: medium;\">Les navires industriels ultra-technologiques des N\u00e9erlandais sont autoris\u00e9s \u00e0 p\u00eacher en Manche et \u00e0 entrer en concurrence directe avec les p\u00eacheurs c\u00f4tiers du Nord et de Normandie. Apr\u00e8s plusieurs ann\u00e9es d\u2019alertes ignor\u00e9es, <b>les p\u00eacheurs fran\u00e7ais, \u00e0 bout de souffle, sont en train de jouer leur survie \u00e9conomique.<\/b><\/span><\/span><\/span><\/p>\n<p style=\"text-align: justify;\" align=\"left\"><span style=\"color: #032342;\"><span style=\"font-family: Comic Sans MS, cursive;\"><span style=\"font-size: medium;\"><b>Avec eux, nous avons gagn\u00e9 une premi\u00e8re \u00e9tape indispensable <\/b>pour mettre fin au d\u00e9sastre \u00e9cologique et social dans les eaux fran\u00e7aises : le 12 juillet dernier, nous avons convaincu le Parlement europ\u00e9en de voter l\u2019interdiction de la senne d\u00e9mersale.<\/span><\/span><\/span><\/p>\n<p style=\"text-align: justify;\" align=\"left\"><span style=\"color: #032342;\"><span style=\"font-family: Comic Sans MS, cursive;\"><span style=\"font-size: medium;\"><b>Aujourd\u2019hui, ce vote est mis en danger par le gouvernement Macron car la France soutient les industriels et abandonne ses propres p\u00eacheurs c\u00f4tiers.<\/b><\/span><\/span><\/span><\/p>\n<h3 class=\"western\" style=\"text-align: justify;\" align=\"left\"><span style=\"color: #e41c67;\"><span style=\"font-family: Comic Sans MS, cursive;\"><span style=\"font-size: medium;\"><b>Pourquoi la France soutient-elle les industriels contre ses propres p\u00eacheurs c\u00f4tiers ?<\/b><\/span><\/span><\/span><\/h3>\n<p style=\"text-align: justify;\" align=\"left\"><span style=\"color: #032342;\"><span style=\"font-family: Comic Sans MS, cursive;\"><span style=\"font-size: medium;\">Parce que le gouvernement n\u2019\u00e9coute que les lobbies et ignore souverainement les petits m\u00e9tiers. Nos diplomates \u00e0 Bruxelles prennent les consignes donn\u00e9es par les suppos\u00e9s \u00ab repr\u00e9sentants \u00bb des p\u00eacheurs : le \u00ab Comit\u00e9 national des p\u00eaches maritimes \u00bb (CNPM), qui joue dans la p\u00eache un r\u00f4le \u00e9quivalent \u00e0 celui de la FNSEA dans l\u2019agriculture et dont le bureau refl\u00e8te syst\u00e9matiquement les int\u00e9r\u00eats des puissants et des lobbies industriels. C\u2019est un scandale qui a trop dur\u00e9.<\/span><\/span><\/span><\/p>\n<h3 class=\"western\" style=\"text-align: justify;\" align=\"left\"><span style=\"color: #e41c67;\"><span style=\"font-family: Comic Sans MS, cursive;\"><span style=\"font-size: medium;\"><b>La r\u00e9sistance s&rsquo;organise<\/b><\/span><\/span><\/span><\/h3>\n<p style=\"text-align: justify;\" align=\"left\"><span style=\"color: #032342;\"><span style=\"font-family: Comic Sans MS, cursive;\"><span style=\"font-size: medium;\">La coupe des p\u00eacheurs est pleine et le compte \u00e0 rebours du GIEC est enclench\u00e9 : <b>c\u2019est maintenant ou jamais que les grandes d\u00e9clarations pour le climat et la lutte pour les \u00e9quilibres \u00e9conomiques sur les territoires se rejoignent.<\/b><\/span><\/span><\/span><\/p>\n<p style=\"text-align: justify;\" align=\"left\"><span style=\"color: #032342;\"><span style=\"font-family: Comic Sans MS, cursive;\"><span style=\"font-size: medium;\">Nous luttons nuit et jour depuis deux semaines pour gagner le vote du 29 septembre et faire interdire la senne d\u00e9mersale. <b>Il nous reste six jours pour gagner. <\/b>Six jours pour exercer un maximum de pression sur Emmanuel Macron.<\/span><\/span><\/span><\/p>\n<p style=\"text-align: justify;\" align=\"left\"><span style=\"color: #032342;\"><span style=\"font-family: Comic Sans MS, cursive;\"><span style=\"font-size: medium;\">Apr\u00e8s une avalanche de catastrophes climatiques cet \u00e9t\u00e9, nous n\u2019avons plus de temps \u00e0 perdre pour d\u00e9fendre le climat, la biodiversit\u00e9 marine et les entreprises familiales des p\u00eacheurs c\u00f4tiers.<\/span><\/span><\/span><\/p>\n<p style=\"text-align: justify;\" align=\"left\"><span style=\"color: #032342;\"><span style=\"font-family: Comic Sans MS, cursive;\"><span style=\"font-size: medium;\">Citoyens, \u00e9lus, p\u00eacheurs c\u00f4tiers : une formidable r\u00e9sistance collective s\u2019organise face \u00e0 ce carnage et \u00e0 la position supr\u00eamement honteuse de la France.<\/span><\/span><\/span><\/p>\n<p style=\"text-align: justify;\" align=\"left\"><span style=\"color: #032342;\"><span style=\"font-family: Comic Sans MS, cursive;\"><span style=\"font-size: medium;\">Notre mobilisation a commenc\u00e9 par <\/span><\/span><\/span><span style=\"color: #032342;\"><span style=\"font-family: Comic Sans MS, cursive;\"><span style=\"font-size: medium;\"><b>une lettre ouverte \u00e0 Emmanuel Macron de notre fondatrice <\/b><\/span><\/span><\/span><span style=\"color: #032342;\"><span style=\"font-family: Comic Sans MS, cursive;\"><span style=\"font-size: medium;\">Claire Nouvian : <\/span><\/span><\/span><a href=\"http:\/\/go.bloomassociation.org\/lnk\/AWIAADEQ_WIAAcwsLnYAADS7yPsAAJidrjsAnMTxAAHEIQBjLaQ_YOiYmJsZSmOd_arXA0mMtgABsNo\/5\/K6pl8FhFpnqs5fM-snRsig\/aHR0cHM6Ly93d3cubGliZXJhdGlvbi5mci9pZGVlcy1ldC1kZWJhdHMvdHJpYnVuZXMvbW9uc2lldXItbGUtcHJlc2lkZW50LWxlcy1wZWNoZXVycy1hcnRpc2Fucy1zZS1tZXVyZW50LWV0LXZvdXMtcmVnYXJkZXotYWlsbGV1cnMtcGFyLWNsYWlyZS1ub3V2aWFuLTIwMjIwOTE0X1VaSlNVQVlTT1JFMlZPR040T0FGNU9XRlZVLz91dG1fY2FtcGFpZ249TkwlMjAtJTIwU3ltcGF0aGlzYW50cyUyMC0lMjBQJUMzJUE5dGl0aW9uJTIwU2VubmUmdXRtX21lZGl1bT1lbWFpbCZ1dG1fc291cmNlPU1haWxqZXQ\" target=\"_blank\" rel=\"noopener\"><span style=\"color: #032342;\"><span style=\"font-family: Comic Sans MS, cursive;\"><span style=\"font-size: medium;\"><u>\u00ab Monsieur le Pr\u00e9sident, les p\u00eacheurs artisans se meurent et vous regardez ailleurs \u00bb.<\/u><\/span><\/span><\/span><\/a><\/p>\n<p style=\"text-align: justify;\" align=\"left\"><span style=\"color: #032342;\"><span style=\"font-family: Comic Sans MS, cursive;\"><span style=\"font-size: medium;\"><b>Puis les citoyens ont pris le relais.<\/b><\/span><\/span><\/span><span style=\"color: #032342;\"><span style=\"font-family: Comic Sans MS, cursive;\"><span style=\"font-size: medium;\"> En quelques jours seulement, des milliers de personnes ont interpell\u00e9 Emmanuel Macron sur les r\u00e9seaux sociaux et ont <\/span><\/span><\/span><a href=\"http:\/\/go.bloomassociation.org\/lnk\/AWIAADEQ_WIAAcwsLnYAADS7yPsAAJidrjsAnMTxAAHEIQBjLaQ_YOiYmJsZSmOd_arXA0mMtgABsNo\/6\/yFMmSWzPTzSP8Ae6H7C7VA\/aHR0cHM6Ly9pbnRlcmRpY3Rpb24tc2VubmUuYmxvb21hc3NvY2lhdGlvbi5vcmcvP3V0bV9jYW1wYWlnbj1OTCUyMC0lMjBTeW1wYXRoaXNhbnRzJTIwLSUyMFAlQzMlQTl0aXRpb24lMjBTZW5uZSZ1dG1fbWVkaXVtPWVtYWlsJnV0bV9zb3VyY2U9TWFpbGpldA\" target=\"_blank\" rel=\"noopener\"><span style=\"color: #032342;\"><span style=\"font-family: Comic Sans MS, cursive;\"><span style=\"font-size: medium;\"><u><b>sign\u00e9 notre p\u00e9tition pour l\u2019interdiction de la senne d\u00e9mersale !<\/b><\/u><\/span><\/span><\/span><\/a><span style=\"color: #032342;\"><span style=\"font-family: Comic Sans MS, cursive;\"><span style=\"font-size: medium;\"> Cette mobilisation est notre plus grande source d\u2019espoir. <\/span><\/span><\/span><span style=\"color: #032342;\"><span style=\"font-family: Comic Sans MS, cursive;\"><span style=\"font-size: medium;\"><b>Il faut qu\u2019une immense vague citoyenne d\u00e9ferle jusqu\u2019\u00e0 Bruxelles<\/b><\/span><\/span><\/span><span style=\"color: #032342;\"><span style=\"font-family: Comic Sans MS, cursive;\"><span style=\"font-size: medium;\"> pour renverser les ennemis de l\u2019\u00e9cologie et de l\u2019int\u00e9r\u00eat g\u00e9n\u00e9ral.<\/span><\/span><\/span><\/p>\n<p style=\"text-align: justify;\" align=\"left\"><span style=\"color: #032342;\"><span style=\"font-family: Comic Sans MS, cursive;\"><span style=\"font-size: medium;\">Dans le m\u00eame temps, <\/span><\/span><\/span><span style=\"color: #032342;\"><span style=\"font-family: Comic Sans MS, cursive;\"><span style=\"font-size: medium;\"><b>plus de 120 d\u00e9put\u00e9s et s\u00e9nateurs se sont associ\u00e9s \u00e0 notre combat en signant une tribune publi\u00e9e dans <\/b><\/span><\/span><\/span><span style=\"color: #032342;\"><span style=\"font-family: Comic Sans MS, cursive;\"><span style=\"font-size: medium;\"><i><b>Le Monde<\/b><\/i><\/span><\/span><\/span><span style=\"color: #032342;\"><span style=\"font-family: Comic Sans MS, cursive;\"><span style=\"font-size: medium;\"> : <\/span><\/span><\/span><a href=\"http:\/\/go.bloomassociation.org\/lnk\/AWIAADEQ_WIAAcwsLnYAADS7yPsAAJidrjsAnMTxAAHEIQBjLaQ_YOiYmJsZSmOd_arXA0mMtgABsNo\/7\/4upUb2k-eAM-XdFtsFRxrQ\/aHR0cHM6Ly93d3cubGVtb25kZS5mci9pZGVlcy9hcnRpY2xlLzIwMjIvMDkvMjEvbGEtZnJhbmNlLWRvaXQtZWxldmVyLXNhLXZvaXgtcG91ci1zYXV2ZXItbGVzLXBlY2hldXJzLWZyYW5jYWlzLWRlcy1wcmF0aXF1ZXMtZGVzdHJ1Y3RyaWNlcy1kZXMtaW5kdXN0cmllbHMtbmVlcmxhbmRhaXNfNjE0MjUxMV8zMjMyLmh0bWw_dXRtX2NhbXBhaWduPU5MJTIwLSUyMFN5bXBhdGhpc2FudHMlMjAtJTIwUCVDMyVBOXRpdGlvbiUyMFNlbm5lJnV0bV9tZWRpdW09ZW1haWwmdXRtX3NvdXJjZT1NYWlsamV0\" target=\"_blank\" rel=\"noopener\"><span style=\"color: #032342;\"><span style=\"font-family: Comic Sans MS, cursive;\"><span style=\"font-size: medium;\"><u>\u00ab La France doit \u00e9lever sa voix pour sauver les p\u00eacheurs fran\u00e7ais des pratiques destructrices des industriels n\u00e9erlandais \u00bb<\/u><\/span><\/span><\/span><\/a><\/p>\n","protected":false},"excerpt":{"rendered":"<p>Exit la senne d\u00e9mersale<\/p>\n","protected":false},"author":2,"featured_media":0,"comment_status":"closed","ping_status":"closed","sticky":false,"template":"","format":"standard","meta":{"footnotes":""},"categories":[1],"tags":[],"class_list":["post-11670","post","type-post","status-publish","format-standard","hentry","category-non-classe"],"_links":{"self":[{"href":"https:\/\/www.quieryavenir.fr\/blog\/wp-json\/wp\/v2\/posts\/11670","targetHints":{"allow":["GET"]}}],"collection":[{"href":"https:\/\/www.quieryavenir.fr\/blog\/wp-json\/wp\/v2\/posts"}],"about":[{"href":"https:\/\/www.quieryavenir.fr\/blog\/wp-json\/wp\/v2\/types\/post"}],"author":[{"embeddable":true,"href":"https:\/\/www.quieryavenir.fr\/blog\/wp-json\/wp\/v2\/users\/2"}],"replies":[{"embeddable":true,"href":"https:\/\/www.quieryavenir.fr\/blog\/wp-json\/wp\/v2\/comments?post=11670"}],"version-history":[{"count":1,"href":"https:\/\/www.quieryavenir.fr\/blog\/wp-json\/wp\/v2\/posts\/11670\/revisions"}],"predecessor-version":[{"id":11671,"href":"https:\/\/www.quieryavenir.fr\/blog\/wp-json\/wp\/v2\/posts\/11670\/revisions\/11671"}],"wp:attachment":[{"href":"https:\/\/www.quieryavenir.fr\/blog\/wp-json\/wp\/v2\/media?parent=11670"}],"wp:term":[{"taxonomy":"category","embeddable":true,"href":"https:\/\/www.quieryavenir.fr\/blog\/wp-json\/wp\/v2\/categories?post=11670"},{"taxonomy":"post_tag","embeddable":true,"href":"https:\/\/www.quieryavenir.fr\/blog\/wp-json\/wp\/v2\/tags?post=11670"}],"curies":[{"name":"wp","href":"https:\/\/api.w.org\/{rel}","templated":true}]}}