{"id":11681,"date":"2022-09-29T02:56:04","date_gmt":"2022-09-29T00:56:04","guid":{"rendered":"https:\/\/www.quieryavenir.fr\/blog\/?p=11681"},"modified":"2022-09-27T11:57:32","modified_gmt":"2022-09-27T09:57:32","slug":"souverainete-energetique","status":"publish","type":"post","link":"https:\/\/www.quieryavenir.fr\/blog\/2022\/09\/29\/souverainete-energetique\/","title":{"rendered":"Souverainet\u00e9 \u00e9nerg\u00e9tique"},"content":{"rendered":"<h1 class=\"western\" style=\"text-align: justify;\"><strong><span style=\"font-family: Comic Sans MS, cursive;\"><span style=\"font-size: medium;\">Ou comment sacrifier l\u2019\u00e9cologie au b\u00e9n\u00e9fice des g\u00e9ants de l\u2019\u00e9nergie<\/span><\/span><\/strong><\/h1>\n<p><img loading=\"lazy\" decoding=\"async\" class=\"wp-image-11673 aligncenter\" src=\"https:\/\/www.quieryavenir.fr\/blog\/wp-content\/uploads\/2022\/09\/RAP-nancy-220927-02-224x300.jpg\" alt=\"\" width=\"438\" height=\"587\" srcset=\"https:\/\/www.quieryavenir.fr\/blog\/wp-content\/uploads\/2022\/09\/RAP-nancy-220927-02-224x300.jpg 224w, https:\/\/www.quieryavenir.fr\/blog\/wp-content\/uploads\/2022\/09\/RAP-nancy-220927-02.jpg 500w\" sizes=\"auto, (max-width: 438px) 100vw, 438px\" \/><\/p>\n<p><!--more--><\/p>\n<p style=\"text-align: justify;\"><span style=\"font-family: Comic Sans MS, cursive;\"><span style=\"font-size: medium;\">A rebours de toute politique \u00e9cologique, les mesures pour \u00ab garantir la souverainet\u00e9 \u00e9nerg\u00e9tique \u00bb vot\u00e9es avec la loi pouvoir d\u2019achat viennent relancer les industries fossiles les plus polluantes. Une catastrophe du point de vue de l\u2019environnement, et aubaine pour les g\u00e9ants de l\u2019\u00e9nergie, au premier rang desquels Total.<\/span><\/span><\/p>\n<p style=\"text-align: justify;\"><span style=\"font-family: Comic Sans MS, cursive;\"><span style=\"font-size: medium;\">Le <a href=\"https:\/\/www.actu-environnement.com\/ae\/news\/elisatech-borne-discours-assemblee-nationale-tranformations-radicales-39973.php4\" target=\"_blank\" rel=\"noopener\">6 juillet dernier<\/a>, \u00e0 l\u2019occasion de son premier discours devant l\u2019Assembl\u00e9e nationale, la premi\u00e8re ministre d\u00e9clarait en grande pompe\u00a0: <\/span><\/span><span style=\"font-family: Comic Sans MS, cursive;\"><span style=\"font-size: medium;\"><i>\u00ab\u00a0nous serons la premi\u00e8re grande nation \u00e0 sortir des \u00e9nergies fossiles, c\u2019est la garantie de notre souverainet\u00e9 \u00e9nerg\u00e9tique\u00a0\u00bb<\/i><\/span><\/span><span style=\"font-family: Comic Sans MS, cursive;\"><span style=\"font-size: medium;\">. Visiblement, la probabilit\u00e9 de voir les industriels confront\u00e9s \u00e0 <a href=\"https:\/\/www.francetvinfo.fr\/vrai-ou-fake\/vrai-ou-fake-n-y-a-t-il-aucun-risque-de-coupure-d-electricite-l-hiver-prochain-comme-l-assure-emmanuel-macron_5183035.html\" target=\"_blank\" rel=\"noopener\">des difficult\u00e9s d\u2019approvisionnement \u00e0 l\u2019hiver 2022-2023<\/a> aura eu raison des v\u0153ux pieux d\u2019Elizabeth Borne. Titre III de la <a href=\"https:\/\/www.assemblee-nationale.fr\/dyn\/16\/textes\/l16t0003_texte-adopte-seance#\" target=\"_blank\" rel=\"noopener\">\u00ab\u00a0loi portant mesures d\u2019urgence pour la protection du pouvoir d\u2019achat\u00a0\u00bb<\/a>, le volet \u00ab\u00a0souverainet\u00e9 \u00e9nerg\u00e9tique\u00a0\u00bb vient confirmer que, pour le gouvernement, il n\u2019y a pas d\u2019\u00e9cologie qui tienne lorsqu\u2019il s\u2019agit de pr\u00e9server l\u2019\u00e9conomie pour les grands capitalistes. Le texte, qui ne contient aucune mesure concernant directement le pouvoir d\u2019achat, est en effet un vaste bouquet de <\/span><\/span><span style=\"font-family: Comic Sans MS, cursive;\"><span style=\"font-size: medium;\"><i>\u00ab\u00a0cadeau \u00e0 l\u2019industrie fossile\u00a0\u00bb<\/i><\/span><\/span><span style=\"font-family: Comic Sans MS, cursive;\"><span style=\"font-size: medium;\"> que le gouvernement entend l\u00e9gitimer par l\u2019entr\u00e9e en \u00ab\u00a0\u00e9conomie de guerre\u00a0\u00bb en r\u00e9ponse au conflit en Ukraine et la crise \u00e9nerg\u00e9tique qui en d\u00e9coule.<\/span><\/span><\/p>\n<p style=\"text-align: justify;\"><strong><span style=\"font-family: Comic Sans MS, cursive;\"><span style=\"font-size: medium;\">Une loi qui vient renforcer le recours aux \u00e9nergies d\u00e9vastatrices pour l\u2019environnement<\/span><\/span><\/strong><\/p>\n<p style=\"text-align: justify;\"><span style=\"font-family: Comic Sans MS, cursive;\"><span style=\"font-size: medium;\">Le projet de loi valid\u00e9 par l\u2019Assembl\u00e9e autorise un <\/span><\/span><span style=\"font-family: Comic Sans MS, cursive;\"><span style=\"font-size: medium;\"><i>\u00ab\u00a0rehaussement\u00a0\u00bb<\/i><\/span><\/span><span style=\"font-family: Comic Sans MS, cursive;\"><span style=\"font-size: medium;\"> du plafond d\u2019\u00e9missions de gaz \u00e0 effet de serre en cas de <\/span><\/span><span style=\"font-family: Comic Sans MS, cursive;\"><span style=\"font-size: medium;\"><i>\u00ab\u00a0menace sur la s\u00e9curit\u00e9 d\u2019approvisionnement en \u00e9lectricit\u00e9 sur tout ou partie du territoire national\u00a0\u00bb<\/i><\/span><\/span><span style=\"font-family: Comic Sans MS, cursive;\"><span style=\"font-size: medium;\">. A rebours des mesures pr\u00e9vues par la <a href=\"https:\/\/www.ecologie.gouv.fr\/projet-loi-energie-climat-fermeture-des-centrales-charbon-inscrite-dans-loi\" target=\"_blank\" rel=\"noopener\">loi sur la \u00ab\u00a0transition \u00e9nerg\u00e9tique\u00a0\u00bb<\/a>, qui visaient un abandon du charbon pour 2022, il permet un <a href=\"https:\/\/www.francetvinfo.fr\/economie\/pouvoir-achat\/projet-de-loi-pouvoir-d-achat-ces-mesures-pour-la-souverainete-energetique-contestees-par-les-defenseurs-de-l-environnement_5269927.html\" target=\"_blank\" rel=\"noopener\">recours accru aux centrales thermiques<\/a>, et notamment aux centrales \u00e0 charbon, trois fois plus polluant que le gaz. Le gouvernement pr\u00e9voit ainsi d\u2019augmenter la production de la centrale de Cordemais (Loire-Atlantique), derni\u00e8re de son genre encore en activit\u00e9, mais surtout, de red\u00e9marrer la centrale de Saint-Avold (Moselle), qui devait jusqu\u2019alors \u00eatre <a href=\"https:\/\/www.lexpress.fr\/actualites\/1\/societe\/dopee-par-les-deboires-du-nucleaire-la-centrale-de-saint-avold-meurt-en-bonne-sante_2168118.html\" target=\"_blank\" rel=\"noopener\">d\u00e9mantel\u00e9e et reconvertie pour devenir\u2026 moins polluante<\/a>.<\/span><\/span><\/p>\n<p style=\"text-align: justify;\"><span style=\"font-family: Comic Sans MS, cursive;\"><span style=\"font-size: medium;\">Un recul qui ne se limite pas \u00e0 l\u2019exploitation du charbon\u00a0: au-del\u00e0 de relancer des centrales ultrapolluantes, le gouvernement pr\u00e9voit d\u2019acc\u00e9l\u00e9rer la construction d\u2019un <a href=\"https:\/\/www.francetvinfo.fr\/economie\/pouvoir-achat\/projet-de-loi-pouvoir-d-achat-ces-mesures-pour-la-souverainete-energetique-contestees-par-les-defenseurs-de-l-environnement_5269927.html\" target=\"_blank\" rel=\"noopener\">terminal m\u00e9thanier au Havre (Seine-Maritime)<\/a>, pour importer du gaz naturel liqu\u00e9fi\u00e9. Exploit\u00e9 par TotalEnergies, ce terminal, qui vise \u00e0 augmenter les importations d\u2019une \u00e9nergie en elle-m\u00eame polluante, se verrait accorder une possible exon\u00e9ration d\u2019\u00e9valuation environnementale, et permettrait \u00e0 la premi\u00e8re entreprise fran\u00e7aise d\u2019importer en France davantage de gaz de schiste en provenance des Etats-Unis. Or, comme le souligne pour <\/span><\/span><span style=\"font-family: Comic Sans MS, cursive;\"><span style=\"font-size: medium;\"><i>France Info<\/i><\/span><\/span><span style=\"font-family: Comic Sans MS, cursive;\"><span style=\"font-size: medium;\"> l\u2019\u00e9cologiste Delphine Batho, la m\u00e9thode d\u2019extraction de ce gaz, la fraction hydraulique (interdite en France) en fait l\u2019une des <\/span><\/span><span style=\"font-family: Comic Sans MS, cursive;\"><span style=\"font-size: medium;\"><i>\u00ab\u00a0\u00e9nergies fossiles les plus sales \u00e0 l\u2019international\u00a0\u00bb<\/i><\/span><\/span><span style=\"font-family: Comic Sans MS, cursive;\"><span style=\"font-size: medium;\">.<\/span><\/span><\/p>\n<h3 class=\"western\" style=\"text-align: justify;\"><span style=\"font-family: Comic Sans MS, cursive;\"><span style=\"font-size: medium;\">Alors que l\u2019augmentation des prix permet des b\u00e9n\u00e9fices records, une nouvelle salve de cadeaux pour Total et les g\u00e9ants de l\u2019\u00e9nergie<\/span><\/span><\/h3>\n<p style=\"text-align: justify;\"><span style=\"font-family: Comic Sans MS, cursive;\"><span style=\"font-size: medium;\">Alors que les prix de l\u2019\u00e9nergie ont <a href=\"https:\/\/www.capital.fr\/conso\/voici-la-liste-des-produits-dont-les-prix-ont-le-plus-flambe-cette-annee-1442078\" target=\"_blank\" rel=\"noopener\">augment\u00e9 en moyenne de 33\u00a0% en 2022<\/a> (entre juillet 2021 et juillet 2022, <a href=\"https:\/\/www.gazdaujourdhui.fr\/energie-que-faut-il-retenir-du-projet-de-loi-pouvoir-dachat\/\" target=\"_blank\" rel=\"noopener\">28% pour le gaz, 24\u00a0% pour l\u2019essence et 35% pour l\u2019\u00e9lectricit\u00e9<\/a>), les multinationales ont largement profit\u00e9 des probl\u00e8mes d\u2019approvisionnement et de la guerre en Ukraine pour augmenter leurs prix et leurs marges. <a href=\"https:\/\/www.revolutionpermanente.fr\/Enfumage-Total-Une-remise-a-la-pompe-temporaire-pour-continuer-a-profiter-de-la-crise\">Au premier rang des profiteurs<\/a>, Total affichait jusqu\u2019\u00e0 r\u00e9cemment des prix au-dessus des 2\u20ac\/L, malgr\u00e9 la remise de 18cts du gouvernement, et devrait r\u00e9aliser des b\u00e9n\u00e9fices de 22 milliards en 2022, contre 15 milliards en 2021. Une dynamique largement encourag\u00e9e par le gouvernement, qui prend le pr\u00e9texte de la crise et de la n\u00e9cessit\u00e9 d\u2019une \u00ab\u00a0souverainet\u00e9 \u00e9nerg\u00e9tique\u00a0\u00bb pour multiplier les cadeaux au secteur de l\u2019\u00e9nergie. Le projet de \u00ab\u00a0renationalisation\u00a0\u00bb d\u2019EDF, pr\u00e9sent\u00e9 comme une mesure en faveur de l\u2019acc\u00e8s \u00e0 l\u2019\u00e9nergie, <a href=\"https:\/\/www.revolutionpermanente.fr\/Re-nationalisation-d-EDF-le-gouvernement-veut-eponger-les-dettes-pour-mieux-privatiser\">vise avant tout \u00e0 faire \u00e9ponger la dette par l\u2019Etat, avant de revendre les secteurs les plus rentables de l\u2019entreprise<\/a>. Comme le souligne le <a href=\"https:\/\/www.amisdelaterre.org\/communique-presse\/pjl-pouvoir-dachat-les-deputes-votent-pour-plus-de-dependance-au-gaz\/\" target=\"_blank\" rel=\"noopener\">communiqu\u00e9<\/a> publi\u00e9 par les <\/span><\/span><span style=\"font-family: Comic Sans MS, cursive;\"><span style=\"font-size: medium;\"><i>Amis de la Terre<\/i><\/span><\/span><span style=\"font-family: Comic Sans MS, cursive;\"><span style=\"font-size: medium;\">, avec la loi pouvoir d\u2019achat, <\/span><\/span><span style=\"font-family: Comic Sans MS, cursive;\"><span style=\"font-size: medium;\"><i>\u00ab\u00a0le gouvernement instrumentalise la guerre en Ukraine pour faire des cadeaux \u00e0 l\u2019industrie fossile qui profite d\u00e9j\u00e0 largement de la crise\u00a0\u00bb<\/i><\/span><\/span><span style=\"font-family: Comic Sans MS, cursive;\"><span style=\"font-size: medium;\">.<\/span><\/span><\/p>\n<p style=\"text-align: justify;\"><span style=\"font-family: Comic Sans MS, cursive;\"><span style=\"font-size: medium;\">TotalEnergies se verrait ainsi accorder <a href=\"https:\/\/www.actu-environnement.com\/ae\/news\/pouvoir-achat-loi-soutien-energies-fossiles-nucleaire-40076.php4\" target=\"_blank\" rel=\"noopener\">une s\u00e9rie de d\u00e9rogations proc\u00e9durales<\/a>, permettant l\u2019acc\u00e9l\u00e9ration de la construction du terminal m\u00e9thanier du Havre\u00a0: l\u2019exon\u00e9ration d\u2019\u00e9valuation environnementale, mais aussi l\u2019autorisation de r\u00e9aliser une partie des travaux sans attendre la validation de l\u2019ensemble du projet, ou encore le droit de passer outre la consultation des communes concern\u00e9es par les travaux. Pour la r\u00e9ouverture de la centrale de Saint-Avold, exploit\u00e9e par EDF, la direction devrait quant \u00e0 elle b\u00e9n\u00e9ficier d\u2019une <a href=\"https:\/\/twitter.com\/LCP\/status\/1550275131611951105\" target=\"_blank\" rel=\"noopener\">d\u00e9rogation au droit du travail<\/a> pour permettre de r\u00e9embaucher d\u2019anciens salari\u00e9s, licenci\u00e9s du site lors de la fermeture, auxquels seront propos\u00e9s des contrats pr\u00e9caires de 36 mois. Une attaque suppl\u00e9mentaire pour ces travailleuses et travailleurs.<\/span><\/span><\/p>\n<p style=\"text-align: justify;\"><span style=\"font-family: Comic Sans MS, cursive;\"><span style=\"font-size: medium;\">Laurent Radisson, journaliste pour <\/span><\/span><a href=\"https:\/\/www.actu-environnement.com\/ae\/news\/pouvoir-achat-loi-soutien-energies-fossiles-nucleaire-40076.php4\" target=\"_blank\" rel=\"noopener\"><span style=\"font-family: Comic Sans MS, cursive;\"><span style=\"font-size: medium;\"><i>Actu-environnement<\/i><\/span><\/span><\/a><span style=\"font-family: Comic Sans MS, cursive;\"><span style=\"font-size: medium;\">, souligne que le projet de loi favorise par ailleurs les diff\u00e9rents acteurs de la production d\u2019\u00e9nergie nucl\u00e9aire en France\u00a0: <\/span><\/span><span style=\"font-family: Comic Sans MS, cursive;\"><span style=\"font-size: medium;\"><i>\u00ab\u00a0Le projet de loi contient \u00e9galement des dispositions visant \u00e0 organiser l\u2019acc\u00e8s r\u00e9gul\u00e9 \u00e0 l\u2019\u00e9lectricit\u00e9 nucl\u00e9aire historique (Arenh), qui permet aux fournisseurs alternatifs d\u2019\u00e9nergie d\u2019avoir acc\u00e8s \u00e0 moindres frais \u00e0 une partie de la production d\u2019\u00e9lectricit\u00e9 nucl\u00e9aire d\u2019EDF.\u00a0\u00bb<\/i><\/span><\/span><span style=\"font-family: Comic Sans MS, cursive;\"><span style=\"font-size: medium;\"> Une s\u00e9rie d\u2019amendements, propos\u00e9s par les d\u00e9put\u00e9s LR, vise \u00e0 augmenter le co\u00fbt de l\u2019achat d\u2019\u00e9nergie pour les fournisseurs, afin de <\/span><\/span><span style=\"font-family: Comic Sans MS, cursive;\"><span style=\"font-size: medium;\"><i>\u00ab\u00a0relancer le programme nucl\u00e9aire\u00a0\u00bb<\/i><\/span><\/span><span style=\"font-family: Comic Sans MS, cursive;\"><span style=\"font-size: medium;\"> et d\u2019encourager le financement de nouveaux r\u00e9acteurs, afin d\u2019augmenter la production d\u2019\u00e9nergie nucl\u00e9aire \u2013 qui sera ensuite vendue aux diff\u00e9rents fournisseurs, avec, \u00e0 la cl\u00e9, un risque d\u2019augmentation des prix pour le consommateur.<\/span><\/span><\/p>\n<h3 class=\"western\" style=\"text-align: justify;\"><span style=\"font-family: Comic Sans MS, cursive;\"><span style=\"font-size: medium;\">Face \u00e0 la crise \u00e9cologique, l\u2019urgence de lier luttes pour l\u2019environnement et contre le capitalisme\u00a0!<\/span><\/span><\/h3>\n<p style=\"text-align: justify;\"><span style=\"font-family: Comic Sans MS, cursive;\"><span style=\"font-size: medium;\">Les cadeaux de gouvernement au secteur de l\u2019\u00e9nergie sont d\u2019autant plus scandaleux que le secteur est le <a href=\"https:\/\/www.lemonde.fr\/planete\/article\/2022\/03\/08\/les-emissions-de-co2-du-secteur-energetique-ont-remonte-fortement-en-2021-selon-l-aie_6116657_3244.html\" target=\"_blank\" rel=\"noopener\">premier producteur de gaz a effet de serre mondial<\/a>. En 2021, il a vu ses \u00e9missions progresser de 2 milliards de tonnes, pour atteindre les 36,3 gigatonnes, <a href=\"https:\/\/reporterre.net\/En-2021-le-secteur-de-l-energie-a-emis-plus-de-CO2-que-jamais\" target=\"_blank\" rel=\"noopener\">augmentation la plus importante de l\u2019histoire<\/a>, d\u2019apr\u00e8s l\u2019Agence internationale de l\u2019\u00e9nergie, le charbon \u00e9tant, \u00e0 lui seul, responsable de plus de 40\u00a0% de cette augmentation. Une situation dont les capitalistes sont les premiers responsables\u00a0: selon un rapport publi\u00e9 en 2017 par l\u2019ONG Carbon Disclosure Project, <a href=\"https:\/\/www.fournisseur-energie.com\/entreprises-responsables-71-rechauffement-climatique\/\" target=\"_blank\" rel=\"noopener\">100 entreprises seraient responsables de 70\u00a0% de l\u2019\u00e9mission de gaz \u00e0 effet de serre mondiale<\/a>, au premier rang desquelles les g\u00e9ants de l\u2019\u00e9nergie.<\/span><\/span><\/p>\n<p style=\"text-align: justify;\"><span style=\"font-family: Comic Sans MS, cursive;\"><span style=\"font-size: medium;\">Ainsi, contrairement \u00e0 ce que peuvent faire croire les mesures de \u00ab\u00a0sobri\u00e9t\u00e9 \u00e9nerg\u00e9tique\u00a0\u00bb, qui visent \u00e0 faire peser sur les consommateurs la responsabilit\u00e9 de la gestion catastrophique des ressources \u00e9nerg\u00e9tiques et de la crise climatique et environnementale, la responsabilit\u00e9 est avant tout celle des capitalistes, qui visent \u00e0 produire toujours plus de profits, au d\u00e9triment de toute autre consid\u00e9ration. Non seulement le patronat ne renoncera pas de lui-m\u00eame aux milliards de profits que repr\u00e9sentent les hydrocarbures, mais les gouvernements, occup\u00e9s \u00e0 subventionner ces \u00e9nergies, ne les forceront jamais \u00e0 stopper le massacre.<\/span><\/span><\/p>\n<p style=\"text-align: justify;\"><span style=\"font-family: Comic Sans MS, cursive;\"><span style=\"font-size: medium;\">Alors que les classes populaires sont les premi\u00e8res \u00e0 subir les cons\u00e9quences de l\u2019augmentation des prix \u00e0 la pompe et sur la facture EDF, mais aussi \u00e0 subir la crise \u00e9cologique, il est plus que jamais n\u00e9cessaire de s\u2019organiser pour faire payer les vrais responsables. En 2021, <a href=\"https:\/\/www.revolutionpermanente.fr\/Adrien-Cornet-CGT-Grandpuits-Notre-combat-a-pose-des-bases-pour-l-ensemble-de-la-classe\">la lutte des raffineurs de Grandpuits<\/a> a tent\u00e9 de montrer qu\u2019une alliance entre militants pour l\u2019\u00e9cologie et travailleurs de l\u2019\u00e9nergie \u00e9tait possible. Contre le greenwashing qui pr\u00e9tend sauver la plan\u00e8te tout en continuant \u00e0 exploiter brutalement ses ressources et les travailleurs, elle visait \u00e0 d\u00e9fendre une v\u00e9ritable transition \u00e9cologique, au b\u00e9n\u00e9fice de la plan\u00e8te et de ceux qui y vivent.<\/span><\/span><\/p>\n<p style=\"text-align: justify;\"><strong><span style=\"font-family: Comic Sans MS, cursive;\"><span style=\"font-size: medium;\">revolutionpermanente.fr<\/span><\/span><\/strong><\/p>\n","protected":false},"excerpt":{"rendered":"<p>Ou comment sacrifier l\u2019\u00e9cologie au b\u00e9n\u00e9fice des g\u00e9ants de l\u2019\u00e9nergie<\/p>\n","protected":false},"author":2,"featured_media":0,"comment_status":"closed","ping_status":"closed","sticky":false,"template":"","format":"standard","meta":{"footnotes":""},"categories":[1],"tags":[],"class_list":["post-11681","post","type-post","status-publish","format-standard","hentry","category-non-classe"],"_links":{"self":[{"href":"https:\/\/www.quieryavenir.fr\/blog\/wp-json\/wp\/v2\/posts\/11681","targetHints":{"allow":["GET"]}}],"collection":[{"href":"https:\/\/www.quieryavenir.fr\/blog\/wp-json\/wp\/v2\/posts"}],"about":[{"href":"https:\/\/www.quieryavenir.fr\/blog\/wp-json\/wp\/v2\/types\/post"}],"author":[{"embeddable":true,"href":"https:\/\/www.quieryavenir.fr\/blog\/wp-json\/wp\/v2\/users\/2"}],"replies":[{"embeddable":true,"href":"https:\/\/www.quieryavenir.fr\/blog\/wp-json\/wp\/v2\/comments?post=11681"}],"version-history":[{"count":1,"href":"https:\/\/www.quieryavenir.fr\/blog\/wp-json\/wp\/v2\/posts\/11681\/revisions"}],"predecessor-version":[{"id":11682,"href":"https:\/\/www.quieryavenir.fr\/blog\/wp-json\/wp\/v2\/posts\/11681\/revisions\/11682"}],"wp:attachment":[{"href":"https:\/\/www.quieryavenir.fr\/blog\/wp-json\/wp\/v2\/media?parent=11681"}],"wp:term":[{"taxonomy":"category","embeddable":true,"href":"https:\/\/www.quieryavenir.fr\/blog\/wp-json\/wp\/v2\/categories?post=11681"},{"taxonomy":"post_tag","embeddable":true,"href":"https:\/\/www.quieryavenir.fr\/blog\/wp-json\/wp\/v2\/tags?post=11681"}],"curies":[{"name":"wp","href":"https:\/\/api.w.org\/{rel}","templated":true}]}}