{"id":12555,"date":"2023-04-23T02:13:08","date_gmt":"2023-04-23T00:13:08","guid":{"rendered":"https:\/\/www.quieryavenir.fr\/blog\/?p=12555"},"modified":"2023-04-18T08:14:02","modified_gmt":"2023-04-18T06:14:02","slug":"jo-paris-2024","status":"publish","type":"post","link":"https:\/\/www.quieryavenir.fr\/blog\/2023\/04\/23\/jo-paris-2024\/","title":{"rendered":"JO Paris 2024"},"content":{"rendered":"<h1 class=\"western\" style=\"text-align: justify;\"><span style=\"font-family: Comic Sans MS, cursive;\"><span style=\"font-size: medium;\"><strong>Vid\u00e9osurveillance, scanners corporels, lutte contre le dopage g\u00e9n\u00e9tique&#8230;<\/strong> <\/span><\/span><\/h1>\n<p><img loading=\"lazy\" decoding=\"async\" class=\"wp-image-12554 aligncenter\" src=\"https:\/\/www.quieryavenir.fr\/blog\/wp-content\/uploads\/2023\/04\/Conference-30-avril-1-light-211x300.jpg\" alt=\"\" width=\"457\" height=\"650\" srcset=\"https:\/\/www.quieryavenir.fr\/blog\/wp-content\/uploads\/2023\/04\/Conference-30-avril-1-light-211x300.jpg 211w, https:\/\/www.quieryavenir.fr\/blog\/wp-content\/uploads\/2023\/04\/Conference-30-avril-1-light.jpg 500w\" sizes=\"auto, (max-width: 457px) 100vw, 457px\" \/><\/p>\n<p><!--more--><\/p>\n<p style=\"text-align: justify;\"><span style=\"font-family: Comic Sans MS, cursive;\"><span style=\"font-size: medium;\">On n\u2019est pas sorti de l\u2019auberge si on laisse faire\u00a0! Et cela deviendra permanent apr\u00e8s les JO\u00a0!<\/span><\/span><\/p>\n<p style=\"text-align: justify;\"><span style=\"font-family: Comic Sans MS, cursive;\"><span style=\"font-size: medium;\">** **<\/span><\/span><\/p>\n<h1 class=\"western\" style=\"text-align: justify;\"><span style=\"font-family: Comic Sans MS, cursive;\"><span style=\"font-size: medium;\">Ce que contient la loi des JO 2024 adopt\u00e9e par le Parlement <\/span><\/span><\/h1>\n<p style=\"text-align: justify;\"><span style=\"font-family: Comic Sans MS, cursive;\"><span style=\"font-size: medium;\">Le projet de loi pr\u00e9sent\u00e9 par le gouvernement a \u00e9t\u00e9 adopt\u00e9 apr\u00e8s \u00eatre pass\u00e9 par les deux chambres puis par la commission mixte paritaire. <\/span><\/span><\/p>\n<p style=\"text-align: justify;\"><span style=\"font-family: Comic Sans MS, cursive;\"><span style=\"font-size: medium;\">Le S\u00e9nat a rendu son verdict. Il a vot\u00e9 en derni\u00e8re lecture, le texte pr\u00e9par\u00e9 par le gouvernement en vue des <a href=\"https:\/\/www.francetvinfo.fr\/les-jeux-olympiques\/paris-2024\/\">Jeux olympiques de Paris 2024<\/a>. Apr\u00e8s quatre haies pass\u00e9es sans encombre (un vote en premi\u00e8re lecture au S\u00e9nat, deux \u00e0 l&rsquo;Assembl\u00e9e et un accord en commission paritaire mixte), <a href=\"https:\/\/www.francetvinfo.fr\/les-jeux-olympiques\/jo-2024\/videosurveillance-scanners-corporels-controles-antidopage-genetiques-ce-que-contient-le-projet-de-loi-jo-2024_5618729.html\">la copie de l&rsquo;ex\u00e9cutif<\/a> a finalement \u00e9t\u00e9 adopt\u00e9e \u00e0 la majorit\u00e9 (252 voix \u00ab\u00a0pour\u00a0\u00bb, 27 \u00ab\u00a0contre\u00a0\u00bb). Franceinfo: sport revient sur les principaux points du texte.\u00a0<\/span><\/span><\/p>\n<h2 class=\"western\" style=\"text-align: justify;\"><span style=\"font-family: Comic Sans MS, cursive;\"><span style=\"font-size: medium;\">Des dispositifs de surveillance intelligents\u00a0<\/span><\/span><\/h2>\n<p style=\"text-align: justify;\"><span style=\"font-family: Comic Sans MS, cursive;\"><span style=\"font-size: medium;\">La vid\u00e9osurveillance algorithmique, mesure phare de ce texte de loi, a pour but de nourrir des algorithmes d&rsquo;images de cam\u00e9ras et de drones pour rep\u00e9rer plus rapidement des <\/span><\/span><em><span style=\"font-family: Comic Sans MS, cursive;\"><span style=\"font-size: medium;\">\u00ab\u00a0\u00e9v\u00e9nements\u00a0\u00bb<\/span><\/span><\/em><span style=\"font-family: Comic Sans MS, cursive;\"><span style=\"font-size: medium;\"> potentiellement dangereux, comme le d\u00e9but d&rsquo;un mouvement de foule ou l&rsquo;abandon d&rsquo;un bagage. Ces informations seront, par la suite, signal\u00e9es aux \u00e9quipes de s\u00e9curit\u00e9 qui scrutent les rassemblements derri\u00e8re leurs \u00e9crans.<\/span><\/span><\/p>\n<p style=\"text-align: justify;\"><span style=\"font-family: Comic Sans MS, cursive;\"><span style=\"font-size: medium;\">L&rsquo;ex\u00e9cutif et le ministre de l&rsquo;Int\u00e9rieur, G\u00e9rald Darmanin, ont indiqu\u00e9 le besoin de s\u00e9curiser les millions de visiteurs, et le texte pr\u00e9cise que ces dispositifs <\/span><\/span><em><span style=\"font-family: Comic Sans MS, cursive;\"><span style=\"font-size: medium;\">\u00ab\u00a0n\u2019utilisent aucun syst\u00e8me d\u2019identification biom\u00e9trique, ne traitent aucune donn\u00e9e biom\u00e9trique et ne mettent en \u0153uvre aucune technique de reconnaissance faciale\u00a0\u00bb<\/span><\/span><\/em><span style=\"font-family: Comic Sans MS, cursive;\"><span style=\"font-size: medium;\">. Ces images pourront \u00eatre analys\u00e9es par des soci\u00e9t\u00e9s priv\u00e9es, puis conserv\u00e9es pendant une dur\u00e9e maximale de 12 mois. L&rsquo;exp\u00e9rimentation, qui pourrait d\u00e9buter d\u00e8s la promulgation et concerner la prochaine Coupe du monde de rugby organis\u00e9e en France (du 8 septembre au 28 octobre), doit en th\u00e9orie se terminer le 31 mars 2025.<\/span><\/span><\/p>\n<h2 class=\"western\" style=\"text-align: justify;\"><span style=\"font-family: Comic Sans MS, cursive;\"><span style=\"font-size: medium;\">Enqu\u00eates personnifi\u00e9es et scanners corporels<\/span><\/span><\/h2>\n<p style=\"text-align: justify;\"><span style=\"font-family: Comic Sans MS, cursive;\"><span style=\"font-size: medium;\">D&rsquo;autres mesures du projet de loi sont d&rsquo;ores et d\u00e9j\u00e0 cens\u00e9es perdurer apr\u00e8s le rendez-vous olympique, comme l&rsquo;augmentation du champ des <\/span><\/span><em><span style=\"font-family: Comic Sans MS, cursive;\"><span style=\"font-size: medium;\">\u00ab\u00a0criblages\u00a0\u00bb, <\/span><\/span><\/em><span style=\"font-family: Comic Sans MS, cursive;\"><span style=\"font-size: medium;\">la conduite d&rsquo;enqu\u00eates administratives sur des personnes. Les participants et les personnes accr\u00e9dit\u00e9es sur les sites de comp\u00e9tition et les fan-zones pourront \u00eatre vis\u00e9s, mais pas les supporters.<\/span><\/span><\/p>\n<p style=\"text-align: justify;\"><span style=\"font-family: Comic Sans MS, cursive;\"><span style=\"font-size: medium;\">La loi pr\u00e9voit aussi de rendre possible le recours \u00e0 des scanners corporels \u00e0 l\u2019entr\u00e9e des stades et des autres enceintes sportives, r\u00e9cr\u00e9atives ou culturelles accueillant plus de 300 personnes. Mais ce dispositif ne pourra \u00eatre utilis\u00e9 qu&rsquo;avec <\/span><\/span><em><span style=\"font-family: Comic Sans MS, cursive;\"><span style=\"font-size: medium;\">\u00ab\u00a0(le) consentement expr\u00e8s\u00a0\u00bb<\/span><\/span><\/em><span style=\"font-family: Comic Sans MS, cursive;\"><span style=\"font-size: medium;\"> des personnes. D\u00e9j\u00e0 utilis\u00e9 dans les a\u00e9roports, ce proc\u00e9d\u00e9 permettra <\/span><\/span><em><span style=\"font-family: Comic Sans MS, cursive;\"><span style=\"font-size: medium;\">\u00ab\u00a0de fluidifier les contr\u00f4les et d&rsquo;\u00e9viter des goulots d&rsquo;\u00e9tranglement\u00a0\u00bb<\/span><\/span><\/em><span style=\"font-family: Comic Sans MS, cursive;\"><span style=\"font-size: medium;\">. Le contr\u00f4le par palpation restera par ailleurs maintenu.<\/span><\/span><\/p>\n<h2 class=\"western\" style=\"text-align: justify;\"><span style=\"font-family: Comic Sans MS, cursive;\"><span style=\"font-size: medium;\">Des sanctions accrues en cas de violences dans les stades<\/span><\/span><\/h2>\n<p style=\"text-align: justify;\"><span style=\"font-family: Comic Sans MS, cursive;\"><span style=\"font-size: medium;\">En r\u00e9ponse au fiasco de <a href=\"https:\/\/www.francetvinfo.fr\/sports\/foot\/ligue-des-champions\/incidents-au-stade-de-france-que-s-est-il-passe-avant-la-finale-de-ligue-des-champions_5166637.html\">la derni\u00e8re finale de Ligue des champions au Stade de France<\/a>, la loi pr\u00e9voit la cr\u00e9ation de deux d\u00e9lits : l&rsquo;un r\u00e9primant l&rsquo;entr\u00e9e illicite, en situation de r\u00e9cidive, dans une enceinte sportive, l&rsquo;autre portant sur le fait de p\u00e9n\u00e9trer sur l&rsquo;aire ou le terrain de comp\u00e9tition. Dans le cas d&rsquo;une atteinte grave \u00e0 la s\u00e9curit\u00e9, une peine d&rsquo;interdiction de stade obligatoire serait \u00e9galement cr\u00e9\u00e9e. Ces mesures ne sont pas circonscrites \u00e0 la tenue des JO, et pourront se maintenir au-del\u00e0 de l&rsquo;\u00e9v\u00e8nement, par exemple dans le cadre de matchs de football.<\/span><\/span><\/p>\n<h2 class=\"western\" style=\"text-align: justify;\"><span style=\"font-family: Comic Sans MS, cursive;\"><span style=\"font-size: medium;\">Am\u00e9nagement pour la sant\u00e9 et renforcement des tests anti-dopage<\/span><\/span><\/h2>\n<p style=\"text-align: justify;\"><span style=\"font-family: Comic Sans MS, cursive;\"><span style=\"font-size: medium;\">Le texte pr\u00e9voit de cr\u00e9er un centre de sant\u00e9 dans le village olympique \u00e0 Saint-Denis et de renforcer l&rsquo;arsenal anti-dopage des autorit\u00e9s, avec notamment des tests destin\u00e9s \u00e0 d\u00e9tecter des formes de dopage g\u00e9n\u00e9tique. Ceux-ci seront effectu\u00e9s, selon le texte, <\/span><\/span><em><span style=\"font-family: Comic Sans MS, cursive;\"><span style=\"font-size: medium;\">\u00ab\u00a0sur des \u00e9chantillons pseudonymis\u00e9s et portent sur les seules parties du g\u00e9nome pertinentes. Les donn\u00e9es analys\u00e9es ne peuvent conduire \u00e0 r\u00e9v\u00e9ler l\u2019identit\u00e9 des sportifs ni servir au profilage des sportifs ou \u00e0 la s\u00e9lection de sportifs \u00e0 partir d\u2019une caract\u00e9ristique g\u00e9n\u00e9tique donn\u00e9e.\u00a0\u00bb<\/span><\/span><\/em><span style=\"font-family: Comic Sans MS, cursive;\"><span style=\"font-size: medium;\"> Il pr\u00e9voit enfin des d\u00e9rogations aux r\u00e8gles du repos dominical, qui courront du 15 juin au 30 septembre, et des dispositifs d&rsquo;accompagnement pour le transport des spectateurs en situation de handicap.<\/span><\/span><\/p>\n<p style=\"text-align: justify;\"><span style=\"font-family: Comic Sans MS, cursive;\"><span style=\"font-size: medium;\">francetv.info<\/span><\/span><\/p>\n","protected":false},"excerpt":{"rendered":"<p>Vid\u00e9osurveillance, scanners corporels, lutte contre le dopage g\u00e9n\u00e9tique&#8230;<\/p>\n","protected":false},"author":2,"featured_media":0,"comment_status":"closed","ping_status":"closed","sticky":false,"template":"","format":"standard","meta":{"footnotes":""},"categories":[1],"tags":[],"class_list":["post-12555","post","type-post","status-publish","format-standard","hentry","category-non-classe"],"_links":{"self":[{"href":"https:\/\/www.quieryavenir.fr\/blog\/wp-json\/wp\/v2\/posts\/12555","targetHints":{"allow":["GET"]}}],"collection":[{"href":"https:\/\/www.quieryavenir.fr\/blog\/wp-json\/wp\/v2\/posts"}],"about":[{"href":"https:\/\/www.quieryavenir.fr\/blog\/wp-json\/wp\/v2\/types\/post"}],"author":[{"embeddable":true,"href":"https:\/\/www.quieryavenir.fr\/blog\/wp-json\/wp\/v2\/users\/2"}],"replies":[{"embeddable":true,"href":"https:\/\/www.quieryavenir.fr\/blog\/wp-json\/wp\/v2\/comments?post=12555"}],"version-history":[{"count":2,"href":"https:\/\/www.quieryavenir.fr\/blog\/wp-json\/wp\/v2\/posts\/12555\/revisions"}],"predecessor-version":[{"id":12557,"href":"https:\/\/www.quieryavenir.fr\/blog\/wp-json\/wp\/v2\/posts\/12555\/revisions\/12557"}],"wp:attachment":[{"href":"https:\/\/www.quieryavenir.fr\/blog\/wp-json\/wp\/v2\/media?parent=12555"}],"wp:term":[{"taxonomy":"category","embeddable":true,"href":"https:\/\/www.quieryavenir.fr\/blog\/wp-json\/wp\/v2\/categories?post=12555"},{"taxonomy":"post_tag","embeddable":true,"href":"https:\/\/www.quieryavenir.fr\/blog\/wp-json\/wp\/v2\/tags?post=12555"}],"curies":[{"name":"wp","href":"https:\/\/api.w.org\/{rel}","templated":true}]}}