{"id":1427,"date":"2017-10-01T02:24:24","date_gmt":"2017-10-01T00:24:24","guid":{"rendered":"http:\/\/www.quieryavenir.fr\/blog\/?p=1427"},"modified":"2018-08-06T11:10:33","modified_gmt":"2018-08-06T09:10:33","slug":"le-modele-qui-inspire-emmanuel-macron","status":"publish","type":"post","link":"https:\/\/www.quieryavenir.fr\/blog\/2017\/10\/01\/le-modele-qui-inspire-emmanuel-macron\/","title":{"rendered":"Le mod\u00e8le qui inspire Emmanuel Macron"},"content":{"rendered":"<h1 class=\"western\" style=\"text-align: center;\" align=\"justify\"><span style=\"font-size: medium;\"><strong><span style=\"color: #000000;\">L\u2019enfer du miracle allemand<\/span><\/strong><\/span><\/h1>\n<p style=\"text-align: justify;\" align=\"justify\"><span style=\"font-size: medium;\">La population allemande, appel\u00e9e aux urnes le 24\u00a0septembre, n\u2019a jamais compt\u00e9 aussi peu de demandeurs d\u2019emploi. Ni autant de pr\u00e9caires. Le d\u00e9mant\u00e8lement de la protection sociale au milieu des ann\u00e9es 2000 a converti les ch\u00f4meurs en travailleurs pauvres. Ces r\u00e9formes inspirent la refonte du code du travail que le gouvernement fran\u00e7ais cherche \u00e0 imposer par ordonnances.<\/span><\/p>\n<p align=\"justify\"><!--more--><\/p>\n<p style=\"text-align: justify;\" align=\"justify\"><span style=\"font-size: medium;\">Huit heures\u00a0: le Jobcenter du quartier berlinois de Pankow vient \u00e0 peine d\u2019ouvrir ses grilles que d\u00e9j\u00e0 une quinzaine de personnes s\u2019alignent devant le guichet d\u2019accueil, enferm\u00e9es chacune dans un cocon de silence anxieux. <i>\u00ab\u00a0Pourquoi je suis ici\u00a0? Parce que, si tu ne r\u00e9ponds pas \u00e0 leurs convocations, ils te retirent le peu qu\u2019ils te donnent<\/i>, grommelle un quinquag\u00e9naire \u00e0 voix basse. <i>De toute fa\u00e7on, ils n\u2019ont rien \u00e0 proposer. \u00c0 part peut-\u00eatre un boulot de vendeur de cale\u00e7ons \u00e0 clous, qui sait.\u00a0\u00bb<\/i> L\u2019allusion lui arrache un maigre sourire. Il y a un mois, une m\u00e8re isol\u00e9e de 36\u00a0ans, \u00e9ducatrice au ch\u00f4mage, a re\u00e7u un courrier du Jobcenter de Pankow l\u2019invitant, sous peine de sanctions, \u00e0 postuler pour un emploi d\u2019agente commerciale dans un sex-shop. <i>\u00ab\u00a0J\u2019en ai vu de toutes les couleurs avec mon Jobcenter, mais, l\u00e0, c\u2019est le pompon\u00a0\u00bb<\/i>, a r\u00e9agi l\u2019int\u00e9ress\u00e9e sur Internet, avant d\u2019annoncer son intention de porter plainte pour abus de pouvoir.<\/span><\/p>\n<p style=\"text-align: justify;\" align=\"justify\"><span style=\"font-size: medium;\">\u00c0 l\u2019ext\u00e9rieur, sur le parking de la barre de logements sociaux, la \u00ab\u00a0cellule de soutien mobile\u00a0\u00bb du centre des ch\u00f4meurs de Berlin est d\u00e9j\u00e0 \u00e0 pied d\u2019\u0153uvre. Sur une table pliante install\u00e9e devant le minibus de l\u2019\u00e9quipe, Mme\u00a0Nora Freitag, 30 ans, dispose une pile de brochures intitul\u00e9es \u00ab\u00a0Comment d\u00e9fendre mes droits face au Jobcenter.\u00a0\u00bb <i>\u00ab\u00a0Cette initiative a \u00e9t\u00e9 mont\u00e9e en 2007 par l\u2019\u00c9glise protestante. Il y a beaucoup de d\u00e9tresse, beaucoup d\u2019impuissance, aussi, devant ce monstre bureaucratique que les ch\u00f4meurs per\u00e7oivent non sans raison comme une menace.\u00a0\u00bb<\/i><\/span><\/p>\n<p style=\"text-align: justify;\" align=\"justify\"><span style=\"font-size: medium;\">Une dame, la soixantaine bien sonn\u00e9e, s\u2019approche d\u2019un pas h\u00e9sitant. Elle para\u00eet affreusement g\u00ean\u00e9e de s\u2019afficher devant des inconnus. Sa retraite inf\u00e9rieure \u00e0 500\u00a0euros par mois ne lui suffisant pas pour vivre, elle touche un compl\u00e9ment vers\u00e9 par son Jobcenter. Comme elle peine toujours \u00e0 joindre les deux bouts, elle exerce depuis peu un emploi pr\u00e9caire \u00e0 temps partiel (\u00ab\u00a0minijob\u00a0\u00bb) de femme de m\u00e9nage dans un centre de soins, qui lui assure un salaire net mensuel de 340\u00a0euros. <i>\u00ab\u00a0Rendez-vous compte,<\/i> dit-elle d\u2019une petite voix affol\u00e9e, <i>la lettre du Jobcenter m\u2019annonce que je ne lui ai pas d\u00e9clar\u00e9 mes revenus et que je dois rembourser 250\u00a0euros. Mais cet argent, je ne l\u2019ai pas\u00a0! En plus, je les ai d\u00e9clar\u00e9s d\u00e8s le premier jour, mes revenus, vous pensez bien. Il doit y avoir une erreur\u2026\u00a0\u00bb<\/i> Un membre de l\u2019\u00e9quipe l\u2019entra\u00eene par le coude pour lui prodiguer ses conseils \u00e0 l\u2019\u00e9cart\u00a0: \u00e0 qui adresser un recours, \u00e0 quelle porte frapper pour porter plainte si le recours n\u2019aboutit pas, etc. Parfois, le minibus sert de refuge pour traiter d\u2019un probl\u00e8me \u00e0 l\u2019abri des regards. <i>\u00ab\u00a0C\u2019est l\u2019un des effets de Hartz\u00a0IV,<\/i> observe Mme\u00a0Freitag. <i>La stigmatisation des ch\u00f4meurs est si pr\u00e9gnante que beaucoup \u00e9prouvent de la honte \u00e0 seulement \u00e9voquer leur situation devant d\u2019autres.\u00a0\u00bb<\/i><\/span><\/p>\n<p style=\"text-align: justify;\" align=\"justify\"><span style=\"color: #000000;\"><span style=\"font-size: medium;\">Un des r\u00e9gimes les plus coercitifs d\u2019Europe<\/span><\/span><\/p>\n<p style=\"text-align: justify;\" align=\"justify\"><span style=\"font-size: medium;\">Hartz IV\u00a0: ce marquage social d\u00e9coule du processus de d\u00e9r\u00e9gulation du march\u00e9 du travail, dit Agenda 2010, mis en place entre\u00a02003 et\u00a02005 par la coalition Parti social-d\u00e9mocrate (SPD) &#8211;\u00a0Verts du chancelier Gerhard Schr\u00f6der. Baptis\u00e9 du nom de son concepteur, M.\u00a0Peter Hartz, ancien directeur du personnel de Volkswagen, le quatri\u00e8me et dernier volet de ces r\u00e9formes fusionne les aides sociales et les indemnit\u00e9s des ch\u00f4meurs de longue dur\u00e9e (sans emploi depuis plus d\u2019un an) en une allocation forfaitaire unique, vers\u00e9e par le Jobcenter. Le montant \u00e9triqu\u00e9 de cette enveloppe \u2014\u00a0409\u00a0euros par mois en 2017 pour une personne seule \u2014 est cens\u00e9 motiver l\u2019allocataire, rebaptis\u00e9 \u00ab\u00a0client\u00a0\u00bb, \u00e0 trouver ou \u00e0 reprendre au plus vite un emploi, aussi mal r\u00e9mun\u00e9r\u00e9 et peu conforme \u00e0 ses attentes ou \u00e0 ses comp\u00e9tences soit-il. Son attribution est conditionn\u00e9e \u00e0 un r\u00e9gime de contr\u00f4le parmi les plus coercitifs d\u2019Europe.<\/span><\/p>\n<p style=\"text-align: justify;\" align=\"justify\"><span style=\"font-size: medium;\">Fin 2016, le filet Hartz IV englobait pr\u00e8s de 6\u00a0millions de personnes, dont 2,6\u00a0millions de ch\u00f4meurs officiels, 1,7\u00a0million de non officiels sortis des statistiques par la trappe des \u00ab\u00a0dispositifs d\u2019activation\u00a0\u00bb (formations, \u00ab\u00a0coaching\u00a0\u00bb, jobs \u00e0 1\u00a0euro, minijobs, etc.) et 1,6\u00a0million d\u2019enfants d\u2019allocataires. Dans une soci\u00e9t\u00e9 structur\u00e9e par le culte du travail, elles sont souvent d\u00e9peintes comme un repoussoir ou une congr\u00e9gation d\u2019oisifs et parfois pis. En 2005, on pouvait lire dans une brochure du minist\u00e8re de l\u2019\u00e9conomie, pr\u00e9fac\u00e9e par le ministre Wolfgang Clement (SPD) et intitul\u00e9e \u00ab\u00a0Priorit\u00e9 aux personnes honn\u00eates. Contre les abus, les fraudes et le self-service dans l\u2019\u00c9tat social\u00a0\u00bb\u00a0: <i>\u00ab\u00a0Les biologistes s\u2019accordent \u00e0 utiliser le terme \u201cparasites\u201d pour d\u00e9signer les organismes qui subviennent \u00e0 leurs besoins alimentaires aux d\u00e9pens d\u2019autres \u00eatres vivants. Bien entendu, il serait totalement d\u00e9plac\u00e9 d\u2019\u00e9tendre des notions issues du monde animal aux \u00eatres humains.\u00a0\u00bb<\/i> Et, bien entendu, l\u2019expression \u00ab\u00a0parasite Hartz\u00a0IV\u00a0\u00bb fut abondamment reprise par la presse de caniveau, <i>Bild<\/i> en t\u00eate.<\/span><\/p>\n<p style=\"text-align: justify;\" align=\"justify\"><span style=\"font-size: medium;\">La vie des allocataires est un sport de combat. Leur minimum vital ne leur permettant pas de s\u2019acquitter d\u2019un loyer, le Jobcenter prend celui-ci en charge, \u00e0 la condition qu\u2019il ne d\u00e9passe pas le plafond fix\u00e9 par l\u2019administration selon les zones g\u00e9ographiques. <i>\u00ab\u00a0Un tiers des personnes qui viennent nous voir le font pour des probl\u00e8mes de logement,<\/i> d\u00e9clare Mme\u00a0Freitag. <i>Le plus souvent parce que l\u2019envol\u00e9e des loyers dans les grandes villes, notamment \u00e0 Berlin, les a fait sortir des clous du Jobcenter. Elles doivent soit d\u00e9m\u00e9nager, mais sans savoir o\u00f9, car le march\u00e9 locatif est satur\u00e9, soit r\u00e9gler la diff\u00e9rence de leur poche en rognant sur leur budget alimentaire.\u00a0\u00bb<\/i> Sur les 500\u00a0000 \u00ab\u00a0Hartz\u00a0IV\u00a0\u00bb vivant \u00e0 Berlin, 40\u00a0% paieraient un loyer qui exc\u00e8de la limite r\u00e9glementaire.<\/span><\/p>\n<p style=\"text-align: justify;\" align=\"justify\"><span style=\"font-size: medium;\">Le Jobcenter peut aussi d\u00e9bloquer au compte-gouttes des aides d\u2019urgence. Cela lui conf\u00e8re un droit de regard qui s\u2019apparente presque \u00e0 un placement sous curatelle. Compte en banque, achats, d\u00e9placements, vie familiale ou m\u00eame amoureuse\u00a0: aucun aspect de la vie priv\u00e9e n\u2019\u00e9chappe \u00e0 l\u2019humiliant radar des contr\u00f4leurs. Les 408\u00a0agences du pays disposant d\u2019une marge d\u2019initiative, certaines d\u00e9bordent d\u2019imagination. Fin\u00a02016, par exemple, le Jobcenter de Stade, en Basse-Saxe, a adress\u00e9 un questionnaire \u00e0 une ch\u00f4meuse c\u00e9libataire enceinte la priant de divulguer l\u2019identit\u00e9 et la date de naissance de ses partenaires sexuels.<\/span><\/p>\n<p style=\"text-align: justify;\" align=\"justify\"><span style=\"font-size: medium;\">Par sa philosophie, ce r\u00e9gime inquisitorial se trouvait d\u00e9j\u00e0 en germe dans le manifeste sign\u00e9 en juin\u00a01999 par M.\u00a0Schr\u00f6der et son homologue britannique Anthony Blair. Les deux proph\u00e8tes de la <\/span><span style=\"font-size: medium;\"><i>\u00ab\u00a0social-d\u00e9mocratie moderne\u00a0\u00bb<\/i><\/span><span style=\"font-size: medium;\"> y proclamaient la n\u00e9cessit\u00e9 de <\/span><span style=\"font-size: medium;\"><i>\u00ab\u00a0transformer le filet de s\u00e9curit\u00e9 des acquis sociaux en un tremplin vers la responsabilit\u00e9 individuelle\u00a0\u00bb.<\/i><\/span><span style=\"font-size: medium;\"> Car, pr\u00e9cisait ce texte intitul\u00e9 \u00ab\u00a0Europe\u00a0: la troisi\u00e8me voie, le nouveau centre\u00a0\u00bb, <\/span><span style=\"font-size: medium;\"><i>\u00ab\u00a0un travail \u00e0 temps partiel ou un emploi faiblement r\u00e9mun\u00e9r\u00e9 valent mieux que pas de travail du tout, parce qu\u2019ils facilitent la transition du ch\u00f4mage vers l\u2019emploi\u00a0\u00bb.<\/i><\/span><span style=\"font-size: medium;\"> Un pauvre qui sue plut\u00f4t qu\u2019un pauvre qui ch\u00f4me\u00a0: cette v\u00e9rit\u00e9 de caf\u00e9 du commerce a servi de matrice id\u00e9ologique \u00e0 la <\/span><span style=\"font-size: medium;\"><i>\u00ab\u00a0c\u00e9sure sans doute la plus importante dans l\u2019histoire de l\u2019\u00c9tat social allemand depuis Bismarck\u00a0\u00bb,<\/i><\/span><span style=\"font-size: medium;\"> selon la formule de Christoph Butterwegge, chercheur en sciences sociales \u00e0 l\u2019universit\u00e9 de Cologne.<\/span><\/p>\n<p style=\"text-align: justify;\" align=\"justify\"><span style=\"font-size: medium;\">En France, les lois Hartz constituent depuis douze ans une source in\u00e9puisable de ravissement dans les cercles patronaux, m\u00e9diatiques et politiques. L\u2019ode rituelle au \u00ab\u00a0mod\u00e8le allemand\u00a0\u00bb a encore gagn\u00e9 en puissance depuis l\u2019arriv\u00e9e \u00e0 l\u2019\u00c9lys\u00e9e de M.\u00a0Emmanuel Macron, pour qui <\/span><span style=\"font-size: medium;\"><i>\u00ab\u00a0l\u2019Allemagne a formidablement r\u00e9form\u00e9<\/i><\/span><span style=\"font-size: medium;\">\u00a0<\/span><span style=\"font-size: medium;\"><i>\u00bb.<\/i><\/span><span style=\"font-size: medium;\"> Un point de vue rarement contest\u00e9 par les \u00e9ditorialistes. <\/span><span style=\"font-size: medium;\"><i>\u00ab\u00a0Le chancelier allemand Gerhard Schr\u00f6der est pass\u00e9 en force pour imposer les r\u00e9formes qui font la prosp\u00e9rit\u00e9 de son pays\u00a0\u00bb,<\/i><\/span><span style=\"font-size: medium;\"> a rappel\u00e9 le directeur \u00e9ditorial du <\/span><span style=\"font-size: medium;\"><i>Monde<\/i><\/span><span style=\"font-size: medium;\"> au lendemain de l\u2019\u00e9lection du candidat de la \u00ab\u00a0start-up nation\u00a0\u00bb, pour l\u2019exhorter \u00e0 faire montre d\u2019une poigne de fer dans ses propres r\u00e9formes. L\u2019\u00e9conomiste Pierre Cahuc, inspirateur avec Marc Ferracci et Philippe Aghion de la refonte du march\u00e9 de l\u2019emploi imagin\u00e9e par M.\u00a0Macron, salue lui aussi <\/span><span style=\"font-size: medium;\"><i>\u00ab\u00a0l\u2019exceptionnelle r\u00e9ussite de l\u2019\u00e9conomie allemande\u00a0\u00bb.<\/i><\/span><span style=\"font-size: medium;\"> Il estime que Hartz\u00a0IV, non seulement <\/span><span style=\"font-size: medium;\"><i>\u00ab\u00a0c\u2019est mieux pour l\u2019emploi\u00a0\u00bb,<\/i><\/span><span style=\"font-size: medium;\"> mais c\u2019est pr\u00e9f\u00e9rable aussi pour diffuser la joie et la bonne humeur, puisque <\/span><span style=\"font-size: medium;\"><i>\u00ab\u00a0les Allemands se d\u00e9clarent de plus en plus satisfaits de leur situation, surtout les plus modestes, alors que la satisfaction des Fran\u00e7ais stagne\u00a0\u00bb<\/i><\/span><span style=\"font-size: medium;\">.<\/span><\/p>\n<p style=\"text-align: justify;\" align=\"justify\"><span style=\"font-size: medium;\">Si \u00ab\u00a0les plus modestes\u00a0\u00bb parviennent encore \u00e0 contenir leur all\u00e9gresse dans les files d\u2019attente des Jobcenters, il n\u2019est pas contestable que les projets de M.\u00a0Macron s\u2019inspirent en ligne directe du \u00ab\u00a0mod\u00e8le allemand\u00a0\u00bb. Notamment l\u2019\u00e9vidage du code du travail et le renforcement du contr\u00f4le des ch\u00f4meurs, qui se verraient sanctionn\u00e9s en cas de refus de deux propositions d\u2019emploi successives. Nul n\u2019a su mieux r\u00e9sumer l\u2019esprit de Hartz\u00a0IV que le pr\u00e9sident fran\u00e7ais lorsqu\u2019il a expliqu\u00e9 le 3\u00a0juillet, devant le Parlement convoqu\u00e9 \u00e0 Versailles, que <i>\u00ab\u00a0prot\u00e9ger les plus faibles, ce n\u2019est pas les transformer en assist\u00e9s permanents de l\u2019\u00c9tat\u00a0\u00bb,<\/i> mais leur donner les moyens de \u2014 et \u00e9ventuellement les obliger \u00e0 \u2014 <i>\u00ab\u00a0peser efficacement sur leur destin\u00a0\u00bb.<\/i> En une acrobatie verbale proche de celles effectu\u00e9es nagu\u00e8re par les promoteurs de Hartz IV, il ajoutait\u00a0: <i>\u00ab\u00a0Nous devons substituer \u00e0 l\u2019id\u00e9e d\u2019aide sociale<\/i> (&#8230;) <i>une vraie politique de l\u2019inclusion de tous.\u00a0\u00bb<\/i> Pour M.\u00a0Schr\u00f6der, le mot d\u2019ordre \u00e0 l\u2019encontre des pauvres \u00e9tait plus lapidaire\u00a0: \u00ab\u00a0Encourager et exiger\u00a0\u00bb <i>(\u00ab\u00a0f\u00f6rdern und fordern\u00a0\u00bb).<\/i><\/span><\/p>\n<p style=\"text-align: justify;\" align=\"justify\"><span style=\"font-size: medium;\">D\u2019ailleurs, M.\u00a0Hartz ne s\u2019y est pas tromp\u00e9. En France, l\u2019artisan des lois qui portent son nom continue de jouir d\u2019une r\u00e9putation flatteuse. En Allemagne, on n\u2019a pas oubli\u00e9 sa condamnation, en 2007, \u00e0 deux ans de prison avec sursis et \u00e0 500\u00a0000\u00a0euros d\u2019amende pour avoir <\/span><span style=\"font-size: medium;\"><i>\u00ab\u00a0achet\u00e9 la paix sociale\u00a0\u00bb<\/i><\/span><span style=\"font-size: medium;\"> chez Volkswagen en arrosant des membres du comit\u00e9 d\u2019entreprise de pots-de-vin, de voyages sous les tropiques et de prestations de prostitu\u00e9es. De sorte que plus personne ne veut entendre parler de lui. Pour trouver un auditoire toujours dispos\u00e9 \u00e0 l\u2019applaudir, l\u2019ex-directeur des ressources humaines se r\u00e9fugie en France. Le Mouvement des entreprises de France (Medef) l\u2019invite r\u00e9guli\u00e8rement, et M.\u00a0Fran\u00e7ois Hollande, qui l\u2019a re\u00e7u lorsqu\u2019il \u00e9tait pr\u00e9sident, aurait song\u00e9 \u00e0 l\u2019inclure parmi ses conseillers. C\u2019est d\u00e9sormais \u00e0 M.\u00a0Macron qu\u2019il r\u00e9serve ses oracles, par presse interpos\u00e9e.<\/span><\/p>\n<p style=\"text-align: justify;\" align=\"justify\"><span style=\"font-size: medium;\">M.\u00a0Hartz n\u2019a pourtant jou\u00e9 qu\u2019un r\u00f4le de second plan dans l\u2019av\u00e8nement des r\u00e9formes Schr\u00f6der. Il a certes pr\u00e9sid\u00e9 la commission dont les travaux ont servi de socle aux r\u00e9formes, mais c\u2019est surtout la Fondation Bertelsmann qui a orchestr\u00e9 les op\u00e9rations. L\u2019\u0153uvre \u00ab\u00a0philanthropique\u00a0\u00bb du groupe de m\u00e9dias et d\u2019\u00e9dition le plus influent d\u2019Allemagne a \u00e9t\u00e9 au c\u0153ur du processus d\u2019\u00e9laboration de l\u2019Agenda\u00a02010\u00a0: financement d\u2019expertises et de conf\u00e9rences, diffusion d\u2019argumentaires aupr\u00e8s des journalistes, mise en r\u00e9seau des \u00ab\u00a0bonnes volont\u00e9s\u00a0\u00bb. <\/span><span style=\"font-size: medium;\"><i>\u00ab\u00a0Sans le travail de pr\u00e9paration, d\u2019accompagnement et d\u2019apr\u00e8s-vente d\u00e9ploy\u00e9 \u00e0 tous les niveaux par la Fondation Bertelsmann, les propositions de la commission Hartz et leur traduction l\u00e9gislative n\u2019auraient jamais pu voir le jour\u00a0\u00bb,<\/i><\/span><span style=\"font-size: medium;\"> observe Helga Spindler, professeure en droit public \u00e0 l\u2019universit\u00e9 de Duisburg. La fondation ira m\u00eame jusqu\u2019\u00e0 convier les quinze membres de la commission \u00e0 des voyages d\u2019\u00e9tudes dans cinq pays consid\u00e9r\u00e9s comme avant-gardistes en mati\u00e8re de valorisation du stock de ch\u00f4meurs\u00a0: le Danemark, la Suisse, les Pays-Bas, l\u2019Autriche et le Royaume-Uni.<\/span><\/p>\n<p style=\"text-align: justify;\" align=\"justify\"><span style=\"color: #000000;\"><span style=\"font-size: medium;\">Des emplois r\u00e9guliers transform\u00e9s en postes pr\u00e9caires<\/span><\/span><\/p>\n<p style=\"text-align: justify;\" align=\"justify\"><span style=\"font-size: medium;\">Le 16\u00a0ao\u00fbt 2002, M.\u00a0Hartz remet ses conclusions \u00e0 M.\u00a0Schr\u00f6der sous la coupole de la cath\u00e9drale fran\u00e7aise de Berlin. C\u2019est un <i>\u00ab\u00a0grand jour pour les ch\u00f4meurs\u00a0\u00bb,<\/i> exulte le chancelier, qui promet d\u2019en remettre deux millions au travail d\u2019ici deux ans. Lourd de 344\u00a0pages, le rapport de la commission comprend treize <i>\u00ab\u00a0modules d\u2019innovation\u00a0\u00bb<\/i> r\u00e9dig\u00e9s dans un patois manag\u00e9rial \u00e0 base d\u2019\u00ab\u00a0engleutsch\u00a0\u00bb (m\u00e9lange d\u2019allemand et d\u2019anglais) o\u00f9 fourmillent des expressions comme <i>\u00ab\u00a0controlling\u00a0\u00bb, \u00ab\u00a0change management\u00a0\u00bb, \u00ab\u00a0bridge system pour actifs \u00e2g\u00e9s\u00a0\u00bb, \u00ab\u00a0nouvelle corv\u00e9abilit\u00e9 et volontariat\u00a0\u00bb&#8230;<\/i> Le Jobcenter y est d\u00e9crit comme un <i>\u00ab\u00a0service am\u00e9lior\u00e9 pour les clients\u00a0\u00bb.<\/i><\/span><\/p>\n<p style=\"text-align: justify;\" align=\"justify\"><span style=\"font-size: medium;\">Entr\u00e9 en vigueur le 1er\u00a0janvier\u00a02005, le r\u00e9gime issu de cette antilangue vient s\u2019imbriquer dans l\u2019autre \u00ab\u00a0paquet\u00a0\u00bb de l\u2019Agenda\u00a02010, qui orchestre la d\u00e9r\u00e9gulation du march\u00e9 du travail. Enfourner les ch\u00f4meurs dans l\u2019entonnoir salarial imposait de forger un large attirail d\u2019outils \u00e0 destination des employeurs\u00a0: d\u00e9fiscalisation des bas salaires, lancement des minijobs \u00e0 400, puis 450\u00a0euros par mois, d\u00e9plafonnement du recours au travail temporaire, subventions aux agences d\u2019int\u00e9rim faisant appel \u00e0 des ch\u00f4meurs de longue dur\u00e9e, etc. La fi\u00e8vre de l\u2019or s\u2019empare des entrepreneurs, en particulier dans l\u2019industrie des services. Ravitaill\u00e9s en troupes fra\u00eeches par les Jobcenters, ils profitent de l\u2019aubaine pour transformer des emplois r\u00e9guliers en postes pr\u00e9caires \u2014 libre \u00e0 ceux qui les occupent de faire \u00e0 leur tour la queue au Jobcenter pour compl\u00e9ter leur petite paie. L\u2019int\u00e9rim explose, passant de 300\u00a0000 recrues en 2000 \u00e0 pr\u00e8s d\u2019un million en 2016. Dans le m\u00eame temps, la proportion des travailleurs pauvres \u2014 r\u00e9mun\u00e9r\u00e9s au-dessous de 979\u00a0euros par mois \u2014 passe de 18 \u00e0 22\u00a0%. La cr\u00e9ation en 2015 du salaire minimum, fix\u00e9 \u00e0 8,84\u00a0euros de l\u2019heure en 2017, n\u2019a gu\u00e8re invers\u00e9 la tendance\u00a0: 4,7\u00a0millions d\u2019actifs survivent aujourd\u2019hui encore avec un minijob plafonn\u00e9 \u00e0 450 euros par mois. L\u2019Allemagne a converti ses ch\u00f4meurs en n\u00e9cessiteux.<\/span><\/p>\n<h3 class=\"western\" style=\"text-align: justify;\" align=\"justify\"><span style=\"color: #000000;\"><span style=\"font-size: medium;\">Les enfants convoqu\u00e9s au Jobcenter<\/span><\/span><\/h3>\n<p style=\"text-align: justify;\" align=\"justify\">&#8230;<br \/>\n<span style=\"font-size: medium;\"><strong>La totalit\u00e9 du texte : <a href=\"http:\/\/www.quieryavenir.fr\/blog\/wp-content\/uploads\/2017\/09\/Le-mod\u00e8le-qui-inspire-Emmanuel-Macron.pdf\">Le mod\u00e8le qui inspire Emmanuel Macron<\/a><\/strong><\/span><\/p>\n<p style=\"text-align: center;\" align=\"justify\"><img loading=\"lazy\" decoding=\"async\" class=\"alignnone size-medium wp-image-1442\" src=\"http:\/\/www.quieryavenir.fr\/blog\/wp-content\/uploads\/2017\/09\/ER-170908-3-170x300.jpg\" alt=\"\" width=\"170\" height=\"300\" srcset=\"https:\/\/www.quieryavenir.fr\/blog\/wp-content\/uploads\/2017\/09\/ER-170908-3-170x300.jpg 170w, https:\/\/www.quieryavenir.fr\/blog\/wp-content\/uploads\/2017\/09\/ER-170908-3.jpg 300w\" sizes=\"auto, (max-width: 170px) 100vw, 170px\" \/><\/p>\n","protected":false},"excerpt":{"rendered":"<p>L\u2019enfer du miracle allemand La population allemande, appel\u00e9e aux urnes le 24\u00a0septembre, n\u2019a jamais compt\u00e9 aussi peu de demandeurs d\u2019emploi. Ni autant de pr\u00e9caires. Le d\u00e9mant\u00e8lement de la protection sociale au milieu des ann\u00e9es 2000&#8230;<\/p>\n","protected":false},"author":2,"featured_media":1439,"comment_status":"closed","ping_status":"closed","sticky":false,"template":"","format":"standard","meta":{"footnotes":""},"categories":[14],"tags":[18,33],"class_list":["post-1427","post","type-post","status-publish","format-standard","has-post-thumbnail","hentry","category-politique","tag-arnaque","tag-social"],"_links":{"self":[{"href":"https:\/\/www.quieryavenir.fr\/blog\/wp-json\/wp\/v2\/posts\/1427","targetHints":{"allow":["GET"]}}],"collection":[{"href":"https:\/\/www.quieryavenir.fr\/blog\/wp-json\/wp\/v2\/posts"}],"about":[{"href":"https:\/\/www.quieryavenir.fr\/blog\/wp-json\/wp\/v2\/types\/post"}],"author":[{"embeddable":true,"href":"https:\/\/www.quieryavenir.fr\/blog\/wp-json\/wp\/v2\/users\/2"}],"replies":[{"embeddable":true,"href":"https:\/\/www.quieryavenir.fr\/blog\/wp-json\/wp\/v2\/comments?post=1427"}],"version-history":[{"count":3,"href":"https:\/\/www.quieryavenir.fr\/blog\/wp-json\/wp\/v2\/posts\/1427\/revisions"}],"predecessor-version":[{"id":1450,"href":"https:\/\/www.quieryavenir.fr\/blog\/wp-json\/wp\/v2\/posts\/1427\/revisions\/1450"}],"wp:featuredmedia":[{"embeddable":true,"href":"https:\/\/www.quieryavenir.fr\/blog\/wp-json\/wp\/v2\/media\/1439"}],"wp:attachment":[{"href":"https:\/\/www.quieryavenir.fr\/blog\/wp-json\/wp\/v2\/media?parent=1427"}],"wp:term":[{"taxonomy":"category","embeddable":true,"href":"https:\/\/www.quieryavenir.fr\/blog\/wp-json\/wp\/v2\/categories?post=1427"},{"taxonomy":"post_tag","embeddable":true,"href":"https:\/\/www.quieryavenir.fr\/blog\/wp-json\/wp\/v2\/tags?post=1427"}],"curies":[{"name":"wp","href":"https:\/\/api.w.org\/{rel}","templated":true}]}}