{"id":15515,"date":"2025-06-21T02:57:12","date_gmt":"2025-06-21T00:57:12","guid":{"rendered":"https:\/\/www.quieryavenir.fr\/blog\/?p=15515"},"modified":"2025-06-19T09:58:37","modified_gmt":"2025-06-19T07:58:37","slug":"encore-une-procedure-baillon","status":"publish","type":"post","link":"https:\/\/www.quieryavenir.fr\/blog\/2025\/06\/21\/encore-une-procedure-baillon\/","title":{"rendered":"Encore une proc\u00e9dure baillon"},"content":{"rendered":"<p style=\"text-align: justify;\"><img loading=\"lazy\" decoding=\"async\" class=\"wp-image-15507 aligncenter\" src=\"https:\/\/www.quieryavenir.fr\/blog\/wp-content\/uploads\/2025\/06\/StopMegacanal-250517-3-300x147.jpg\" alt=\"\" width=\"433\" height=\"212\" srcset=\"https:\/\/www.quieryavenir.fr\/blog\/wp-content\/uploads\/2025\/06\/StopMegacanal-250517-3-300x147.jpg 300w, https:\/\/www.quieryavenir.fr\/blog\/wp-content\/uploads\/2025\/06\/StopMegacanal-250517-3-768x377.jpg 768w, https:\/\/www.quieryavenir.fr\/blog\/wp-content\/uploads\/2025\/06\/StopMegacanal-250517-3.jpg 1019w\" sizes=\"auto, (max-width: 433px) 100vw, 433px\" \/><\/p>\n<h1 style=\"text-align: justify;\"><span style=\"font-family: Comic Sans MS, cursive;\"><span style=\"font-size: medium;\">5 membres du Collectif <\/span><\/span><span style=\"font-family: Comic Sans MS, cursive;\"><span style=\"font-size: medium;\"><i>Eaux et rivi\u00e8res de Bretagne<\/i><\/span><\/span><span style=\"font-family: Comic Sans MS, cursive;\"><span style=\"font-size: medium;\"> mis en examen\u00a0! <\/span><\/span><\/h1>\n<p><!--more--><\/p>\n<p style=\"text-align: justify;\"><span style=\"font-family: Comic Sans MS, cursive;\"><span style=\"font-size: medium;\">Apr\u00e8s les journalistes du m\u00e9dia SPLANN ! 5 autres personnes sont attaqu\u00e9es en diffamation par Philippe Bizien et sa soci\u00e9t\u00e9 SARL Avel Vor. <\/span><\/span><\/p>\n<p style=\"text-align: justify;\"><span style=\"font-family: Comic Sans MS, cursive;\"><span style=\"font-size: medium;\"><b>Apr\u00e8s les journalistes du m\u00e9dia SPLANN ! Cinq membres du Collectif \u00ab\u00a0Stoppons l\u2019extension\u00a0\u00bb, \u00e9galement membres des associations ERB, APPCL et AEPI ont \u00e9t\u00e9 mis en examen en mars 2025 \u00e0 la suite d\u2019une autre plainte pour diffamation d\u00e9pos\u00e9e \u00e0 Brest par Monsieur Philippe Bizien et sa soci\u00e9t\u00e9 SARL Avel Vor de Landunvez.<\/b><\/span><\/span><\/p>\n<p style=\"text-align: justify;\"><span style=\"font-family: Comic Sans MS, cursive;\"><span style=\"font-size: medium;\"><b>En cas de plainte pour diffamation, le juge met en examen les personnes vis\u00e9es<\/b><\/span><\/span><span style=\"font-family: Comic Sans MS, cursive;\"><span style=\"font-size: medium;\"> avant m\u00eame d\u2019examiner le fond de l\u2019affaire. Les mis en examen risquent chacun une peine de 12.000 \u20ac d\u2019amende\u00a0; ils doivent assumer seuls les frais de leur d\u00e9fense et porter le poids d\u2019une accusation publique, souvent lourde \u00e9motionnellement.<\/span><\/span><\/p>\n<p style=\"text-align: justify;\"><span style=\"font-family: Comic Sans MS, cursive;\"><span style=\"font-size: medium;\">Les cinq personnes mises en examen ont manifestement \u00e9t\u00e9 choisies en raison de leur pr\u00e9sence sur une photo accompagnant un article du <\/span><\/span><span style=\"font-family: Comic Sans MS, cursive;\"><span style=\"font-size: medium;\"><i>T\u00e9l\u00e9gramme<\/i><\/span><\/span><span style=\"font-family: Comic Sans MS, cursive;\"><span style=\"font-size: medium;\">, relatant l\u2019une des op\u00e9rations du <\/span><\/span><span style=\"font-family: Comic Sans MS, cursive;\"><span style=\"font-size: medium;\"><i>Marathon du Cochon<\/i><\/span><\/span><span style=\"font-family: Comic Sans MS, cursive;\"><span style=\"font-size: medium;\"> organis\u00e9 en ao\u00fbt 2023 par le Collectif \u201cStoppons l\u2019extension\u201d.<\/span><\/span><\/p>\n<p style=\"text-align: justify;\"><span style=\"font-family: Comic Sans MS, cursive;\"><span style=\"font-size: medium;\">Au cours des diff\u00e9rentes \u00e9tapes de ce marathon sur plusieurs plages de Landunvez, un tract a \u00e9t\u00e9 distribu\u00e9 par plusieurs dizaines de b\u00e9n\u00e9voles. <\/span><\/span><span style=\"font-family: Comic Sans MS, cursive;\"><span style=\"font-size: medium;\"><b>La plainte concerne la distribution de ce document<\/b><\/span><\/span><span style=\"font-family: Comic Sans MS, cursive;\"><span style=\"font-size: medium;\">. <\/span><\/span><span style=\"font-family: Comic Sans MS, cursive;\"><span style=\"font-size: medium;\"><b>Nous ne comprenons pas en quoi le contenu de ce tract serait r\u00e9pr\u00e9hensible.<\/b><\/span><\/span><\/p>\n<p style=\"text-align: justify;\"><span style=\"font-family: Comic Sans MS, cursive;\"><span style=\"font-size: medium;\"><b>Petit retour en arri\u00e8re<\/b><\/span><\/span><\/p>\n<p style=\"text-align: justify;\"><span style=\"font-family: Comic Sans MS, cursive;\"><span style=\"font-size: medium;\">Comme vous le savez, nos associations et de nombreux citoyens se mobilisent depuis 2016 contre l&rsquo;autorisation de l\u2019extension de la m\u00e9ga-porcherie Avel Vor de Landunvez. La justice nous a donn\u00e9 raison\u00a0: le Tribunal administratif et la Cour d\u2019appel l\u2019ont jug\u00e9e ill\u00e9gale en 2019 et 2022&#8230; avant que le Pr\u00e9fet n&rsquo;accorde une nouvelle autorisation en 2023. La justice doit d&rsquo;ailleurs se prononcer \u00e0 nouveau sur la l\u00e9galit\u00e9 de cette derni\u00e8re dans les mois \u00e0 venir.\u00a0<\/span><\/span><\/p>\n<p style=\"text-align: justify;\"><span style=\"font-family: Comic Sans MS, cursive;\"><span style=\"font-size: medium;\"><b>Qui nous attaque en justice\u00a0?<\/b><\/span><\/span><\/p>\n<p style=\"text-align: justify;\"><span style=\"font-family: Comic Sans MS, cursive;\"><span style=\"font-size: medium;\">Dirigeant de la m\u00e9ga-porcherie Avel Vor, Philippe Bizien est \u00e0 la t\u00eate de l\u2019organisation professionnelle Inaporc, de la soci\u00e9t\u00e9 de construction d\u2019unit\u00e9s de m\u00e9thanisation Evalor, et est aussi pr\u00e9sident du groupement d\u2019\u00e9leveurs Evel\u2019Up (n\u00b02 du porc en France).<\/span><\/span><\/p>\n<p style=\"text-align: justify;\"><span style=\"font-family: Comic Sans MS, cursive;\"><span style=\"font-size: medium;\">Les journalistes d\u2019investigation du m\u00e9dia <\/span><\/span><span style=\"font-family: Comic Sans MS, cursive;\"><span style=\"font-size: medium;\"><b>Splann !<\/b><\/span><\/span><span style=\"font-family: Comic Sans MS, cursive;\"><span style=\"font-size: medium;\"> ont enqu\u00eat\u00e9 et publi\u00e9 <\/span><\/span><span style=\"color: #0563c1;\"><u><a href=\"https:\/\/splann.org\/enquete\/les-travers-du-porc\/\" target=\"_top\"><span style=\"font-family: Comic Sans MS, cursive;\"><span style=\"font-size: medium;\">des articles sur l\u2019industrie du porc<\/span><\/span><\/a><\/u><\/span><span style=\"font-family: Comic Sans MS, cursive;\"><span style=\"font-size: medium;\"> ; ils ont eux aussi \u00e9t\u00e9 attaqu\u00e9s en diffamation par M. Philippe Bizien et sa soci\u00e9t\u00e9. Il s\u2019agit d&rsquo;une proc\u00e9dure distincte, pour des faits tout \u00e0 fait distincts\u2026. Mais le proc\u00e9d\u00e9 est le m\u00eame\u00a0!<\/span><\/span><\/p>\n<p style=\"text-align: justify;\">\n<p style=\"text-align: justify;\"><span style=\"font-family: Comic Sans MS, cursive;\"><span style=\"font-size: medium;\"><b>Qui est mis en examen\u00a0?<\/b><\/span><\/span><\/p>\n<p style=\"text-align: justify;\"><span style=\"color: #0563c1;\"><u><a href=\"https:\/\/www.helloasso.com\/associations\/eau-rivieres-de-bretagne\/collectes\/avel-vor-soutien-aux-5-mis-en-examen-pour-diffamation?fbclid=IwY2xjawK7tjNleHRuA2FlbQIxMABicmlkETAxd0oyeXJSMVRvMXNHYXkzAR6Nby5bw3FQbDT7LoUNkCUKQDF85hd9s_do4c2nJBj8DLmj4YkSCr9q64cuLQ_aem_HX7snZwt51DBuoXcVqHGAg\" target=\"_top\"><span style=\"font-family: Comic Sans MS, cursive;\"><span style=\"font-size: medium;\">https:\/\/www.helloasso.com\/associations\/eau-rivieres-de-bretagne\/co<\/span><\/span><\/a><\/u><\/span><\/p>\n","protected":false},"excerpt":{"rendered":"<p>5 membres du Collectif Eaux et rivi\u00e8res de Bretagne mis en examen\u00a0!<\/p>\n","protected":false},"author":2,"featured_media":0,"comment_status":"closed","ping_status":"closed","sticky":false,"template":"","format":"standard","meta":{"footnotes":""},"categories":[1],"tags":[],"class_list":["post-15515","post","type-post","status-publish","format-standard","hentry","category-non-classe"],"_links":{"self":[{"href":"https:\/\/www.quieryavenir.fr\/blog\/wp-json\/wp\/v2\/posts\/15515","targetHints":{"allow":["GET"]}}],"collection":[{"href":"https:\/\/www.quieryavenir.fr\/blog\/wp-json\/wp\/v2\/posts"}],"about":[{"href":"https:\/\/www.quieryavenir.fr\/blog\/wp-json\/wp\/v2\/types\/post"}],"author":[{"embeddable":true,"href":"https:\/\/www.quieryavenir.fr\/blog\/wp-json\/wp\/v2\/users\/2"}],"replies":[{"embeddable":true,"href":"https:\/\/www.quieryavenir.fr\/blog\/wp-json\/wp\/v2\/comments?post=15515"}],"version-history":[{"count":1,"href":"https:\/\/www.quieryavenir.fr\/blog\/wp-json\/wp\/v2\/posts\/15515\/revisions"}],"predecessor-version":[{"id":15516,"href":"https:\/\/www.quieryavenir.fr\/blog\/wp-json\/wp\/v2\/posts\/15515\/revisions\/15516"}],"wp:attachment":[{"href":"https:\/\/www.quieryavenir.fr\/blog\/wp-json\/wp\/v2\/media?parent=15515"}],"wp:term":[{"taxonomy":"category","embeddable":true,"href":"https:\/\/www.quieryavenir.fr\/blog\/wp-json\/wp\/v2\/categories?post=15515"},{"taxonomy":"post_tag","embeddable":true,"href":"https:\/\/www.quieryavenir.fr\/blog\/wp-json\/wp\/v2\/tags?post=15515"}],"curies":[{"name":"wp","href":"https:\/\/api.w.org\/{rel}","templated":true}]}}