{"id":15519,"date":"2025-06-23T02:59:56","date_gmt":"2025-06-23T00:59:56","guid":{"rendered":"https:\/\/www.quieryavenir.fr\/blog\/?p=15519"},"modified":"2025-06-19T10:01:13","modified_gmt":"2025-06-19T08:01:13","slug":"le-petit-voyou-nuclearise-de-loccident","status":"publish","type":"post","link":"https:\/\/www.quieryavenir.fr\/blog\/2025\/06\/23\/le-petit-voyou-nuclearise-de-loccident\/","title":{"rendered":"Le petit voyou nucl\u00e9aris\u00e9 de l\u2019Occident"},"content":{"rendered":"<p style=\"text-align: justify;\"><img loading=\"lazy\" decoding=\"async\" class=\"wp-image-15508 aligncenter\" src=\"https:\/\/www.quieryavenir.fr\/blog\/wp-content\/uploads\/2025\/06\/congo-1-300x225.jpg\" alt=\"\" width=\"471\" height=\"353\" srcset=\"https:\/\/www.quieryavenir.fr\/blog\/wp-content\/uploads\/2025\/06\/congo-1-300x225.jpg 300w, https:\/\/www.quieryavenir.fr\/blog\/wp-content\/uploads\/2025\/06\/congo-1.jpg 667w\" sizes=\"auto, (max-width: 471px) 100vw, 471px\" \/><\/p>\n<h1 style=\"text-align: justify;\"><strong><span style=\"font-family: Comic Sans MS, cursive;\">Anatomie d\u2019une provocation planifi\u00e9e <\/span><\/strong><strong><span style=\"font-family: Comic Sans MS, cursive;\">par Isra\u00ebl<\/span><\/strong><\/h1>\n<p><!--more--><\/p>\n<p style=\"text-align: justify;\"><span style=\"font-family: Comic Sans MS, cursive;\">Isra\u00ebl a encore frapp\u00e9. Litt\u00e9ralement. Et cette fois, c\u2019est l\u2019Iran. Pas un petit groupe de jeunes lanceurs de pierres, pas un h\u00f4pital \u00e0 Gaza, pas une \u00e9cole des Nations Unies \u2014 non. Un \u00c9tat. Une puissance r\u00e9gionale. Une cible qu\u2019il faut provoquer pour que l\u2019embrasement devienne mondial, pour que l\u2019apocalypse devienne rentable.<\/span><\/p>\n<p style=\"text-align: justify;\"><span style=\"font-family: Comic Sans MS, cursive;\">Hier, l\u2019\u00c9tat isra\u00e9lien, ce pupille arm\u00e9 jusqu\u2019aux dents de l\u2019Occident hypocrite, a lanc\u00e9 une attaque directe contre l\u2019Iran, en territoire souverain. Une violation flagrante du droit international ? Non. Une simple routine pour Tel-Aviv, devenu le dealer officiel de chaos au Moyen-Orient. \u00c0 force de traiter la r\u00e9gion comme un laboratoire de guerre asym\u00e9trique, Isra\u00ebl s\u2019est octroy\u00e9 un statut d\u2019exception : celui du voyou impuni, du hors-la-loi sanctifi\u00e9.<\/span><\/p>\n<p style=\"text-align: justify;\"><span style=\"font-family: Comic Sans MS, cursive;\">Car il faut bien le dire : le droit international est \u00e0 g\u00e9om\u00e9trie sioniste. Il s\u2019applique \u00e0 tout le monde, sauf \u00e0 Isra\u00ebl. Il juge les Palestiniens, les Syriens, les Y\u00e9m\u00e9nites, mais jamais les F-16 isra\u00e9liens ni les bombes au phosphore blanc. Quand la Russie attaque, c\u2019est une \u00ab\u00a0invasion\u00a0\u00bb. Quand Isra\u00ebl bombarde Damas ou Ispahan, c\u2019est une \u00ab\u00a0mesure de s\u00e9curit\u00e9\u00a0\u00bb. Quand l\u2019Iran riposte, c\u2019est \u00ab\u00a0une menace\u00a0\u00bb. Quand Isra\u00ebl tue, c\u2019est \u00ab\u00a0un droit \u00e0 l\u2019existence\u00a0\u00bb.<\/span><\/p>\n<p style=\"text-align: justify;\"><span style=\"font-family: Comic Sans MS, cursive;\">Les strat\u00e8ges isra\u00e9liens, form\u00e9s \u00e0 la science cynique de la guerre pr\u00e9ventive, ont toujours su que provoquer l\u2019Iran, c\u2019\u00e9tait s\u2019assurer une diversion rentable. Car tant que l\u2019on bombarde les chiites, on ne parle pas des charniers de Gaza. Tant qu\u2019on frappe T\u00e9h\u00e9ran, on n\u2019\u00e9voque pas Rafah. C\u2019est la doctrine Netanyahou : exporter le conflit pour lasser l\u2019opinion. Semez le chaos \u00e0 l\u2019Est, pour que l\u2019Occident d\u00e9tourne les yeux de vos crimes au Sud.<\/span><\/p>\n<p style=\"text-align: justify;\"><span style=\"font-family: Comic Sans MS, cursive;\">Et que font les Occidentaux ? Ils \u00ab\u00a0appellent \u00e0 la retenue\u00a0\u00bb. Oui, cette formule magique, cette onction diplomatique offerte aux criminels en col blanc. Un g\u00e9nocide ? On appelle \u00e0 la retenue. Une attaque nucl\u00e9aire d\u00e9guis\u00e9e ? On appelle \u00e0 la retenue. La destruction de villes enti\u00e8res ? On appelle \u00e0 la retenue. L\u2019ONU regarde ailleurs, l\u2019Union europ\u00e9enne temporise, Trump dort.<\/span><\/p>\n<p style=\"text-align: justify;\"><span style=\"font-family: Comic Sans MS, cursive;\">Et pendant ce temps, Netanyahou, l\u2019apprenti-f\u00fchrer aux allures de proph\u00e8te de l\u2019apocalypse, trace sa route. Ce n\u2019est plus un Premier ministre, c\u2019est un pyromane d\u2019\u00c9tat. Il ne gouverne plus : il incendie. Il ne n\u00e9gocie plus : il bombarde. Il ne parle plus : il \u00e9ructe. Et tout ce qui n\u2019est pas sioniste est, \u00e0 ses yeux, un pr\u00e9texte \u00e0 tirer. Il a remplac\u00e9 la diplomatie par les drones, la strat\u00e9gie par les frappes cibl\u00e9es, le dialogue par la dissuasion atomique.<\/span><\/p>\n<p style=\"text-align: justify;\"><span style=\"font-family: Comic Sans MS, cursive;\">Mais soyons clairs : Netanyahou et ses ministres sont plus dangereux qu\u2019un Hitler postmoderne, parce qu\u2019ils ont Twitter, la reconnaissance diplomatique et un arsenal nucl\u00e9aire. Ils ont Hollywood, la Silicon Valley et les larmes s\u00e9lectives des d\u00e9mocraties occidentales. Hitler avait Mein Kampf. Netanyahou a BFM, LCI, CNN, et The Guardian.<\/span><\/p>\n<p style=\"text-align: justify;\"><span style=\"font-family: Comic Sans MS, cursive;\">Ce n\u2019est plus de la g\u00e9opolitique. C\u2019est du banditisme sanctuaris\u00e9. Un gang nucl\u00e9aire, b\u00e9ni par le silence des l\u00e2ches. Ce n\u2019est plus une guerre. C\u2019est un racket civilisationnel. Une mafia d\u2019\u00c9tat o\u00f9 l\u2019impunit\u00e9 est la seule monnaie, et la violence, la seule langue.<\/span><\/p>\n<p style=\"text-align: justify;\"><span style=\"font-family: Comic Sans MS, cursive;\">Et pourtant, ils osent encore parler de \u00ab\u00a0paix\u00a0\u00bb, de \u00ab\u00a0valeurs\u00a0\u00bb, de \u00ab\u00a0civilisation\u00a0\u00bb. Quelle farce ! Quelle ignominie ! La vraie barbarie ne vient pas des grottes de Tora Bora, mais des salons feutr\u00e9s de Tel-Aviv, Langley et Bruxelles. L\u00e0 o\u00f9 l\u2019on planifie des massacres en PowerPoint. L\u00e0 o\u00f9 l\u2019on vote des budgets pour l\u2019extermination \u00e0 visage d\u00e9mocratique.<\/span><\/p>\n<p style=\"text-align: justify;\"><span style=\"font-family: Comic Sans MS, cursive;\">Isra\u00ebl a attaqu\u00e9 l\u2019Iran. Demain, ce sera Beyrouth, Le Caire, peut-\u00eatre Dakar. Qui sait ? Car quand on ne condamne pas la b\u00eate, elle mord \u00e0 nouveau. Et ce jour-l\u00e0, ce ne sera plus une question de religion, ni de territoire. Ce sera une question d\u2019humanit\u00e9. Et l\u2019Histoire, elle, ne retiendra pas ceux qui ont appel\u00e9 \u00e0 la retenue. Mais ceux qui ont retenu leur humanit\u00e9.<\/span><\/p>\n<p style=\"text-align: justify;\"><strong><span style=\"font-family: Comic Sans MS, cursive;\">Vieux macoumba mbodj<\/span><\/strong><span style=\"font-family: Comic Sans MS, cursive;\"><br \/>\n<\/span><strong><span style=\"font-family: Comic Sans MS, cursive;\">Socioligue<\/span><\/strong><\/p>\n<p style=\"text-align: justify;\"><span style=\"font-family: Comic Sans MS, cursive;\">amis de la terre<\/span><\/p>\n","protected":false},"excerpt":{"rendered":"<p>Anatomie d\u2019une provocation planifi\u00e9e par Isra\u00ebl<\/p>\n","protected":false},"author":2,"featured_media":0,"comment_status":"closed","ping_status":"closed","sticky":false,"template":"","format":"standard","meta":{"footnotes":""},"categories":[1],"tags":[],"class_list":["post-15519","post","type-post","status-publish","format-standard","hentry","category-non-classe"],"_links":{"self":[{"href":"https:\/\/www.quieryavenir.fr\/blog\/wp-json\/wp\/v2\/posts\/15519","targetHints":{"allow":["GET"]}}],"collection":[{"href":"https:\/\/www.quieryavenir.fr\/blog\/wp-json\/wp\/v2\/posts"}],"about":[{"href":"https:\/\/www.quieryavenir.fr\/blog\/wp-json\/wp\/v2\/types\/post"}],"author":[{"embeddable":true,"href":"https:\/\/www.quieryavenir.fr\/blog\/wp-json\/wp\/v2\/users\/2"}],"replies":[{"embeddable":true,"href":"https:\/\/www.quieryavenir.fr\/blog\/wp-json\/wp\/v2\/comments?post=15519"}],"version-history":[{"count":1,"href":"https:\/\/www.quieryavenir.fr\/blog\/wp-json\/wp\/v2\/posts\/15519\/revisions"}],"predecessor-version":[{"id":15520,"href":"https:\/\/www.quieryavenir.fr\/blog\/wp-json\/wp\/v2\/posts\/15519\/revisions\/15520"}],"wp:attachment":[{"href":"https:\/\/www.quieryavenir.fr\/blog\/wp-json\/wp\/v2\/media?parent=15519"}],"wp:term":[{"taxonomy":"category","embeddable":true,"href":"https:\/\/www.quieryavenir.fr\/blog\/wp-json\/wp\/v2\/categories?post=15519"},{"taxonomy":"post_tag","embeddable":true,"href":"https:\/\/www.quieryavenir.fr\/blog\/wp-json\/wp\/v2\/tags?post=15519"}],"curies":[{"name":"wp","href":"https:\/\/api.w.org\/{rel}","templated":true}]}}