{"id":15547,"date":"2025-06-29T02:50:56","date_gmt":"2025-06-29T00:50:56","guid":{"rendered":"https:\/\/www.quieryavenir.fr\/blog\/?p=15547"},"modified":"2025-06-25T17:52:37","modified_gmt":"2025-06-25T15:52:37","slug":"vulnerables-mais-pas-coupables","status":"publish","type":"post","link":"https:\/\/www.quieryavenir.fr\/blog\/2025\/06\/29\/vulnerables-mais-pas-coupables\/","title":{"rendered":"Vuln\u00e9rables mais pas coupables"},"content":{"rendered":"<p style=\"text-align: justify;\"><img loading=\"lazy\" decoding=\"async\" class=\"wp-image-15525 aligncenter\" src=\"https:\/\/www.quieryavenir.fr\/blog\/wp-content\/uploads\/2025\/06\/Pesticides-250620-300x205.jpg\" alt=\"\" width=\"517\" height=\"353\" srcset=\"https:\/\/www.quieryavenir.fr\/blog\/wp-content\/uploads\/2025\/06\/Pesticides-250620-300x205.jpg 300w, https:\/\/www.quieryavenir.fr\/blog\/wp-content\/uploads\/2025\/06\/Pesticides-250620.jpg 712w\" sizes=\"auto, (max-width: 517px) 100vw, 517px\" \/><\/p>\n<h1 style=\"text-align: justify;\"><span style=\"font-family: Comic Sans MS, serif;\"><span style=\"font-size: medium;\"><strong>Repolitiser le cancer, une urgence contemporaine<\/strong> <\/span><\/span><\/h1>\n<p><!--more--><\/p>\n<p style=\"text-align: justify;\"><span style=\"font-family: Comic Sans MS, serif;\"><span style=\"font-size: medium;\">Et si le cancer n\u2019\u00e9tait pas une affaire personnelle ou le reflet de \u00ab mauvaises habitudes \u00bb, mais un fait politique ? Le podcast Vuln\u00e9rables mais pas coupables d\u00e9monte les r\u00e9cits culpabilisants et redonne \u00e0 la maladie une \u00e9paisseur sociale, collective et critique. Une parole rare, n\u00e9cessaire, profond\u00e9ment engag\u00e9e.<\/span><\/span><\/p>\n<p style=\"text-align: center;\"><span style=\"font-family: Comic Sans MS, serif;\"><span style=\"font-size: medium;\">** **<\/span><\/span><\/p>\n<p style=\"text-align: justify;\"><span style=\"font-family: Comic Sans MS, serif;\"><span style=\"font-size: medium;\">Parmi les r\u00e9cits dominants sur la maladie, il en est un qui persiste, tenace, et dont il est difficile de se d\u00e9faire : celui qui fait du cancer une \u00e9preuve personnelle, un d\u00e9fi int\u00e9rieur \u00e0 relever \u00e0 coups de combativit\u00e9, de sourire et de \u00ab\u00a0pens\u00e9es positives\u00a0\u00bb. Et si cette narration \u00e9tait non seulement erron\u00e9e, mais aussi profond\u00e9ment injuste ?<\/span><\/span><\/p>\n<p style=\"text-align: justify;\"><span style=\"font-family: Comic Sans MS, serif;\"><span style=\"font-size: medium;\">C\u2019est le pari critique et politique du podcast <\/span><\/span><span style=\"font-family: Comic Sans MS, serif;\"><span style=\"font-size: medium;\"><b>Vuln\u00e9rables mais pas coupables<\/b><\/span><\/span><span style=\"font-family: Comic Sans MS, serif;\"><span style=\"font-size: medium;\">, con\u00e7u par <\/span><\/span><span style=\"font-family: Comic Sans MS, serif;\"><span style=\"font-size: medium;\"><b>Luce Domingo<\/b><\/span><\/span><span style=\"font-family: Comic Sans MS, serif;\"><span style=\"font-size: medium;\">, <\/span><\/span><span style=\"font-family: Comic Sans MS, serif;\"><span style=\"font-size: medium;\"><b>Jonathan Grondin et Mandy Simoes<\/b><\/span><\/span><span style=\"font-family: Comic Sans MS, serif;\"><span style=\"font-size: medium;\">, psychologues \u00e0 l\u2019Oncopole de Toulouse. Un projet \u00e0 plusieurs voix, qui propose de sortir le cancer du champ \u00e9troit du d\u00e9veloppement personnel pour le replacer dans celui des luttes collectives et des conditions sociales d\u2019existence.<\/span><\/span><\/p>\n<p style=\"text-align: justify;\"><span style=\"font-family: Comic Sans MS, serif;\"><span style=\"font-size: medium;\"><b>L\u2019individualisation du cancer en question<\/b><\/span><\/span><\/p>\n<p style=\"text-align: justify;\"><span style=\"font-family: Comic Sans MS, serif;\"><span style=\"font-size: medium;\">Au c\u0153ur du podcast, une th\u00e8se forte : la maladie est trop souvent pr\u00e9sent\u00e9e comme le r\u00e9sultat direct de choix individuels. Tabac, alimentation, stress, \u00e9motions mal g\u00e9r\u00e9es\u2026 Les causes psychologiques et comportementales sont mises en avant, rel\u00e9guant au second plan les dimensions sociales, politiques et environnementales. Cette vision du cancer, expliquent les intervenant\u00b7e\u00b7s, s\u2019inscrit dans une id\u00e9ologie plus large, celle du n\u00e9olib\u00e9ralisme, qui tend \u00e0 <\/span><\/span><span style=\"font-family: Comic Sans MS, serif;\"><span style=\"font-size: medium;\"><b>responsabiliser l\u2019individu pour ce qui rel\u00e8ve en r\u00e9alit\u00e9 de logiques syst\u00e9miques<\/b><\/span><\/span><span style=\"font-family: Comic Sans MS, serif;\"><span style=\"font-size: medium;\">.<\/span><\/span><\/p>\n<p style=\"text-align: justify;\"><span style=\"font-family: Comic Sans MS, serif;\"><span style=\"font-size: medium;\">Le podcast s\u2019inscrit dans une critique de ce que les philosophes Pierre Dardot et Christian Laval appellent \u00ab l\u2019individualisation du destin \u00bb : une mani\u00e8re de d\u00e9politiser la maladie en la ramenant \u00e0 une faute intime, \u00e0 un d\u00e9faut de vigilance ou d\u2019hygi\u00e8ne personnelle.<\/span><\/span><\/p>\n<p style=\"text-align: justify;\"><span style=\"font-family: Comic Sans MS, serif;\"><span style=\"font-size: medium;\"><b>La psychologisation comme impasse<\/b><\/span><\/span><\/p>\n<p style=\"text-align: justify;\"><span style=\"font-family: Comic Sans MS, serif;\"><span style=\"font-size: medium;\">Selon les cr\u00e9ateurs de <\/span><\/span><span style=\"font-family: Comic Sans MS, serif;\"><span style=\"font-size: medium;\"><i>Vuln\u00e9rables mais pas coupables<\/i><\/span><\/span><span style=\"font-family: Comic Sans MS, serif;\"><span style=\"font-size: medium;\">, cette tendance se manifeste d\u00e8s l\u2019annonce du diagnostic. Les patientes, principalement des femmes, sont fr\u00e9quemment invit\u00e9es \u00e0 chercher un sens \u00e0 leur maladie dans leur histoire personnelle : un burn-out, une rupture amoureuse, un choc \u00e9motionnel. Une pratique courante, mais probl\u00e9matique, car elle <\/span><\/span><span style=\"font-family: Comic Sans MS, serif;\"><span style=\"font-size: medium;\"><b>occulte les facteurs collectifs<\/b><\/span><\/span><span style=\"font-family: Comic Sans MS, serif;\"><span style=\"font-size: medium;\">, notamment environnementaux ou socio-\u00e9conomiques.<\/span><\/span><\/p>\n<p style=\"text-align: justify;\"><span style=\"font-family: Comic Sans MS, serif;\"><span style=\"font-size: medium;\">Par exemple, on va plus facilement attribuer un cancer \u00e0 un \u00e9puisement professionnel qu\u2019\u00e0 l\u2019exposition chronique \u00e0 des polluants sur le lieu de travail, ou au fait d\u2019habiter \u00e0 proximit\u00e9 de champs trait\u00e9s aux pesticides.<\/span><\/span><\/p>\n<p style=\"text-align: justify;\"><span style=\"font-family: Comic Sans MS, serif;\"><span style=\"font-size: medium;\">Ce processus, nomm\u00e9 \u00ab psychologisation \u00bb, d\u00e9signe la r\u00e9duction de ph\u00e9nom\u00e8nes complexes \u00e0 des causes psychiques. Il est ici d\u00e9nonc\u00e9 comme une forme d\u2019aveuglement : une mani\u00e8re de d\u00e9tourner le regard des injustices structurelles pour renvoyer la maladie \u00e0 une probl\u00e9matique psychique.<\/span><\/span><\/p>\n<p style=\"text-align: justify;\"><span style=\"font-family: Comic Sans MS, serif;\"><span style=\"font-size: medium;\"><b>Redonner une \u00e9paisseur politique \u00e0 la maladie<\/b><\/span><\/span><\/p>\n<p style=\"text-align: justify;\"><span style=\"font-family: Comic Sans MS, serif;\"><span style=\"font-size: medium;\">L\u2019ambition du podcast est claire : <\/span><\/span><span style=\"font-family: Comic Sans MS, serif;\"><span style=\"font-size: medium;\"><b>r\u00e9introduire une lecture politique du cancer<\/b><\/span><\/span><span style=\"font-family: Comic Sans MS, serif;\"><span style=\"font-size: medium;\">. En d\u00e9non\u00e7ant les injonctions culpabilisantes et en d\u00e9pliant d\u2019autres r\u00e9cits, <\/span><\/span><span style=\"font-family: Comic Sans MS, serif;\"><span style=\"font-size: medium;\"><i>Vuln\u00e9rables mais pas coupables<\/i><\/span><\/span><span style=\"font-family: Comic Sans MS, serif;\"><span style=\"font-size: medium;\"> entend ouvrir un espace critique, mais aussi po\u00e9tique et sensible, pour les patientes.<\/span><\/span><\/p>\n<p style=\"text-align: justify;\"><span style=\"font-family: Comic Sans MS, serif;\"><span style=\"font-size: medium;\"><b>Une \u0153uvre hybride entre t\u00e9moignages, recherches en sciences humaines et po\u00e9sie<\/b><\/span><\/span><\/p>\n<p style=\"text-align: justify;\"><span style=\"font-family: Comic Sans MS, serif;\"><span style=\"font-size: medium;\">Le podcast repose sur une structure originale, m\u00ealant fiction, t\u00e9moignages, analyse et po\u00e9sie. Chaque \u00e9pisode s\u2019ouvre sur une sc\u00e8nette mettant en sc\u00e8ne <\/span><\/span><span style=\"font-family: Comic Sans MS, serif;\"><span style=\"font-size: medium;\"><i>Marjane<\/i><\/span><\/span><span style=\"font-family: Comic Sans MS, serif;\"><span style=\"font-size: medium;\">, une patiente fictive incarn\u00e9e par la com\u00e9dienne H\u00e9l\u00e8ne Hiquily. Dans le cabinet d\u2019un psy, elle dit ses doutes, sa col\u00e8re, sa fatigue. Autour de ce fil narratif, s\u2019articulent des entretiens avec des chercheures en sciences humaines, des r\u00e9cits de patientes, et des textes po\u00e9tiques.<\/span><\/span><\/p>\n<p style=\"text-align: justify;\"><span style=\"font-family: Comic Sans MS, serif;\"><span style=\"font-size: medium;\">Ce croisement des voix donne naissance \u00e0 une <\/span><\/span><span style=\"font-family: Comic Sans MS, serif;\"><span style=\"font-size: medium;\"><b>\u0153uvre singuli\u00e8re et engag\u00e9e<\/b><\/span><\/span><span style=\"font-family: Comic Sans MS, serif;\"><span style=\"font-size: medium;\">, qui ambitionne non seulement de faire entendre d\u2019autres r\u00e9cits de la maladie, mais aussi de remettre en question un syst\u00e8me de pens\u00e9e largement int\u00e9rioris\u00e9, y compris dans les institutions de soin.<\/span><\/span><\/p>\n<p style=\"text-align: justify;\"><span style=\"font-family: Comic Sans MS, serif;\"><span style=\"font-size: medium;\"><b>Marjane, personnage-concept et miroir social<\/b><\/span><\/span><\/p>\n<p style=\"text-align: justify;\"><span style=\"font-family: Comic Sans MS, serif;\"><span style=\"font-size: medium;\">Au c\u0153ur du r\u00e9cit, on retrouve donc Marjane, une patiente fictive que l\u2019on suit dans le cabinet d\u2019un psy. Elle incarne ce que Deleuze et Guattari appellent un \u00ab\u00a0personnage concept\u00a0\u00bb, c\u2019est-\u00e0-dire une figure qui cristallise des id\u00e9es et permet d\u2019explorer des probl\u00e9matiques complexes de mani\u00e8re sensible et incarn\u00e9e.<\/span><\/span><\/p>\n<p style=\"text-align: justify;\"><span style=\"font-family: Comic Sans MS, serif;\"><span style=\"font-size: medium;\">\u00c0 travers son v\u00e9cu et ses interrogations, elle devient un prisme qui met en lumi\u00e8re les discours normatifs pesant sur les patient\u00b7es, tout en offrant aux auditeurs un point d\u2019ancrage. Chacun\u00b7e peut soit s\u2019identifier \u00e0 son exp\u00e9rience, soit mieux comprendre les r\u00e9alit\u00e9s travers\u00e9es par les malades.\u00a0<\/span><\/span><\/p>\n<p style=\"text-align: justify;\"><span style=\"font-family: Comic Sans MS, serif;\"><span style=\"font-size: medium;\">Vous l\u2019aurez compris, Marjane n\u2019a pas pour fonction de simplement raconter une histoire. Elle est un v\u00e9ritable outil de pens\u00e9e. Elle ne se contente pas d\u2019illustrer des concepts abstraits, elle les incarne, en montrant comment ils s\u2019inscrivent dans son corps, dans sa psych\u00e9 et dans son quotidien.<\/span><\/span><\/p>\n<p style=\"text-align: justify;\"><span style=\"font-family: Comic Sans MS, serif;\"><span style=\"font-size: medium;\">Au fil des \u00e9pisodes, Marjane \u00e9volue : elle passe progressivement de la question \u00a0 \u00ab\u00a0Pourquoi moi ? \u00a0\u00bb -pourquoi je tombe malade &#8211; \u00e0 une interrogation plus large \u00ab\u00a0Pourquoi nous ? \u00ab\u00a0&#8211; pourquoi nous tombons malades-. Cette transformation marque un d\u00e9placement fondamental du r\u00e9cit : le cancer cesse d\u2019\u00eatre per\u00e7u comme une fatalit\u00e9 individuelle pour \u00eatre replac\u00e9 dans une r\u00e9flexion plus vaste sur les facteurs syst\u00e9miques, soci\u00e9taux et politique qui contribuent \u00e0 l\u2019explosion des cancers.<\/span><\/span><\/p>\n<p style=\"text-align: justify;\"><span style=\"font-family: Comic Sans MS, serif;\"><span style=\"font-size: medium;\"><b>Des intellectuels pour penser la maladie autrement<\/b><\/span><\/span><\/p>\n<p style=\"text-align: justify;\"><span style=\"font-family: Comic Sans MS, serif;\"><span style=\"font-size: medium;\">Ce podcast ne se limite pas \u00e0 la fiction. Il convoque <\/span><\/span><span style=\"font-family: Comic Sans MS, serif;\"><span style=\"font-size: medium;\"><b>des intellectuel\u00b7les en sciences humaines<\/b><\/span><\/span><span style=\"font-family: Comic Sans MS, serif;\"><span style=\"font-size: medium;\"> pour analyser en profondeur les discours m\u00e9diatiques et m\u00e9dicaux.<\/span><\/span><\/p>\n<ul style=\"text-align: justify;\">\n<li><span style=\"font-family: Comic Sans MS, serif;\"><span style=\"font-size: medium;\"><b>Aline Sarradon<\/b><\/span><\/span><span style=\"font-family: Comic Sans MS, serif;\"><span style=\"font-size: medium;\">, m\u00e9decin et anthropologue, retrace l\u2019histoire des <\/span><\/span><span style=\"font-family: Comic Sans MS, serif;\"><span style=\"font-size: medium;\"><b>m\u00e9taphores guerri\u00e8res<\/b><\/span><\/span><span style=\"font-family: Comic Sans MS, serif;\"><span style=\"font-size: medium;\"> autour du cancer, h\u00e9rit\u00e9es du d\u00e9but du XXe si\u00e8cle, toujours pr\u00e9sentes dans les injonctions contemporaines : \u00ab\u00a0se battre\u00a0\u00bb, \u00ab\u00a0\u00eatre forte\u00a0\u00bb, et \u00a0\u00ab\u00a0\u00eatre r\u00e9siliente\u00a0\u00bb.<\/span><\/span><\/li>\n<li><span style=\"font-family: Comic Sans MS, serif;\"><span style=\"font-size: medium;\"><b>Jos\u00e9e Savard<\/b><\/span><\/span><span style=\"font-family: Comic Sans MS, serif;\"><span style=\"font-size: medium;\">, psychologue, d\u00e9monte l\u2019id\u00e9e selon laquelle le moral du patient influencerait l\u2019\u00e9volution de la maladie. Une croyance infond\u00e9e scientifiquement, mais largement diffus\u00e9e, au prix d\u2019une <\/span><\/span><span style=\"font-family: Comic Sans MS, serif;\"><span style=\"font-size: medium;\"><b>culpabilisation des patient\u00b7es<\/b><\/span><\/span><span style=\"font-family: Comic Sans MS, serif;\"><span style=\"font-size: medium;\">.<\/span><\/span><\/li>\n<li><span style=\"font-family: Comic Sans MS, serif;\"><span style=\"font-size: medium;\"><b>Anastasia Meidani<\/b><\/span><\/span><span style=\"font-family: Comic Sans MS, serif;\"><span style=\"font-size: medium;\">, sociologue, explore quant \u00e0 elle la mani\u00e8re dont les <\/span><\/span><span style=\"font-family: Comic Sans MS, serif;\"><span style=\"font-size: medium;\"><b>rapports de genre<\/b><\/span><\/span><span style=\"font-family: Comic Sans MS, serif;\"><span style=\"font-size: medium;\"> traversent l\u2019exp\u00e9rience du cancer.<\/span><\/span><\/li>\n<li><span style=\"font-family: Comic Sans MS, serif;\"><span style=\"font-size: medium;\">Enfin, des voix comme <\/span><\/span><span style=\"font-family: Comic Sans MS, serif;\"><span style=\"font-size: medium;\"><b>Mounia El Kotni<\/b><\/span><\/span><span style=\"font-family: Comic Sans MS, serif;\"><span style=\"font-size: medium;\">, <\/span><\/span><span style=\"font-family: Comic Sans MS, serif;\"><span style=\"font-size: medium;\"><b>C\u00e9lia Izoard, Marc Billaud<\/b><\/span><\/span><span style=\"font-family: Comic Sans MS, serif;\"><span style=\"font-size: medium;\"> ou <\/span><\/span><span style=\"font-family: Comic Sans MS, serif;\"><span style=\"font-size: medium;\"><b>Anne Marchand<\/b><\/span><\/span><span style=\"font-family: Comic Sans MS, serif;\"><span style=\"font-size: medium;\">\u00a0replacent la maladie dans son <\/span><\/span><span style=\"font-family: Comic Sans MS, serif;\"><span style=\"font-size: medium;\"><b>contexte politique<\/b><\/span><\/span><span style=\"font-family: Comic Sans MS, serif;\"><span style=\"font-size: medium;\"> : quand on se focalise sur le mode de vie des malades, on d\u00e9tourne l\u2019attention des causes syst\u00e9miques.<\/span><\/span><\/li>\n<\/ul>\n<p style=\"text-align: justify;\"><span style=\"font-family: Comic Sans MS, serif;\"><span style=\"font-size: medium;\"><b>T\u00e9moigner pour r\u00e9sister<\/b><\/span><\/span><\/p>\n<p style=\"text-align: justify;\"><span style=\"font-family: Comic Sans MS, serif;\"><span style=\"font-size: medium;\">Mais le c\u0153ur battant du podcast reste les <\/span><\/span><span style=\"font-family: Comic Sans MS, serif;\"><span style=\"font-size: medium;\"><b>voix des patientes elles-m\u00eames<\/b><\/span><\/span><span style=\"font-family: Comic Sans MS, serif;\"><span style=\"font-size: medium;\">. Des femmes comme <\/span><\/span><span style=\"font-family: Comic Sans MS, serif;\"><span style=\"font-size: medium;\"><b>Lili Sohn<\/b><\/span><\/span><span style=\"font-family: Comic Sans MS, serif;\"><span style=\"font-size: medium;\">, <\/span><\/span><span style=\"font-family: Comic Sans MS, serif;\"><span style=\"font-size: medium;\"><b>Cl\u00e9mentine Vergnaud<\/b><\/span><\/span><span style=\"font-family: Comic Sans MS, serif;\"><span style=\"font-size: medium;\"> ou <\/span><\/span><span style=\"font-family: Comic Sans MS, serif;\"><span style=\"font-size: medium;\"><b>Marie Negret Desurmont<\/b><\/span><\/span><span style=\"font-family: Comic Sans MS, serif;\"><span style=\"font-size: medium;\"> racontent leur exp\u00e9rience de la maladie, les injonctions \u00e0 la combativit\u00e9, \u00e0 la \u00ab\u00a0positive attitude\u00a0\u00bb, et le sentiment d\u2019isolement qui en d\u00e9coule.<\/span><\/span><\/p>\n<p style=\"text-align: justify;\"><span style=\"font-family: Comic Sans MS, serif;\"><span style=\"font-size: medium;\">Certaines confient s\u2019\u00eatre senties oblig\u00e9es de <\/span><\/span><span style=\"font-family: Comic Sans MS, serif;\"><span style=\"font-size: medium;\"><b>\u00ab\u00a0performer la joie\u00a0\u00bb<\/b><\/span><\/span><span style=\"font-family: Comic Sans MS, serif;\"><span style=\"font-size: medium;\">, d\u2019afficher un courage sans faille, alors m\u00eame qu\u2019elles vivaient la peur, l\u2019\u00e9puisement ou la solitude. D\u2019autres d\u00e9noncent l\u2019\u00e9vitement social que provoque une parole trop brute sur le cancer. Le podcast leur offre un espace rare : celui o\u00f9 la parole peut \u00eatre <\/span><\/span><span style=\"font-family: Comic Sans MS, serif;\"><span style=\"font-size: medium;\"><b>fragment\u00e9e, contradictoire, humaine<\/b><\/span><\/span><span style=\"font-family: Comic Sans MS, serif;\"><span style=\"font-size: medium;\">.<\/span><\/span><\/p>\n<p style=\"text-align: justify;\"><span style=\"font-family: Comic Sans MS, serif;\"><span style=\"font-size: medium;\"><b>Risposte po\u00e9tique<\/b><\/span><\/span><\/p>\n<p style=\"text-align: justify;\"><span style=\"font-family: Comic Sans MS, serif;\"><span style=\"font-size: medium;\">Enfin, <\/span><\/span><span style=\"font-family: Comic Sans MS, serif;\"><span style=\"font-size: medium;\"><i>Vuln\u00e9rables mais pas coupables<\/i><\/span><\/span><span style=\"font-family: Comic Sans MS, serif;\"><span style=\"font-size: medium;\"> convoque la <\/span><\/span><span style=\"font-family: Comic Sans MS, serif;\"><span style=\"font-size: medium;\"><b>po\u00e9sie comme outil de r\u00e9sistance<\/b><\/span><\/span><span style=\"font-family: Comic Sans MS, serif;\"><span style=\"font-size: medium;\">. Deux figures majeures accompagnent le podcast : <\/span><\/span><span style=\"font-family: Comic Sans MS, serif;\"><span style=\"font-size: medium;\"><b>Anne Boyer<\/b><\/span><\/span><span style=\"font-family: Comic Sans MS, serif;\"><span style=\"font-size: medium;\"> et <\/span><\/span><span style=\"font-family: Comic Sans MS, serif;\"><span style=\"font-size: medium;\"><b>Audre Lorde<\/b><\/span><\/span><span style=\"font-family: Comic Sans MS, serif;\"><span style=\"font-size: medium;\">.<\/span><\/span><\/p>\n<p style=\"text-align: justify;\"><span style=\"font-family: Comic Sans MS, serif;\"><span style=\"font-size: medium;\">Dans <\/span><\/span><span style=\"font-family: Comic Sans MS, serif;\"><span style=\"font-size: medium;\"><i>Celles qui ne meurent pas<\/i><\/span><\/span><span style=\"font-family: Comic Sans MS, serif;\"><span style=\"font-size: medium;\">, Anne Boyer d\u00e9nonce l\u2019individualisation du cancer et le \u00ab pinkwashing \u00bb qui l\u2019accompagne. Pour elle, exiger des malades qu\u2019ils soient r\u00e9silients et combatifs sert \u00e0 absoudre les v\u00e9ritables responsables : les industries polluantes, les syst\u00e8mes de soin in\u00e9galitaires, les violences structurelles.<\/span><\/span><\/p>\n<p style=\"text-align: justify;\"><span style=\"font-family: Comic Sans MS, serif;\"><span style=\"font-size: medium;\">De son c\u00f4t\u00e9, Audre Lorde, dans <\/span><\/span><span style=\"font-family: Comic Sans MS, serif;\"><span style=\"font-size: medium;\"><i>Le Journal du cancer<\/i><\/span><\/span><span style=\"font-family: Comic Sans MS, serif;\"><span style=\"font-size: medium;\">, transforme son corps malade en <\/span><\/span><span style=\"font-family: Comic Sans MS, serif;\"><span style=\"font-size: medium;\"><b>territoire de lutte<\/b><\/span><\/span><span style=\"font-family: Comic Sans MS, serif;\"><span style=\"font-size: medium;\">. Elle y parle de f\u00e9minit\u00e9, de soin, de sororit\u00e9, et surtout de la n\u00e9cessit\u00e9 de <\/span><\/span><span style=\"font-family: Comic Sans MS, serif;\"><span style=\"font-size: medium;\"><b>rompre le silence<\/b><\/span><\/span><span style=\"font-family: Comic Sans MS, serif;\"><span style=\"font-size: medium;\">, de se rendre visibles pour r\u00e9sister.<\/span><\/span><\/p>\n<p style=\"text-align: justify;\"><span style=\"font-family: Comic Sans MS, serif;\"><span style=\"font-size: medium;\">Ces textes ne viennent pas enjoliver le discours : ils le <\/span><\/span><span style=\"font-family: Comic Sans MS, serif;\"><span style=\"font-size: medium;\"><b>mettent en tension<\/b><\/span><\/span><span style=\"font-family: Comic Sans MS, serif;\"><span style=\"font-size: medium;\">. Ils rappellent que les mots fa\u00e7onnent notre rapport au r\u00e9el, et que se r\u00e9approprier le langage, c\u2019est d\u00e9j\u00e0 se lib\u00e9rer.<\/span><\/span><\/p>\n<p style=\"text-align: justify;\"><span style=\"font-family: Comic Sans MS, serif;\"><span style=\"font-size: medium;\"><b>Ce que ce podcast change<\/b><\/span><\/span><\/p>\n<p style=\"text-align: justify;\"><span style=\"font-family: Comic Sans MS, serif;\"><span style=\"font-size: medium;\"><i>Vuln\u00e9rables mais pas coupables<\/i><\/span><\/span><span style=\"font-family: Comic Sans MS, serif;\"><span style=\"font-size: medium;\"> est bien plus qu\u2019un podcast. C\u2019est une <\/span><\/span><span style=\"font-family: Comic Sans MS, serif;\"><span style=\"font-size: medium;\"><b>contre-narration<\/b><\/span><\/span><span style=\"font-family: Comic Sans MS, serif;\"><span style=\"font-size: medium;\">, un antidote \u00e0 la rh\u00e9torique dominante qui transforme le cancer en \u00e9preuve morale, et le patient en combattant solitaire.<\/span><\/span><\/p>\n<p style=\"text-align: justify;\"><span style=\"font-family: Comic Sans MS, serif;\"><span style=\"font-size: medium;\">Il nous rappelle que le cancer n\u2019est pas seulement une affaire de cellules ou de moral. C\u2019est aussi le produit de <\/span><\/span><span style=\"font-family: Comic Sans MS, serif;\"><span style=\"font-size: medium;\"><b>structures qui ab\u00eement<\/b><\/span><\/span><span style=\"font-family: Comic Sans MS, serif;\"><span style=\"font-size: medium;\">, d\u2019environnements toxiques, d\u2019une id\u00e9ologie qui pr\u00e9f\u00e8re vendre des slogans que regarder les causes profondes.<\/span><\/span><\/p>\n<p style=\"text-align: justify;\"><span style=\"font-family: Comic Sans MS, serif;\"><span style=\"font-size: medium;\">Dans ce contexte, le podcast agit comme une <\/span><\/span><span style=\"font-family: Comic Sans MS, serif;\"><span style=\"font-size: medium;\"><b>fissure dans les r\u00e9cits h\u00e9g\u00e9moniques<\/b><\/span><\/span><span style=\"font-family: Comic Sans MS, serif;\"><span style=\"font-size: medium;\">. Il propose un autre regard, une autre mani\u00e8re d\u2019habiter la maladie.<\/span><\/span><\/p>\n<p style=\"text-align: justify;\"><span style=\"font-family: Comic Sans MS, serif;\"><span style=\"font-size: medium;\">Car au fond, <\/span><\/span><span style=\"font-family: Comic Sans MS, serif;\"><span style=\"font-size: medium;\"><i>Vuln\u00e9rables mais pas coupables<\/i><\/span><\/span><span style=\"font-family: Comic Sans MS, serif;\"><span style=\"font-size: medium;\"> pose une question simple, mais essentielle : <\/span><\/span><span style=\"font-family: Comic Sans MS, serif;\"><span style=\"font-size: medium;\"><b>Et si le probl\u00e8me n\u2019\u00e9tait pas dans les corps, mais dans le monde qu\u2019on leur impose ?<\/b><\/span><\/span><\/p>\n<p style=\"text-align: justify;\">\u00a0 \u00a0 \u00a0 \u00a0 <span style=\"font-family: Comic Sans MS, serif;\"><span style=\"font-size: medium;\"><b>Descriptif des \u00e9pisodes<\/b><\/span><\/span><\/p>\n<p style=\"text-align: justify;\"><span style=\"font-family: Comic Sans MS, serif;\"><span style=\"font-size: medium;\">1.\u00a0\u00a0\u00a0\u00a0 <\/span><\/span><span style=\"font-family: Comic Sans MS, serif;\"><span style=\"font-size: medium;\"><b>Je me suis fabriqu\u00e9 mon cancer<\/b><\/span><\/span><span style=\"font-family: Comic Sans MS, serif;\"><span style=\"font-size: medium;\"> \u2013 Origines de la croyance et ses effets.<\/span><\/span><\/p>\n<p style=\"text-align: justify;\"><span style=\"font-family: Comic Sans MS, serif;\"><span style=\"font-size: medium;\">2.\u00a0\u00a0\u00a0\u00a0 <\/span><\/span><span style=\"font-family: Comic Sans MS, serif;\"><span style=\"font-size: medium;\"><b>Branle-bas de combat<\/b><\/span><\/span><span style=\"font-family: Comic Sans MS, serif;\"><span style=\"font-size: medium;\"> \u2013 La rh\u00e9torique guerri\u00e8re du cancer.<\/span><\/span><\/p>\n<p style=\"text-align: justify;\"><span style=\"font-family: Comic Sans MS, serif;\"><span style=\"font-size: medium;\">3.\u00a0\u00a0\u00a0\u00a0 <\/span><\/span><span style=\"font-family: Comic Sans MS, serif;\"><span style=\"font-size: medium;\"><b>La positive attitude<\/b><\/span><\/span><span style=\"font-family: Comic Sans MS, serif;\"><span style=\"font-size: medium;\">\u00a0\u2013 Ce que cache l\u2019injonction \u00e0 rester positif\u00b7ve\u00a0<\/span><\/span><\/p>\n<p style=\"text-align: justify;\"><span style=\"font-family: Comic Sans MS, serif;\"><span style=\"font-size: medium;\">4.\u00a0\u00a0\u00a0\u00a0 <\/span><\/span><span style=\"font-family: Comic Sans MS, serif;\"><span style=\"font-size: medium;\"><b>Bouger, manger, et apr\u00e8s ?<\/b><\/span><\/span><span style=\"font-family: Comic Sans MS, serif;\"><span style=\"font-size: medium;\"> \u2013 Une ouverture vers une approche collective et politique.<\/span><\/span><\/p>\n<p style=\"text-align: justify;\"><span style=\"font-family: Comic Sans MS, serif;\"><span style=\"font-size: medium;\">Le podcast est disponible sur toutes les plateformes et ici :<\/span><\/span><\/p>\n<p style=\"text-align: justify;\">\ud83d\udc49 <span style=\"color: #000080;\"><u><a href=\"https:\/\/mib.claudiusregaud.fr\/securelink\/?url=https:\/\/www.podcastics.com&amp;key=eyJsYW5nIjoiRlIiLCJ1cmwiOiJodHRwczovL3d3dy5wb2RjYXN0aWNzLmNvbS9wb2RjYXN0L3Z1bG5lcmFibGVzLW1haXMtcGFzLWNvdXBhYmxlcy8iLCJ0b2tlbiI6ImdBQUFBQUJuOW1MOVd4Qk5LM2FyR2xhRmhWcERnS2hGdnluWEh5cnJ4MV8xX09HSjhYRC12UE9sYXN5NFZmWHNpajlDaFk5OVdlMl8wSnBZSHZVNDlSRHUwY0NJdURxTDBWb2VORE9tQWxoNms4cHo5Z2dnYzBJdEI1eG50RE5DWG1KeUZhNDRiVk0tM0tlaFpRUjhJbTZ4MzVqRGpQYUxlb0tHaHNWbjhRYzY0Ql84Z2hkQ2NGcFprdUVoREdTa01WNEJOd05keVkzd2tnNVNwc1NBVGhLVkp5c0huZ1hUWFVITFctZ0xBRUJNakxSVkZxVEtVUVN5MjVJR0dBR0RUX1ZVNkpIempUcHJrZHhWMGJGV0NYWFBTODNkRW5tTGFGYzdOaFdhU2Q4TlVod0ZDb3RlTjViWXZFWkFobmNlaXJrX1FlLTVkU1BGIn0=\"><span style=\"font-family: Comic Sans MS, serif;\"><span style=\"font-size: medium;\"><span lang=\"fr-FR\">https:\/\/www.podcastics.com\/podcast\/vulnerables-mais-pas-coupables\/<\/span><\/span><\/span><\/a><\/u><\/span><\/p>\n<p style=\"text-align: justify;\"><span style=\"color: #000080;\"><u><a href=\"https:\/\/blogs.mediapart.fr\/batistmad\"><span style=\"font-family: Comic Sans MS, serif;\"><span style=\"font-size: medium;\"><span lang=\"fr-FR\">batistmad<\/span><\/span><\/span><\/a><\/u><\/span><span style=\"font-family: Comic Sans MS, serif;\"><span style=\"font-size: medium;\">\u00a0; abonn\u00e9\u00b7e de Mediapart <\/span><\/span><\/p>\n","protected":false},"excerpt":{"rendered":"<p>Repolitiser le cancer, une urgence contemporaine<\/p>\n","protected":false},"author":2,"featured_media":0,"comment_status":"closed","ping_status":"closed","sticky":false,"template":"","format":"standard","meta":{"footnotes":""},"categories":[1],"tags":[],"class_list":["post-15547","post","type-post","status-publish","format-standard","hentry","category-non-classe"],"_links":{"self":[{"href":"https:\/\/www.quieryavenir.fr\/blog\/wp-json\/wp\/v2\/posts\/15547","targetHints":{"allow":["GET"]}}],"collection":[{"href":"https:\/\/www.quieryavenir.fr\/blog\/wp-json\/wp\/v2\/posts"}],"about":[{"href":"https:\/\/www.quieryavenir.fr\/blog\/wp-json\/wp\/v2\/types\/post"}],"author":[{"embeddable":true,"href":"https:\/\/www.quieryavenir.fr\/blog\/wp-json\/wp\/v2\/users\/2"}],"replies":[{"embeddable":true,"href":"https:\/\/www.quieryavenir.fr\/blog\/wp-json\/wp\/v2\/comments?post=15547"}],"version-history":[{"count":1,"href":"https:\/\/www.quieryavenir.fr\/blog\/wp-json\/wp\/v2\/posts\/15547\/revisions"}],"predecessor-version":[{"id":15548,"href":"https:\/\/www.quieryavenir.fr\/blog\/wp-json\/wp\/v2\/posts\/15547\/revisions\/15548"}],"wp:attachment":[{"href":"https:\/\/www.quieryavenir.fr\/blog\/wp-json\/wp\/v2\/media?parent=15547"}],"wp:term":[{"taxonomy":"category","embeddable":true,"href":"https:\/\/www.quieryavenir.fr\/blog\/wp-json\/wp\/v2\/categories?post=15547"},{"taxonomy":"post_tag","embeddable":true,"href":"https:\/\/www.quieryavenir.fr\/blog\/wp-json\/wp\/v2\/tags?post=15547"}],"curies":[{"name":"wp","href":"https:\/\/api.w.org\/{rel}","templated":true}]}}