{"id":15575,"date":"2025-07-09T02:07:48","date_gmt":"2025-07-09T00:07:48","guid":{"rendered":"https:\/\/www.quieryavenir.fr\/blog\/?p=15575"},"modified":"2025-07-08T08:11:48","modified_gmt":"2025-07-08T06:11:48","slug":"gaza-et-lepidemie-des-couteaux","status":"publish","type":"post","link":"https:\/\/www.quieryavenir.fr\/blog\/2025\/07\/09\/gaza-et-lepidemie-des-couteaux\/","title":{"rendered":"Gaza et l\u2019\u00e9pid\u00e9mie des couteaux"},"content":{"rendered":"<p style=\"text-align: justify;\"><img loading=\"lazy\" decoding=\"async\" class=\"wp-image-15566 aligncenter\" src=\"https:\/\/www.quieryavenir.fr\/blog\/wp-content\/uploads\/2025\/07\/ATR-1-300x203.jpg\" alt=\"\" width=\"437\" height=\"296\" srcset=\"https:\/\/www.quieryavenir.fr\/blog\/wp-content\/uploads\/2025\/07\/ATR-1-300x203.jpg 300w, https:\/\/www.quieryavenir.fr\/blog\/wp-content\/uploads\/2025\/07\/ATR-1.jpg 738w\" sizes=\"auto, (max-width: 437px) 100vw, 437px\" \/><\/p>\n<h1 style=\"text-align: justify;\"><strong><span style=\"font-family: Comic Sans MS, serif;\"><span style=\"font-size: medium;\">Depuis des mois, on se r\u00e9veille en pensant \u00e0 Gaza<\/span><\/span><\/strong><\/h1>\n<p><!--more--><\/p>\n<p style=\"text-align: justify;\"><span style=\"font-family: Comic Sans MS, serif;\"><span style=\"font-size: medium;\">Les injonctions \u00e0 se taire, le flot continu des atrocit\u00e9s, le n\u00e9gationnisme et la propagande de guerre entravent le sens commun. Comment dire le g\u00e9nocide, ses d\u00e9g\u00e2ts irr\u00e9versibles l\u00e0-bas, mais \u00e9galement ici\u00a0? Ici, o\u00f9 les m\u00eames qui normalisent leur complicit\u00e9 bombent le torse contre l\u2019ensauvagement des jeunes. Mais qui sont les barbares\u00a0?<\/span><\/span><\/p>\n<p style=\"text-align: justify;\"><span style=\"font-family: Comic Sans MS, serif;\"><span style=\"font-size: medium;\">** **<\/span><\/span><\/p>\n<p style=\"text-align: justify;\"><span style=\"font-family: Comic Sans MS, serif;\"><span style=\"font-size: medium;\"><i>\u00ab\u00a0Ce que nous voyons \u00e0 Gaza est tellement douloureux, \u00e7a me fait mal dans tout le corps.\u00a0\u00bb <\/i><\/span><\/span><span style=\"font-family: Comic Sans MS, serif;\"><span style=\"font-size: medium;\">Pep Guardiola, entraineur de Manchester City, vient de nous prouver que le football professionnel n\u2019est pas qu\u2019un milieu de milliardaires d\u00e9c\u00e9r\u00e9br\u00e9s.<\/span><\/span><span style=\"font-family: Comic Sans MS, serif;\"><span style=\"font-size: medium;\"><i> \u00ab\u00a0Ce n\u2019est pas une question d\u2019id\u00e9ologie. C\u2019est simplement l\u2019amour de la vie, l\u2019attention port\u00e9e \u00e0 son voisin. En voyant des gar\u00e7ons et des filles de quatre ans tu\u00e9s par des bombes ou \u00e0 l\u2019h\u00f4pital,<\/i><\/span><\/span><span style=\"font-family: Comic Sans MS, serif;\"><span style=\"font-size: medium;\"> [on peut penser] <\/span><\/span><span style=\"font-family: Comic Sans MS, serif;\"><span style=\"font-size: medium;\"><i>que ce n\u2019est pas notre probl\u00e8me. Oui, on peut penser cela, mais attention\u00a0: les suivants pourraient \u00eatre les n\u00f4tres. D\u00e9sol\u00e9, mais depuis le d\u00e9but de ce cauchemar, quand je vois tous les matins les enfants de Gaza, je vois mes propres enfants et j\u2019ai tr\u00e8s peur.\u00a0\u00bb<\/i><\/span><\/span><span style=\"font-family: Comic Sans MS, serif;\"><span style=\"font-size: medium;\"> (<\/span><\/span><span style=\"font-family: Comic Sans MS, serif;\"><span style=\"font-size: medium;\"><i>Le Parisien<\/i><\/span><\/span><span style=\"font-family: Comic Sans MS, serif;\"><span style=\"font-size: medium;\">, 10 juin 2025)<\/span><\/span><\/p>\n<p style=\"text-align: justify;\"><span style=\"font-family: Comic Sans MS, serif;\"><span style=\"font-size: medium;\">Le m\u00eame jour en France, une autre \u00e9motion occupe la une des journaux : devant son coll\u00e8ge, un adolescent de 14 ans a tu\u00e9 une surveillante \u00e0 coups de couteau de cuisine. Sur les plateaux de t\u00e9l\u00e9, \u00e0 la radio, experts, \u00e9lus et ministres s\u2019inqui\u00e8tent de ce qui s\u2019apparente \u00e0 une \u00e9pid\u00e9mie de meurtres \u00e0 l\u2019arme blanche. On \u00e9voque l\u2019influence toxique des jeux vid\u00e9o et des r\u00e9seaux sociaux. Personne n\u2019envisage que la r\u00e9alit\u00e9 puisse y \u00eatre pour quelque chose. Surtout pas ceux et celles qui, depuis un an et demi, nous obligent \u00e0 assister, en direct et sans rien dire, \u00e0 la destruction de Gaza.<\/span><\/span><\/p>\n<p style=\"text-align: justify;\"><span style=\"font-family: Comic Sans MS, serif;\"><span style=\"font-size: medium;\"><i>Le<\/i><\/span><\/span> <span style=\"font-family: Comic Sans MS, serif;\"><span style=\"font-size: medium;\"><i>Monde<\/i><\/span><\/span><span style=\"font-family: Comic Sans MS, serif;\"><span style=\"font-size: medium;\"> parle de<\/span><\/span><span style=\"font-family: Comic Sans MS, serif;\"><span style=\"font-size: medium;\"><i> \u00ab\u00a0risques de d\u00e9shumanisation, d\u2019isolement et de passage \u00e0 l\u2019acte violent qu\u2019accro\u00eet notre monde de plus en plus num\u00e9ris\u00e9, individualis\u00e9 et virtuel\u00a0\u00bb<\/i><\/span><\/span><span style=\"font-family: Comic Sans MS, serif;\"><span style=\"font-size: medium;\"> (\u00e9ditorial du 12 juin 2025). Issu d\u2019une famille sans probl\u00e8me, pas si accro aux r\u00e9seaux, l\u2019ado de Nogent a fait preuve de d\u00e9tachement lors de son interrogatoire. Est-ce si surprenant quand la politique fait pareil\u00a0? Quand, malgr\u00e9 les le\u00e7ons du covid, le gouvernement continue \u00e0 d\u00e9vitaliser le syst\u00e8me de sant\u00e9, ne fait-il pas preuve lui aussi d\u2019une <\/span><\/span><span style=\"font-family: Comic Sans MS, serif;\"><span style=\"font-size: medium;\"><i>\u00ab\u00a0perte de rep\u00e8res quant \u00e0 la valeur de la vie humaine\u00a0\u00bb<\/i><\/span><\/span><span style=\"font-family: Comic Sans MS, serif;\"><span style=\"font-size: medium;\"> (selon les mots du procureur de Nogent) ? N\u2019est-il pas excessivement \u00ab d\u00e9tach\u00e9 \u00bb, M. Brice Teinturier, directeur de l\u2019Ifop, quand il opine que, face aux enjeux du (pseudo) choc des civilisations, ce qui se passe \u00e0 Gaza est <\/span><\/span><span style=\"font-family: Comic Sans MS, serif;\"><span style=\"font-size: medium;\"><i>\u00ab\u00a0anecdotique\u00a0\u00bb<\/i><\/span><\/span><span style=\"font-family: Comic Sans MS, serif;\"><span style=\"font-size: medium;\">\u00a0?<\/span><\/span><\/p>\n<p style=\"text-align: justify;\"><span style=\"font-family: Comic Sans MS, serif;\"><span style=\"font-size: medium;\">La d\u00e9shumanisation des Gazaouis va tr\u00e8s loin. On nous demande de trouver \u00e0 peine regrettable le meurtre de dizaines de milliers de civils, enfants, secouristes, grands-m\u00e8res, journalistes. Ce relativisme de l\u2019empathie expliquerait-il la mort banalis\u00e9e de Zineb Redouane, Adama Traor\u00e9, C\u00e9dric Chouviat, Nahel Merzouk\u00a0? Ou celle des milliers de noy\u00e9s en M\u00e9diterran\u00e9e\u00a0? Il ne faut pas importer le conflit du Proche-Orient, nous dit-on. Mais qui importe quoi\u00a0? Aim\u00e9 C\u00e9saire \u00e9mettait l\u2019hypoth\u00e8se que la Shoah, c\u2019\u00e9tait la violence coloniale revenue en Europe par effet boomerang. <\/span><\/span><span style=\"font-family: Comic Sans MS, serif;\"><span style=\"font-size: medium;\"><i>\u00ab\u00a0Plus jamais \u00e7a\u00a0\u00bb<\/i><\/span><\/span><span style=\"font-family: Comic Sans MS, serif;\"><span style=\"font-size: medium;\">, d\u00e9clara alors l\u2019Europe, la main sur le c\u0153ur. Sauf s\u2019il s\u2019agit d\u2019indig\u00e8nes ? <\/span><\/span><span style=\"font-family: Comic Sans MS, serif;\"><span style=\"font-size: medium;\"><i>Play it again, Sam.<\/i><\/span><\/span><\/p>\n<p style=\"text-align: justify;\"><span style=\"font-family: Comic Sans MS, serif;\"><span style=\"font-size: medium;\">S\u2019il para\u00eet inspir\u00e9 par la s\u00e9rie dystopique <\/span><\/span><span style=\"font-family: Comic Sans MS, serif;\"><span style=\"font-size: medium;\"><i>Black Mirror<\/i><\/span><\/span><span style=\"font-family: Comic Sans MS, serif;\"><span style=\"font-size: medium;\">, l\u2019actuel ensauvagement g\u00e9opolitique n\u2019est pas un jeu vid\u00e9o. C\u2019est un message gla\u00e7ant qu\u2019envoie au monde un \u00c9tat paria arm\u00e9 et soutenu inconditionnellement par les puissances occidentales. Isra\u00ebl se moque du droit international, brandit la vengeance et le cynisme comme summum de la virilit\u00e9, m\u00e8ne une guerre totale \u00e0 des autochtones d\u00e9finis comme des <\/span><\/span><span style=\"font-family: Comic Sans MS, serif;\"><span style=\"font-size: medium;\"><i>\u00ab\u00a0animaux humains\u00a0\u00bb<\/i><\/span><\/span><span style=\"font-family: Comic Sans MS, serif;\"><span style=\"font-size: medium;\">. Sentiment de toute-puissance et impunit\u00e9 sont mis en sc\u00e8ne par un bourreau se posant en victime : bel exemple pour les psychopathes de demain !<\/span><\/span><\/p>\n<p style=\"text-align: justify;\"><span style=\"font-family: Comic Sans MS, serif;\"><span style=\"font-size: medium;\">D\u00e9but 2024, des journalistes t\u00e9l\u00e9 aboient sur une \u00e9tudiante de la Sorbonne qui, avec ses camarades, tente de dire Stop au massacre. Ils lui font la morale et cr\u00e9ent le soup\u00e7on, eux qui ne pipent mot sur leurs confr\u00e8res assassin\u00e9s par dizaines \u00e0 Gaza : \u00ab Antis\u00e9mite \u00bb, \u00ab pro-Hamas \u00bb. Mais d\u00e9trompez-vous, la brutalisation des m\u0153urs politiques ne participerait en rien au mal-\u00eatre de la jeunesse. Surtout apr\u00e8s les confinements covid, l\u2019\u00e9co-anxi\u00e9t\u00e9, la pr\u00e9carit\u00e9, l\u2019horizon bouch\u00e9, les vieux que la r\u00e9forme des retraites oblige \u00e0 bosser \u00e0 la place des jeunes.<\/span><\/span><\/p>\n<p style=\"text-align: justify;\"><span style=\"font-family: Comic Sans MS, serif;\"><span style=\"font-size: medium;\">Le spectacle de ce syst\u00e8me devenu dingue nous hypnotise avec son discours univoque\u00a0: l\u2019oligarchie globale n\u2019a plus besoin de d\u00e9mocratie, plus besoin d\u2019habillage humaniste. <\/span><\/span><span style=\"font-family: Comic Sans MS, serif;\"><span style=\"font-size: medium;\"><i>Back to basics<\/i><\/span><\/span><span style=\"font-family: Comic Sans MS, serif;\"><span style=\"font-size: medium;\"> : loi du plus fort, autoritarisme, retour du refoul\u00e9 colonial, regain d\u2019app\u00e9tit pour l\u2019accumulation primitive, n\u00e9gationnisme climatique, ventes d\u2019armes (et narcotrafic ?) dans le top 3 des valeurs boursi\u00e8res. La guerre de tous contre tous impr\u00e8gne l\u2019inconscient collectif, mais on vous jure que nos ados ne sont pas au courant.<\/span><\/span><\/p>\n<p style=\"text-align: justify;\"><span style=\"font-family: Comic Sans MS, serif;\"><span style=\"font-size: medium;\">Gaza, c\u2019est la dystopie n\u00b01 d\u2019un capital radicalis\u00e9, la mise en sc\u00e8ne de son jusqu\u2019auboutisme suicidaire. L\u2019Absurdistan trumpiste d\u2019une Riviera cr\u00e9\u00e9e par IA sur les ruines d\u2019une histoire mill\u00e9naire (<\/span><\/span><span style=\"font-family: Comic Sans MS, serif;\"><span style=\"font-size: medium;\"><i>remember<\/i><\/span><\/span><span style=\"font-family: Comic Sans MS, serif;\"><span style=\"font-size: medium;\"> Daesh \u00e0 Palmyre), c\u2019est la m\u00e9taphore grotesque du joug de l\u2019argent sur nos vies. \u00c7a va \u00eatre dur de faire plus moche dans le si\u00e8cle. Quoique\u2026 la crainte de Guardiola n\u2019est pas infond\u00e9e : les surench\u00e8res belliqueuses sont ouvertes. Et si on attaquait le Liban, la Syrie, l\u2019Iran au nom du droit unilat\u00e9ral d\u2019Isra\u00ebl \u00e0 se d\u00e9fendre ? Au m\u00eame moment, la fille d\u2019un ami raconte que sur TikTok circule l\u2019id\u00e9e que la surveillante poignard\u00e9e l\u2019avait peut-\u00eatre un peu cherch\u00e9.<\/span><\/span><\/p>\n<p style=\"text-align: justify;\"><span style=\"font-family: Comic Sans MS, serif;\"><span style=\"font-size: medium;\">Coup d\u2019\u0153il panoramique via mon smartphone : le bunker survivaliste de Musk \u00e0 Hawa\u00ef ; son incontinence interstellaire projetant la fuite des ultra-riches loin d\u2019une plan\u00e8te qu\u2019ils auront largement contribu\u00e9 \u00e0 saccager ; les colonies supr\u00e9macistes en Cisjordanie comme avant-garde des <\/span><\/span><span style=\"font-family: Comic Sans MS, serif;\"><span style=\"font-size: medium;\"><i>gated communities<\/i><\/span><\/span><span style=\"font-family: Comic Sans MS, serif;\"><span style=\"font-size: medium;\">, o\u00f9 le bon citoyen arm\u00e9 jusqu\u2019aux dents vit dans la peur de son voisin arm\u00e9 lui aussi jusqu\u2019aux dents\u00a0; la stigmatisation des pauvres, des musulmans, des pas-comme-nous\u00a0; Internet qui mouline de la post-v\u00e9rit\u00e9 l\u00e0 o\u00f9 il promettait une communication horizontale.\u00a0La com\u00e9die bourgeoise, <\/span><\/span><span style=\"font-family: Comic Sans MS, serif;\"><span style=\"font-size: medium;\"><i>business as usual<\/i><\/span><\/span><span style=\"font-family: Comic Sans MS, serif;\"><span style=\"font-size: medium;\">, a mut\u00e9 en cauchemar de fin des temps. <\/span><\/span><span style=\"font-family: Comic Sans MS, serif;\"><span style=\"font-size: medium;\"><i>No future<\/i><\/span><\/span><span style=\"font-family: Comic Sans MS, serif;\"><span style=\"font-size: medium;\">. Qu\u2019en disent les enfants de T\u00e9h\u00e9ran, d\u2019Ha\u00effa, de Kiev et de Gaza ? Et ceux et celles d&rsquo;ici ?<\/span><\/span><\/p>\n<p style=\"text-align: justify;\"><span style=\"font-family: Comic Sans MS, serif;\"><span style=\"font-size: medium;\">Quand l\u2019eau et l\u2019air manqueront \u00e0 force de polluer et de privatiser, d\u2019autres Gaza viendront, d\u2019autres r\u00e9serves indiennes, d\u2019autres en-dehors carc\u00e9raux. L\u2019accaparement des ressources, l\u2019arrachage des oliviers, les \u00e9coles d\u00e9truites, les routes s\u00e9gr\u00e9gu\u00e9es : ce que font les colons en Cisjordanie, n\u2019est-ce pas finalement le paroxysme de ce que le capital impose partout ?<\/span><\/span><\/p>\n<p style=\"text-align: justify;\"><span style=\"font-family: Comic Sans MS, serif;\"><span style=\"font-size: medium;\">Cette course vers l\u2019abime des bas instincts cr\u00e9era d\u2019autres ghettos o\u00f9 l\u2019ont parquera les masses surnum\u00e9raires avant de leur couper les vivres au nom de la guerre au terrorisme et \/ ou du contr\u00f4le des fronti\u00e8res. L\u2019ins\u00e9curit\u00e9 sociale, climatique, alimentaire, \u00e9conomique ? Oubliez tout \u00e7a, l\u2019ins\u00e9curit\u00e9, c\u2019est les migrants et les ados ensauvag\u00e9s. Les m\u00e9dias nous bombardent d\u2019outrances, fabriquant sid\u00e9ration et consentement. Le fant\u00f4me de la guerre civile r\u00f4de, l\u2019extr\u00eame-droite a la bride sur le cou : elle n\u2019est plus l\u2019\u00e9pouvantail qui permet de reconduire les politiques n\u00e9olib\u00e9rales \u00e0 chaque \u00e9lection pr\u00e9sidentielle, elle est devenue l\u2019option ultra pour les perp\u00e9tuer \u2013 par la force s\u2019il le faut. Prends \u00e7a, gamin : c\u2019est la jungle, va falloir te d\u00e9fendre.<\/span><\/span><\/p>\n<p style=\"text-align: justify;\"><span style=\"font-family: Comic Sans MS, serif;\"><span style=\"font-size: medium;\">Ce <\/span><\/span><span style=\"font-family: Comic Sans MS, serif;\"><span style=\"font-size: medium;\"><i>backlash<\/i><\/span><\/span><span style=\"font-family: Comic Sans MS, serif;\"><span style=\"font-size: medium;\"> mondial d\u00e9voile le vrai visage des \u00e9lites \u2013 \u00e9lites qui, selon Walter Benjamin, <\/span><\/span><span style=\"font-family: Comic Sans MS, serif;\"><span style=\"font-size: medium;\"><i>\u00ab sont bien plus barbares que le commun des mortels \u00bb<\/i><\/span><\/span><span style=\"font-family: Comic Sans MS, serif;\"><span style=\"font-size: medium;\">. Elles savent que le roi est nu : l\u2019extractivisme d\u00e9vorant les ressources \u00e0 la fois humaines et naturelles am\u00e8nera des soul\u00e8vements majeurs et elles s\u2019y pr\u00e9parent. Les \u00e9meutes de Los Angeles contre les rafles anti-migrants font ressurgir le mouvement social multiforme qui a provoqu\u00e9 ce fameux retour de b\u00e2ton. <\/span><\/span><span style=\"font-family: Comic Sans MS, serif;\"><span style=\"font-size: medium;\"><i>Black lives matter<\/i><\/span><\/span><span style=\"font-family: Comic Sans MS, serif;\"><span style=\"font-size: medium;\">, <\/span><\/span><span style=\"font-family: Comic Sans MS, serif;\"><span style=\"font-size: medium;\"><i>#MeToo<\/i><\/span><\/span><span style=\"font-family: Comic Sans MS, serif;\"><span style=\"font-size: medium;\">, <\/span><\/span><span style=\"font-family: Comic Sans MS, serif;\"><span style=\"font-size: medium;\"><i>Occupy Wall Street<\/i><\/span><\/span><span style=\"font-family: Comic Sans MS, serif;\"><span style=\"font-size: medium;\">, le combat des Sioux et des \u00e9colos contre le pipeline de Standing Rock, les luttes de travailleurs ub\u00e9ris\u00e9s, etc. Un activiste US exposait dans <\/span><\/span><span style=\"font-family: Comic Sans MS, serif;\"><span style=\"font-size: medium;\"><i>#lundimatin<\/i><\/span><\/span><span style=\"font-family: Comic Sans MS, serif;\"><span style=\"font-size: medium;\"> que le p\u00e9ril d\u2019un coup d\u2019\u00c9tat techno-fasciste est r\u00e9el, mais que cette \u00ab panique morale \u00bb a \u00e9t\u00e9 \u00ab m\u00e9rit\u00e9e \u00bb par le caract\u00e8re subversif des mouvements sociaux de la derni\u00e8re d\u00e9cennie. Pour r\u00e9sister \u00e0 cette crise de nerf r\u00e9actionnaire, il faudra \u0153uvrer \u00e0 la jonction de toutes les forces d\u2019\u00e9mancipation.<\/span><\/span><\/p>\n<p style=\"text-align: justify;\"><span style=\"font-family: Comic Sans MS, serif;\"><span style=\"font-size: medium;\">C\u2019est \u00e0 un d\u00e9passement du capitalisme que les peuples sont invit\u00e9s, en urgence. L\u2019esprit des r\u00e9volutions arabes, celui du Hirak alg\u00e9rien et, ici, la m\u00e9moire vive des gilets jaunes (Ni Tebboune, ni Macron) feraient bien de s\u2019allier un jour. Par exemple autour de la solidarit\u00e9 avec la Palestine, ce pays o\u00f9 Juifs et Arabes ne peuvent vivre qu\u2019en \u00e9gaux, en bonne attente, comme ils l\u2019ont fait au fil des si\u00e8cles tout autour de la M\u00e9diterran\u00e9e. Lib\u00e9r\u00e9 du sionisme, du Hamas et d\u2019une Autorit\u00e9 palestinienne indigente et corrompue, la libert\u00e9 de circulation et d\u2019installation rouvrirait le paysage. Utopie ? Aujourd\u2019hui, certainement. C\u2019est pourtant la seule issue possible, \u00e0 moins de d\u00e9porter les 2 millions d\u2019Arabes isra\u00e9liens dans les ruines de Gaza et de transf\u00e9rer les 700 000 colons de Cisjordanie \u00e0 Tel Aviv\u2026 Voil\u00e0 comment bricoleraient sans doute une \u00ab solution \u00e0 deux \u00c9tats \u00bb (ethniquement purs ?) l\u2019hypocrite Occident qui n\u2019a jamais rien fait pour freiner l\u2019expansion ill\u00e9gale des colonies. Et s\u2019ils attendent le feu vert de Netanyahou et Trump, on est mal.<\/span><\/span><\/p>\n<p style=\"text-align: justify;\"><span style=\"font-family: Comic Sans MS, serif;\"><span style=\"font-size: medium;\">Dimanche dernier, sur le Vieux-Port, un petit gar\u00e7on en maillot de l\u2019OM brandissait fi\u00e8rement un carton en forme de tranche de past\u00e8que avec \u00e9crit dessus \u00ab <\/span><\/span><span style=\"font-family: Comic Sans MS, serif;\"><span style=\"font-size: medium;\"><i>Boycott McDo\u00a0\u00bb<\/i><\/span><\/span><span style=\"font-family: Comic Sans MS, serif;\"><span style=\"font-size: medium;\">. Les ricanements, les calomnies, le venin crach\u00e9 contre la Flottille de la libert\u00e9\u00a0; le coup d\u2019arr\u00eat \u00e9gyptien \u00e0 la marche internationale sur Rafah\u00a0; les alibis f\u00e9briles du ministre des affaires \u00e9trang\u00e8res apr\u00e8s que les dockers de Marseille et de G\u00eanes aient refus\u00e9 d\u2019embarquer les composants militaires d\u2019Eurolinks \u00e0 destination d\u2019Isra\u00ebl\u2026 Fallait-il vraiment une nouvelle guerre, un potentiel chaos r\u00e9gional (et pourquoi pas mondial, avec Poutine en arbitre), pour faire oublier tout \u00e7a \u00e0 une opinion publique qu\u2019on imagine dot\u00e9e d\u2019une m\u00e9moire de poisson rouge\u00a0? Les \u00c9tats redoutent par-dessus tout une internationale des peuples. Et avec elle, une jeunesse debout qui \u2013\u00a0les paris sont ouverts\u00a0\u2013 n\u2019aura pas besoin de couteaux de cuisine pour dire qu\u2019elle ne se laissera plus enfermer.<\/span><\/span><\/p>\n<p style=\"text-align: justify;\"><span style=\"font-family: Comic Sans MS, serif;\"><span style=\"font-size: medium;\">Bruno Le <\/span><\/span><span style=\"font-family: Comic Sans MS, serif;\"><span style=\"font-size: medium;\">D<\/span><\/span><span style=\"font-family: Comic Sans MS, serif;\"><span style=\"font-size: medium;\">antec\u00a0; blog de mediapart\u00a0; 10 juin 2025<\/span><\/span><\/p>\n","protected":false},"excerpt":{"rendered":"<p>Depuis des mois, on se r\u00e9veille en pensant \u00e0 Gaza<\/p>\n","protected":false},"author":2,"featured_media":0,"comment_status":"closed","ping_status":"closed","sticky":false,"template":"","format":"standard","meta":{"footnotes":""},"categories":[1],"tags":[],"class_list":["post-15575","post","type-post","status-publish","format-standard","hentry","category-non-classe"],"_links":{"self":[{"href":"https:\/\/www.quieryavenir.fr\/blog\/wp-json\/wp\/v2\/posts\/15575","targetHints":{"allow":["GET"]}}],"collection":[{"href":"https:\/\/www.quieryavenir.fr\/blog\/wp-json\/wp\/v2\/posts"}],"about":[{"href":"https:\/\/www.quieryavenir.fr\/blog\/wp-json\/wp\/v2\/types\/post"}],"author":[{"embeddable":true,"href":"https:\/\/www.quieryavenir.fr\/blog\/wp-json\/wp\/v2\/users\/2"}],"replies":[{"embeddable":true,"href":"https:\/\/www.quieryavenir.fr\/blog\/wp-json\/wp\/v2\/comments?post=15575"}],"version-history":[{"count":1,"href":"https:\/\/www.quieryavenir.fr\/blog\/wp-json\/wp\/v2\/posts\/15575\/revisions"}],"predecessor-version":[{"id":15576,"href":"https:\/\/www.quieryavenir.fr\/blog\/wp-json\/wp\/v2\/posts\/15575\/revisions\/15576"}],"wp:attachment":[{"href":"https:\/\/www.quieryavenir.fr\/blog\/wp-json\/wp\/v2\/media?parent=15575"}],"wp:term":[{"taxonomy":"category","embeddable":true,"href":"https:\/\/www.quieryavenir.fr\/blog\/wp-json\/wp\/v2\/categories?post=15575"},{"taxonomy":"post_tag","embeddable":true,"href":"https:\/\/www.quieryavenir.fr\/blog\/wp-json\/wp\/v2\/tags?post=15575"}],"curies":[{"name":"wp","href":"https:\/\/api.w.org\/{rel}","templated":true}]}}