{"id":15606,"date":"2025-07-16T02:53:51","date_gmt":"2025-07-16T00:53:51","guid":{"rendered":"https:\/\/www.quieryavenir.fr\/blog\/?p=15606"},"modified":"2025-07-13T08:57:01","modified_gmt":"2025-07-13T06:57:01","slug":"manifestation-palestine","status":"publish","type":"post","link":"https:\/\/www.quieryavenir.fr\/blog\/2025\/07\/16\/manifestation-palestine\/","title":{"rendered":"Manifestation Palestine"},"content":{"rendered":"<p style=\"text-align: justify;\"><img loading=\"lazy\" decoding=\"async\" class=\"wp-image-15568 aligncenter\" src=\"https:\/\/www.quieryavenir.fr\/blog\/wp-content\/uploads\/2025\/07\/ATR-250621-3-220x300.jpg\" alt=\"\" width=\"324\" height=\"442\" srcset=\"https:\/\/www.quieryavenir.fr\/blog\/wp-content\/uploads\/2025\/07\/ATR-250621-3-220x300.jpg 220w, https:\/\/www.quieryavenir.fr\/blog\/wp-content\/uploads\/2025\/07\/ATR-250621-3.jpg 500w\" sizes=\"auto, (max-width: 324px) 100vw, 324px\" \/><\/p>\n<h1 style=\"text-align: justify;\"><strong><span style=\"font-family: Comic Sans MS, cursive;\"><span style=\"font-size: medium;\">Le m\u00eame jour \u2013 12 juillet \u2013 \u00e0 Calais et \u00e0 Lens<\/span><\/span><\/strong><\/h1>\n<p><!--more--><\/p>\n<p style=\"text-align: justify;\"><span style=\"font-family: Comic Sans MS, cursive;\"><span style=\"font-size: medium;\">Le tract d\u2019appel de Lens \u00e9tait le suivant\u00a0:<\/span><\/span><\/p>\n<p style=\"text-align: justify;\"><span style=\"font-family: Comic Sans MS, cursive;\"><span style=\"font-size: medium;\">Parce que le g\u00e9nocide en cours \u00e0 Gaza est insoutenable,<\/span><\/span><\/p>\n<p style=\"text-align: justify;\"><span style=\"font-family: Comic Sans MS, cursive;\"><span style=\"font-size: medium;\">Parce que des projets de d\u00e9portation de toute la population gazaouie sont annonc\u00e9s, dans une logique de d\u00e9shumanisation totale,<\/span><\/span><\/p>\n<p style=\"text-align: justify;\"><span style=\"font-family: Comic Sans MS, cursive;\"><span style=\"font-size: medium;\">Parce que l&rsquo;annexion est d\u00e9sormais un objectif revendiqu\u00e9 impliquant la destruction du pass\u00e9, du pr\u00e9sent et du futur de la Palestine et du peuple palestinien,<\/span><\/span><\/p>\n<p style=\"text-align: justify;\"><span style=\"font-family: Comic Sans MS, cursive;\"><span style=\"font-size: medium;\">Parce que les collaborations \u00e9conomiques et militaires avec le gouvernement isra\u00e9lien continuent, sous la houlette des \u00c9tats-Unis mais aussi de l&rsquo;Union europ\u00e9enne (UE),<\/span><\/span><\/p>\n<p style=\"text-align: justify;\"><span style=\"font-family: Comic Sans MS, cursive;\"><span style=\"font-size: medium;\">Parce que les dirigeants des grandes puissances ont les moyens d&rsquo;agir, comme ils l&rsquo;ont fait dans d&rsquo;autres contextes, en de multiples occasions, contre un pouvoir criminel,<\/span><\/span><\/p>\n<p style=\"text-align: justify;\"><span style=\"font-family: Comic Sans MS, cursive;\"><span style=\"font-size: medium;\">Nous appelons les responsables politiques de toute l&rsquo;UE et les institutions europ\u00e9ennes \u00e0 exercer sans aucun d\u00e9lai une pression maximale sur le gouvernement isra\u00e9lien pour faire cesser le massacre.<\/span><\/span><\/p>\n<p style=\"text-align: justify;\"><span style=\"font-family: Comic Sans MS, cursive;\"><span style=\"font-size: medium;\">STOP !<\/span><\/span><\/p>\n<p style=\"text-align: justify;\"><span style=\"font-family: Comic Sans MS, cursive;\"><span style=\"font-size: medium;\">Stop au g\u00e9nocide<\/span><\/span><\/p>\n<p style=\"text-align: justify;\"><span style=\"font-family: Comic Sans MS, cursive;\"><span style=\"font-size: medium;\">Stop \u00e0 l&rsquo;annexion<\/span><\/span><\/p>\n<p style=\"text-align: justify;\"><span style=\"font-family: Comic Sans MS, cursive;\"><span style=\"font-size: medium;\">Organisations signataires<\/span><\/span><\/p>\n<p style=\"text-align: justify;\" align=\"left\"><span style=\"font-family: Comic Sans MS, cursive;\"><span style=\"font-size: medium;\">Artisans du Monde de la Gohelle \u2013 Association France Palestine Solidarit\u00e9 59-62 (AFPS) &#8211; Association France Palestine &#8211; Solidarit\u00e9 Arras Saint-Pol (AFPS) &#8211; ATTAC Artois \u2013 Avion l\u2019insoumise (LFI) &#8211; La Cimade Lens-Li\u00e9vin \u2013 Collectif antifasciste du bassin minier \u2013 Collectif bassin minier pour la lib\u00e9ration de Georges Ibrahim Abdallah &#8211; Collectif Palestine Artois &#8211; Collectif Palestine bassin minier &#8211; F\u00e9d\u00e9ration Syndicale Unitaire 62 (FSU) &#8211; La France Insoumise Lens (LFI) \u2013 Insoumis.es antifascistes 62 (LFI) &#8211; Jeunesse Communiste 62 (JC) \u2013 Lieu Auto G\u00e9r\u00e9 du bassin minier (LAG) &#8211; Ligue des Droits de l\u2019Homme H\u00e9nin Carvin (LDH) \u2013 Parti Communiste 62 (PCF) \u2013 Parti de gauche 62 &#8211; Planning Familial 62 \u2013 P\u00f4le de Renaissance Communiste 62 (PRCF) &#8211; Union Locale de la Conf\u00e9d\u00e9ration Nationale du Travail de Lille \u2013 Union syndicale Solidaires &#8211; les services publics des territoriaux 62 (CGT)<\/span><\/span><\/p>\n<p style=\"text-align: center;\"><span style=\"font-family: Comic Sans MS, cursive;\"><span style=\"font-size: medium;\">** **<\/span><\/span><\/p>\n<p style=\"text-align: justify;\"><strong><span style=\"font-family: Comic Sans MS, cursive;\"><span style=\"font-size: medium;\">Le syndicat des services publics-CGT a aussi appel\u00e9 au rassemblement\u00a0:<\/span><\/span><\/strong><\/p>\n<p style=\"text-align: justify;\"><a href=\"https:\/\/www.quieryavenir.fr\/blog\/wp-content\/uploads\/2025\/07\/ManifestationPalestine_AppelEtSoutien-CSD-CGT.pdf\">ManifestationPalestine_AppelEtSoutien-CSD-CGT<\/a><\/p>\n<p style=\"text-align: center;\"><span style=\"font-family: Comic Sans MS, cursive;\"><span style=\"font-size: medium;\">** **<\/span><\/span><\/p>\n<p style=\"text-align: justify;\"><strong><span style=\"font-family: Comic Sans MS, cursive;\"><span style=\"font-size: medium;\">A Lens, apr\u00e8s le rassemblement<\/span><\/span><\/strong><\/p>\n<p style=\"text-align: justify;\"><span style=\"font-family: Comic Sans MS, cursive;\"><span style=\"font-size: medium;\">On peut dire qu\u2019on n\u2019avait jamais vu autant de monde \u00e0 Lens depuis un bon moment\u00a0: au moins 150 personnes. Cela rassure \u2026 en esp\u00e9rant que cela continuera de rassembler pour d\u2019autres probl\u00e8mes graves.<\/span><\/span><\/p>\n<p style=\"text-align: justify;\"><span style=\"font-family: Comic Sans MS, cursive;\"><span style=\"font-size: medium;\">Slogans durant la manifestation \u00e0 Lens\u00a0:<\/span><\/span><\/p>\n<p style=\"text-align: justify;\"><a href=\"https:\/\/www.quieryavenir.fr\/blog\/wp-content\/uploads\/2025\/07\/Manifestation-Palestine_Slogans-250712.pdf\">Manifestation Palestine_Slogans 250712<\/a><\/p>\n<p style=\"text-align: justify;\"><span style=\"font-family: Comic Sans MS, cursive;\"><span style=\"font-size: medium;\">Intervention de cl\u00f4ture<\/span><\/span><\/p>\n<p style=\"text-align: justify;\"><span style=\"font-family: Comic Sans MS, cursive;\"><span style=\"font-size: medium;\">Nous sommes deux militante et militant du LAG, le Lieu Auto G\u00e9r\u00e9 du bassin minier, mais nous prenons la parole au nom du collectif inter-orgas \u00e0 l\u2019initiative de cette manifestation lensoise pour la Palestine. Notre collectif est compos\u00e9 de plusieurs organisations, de syndicats, de mouvements politiques, d\u2019associations, de collectifs militants.<\/span><\/span><\/p>\n<p style=\"text-align: justify;\"><span style=\"font-family: Comic Sans MS, cursive;\"><span style=\"font-size: medium;\">Notre manifestation s&rsquo;inscrit dans le vaste mouvement de protestation et de r\u00e9sistance qui \u00e9merge en France ces derni\u00e8res semaines :<\/span><\/span><\/p>\n<p style=\"text-align: justify;\">\u2022 <span style=\"font-family: Comic Sans MS, cursive;\"><span style=\"font-size: medium;\">l\u2019intersyndicale de mobilisation le samedi 14 juin;<\/span><\/span><\/p>\n<p style=\"text-align: justify;\">\u2022 <span style=\"font-family: Comic Sans MS, cursive;\"><span style=\"font-size: medium;\">la marche <span style=\"color: #000000;\">pour gaza Paris-Bruxelles du 15 au 23 juin <\/span><span style=\"color: #000000;\">\u00e0 l\u2019initiative, entre autres de la FIDH, la F<\/span><span style=\"color: #000000;\">\u00e9<\/span><span style=\"color: #000000;\">d\u00e9ration Internationale des Droits Humains<\/span><\/span><\/span><\/p>\n<p style=\"text-align: justify;\">\u2022 <span style=\"font-family: Comic Sans MS, cursive;\"><span style=\"font-size: medium;\">la mobilisation mondiale \u00ab\u00a0ligne rouge pour Gaza\u00a0\u00bb, par exemple \u00e0 Paris, \u00e0 Lille, cette semaine ;<\/span><\/span><\/p>\n<p style=\"text-align: justify;\"><span style=\"color: #000000;\">\u2022 <span style=\"font-family: Comic Sans MS, cursive;\"><span style=\"font-size: medium;\">dans le Pas-de-Calais, la manifestation qui a lieu en m\u00eame temps que celle-ci, \u00e0 Calais<\/span><\/span><\/span><\/p>\n<p style=\"text-align: justify;\">\u2022 <span style=\"font-family: Comic Sans MS, cursive;\"><span style=\"font-size: medium;\">etc.<\/span><\/span><\/p>\n<p style=\"text-align: justify;\"><span style=\"font-family: Comic Sans MS, cursive;\"><span style=\"font-size: medium;\">Rappelons enfin qu\u2019\u00e0 Lens, depuis plus d&rsquo;un an (juin 2024), chaque vendredi, durant 1h00, un rassemblement se tient devant la gare, pour \u00e9changer avec les voyageurs-ses, distribuer des tracts, le tout avec banderoles, pancartes, et mises en sc\u00e8nes, etc.<\/span><\/span><\/p>\n<p style=\"text-align: justify;\"><span style=\"font-family: Comic Sans MS, cursive;\"><span style=\"font-size: medium;\">Qu\u2019est-ce qui rassemble les membres de notre collectif inter-orgas ? Ce sont les 4 objectifs suivants :<\/span><\/span><\/p>\n<p style=\"text-align: justify;\"><span style=\"font-family: Comic Sans MS, cursive;\"><span style=\"font-size: medium;\">1. Stop au g\u00e9nocide ;<\/span><\/span><\/p>\n<p style=\"text-align: justify;\"><span style=\"font-family: Comic Sans MS, cursive;\"><span style=\"font-size: medium;\">2. Contre l&rsquo;apartheid ;<\/span><\/span><\/p>\n<p style=\"text-align: justify;\"><span style=\"font-family: Comic Sans MS, cursive;\"><span style=\"font-size: medium;\">3. Faire pression sur La France, l&rsquo;Europe, qui sont concern\u00e9es, et m\u00eame complices ;<\/span><\/span><\/p>\n<p style=\"text-align: justify;\"><span style=\"font-family: Comic Sans MS, cursive;\"><span style=\"font-size: medium;\">4. Pour la paix et contre la guerre l\u00e0 comme ailleurs<\/span><\/span><\/p>\n<p style=\"text-align: justify;\"><span style=\"font-family: Comic Sans MS, cursive;\"><span style=\"font-size: medium;\">Revenons sur ces 4 objectifs, ces 4 revendications, ces 4 soubassements de notre manifestation d\u2019aujourd\u2019hui.<\/span><\/span><\/p>\n<p style=\"text-align: justify;\"><span style=\"font-family: Comic Sans MS, cursive;\"><span style=\"font-size: medium;\">1 &#8211; Stop au g\u00e9nocide<\/span><\/span><\/p>\n<p style=\"text-align: justify;\"><span style=\"font-family: Comic Sans MS, cursive;\"><span style=\"font-size: medium;\">C&rsquo;est maintenant une \u00e9vidence, reconnue par un comit\u00e9 sp\u00e9cial des Nations Unies, par Amnesty International, et la plupart des experts et organisations internationales. La Cour Internationale de Justice (CIJ) a reconnu un \u00ab\u00a0risque de g\u00e9nocide\u00a0\u00bb. Des rapporteurs des Nations Unies emploient la qualification de \u00ab g\u00e9nocide \u00bb \u00e0 partir de mars 2024.<\/span><\/span><\/p>\n<p style=\"text-align: justify;\"><span style=\"font-family: Comic Sans MS, cursive;\"><span style=\"font-size: medium;\">En pratique, ce sont des massacres \u00e0 grande \u00e9chelle, l\u2019utilisation de la famine comme arme de guerre, le refus de l&rsquo;entr\u00e9e et de la distribution d&rsquo;aide humanitaire aux civils, la destruction d&rsquo;infrastructures civiles, les attaques contre le personnel soignant et les d\u00e9placements forc\u00e9s.<\/span><\/span><\/p>\n<p style=\"text-align: justify;\"><span style=\"font-family: Comic Sans MS, cursive;\"><span style=\"font-size: medium;\">Les images qui nous parviennent de Gaza montrent des corps \u00e9maci\u00e9s. Les soldats isra\u00e9liens tirent sur une population affam\u00e9e qui cherche la nourriture. Ils ont d\u00e9truit tous les h\u00f4pitaux. Le nombre de tu\u00e9s se monte \u00e0 plusieurs dizaines de milliers, et d\u00e9passe sans doute les 100.000. Ils ont assassin\u00e9 220 journalistes, c\u2019est \u00e0 dire davantage que pendant les 2 guerres mondiales + celle du Vietnam + celle de Yougoslavie r\u00e9unies. Les enfants paient un prix terrible : plusieurs dizaines de milliers ont \u00e9t\u00e9 assassin\u00e9s ou bless\u00e9s. Les b\u00e9b\u00e9s meurent faute de lait maternel.<\/span><\/span><\/p>\n<p style=\"text-align: justify;\"><span style=\"font-family: Comic Sans MS, cursive;\"><span style=\"font-size: medium;\">2 &#8211; Contre l&rsquo;apartheid<\/span><\/span><\/p>\n<p style=\"text-align: justify;\"><span style=\"font-family: Comic Sans MS, cursive;\"><span style=\"font-size: medium;\">C&rsquo;est le fondement m\u00eame du sionisme : s\u00e9parer les juifs des non juifs. Durant la Nakba en 1948, 700.000 palestinien-nes ont \u00e9t\u00e9 d\u00e9plac\u00e9-es.<\/span><\/span><\/p>\n<p style=\"text-align: justify;\"><span style=\"font-family: Comic Sans MS, cursive;\"><span style=\"font-size: medium;\">Isra\u00ebl prive les palestinien-nes d&rsquo;un domicile \u00e0 cause de la pratique violente de d\u00e9molition de maisons et d\u2019expulsions forc\u00e9es; aujourd\u2019hui, plus de 5,6 millions de Palestinien-nes sont r\u00e9fugi\u00e9-es et sont priv\u00e9s de leur droit au retour.<\/span><\/span><\/p>\n<p style=\"text-align: justify;\"><span style=\"font-family: Comic Sans MS, cursive;\"><span style=\"font-size: medium;\">Isra\u00ebl impose un r\u00e9gime d\u2019oppression et de domination aux Palestinien-nes dans toutes les zones sous son contr\u00f4le, au profit de la population juive isra\u00e9lienne. Ce r\u00e9gime s\u2019apparente \u00e0 un apartheid. Rappelons que c&rsquo;est interdit par le droit international.<\/span><\/span><\/p>\n<p style=\"text-align: justify;\"><span style=\"font-family: Comic Sans MS, cursive;\"><span style=\"font-size: medium;\">3 &#8211; Faire pression sur La France, l&rsquo;Europe, qui sont concern\u00e9es, et m\u00eame complices<\/span><\/span><\/p>\n<p style=\"text-align: justify;\"><span style=\"font-family: Comic Sans MS, cursive;\"><span style=\"font-size: medium;\">L\u2019exportation de pi\u00e8ces et de composants militaires vers Isra\u00ebl n\u2019a jamais cess\u00e9. Aucune pression \u00e9conomique n\u2019a \u00e9t\u00e9 exerc\u00e9e contre Isra\u00ebl. La r\u00e9alit\u00e9 du g\u00e9nocide est constamment ni\u00e9e.<\/span><\/span><\/p>\n<p style=\"text-align: justify;\"><span style=\"font-family: Comic Sans MS, cursive;\"><span style=\"font-size: medium;\">Benyamin Netanyahou peut prendre l\u2019avion et survoler le territoire fran\u00e7ais sans qu\u2019aucune interdiction soit prononc\u00e9e.<\/span><\/span><\/p>\n<p style=\"text-align: justify;\"><span style=\"font-family: Comic Sans MS, cursive;\"><span style=\"font-size: medium;\">Il a fallu 21 mois pour que le gouvernement fran\u00e7ais prononce le mot <i>\u00ab Intol\u00e9rable \u00bb. <\/i>On peut s\u00e9rieusement penser que ce qu\u2019il trouve <i>\u00ab intol\u00e9rable \u00bb <\/i>c\u2019est d\u2019\u00eatre oblig\u00e9 de d\u00e9sapprouver.<\/span><\/span><\/p>\n<p style=\"text-align: justify;\"><span style=\"font-family: Comic Sans MS, cursive;\"><span style=\"font-size: medium;\">Or, il faut bien voir que l&rsquo;extermination des palestinien-es cessera sous l&rsquo;effet conjugu\u00e9 de 2 facteurs :<\/span><\/span><\/p>\n<p style=\"text-align: justify;\"><span style=\"font-family: Comic Sans MS, cursive;\"><span style=\"font-size: medium;\">1. la r\u00e9sistance de la soci\u00e9t\u00e9 palestinienne pour continuer \u00e0 faire soci\u00e9t\u00e9, la soci\u00e9t\u00e9 civile palestinienne qui se maintient. Pour l\u2019instant, m\u00eame dans les pires circonstances, la soci\u00e9t\u00e9 de Gaza n\u2019a pas abdiqu\u00e9 ;<\/span><\/span><\/p>\n<p style=\"text-align: justify;\"><span style=\"font-family: Comic Sans MS, cursive;\"><span style=\"font-size: medium;\">2. <span style=\"color: #000000;\">Le deuxi\u00e8me facteur, c\u2019est nou<\/span>s, soci\u00e9t\u00e9 civile du reste du monde, et notre capacit\u00e9 d\u2019imposer \u00e0 nos gouvernements complices de changer de politique et de sanctionner l\u2019occupant isra\u00e9lien. \u00c7a concerne les pays occidentaux et le monde arabe. Une \u00e9norme partie de cette guerre se joue chez nous. On a remport\u00e9 des petits succ\u00e8s. Par exemple \u00e0 l\u2019occasion du salon du Bourget, le stand de l\u2019arm\u00e9e isra\u00e9lienne a \u00e9t\u00e9 masqu\u00e9. C\u2019est un petit succ\u00e8s. Il y a aussi les succ\u00e8s de la lutte de classes, avec les dockers de Marseille et de G\u00eanes qui refusent de charger des armes vers Isra\u00ebl.<\/span><\/span><\/p>\n<p style=\"text-align: justify;\"><span style=\"font-family: Comic Sans MS, cursive;\"><span style=\"font-size: medium;\">Il importe donc, et c\u2019est aussi le sens des initiatives de notre collectif inter-organisations, de faire pression sur nos gouvernants, ici, en France, pour que cessent les livraisons d\u2019armes, pour abroger l\u2019accord \u00e9conomique Union Europ\u00e9enne-Isra\u00ebl, pour rappeler l\u2019ambassadeur, et enfin pour cesser de criminaliser la solidarit\u00e9 avec la Palestine.<\/span><\/span><\/p>\n<p style=\"text-align: justify;\"><span style=\"font-family: Comic Sans MS, cursive;\"><span style=\"font-size: medium;\">La guerre en Palestine se joue en bonne partie chez nous. Elle repose sur notre capacit\u00e9 d\u2019obliger nos gouvernements complices \u00e0 sanctionner cet \u00c9tat g\u00e9nocidaire.<\/span><\/span><\/p>\n<p style=\"text-align: justify;\"><span style=\"font-family: Comic Sans MS, cursive;\"><span style=\"font-size: medium;\">4 &#8211; Pour la paix et contre la guerre l\u00e0 comme ailleurs<\/span><\/span><\/p>\n<p style=\"text-align: justify;\"><span style=\"font-family: Comic Sans MS, cursive;\"><span style=\"font-size: medium;\">Il est insupportable que des civil-es meurent sous les bombes. Il est intol\u00e9rable que des civil-es soient retenu-es en otages.<\/span><\/span><\/p>\n<p style=\"text-align: justify;\"><span style=\"font-family: Comic Sans MS, cursive;\"><span style=\"font-size: medium;\">La paix est une utopie dans un monde o\u00f9 la guerre est intrins\u00e8que \u00e0 l&rsquo;imp\u00e9rialisme, mais nous partageons cette utopie.<\/span><\/span><\/p>\n<p style=\"text-align: justify;\"><span style=\"font-family: Comic Sans MS, cursive;\"><span style=\"font-size: medium;\">Notre camp, c\u2019est celui de la paix. Nous ne pouvons que porter l\u2019id\u00e9al d\u2019un monde en paix.<\/span><\/span><\/p>\n<p style=\"text-align: justify;\"><span style=\"font-family: Comic Sans MS, cursive;\"><span style=\"font-size: medium;\">La question fondamentale qui sous-tend notre exigence de paix c\u2019est la question des droits. Le droit international doit s\u2019appliquer aux palestinien-nes.<\/span><\/span><\/p>\n<p style=\"text-align: justify;\"><span style=\"font-family: Comic Sans MS, cursive;\"><span style=\"font-size: medium;\">5 \u2013 Une derni\u00e8re raison<\/span><\/span><\/p>\n<p style=\"text-align: justify;\"><span style=\"font-family: Comic Sans MS, cursive;\"><span style=\"font-size: medium;\">Il nous semble important de compl\u00e9ter notre argumentaire, en mettant en avant que nous sommes concern\u00e9s pour une autre raison, qui n&rsquo;est pas sans importance : ce qui se passe en Isra\u00ebl, c&rsquo;est tout ce dont r\u00eavent les puissances imp\u00e9rialistes du monde entier.<\/span><\/span><\/p>\n<p style=\"text-align: justify;\"><span style=\"font-family: Comic Sans MS, cursive;\"><span style=\"font-size: medium;\">La guerre est rentable pour certains, la Bourse de Tel Aviv a augmenter de 200 % depuis le d\u00e9but de la guerre. <\/span><\/span><\/p>\n<p style=\"text-align: justify;\"><span style=\"font-family: Comic Sans MS, cursive;\"><span style=\"font-size: medium;\">Les capitalistes ne peuvent qu&rsquo;approuver et se r\u00e9jouir du fait qu&rsquo;un \u00c9tat \u00e9crase un peuple r\u00e9sistant. En ce sens, emp\u00eacher l&rsquo;\u00e9crasement des palestinien-nes c&rsquo;est aussi pr\u00e9parer nos futures r\u00e9sistances.<\/span><\/span><\/p>\n<p style=\"text-align: justify;\"><span style=\"font-family: Comic Sans MS, cursive;\"><span style=\"font-size: medium;\">Soutenir la Palestine, secourir la population de Gaza, ce n\u2019est pas un suppl\u00e9ment d\u2019\u00e2me. S\u2019engager pour d\u00e9fendre les droits du peuple palestinien, c\u2019est d\u00e9fendre nos droits, c\u2019est lutter contre le racisme et le colonialisme, c\u2019est refuser la loi de la jungle. C\u2019est combattre un n\u00e9o-fascisme qui vient.<\/span><\/span><\/p>\n<p style=\"text-align: justify;\"><span style=\"font-family: Comic Sans MS, cursive;\"><span style=\"font-size: medium;\">Pour conclure<\/span><\/span><\/p>\n<p style=\"text-align: justify;\"><span style=\"font-family: Comic Sans MS, cursive;\"><span style=\"font-size: medium;\">Nous pouvons nous r\u00e9jouir d\u2019avoir collectivement mis en oeuvre cette manifestation. Nos organisations sont diff\u00e9rentes. Elles \u0153uvrent dans des domaines diff\u00e9rents, avec des sensibilit\u00e9s diff\u00e9rentes. Tout cela ne nous a pas emp\u00each\u00e9 de confronter nos points de vue, et d\u2019en faire une synth\u00e8se dans la pratique, aujourd\u2019hui dans les rues de Lens.<\/span><\/span><\/p>\n<p style=\"text-align: justify;\"><span style=\"font-family: Comic Sans MS, cursive;\"><span style=\"font-size: medium;\">Quelques mots sur nos perspectives, maintenant sur le bassin minier.<\/span><\/span><\/p>\n<p style=\"text-align: justify;\"><span style=\"font-family: Comic Sans MS, cursive;\"><span style=\"font-size: medium;\">Personne ne peut penser que le g\u00e9nocide en cours va s\u2019arr\u00eater du jour au lendemain. Notre collectif inter-orgas a pr\u00e9vu de se revoir d\u00e8s la semaine prochaine, pour envisager la poursuite de nos mobilisations. Ce sera le mardi 15 juillet, \u00e0 18h00 au Toit Commun, \u00e0 Lens.<\/span><\/span><\/p>\n<p style=\"text-align: justify;\"><span style=\"font-family: Comic Sans MS, cursive;\"><span style=\"font-size: medium;\">Notre collectif n\u2019est pas ferm\u00e9. D\u2019autres syndicats, d\u2019autres mouvements politiques, associations, collectifs militants peuvent nous rejoindre. Et puis, au-del\u00e0 de nos organisations, d\u2019autres hommes et femmes, jeunes et moins jeunes peuvent enrichir la dynamique que nous nous proposons de poursuivre dans le bassin minier.<\/span><\/span><\/p>\n<p style=\"text-align: justify;\"><span style=\"font-family: Comic Sans MS, cursive;\"><span style=\"font-size: medium;\">Nous vous remercions\u2026<\/span><\/span><\/p>\n<p style=\"text-align: center;\"><span style=\"font-family: Comic Sans MS, cursive;\"><span style=\"font-size: medium;\">** **<\/span><\/span><\/p>\n<p style=\"text-align: justify;\"><strong><span style=\"font-family: Comic Sans MS, cursive;\"><span style=\"font-size: medium;\">Pour information ou pour rappel<\/span><\/span><\/strong><\/p>\n<p style=\"text-align: justify;\"><span style=\"font-family: Comic Sans MS, cursive;\"><span style=\"font-size: medium;\">Rendez-vous chaque vendredi soir devant la gare de Lens, de 18h \u00e0 19h15.\u00a0; pour dire non au massacre qui se d\u00e9roule sous nos yeux. Pour ne pas laisser l&rsquo;actualit\u00e9, et ceux qui la font, oublier le sort des Gazaouis. <\/span><\/span><\/p>\n<p style=\"text-align: center;\"><span style=\"font-family: Comic Sans MS, cursive;\"><span style=\"font-size: medium;\">** **<\/span><\/span><\/p>\n<p style=\"text-align: justify;\"><strong><span style=\"font-family: Comic Sans MS, cursive;\"><span style=\"font-size: medium;\">Tract d\u2019appel de Calais<\/span><\/span><\/strong><\/p>\n<p style=\"text-align: justify;\" align=\"left\"><span style=\"font-family: Comic Sans MS, cursive;\"><span style=\"font-size: medium;\">Nos gouvernements pr\u00e9parent de nouvelles guerres !<\/span><\/span><\/p>\n<p style=\"text-align: justify;\" align=\"left\"><span style=\"font-family: Comic Sans MS, cursive;\"><span style=\"font-size: medium;\">Retrouvons-nous ensemble pour la sauvegarde de la paix.<\/span><\/span><\/p>\n<p style=\"text-align: justify;\" align=\"left\"><span style=\"font-family: Comic Sans MS, cursive;\"><span style=\"font-size: medium;\">L\u2019Association France Palestine Solidarit\u00e9-Calais organise le samedi 12 juillet une \u00ab marche pour la paix dans le monde \u00bb avec le soutien de nombreuses organisations politiques, syndicales et associatives.<\/span><\/span><\/p>\n<p style=\"text-align: justify;\" align=\"left\"><span style=\"font-family: Comic Sans MS, cursive;\"><span style=\"font-size: medium;\">Depuis 20 mois, nous assistons \u00e0 l\u2019extermination du peuple palestinien par les bombes, les missiles, les drones, les tirs, \u00e0 la destruction de tous les b\u00e2timents publics (sant\u00e9, \u00e9coles, universit\u00e9s\u2026) et \u00e0 l\u2019organisation de la famine. Notre gouvernement, comme bien d\u2019autres, fait mine de s\u2019inqui\u00e9ter du nombre de civils, de femmes et d\u2019enfants tu\u00e9s mais se refuse toujours \u00e0 faire appliquer les d\u00e9cisions de la Cour P\u00e9nale Internationale se rendant ainsi complice des crimes de guerre du gouvernement d\u2019extr\u00eame droite isra\u00e9lien.<\/span><\/span><\/p>\n<p style=\"text-align: justify;\" align=\"left\"><span style=\"font-family: Comic Sans MS, cursive;\"><span style=\"font-size: medium;\">A la guerre en Ukraine qui a d\u00e9j\u00e0 fait des milliers de morts des deux c\u00f4t\u00e9s du front, s\u2019ajoutent bien d\u2019autres conflits qui sont ou ont \u00e9t\u00e9 tout aussi meurtriers : Liban, Iran, Syrie, Congo, Irak, Libye, Soudan, Somalie\u2026La production d\u2019armement est un commerce tr\u00e8s juteux dans lequel la France tire bien son \u00e9pingle du jeu : 3\u00e8me producteur mondial d\u2019armement (en 2024, c\u2019est 2 400 milliards de dollars qui ont \u00e9t\u00e9 d\u00e9pens\u00e9s en mat\u00e9riel militaire).<\/span><\/span><\/p>\n<p style=\"text-align: justify;\" align=\"left\"><span style=\"font-family: Comic Sans MS, cursive;\"><span style=\"font-size: medium;\">Nous d\u00e9non\u00e7ons la d\u00e9cision de la Commission Europ\u00e9enne qui vient d\u2019annoncer un programme de r\u00e9armement militaire de 800 milliards d\u2019euros. Nous d\u00e9non\u00e7ons la d\u00e9cision des pays membres de l\u2019OTAN, dont la France, qui viennent de s\u2019engager \u00e0 augmenter leurs d\u00e9penses militaires \u00e0 hauteur de 5% du PIB d\u2019ici 2035.Cette augmentation se fera au d\u00e9triment de nos services publics et d\u00e9j\u00e0 de nombreuses manifestations de protestations ont eu lieu en France \u00e0 l\u2019appel des syndicats.<\/span><\/span><\/p>\n<p style=\"text-align: justify;\" align=\"left\"><span style=\"font-family: Comic Sans MS, cursive;\"><span style=\"font-size: medium;\">Nous d\u00e9non\u00e7ons ces va-t-en-guerre gouvernementaux qui d\u00e9cident des guerres mais qui ne les subissent pas. Ce sont toujours les peuples que l\u2019on assassine alors qu\u2019ils ne demandent qu\u2019\u00e0 vivre en paix : d\u2019apr\u00e8s une \u00e9tude de l\u2019ONU,15% des tu\u00e9s lors la 1\u00e8re guerre mondiale \u00e9taient des civils ; ils \u00e9taient 65% lors de la 2\u00e8me guerre mondiale et maintenant c\u2019est pr\u00e8s de 90% de civils qui meurent lors des conflits.<\/span><\/span><\/p>\n<p style=\"text-align: justify;\" align=\"left\"><span style=\"font-family: Comic Sans MS, cursive;\"><span style=\"font-size: medium;\">Et pour fuir ces combats, les populations n\u2019ont d\u2019autre choix que l\u2019exil : fin 2024, c\u2019est pr\u00e8s de 123 millions de personnes qui ont ainsi \u00e9t\u00e9 d\u00e9plac\u00e9es de gr\u00e9 ou de force.<\/span><\/span><\/p>\n<p style=\"text-align: justify;\" align=\"left\"><span style=\"font-family: Comic Sans MS, cursive;\"><span style=\"font-size: medium;\">Ni guerres, ni \u00e9conomie de guerre !<\/span><\/span><\/p>\n<p style=\"text-align: justify;\" align=\"left\"><span style=\"font-family: Comic Sans MS, cursive;\"><span style=\"font-size: medium;\">Stop au g\u00e9nocide en Palestine !<\/span><\/span><\/p>\n<p style=\"text-align: justify;\" align=\"left\"><span style=\"font-family: Comic Sans MS, cursive;\"><span style=\"font-size: medium;\">Non au racisme et \u00e0 la x\u00e9nophobie !<\/span><\/span><\/p>\n<p style=\"text-align: justify;\" align=\"left\"><span style=\"font-family: Comic Sans MS, cursive;\"><span style=\"font-size: medium;\">De l\u2019argent pour la s\u00e9cu, pour les services publics, pour nos salaires et nos retraites !<\/span><\/span><\/p>\n<p style=\"text-align: justify;\" align=\"left\"><span style=\"font-family: Comic Sans MS, cursive;\"><span style=\"font-size: medium;\">Retrouvons-nous samedi 12 juillet \u00e0 16h devant le parc Richelieu<\/span><\/span><\/p>\n<p style=\"text-align: justify;\" align=\"left\"><span style=\"font-family: Comic Sans MS, cursive;\"><span style=\"font-size: medium;\">pour une marche de la paix jusqu\u2019\u00e0 la plage de Calais.<\/span><\/span><\/p>\n<p style=\"text-align: justify;\" align=\"left\"><span style=\"font-family: Comic Sans MS, cursive;\"><span style=\"font-size: medium;\">Groupe Local de l\u2019AFPS-Calais<\/span><\/span><\/p>\n<p style=\"text-align: justify;\" align=\"left\"><span style=\"font-family: Comic Sans MS, cursive;\"><span style=\"font-size: medium;\"><a href=\"mailto:afpscalais@proton.me\">afpscalais@proton.me<\/a> <\/span><\/span><\/p>\n<p style=\"text-align: justify;\" align=\"left\"><span style=\"font-family: Comic Sans MS, cursive;\"><span style=\"font-size: medium;\">A ce jour, les organisations suivantes appellent \u00e0 cette marche :<\/span><\/span><\/p>\n<p style=\"text-align: justify;\" align=\"left\"><span style=\"font-family: Comic Sans MS, cursive;\"><span style=\"font-size: medium;\">&#8211; Les Ecologistes, LFI, NPA, PCF, POI, P\u00f4le Renaissance Communiste,<\/span><\/span><\/p>\n<p style=\"text-align: justify;\" align=\"left\"><span style=\"font-family: Comic Sans MS, cursive;\"><span style=\"font-size: medium;\">R\u00e9volution Permanente <\/span><\/span><\/p>\n<p style=\"text-align: justify;\" align=\"left\"><span style=\"font-family: Comic Sans MS, cursive;\"><span style=\"font-size: medium;\">&#8211; FNEC-FP-FO, FSU, Sud-Solidaires<\/span><\/span><\/p>\n<p style=\"text-align: justify;\" align=\"left\"><span style=\"font-family: Comic Sans MS, cursive;\"><span style=\"font-size: medium;\">&#8211; Auberge des migrants, Association Humanitaire Pour l\u2019Afrique, Attac, Calais la Sociale, Grande-Synthe Justice et Paix, la Margelle, SALAM.<\/span><\/span><\/p>\n<p style=\"text-align: justify;\" align=\"left\"><span style=\"font-family: Comic Sans MS, cursive;\"><span style=\"font-size: medium;\">** **<\/span><\/span><\/p>\n<p class=\"western\" style=\"text-align: justify;\" align=\"left\"><span style=\"font-family: Comic Sans MS, cursive;\"><span style=\"font-size: medium;\">La marche pour la paix dans le monde a eu lieu \u00e0 Calais\u00a0: \u00ab\u00a0Toutes les cinq secondes, un enfant est d\u00e9plac\u00e9, bless\u00e9 ou tu\u00e9\u00a0\u00bb<\/span><\/span><\/p>\n<p style=\"text-align: justify;\"><span style=\"font-family: Comic Sans MS, cursive;\">Ils \u00e9taient une centaine, devant le monument aux Morts, \u00e0 l\u2019entr\u00e9e du parc Richelieu, \u00e0 avoir r\u00e9pondu \u00e0 l\u2019appel de l\u2019association France Palestine Solidarit\u00e9, pour une marche pour la paix. <\/span><\/p>\n<p style=\"text-align: justify;\"><span style=\"font-family: Comic Sans MS, cursive;\">Nord Littoral<\/span><\/p>\n<p style=\"text-align: justify;\"><span style=\"font-family: Comic Sans MS, cursive;\"><span style=\"font-size: medium;\">** **<\/span><\/span><\/p>\n<p class=\"western\" style=\"text-align: justify;\"><span style=\"font-family: Comic Sans MS, cursive;\"><span style=\"font-size: medium;\"><i>\u00ab\u00a0Il y a trois sortes de violence. <\/i><\/span><\/span> <span style=\"font-family: Comic Sans MS, cursive;\"><span style=\"font-size: medium;\"><i>La premi\u00e8re, m\u00e8re de toutes les autres, est la violence institutionnelle, celle qui l\u00e9galise et perp\u00e9tue les dominations, les oppressions et les exploitations, celle qui \u00e9crase et lamine des millions d\u2019hommes et de femmes dans ses rouages silencieux et bien huil\u00e9s.<\/i><\/span><\/span> <span style=\"font-family: Comic Sans MS, cursive;\"><span style=\"font-size: medium;\"><i>La seconde est la violence r\u00e9volutionnaire, qui na\u00eet de la volont\u00e9 d\u2019abolir la premi\u00e8re.<\/i><\/span><\/span> <span style=\"font-family: Comic Sans MS, cursive;\"><span style=\"font-size: medium;\"><i>La troisi\u00e8me est la violence r\u00e9pressive, qui a pour objet d\u2019\u00e9touffer la seconde en se faisant l\u2019auxiliaire et la complice de la premi\u00e8re violence, celle qui engendre toutes les autres.<\/i><\/span><\/span> <span style=\"font-family: Comic Sans MS, cursive;\"><span style=\"font-size: medium;\"><i>Il n\u2019y a pas de pire hypocrisie de n\u2019appeler violence que la seconde, en feignant d\u2019oublier la premi\u00e8re, qui la fait na\u00eetre, et la troisi\u00e8me qui la tue.\u00a0\u00bb<\/i><\/span><\/span> <span style=\"font-family: Comic Sans MS, cursive;\"><span style=\"font-size: medium;\">Dom H\u00e9lder C\u00e2mara, \u00e9v\u00eaque catholique br\u00e9silien (1909-1999)<\/span><\/span><\/p>\n","protected":false},"excerpt":{"rendered":"<p>Le m\u00eame jour \u2013 12 juillet \u2013 \u00e0 Calais et \u00e0 Lens<\/p>\n","protected":false},"author":2,"featured_media":0,"comment_status":"closed","ping_status":"closed","sticky":false,"template":"","format":"standard","meta":{"footnotes":""},"categories":[1],"tags":[],"class_list":["post-15606","post","type-post","status-publish","format-standard","hentry","category-non-classe"],"_links":{"self":[{"href":"https:\/\/www.quieryavenir.fr\/blog\/wp-json\/wp\/v2\/posts\/15606","targetHints":{"allow":["GET"]}}],"collection":[{"href":"https:\/\/www.quieryavenir.fr\/blog\/wp-json\/wp\/v2\/posts"}],"about":[{"href":"https:\/\/www.quieryavenir.fr\/blog\/wp-json\/wp\/v2\/types\/post"}],"author":[{"embeddable":true,"href":"https:\/\/www.quieryavenir.fr\/blog\/wp-json\/wp\/v2\/users\/2"}],"replies":[{"embeddable":true,"href":"https:\/\/www.quieryavenir.fr\/blog\/wp-json\/wp\/v2\/comments?post=15606"}],"version-history":[{"count":1,"href":"https:\/\/www.quieryavenir.fr\/blog\/wp-json\/wp\/v2\/posts\/15606\/revisions"}],"predecessor-version":[{"id":15607,"href":"https:\/\/www.quieryavenir.fr\/blog\/wp-json\/wp\/v2\/posts\/15606\/revisions\/15607"}],"wp:attachment":[{"href":"https:\/\/www.quieryavenir.fr\/blog\/wp-json\/wp\/v2\/media?parent=15606"}],"wp:term":[{"taxonomy":"category","embeddable":true,"href":"https:\/\/www.quieryavenir.fr\/blog\/wp-json\/wp\/v2\/categories?post=15606"},{"taxonomy":"post_tag","embeddable":true,"href":"https:\/\/www.quieryavenir.fr\/blog\/wp-json\/wp\/v2\/tags?post=15606"}],"curies":[{"name":"wp","href":"https:\/\/api.w.org\/{rel}","templated":true}]}}