{"id":16129,"date":"2026-01-04T02:56:40","date_gmt":"2026-01-04T01:56:40","guid":{"rendered":"https:\/\/www.quieryavenir.fr\/blog\/?p=16129"},"modified":"2025-12-29T11:58:13","modified_gmt":"2025-12-29T10:58:13","slug":"proces-baillon","status":"publish","type":"post","link":"https:\/\/www.quieryavenir.fr\/blog\/2026\/01\/04\/proces-baillon\/","title":{"rendered":"Proc\u00e8s b\u00e2illon \u2026"},"content":{"rendered":"<p style=\"text-align: justify;\"><img loading=\"lazy\" decoding=\"async\" class=\"wp-image-16108 aligncenter\" src=\"https:\/\/www.quieryavenir.fr\/blog\/wp-content\/uploads\/2025\/12\/Pesticide-251118-1-300x225.jpg\" alt=\"\" width=\"423\" height=\"317\" srcset=\"https:\/\/www.quieryavenir.fr\/blog\/wp-content\/uploads\/2025\/12\/Pesticide-251118-1-300x225.jpg 300w, https:\/\/www.quieryavenir.fr\/blog\/wp-content\/uploads\/2025\/12\/Pesticide-251118-1.jpg 579w\" sizes=\"auto, (max-width: 423px) 100vw, 423px\" \/><\/p>\n<h1 style=\"text-align: justify;\">&#8230; Contre Anor Environnement<\/h1>\n<p><!--more--><\/p>\n<p style=\"text-align: justify;\">Le 11 octobre 2025, un commissaire de justice (nouveau nom de l\u2019huissier de justice) a d\u00e9pos\u00e9 au si\u00e8ge de l\u2019association Anor Environnement une assignation devant le tribunal judiciaire de Lille, par la SAS Jeferco pellets, pour d\u00e9nigrement et diffamation.<\/p>\n<p style=\"text-align: justify;\">Apr\u00e8s nous avoir adress\u00e9 une lettre de mise en demeure fin juin, la SAS Jeferco Pellets nous assigne devant le tribunal judiciaire de Lille en octobre 2025. Elle conteste les propos tenus dans plusieurs articles de notre blog dont l\u2019onglet \u00ab\u00a0Historique\u00a0\u00bb et nous accuse de \u00ab\u00a0d\u00e9nigrement\u00a0\u00bb et de \u00ab\u00a0diffamation\u00a0\u00bb. C\u2019est une atteinte grave \u00e0 notre libert\u00e9 d\u2019expression. C\u2019est aussi clairement ce qu\u2019on appelle un proc\u00e8s b\u00e2illon.<\/p>\n<p style=\"text-align: justify;\">Jeferco Pellets demande que nous soyons condamn\u00e9s \u00e0 lui verser un minimum de 235 000 \u20ac, r\u00e9parti de la fa\u00e7on suivante :<\/p>\n<p style=\"text-align: justify;\">150 000 \u20ac pour pr\u00e9judice d\u2019image,<br \/>\n50 000 \u20ac pour pr\u00e9judice moral,<br \/>\n30 000 \u20ac maximum pour publication du jugement dans 3 journaux r\u00e9gionaux pour une dur\u00e9e de 2 mois,<br \/>\n5000 \u20ac de frais de justice.<br \/>\nla suppression des articles litigieux sous astreinte de 500 \u20ac par jour de retard.<br \/>\nCe proc\u00e8s b\u00e2illon a \u00e9videmment pour but de nous ass\u00e9cher financi\u00e8rement et de nous faire taire. Nous envisageons donc de lancer une cagnotte en ligne afin de couvrir les frais de ce proc\u00e8s qui pourrait durer plusieurs mois.<\/p>\n<p style=\"text-align: justify;\">A suivre\u2026<\/p>\n<blockquote class=\"wp-embedded-content\" data-secret=\"TUI92UJNok\"><p><a href=\"https:\/\/anorenvironnement.wordpress.com\/2025\/12\/02\/proces-baillon-contre-anor-environnement\/\">Proc\u00e8s b\u00e2illon contre Anor&nbsp;Environnement<\/a><\/p><\/blockquote>\n<p><iframe loading=\"lazy\" class=\"wp-embedded-content\" sandbox=\"allow-scripts\" security=\"restricted\" style=\"position: absolute; visibility: hidden;\" title=\"&laquo;&nbsp;Proc\u00e8s b\u00e2illon contre Anor&nbsp;Environnement&nbsp;&raquo; &#8212; Anor Environnement\" src=\"https:\/\/anorenvironnement.wordpress.com\/2025\/12\/02\/proces-baillon-contre-anor-environnement\/embed\/#?secret=7mVkkDKEhx#?secret=TUI92UJNok\" data-secret=\"TUI92UJNok\" width=\"500\" height=\"282\" frameborder=\"0\" marginwidth=\"0\" marginheight=\"0\" scrolling=\"no\"><\/iframe><\/p>\n","protected":false},"excerpt":{"rendered":"<p>&#8230; Contre Anor Environnement<\/p>\n","protected":false},"author":2,"featured_media":0,"comment_status":"closed","ping_status":"closed","sticky":false,"template":"","format":"standard","meta":{"footnotes":""},"categories":[1],"tags":[],"class_list":["post-16129","post","type-post","status-publish","format-standard","hentry","category-non-classe"],"_links":{"self":[{"href":"https:\/\/www.quieryavenir.fr\/blog\/wp-json\/wp\/v2\/posts\/16129","targetHints":{"allow":["GET"]}}],"collection":[{"href":"https:\/\/www.quieryavenir.fr\/blog\/wp-json\/wp\/v2\/posts"}],"about":[{"href":"https:\/\/www.quieryavenir.fr\/blog\/wp-json\/wp\/v2\/types\/post"}],"author":[{"embeddable":true,"href":"https:\/\/www.quieryavenir.fr\/blog\/wp-json\/wp\/v2\/users\/2"}],"replies":[{"embeddable":true,"href":"https:\/\/www.quieryavenir.fr\/blog\/wp-json\/wp\/v2\/comments?post=16129"}],"version-history":[{"count":1,"href":"https:\/\/www.quieryavenir.fr\/blog\/wp-json\/wp\/v2\/posts\/16129\/revisions"}],"predecessor-version":[{"id":16130,"href":"https:\/\/www.quieryavenir.fr\/blog\/wp-json\/wp\/v2\/posts\/16129\/revisions\/16130"}],"wp:attachment":[{"href":"https:\/\/www.quieryavenir.fr\/blog\/wp-json\/wp\/v2\/media?parent=16129"}],"wp:term":[{"taxonomy":"category","embeddable":true,"href":"https:\/\/www.quieryavenir.fr\/blog\/wp-json\/wp\/v2\/categories?post=16129"},{"taxonomy":"post_tag","embeddable":true,"href":"https:\/\/www.quieryavenir.fr\/blog\/wp-json\/wp\/v2\/tags?post=16129"}],"curies":[{"name":"wp","href":"https:\/\/api.w.org\/{rel}","templated":true}]}}