{"id":16149,"date":"2026-01-10T02:34:52","date_gmt":"2026-01-10T01:34:52","guid":{"rendered":"https:\/\/www.quieryavenir.fr\/blog\/?p=16149"},"modified":"2026-01-04T06:37:13","modified_gmt":"2026-01-04T05:37:13","slug":"des-nouvelles-daude","status":"publish","type":"post","link":"https:\/\/www.quieryavenir.fr\/blog\/2026\/01\/10\/des-nouvelles-daude\/","title":{"rendered":"Des nouvelles d\u2019Aude"},"content":{"rendered":"<p style=\"text-align: justify;\"><img loading=\"lazy\" decoding=\"async\" class=\"wp-image-16141 aligncenter\" src=\"https:\/\/www.quieryavenir.fr\/blog\/wp-content\/uploads\/2025\/12\/UE-et-lobbys-300x196.jpg\" alt=\"\" width=\"491\" height=\"321\" srcset=\"https:\/\/www.quieryavenir.fr\/blog\/wp-content\/uploads\/2025\/12\/UE-et-lobbys-300x196.jpg 300w, https:\/\/www.quieryavenir.fr\/blog\/wp-content\/uploads\/2025\/12\/UE-et-lobbys.jpg 636w\" sizes=\"auto, (max-width: 491px) 100vw, 491px\" \/><\/p>\n<h1 style=\"text-align: justify;\"><span style=\"font-family: Comic Sans MS, cursive;\">\u00c0\u00a0LIRE<\/span><\/h1>\n<p><!--more--><\/p>\n<p style=\"text-align: justify;\"><span style=\"font-family: Comic Sans MS, cursive;\"><i>Le D\u00e9sir de nouveaut\u00e9s<\/i><\/span><\/p>\n<p style=\"text-align: justify;\"><span style=\"font-family: Comic Sans MS, cursive;\">Excellent ouvrage de Jeanne Guien sur la construction du d\u00e9sir pour le neuf.<\/span><\/p>\n<p style=\"text-align: justify;\"><span style=\"font-family: Comic Sans MS, cursive;\"><a href=\"https:\/\/blog.ecologie-politique.eu\/?post\/Le-Desir-de-nouveautes\" target=\"_top\">https:\/\/blog.ecologie-politique.eu\/?post\/Le-Desir-de-nouveautes<\/a> <\/span><\/p>\n<p style=\"text-align: justify;\"><span style=\"font-family: Comic Sans MS, cursive;\"><i>Les Ing\u00e9nieurs du chaos<\/i><\/span><\/p>\n<p style=\"text-align: justify;\"><span style=\"font-family: Comic Sans MS, cursive;\">Que pense la bourgeoisie du conspirationnisme ?<\/span><\/p>\n<p style=\"text-align: justify;\"><span style=\"font-family: Comic Sans MS, cursive;\"><a href=\"https:\/\/blog.ecologie-politique.eu\/?post\/Les-Ingenieurs-du-chaos\" target=\"_top\">https:\/\/blog.ecologie-politique.eu\/?post\/Les-Ingenieurs-du-chaos<\/a> <\/span><\/p>\n<p style=\"text-align: justify;\"><span style=\"font-family: Comic Sans MS, cursive;\">Des valeurs pas tr\u00e8s chr\u00e9tiennes<\/span><\/p>\n<p style=\"text-align: justify;\"><span style=\"font-family: Comic Sans MS, cursive;\">Et si on demandait aux chr\u00e9tien\u00b7nes de se comporter un peu plus comme J\u00e9sus et un peu moins comme des racistes ?<\/span><\/p>\n<p style=\"text-align: justify;\"><a href=\"https:\/\/blog.ecologie-politique.eu\/?post\/Des-valeurs-pas-tres-chretiennes\" target=\"_top\"><span style=\"font-family: Comic Sans MS, cursive;\">https:\/\/blog.ecologie-politique.eu\/?post\/Des-valeurs-pas-tres<\/span><\/a><\/p>\n<p style=\"text-align: justify;\"><span style=\"font-family: Comic Sans MS, cursive;\">Devoirs des personnes et arbitraire de l\u2019\u00c9tat<\/span><\/p>\n<p style=\"text-align: justify;\"><span style=\"font-family: Comic Sans MS, cursive;\">\u00c0 mesure que nos droits r\u00e9gressent, les pr\u00e9rogatives de l\u2019\u00c9tat sur nos associations s&rsquo;accro\u00eet.<\/span><\/p>\n<p style=\"text-align: justify;\"><a href=\"https:\/\/blog.ecologie-politique.eu\/?post\/Devoirs-des-personnes-et-arbitraire-de-l-Etat\" target=\"_top\"><span style=\"font-family: Comic Sans MS, cursive;\">https:\/\/blog.ecologie-politique.eu\/?post\/Devoirs-des-personn<\/span><\/a><\/p>\n<p style=\"text-align: justify;\"><span style=\"font-family: Comic Sans MS, cursive;\"><i>Pourquoi l&rsquo;\u00e9cologie perd toujours<\/i><\/span><\/p>\n<p style=\"text-align: justify;\"><span style=\"font-family: Comic Sans MS, cursive;\">Lecture du livre de Cl\u00e9ment S\u00e9n\u00e9chal.\u00a0<\/span><\/p>\n<p style=\"text-align: justify;\"><a href=\"https:\/\/blog.ecologie-politique.eu\/?post\/Pourquoi-l-ecologie-perd-toujours\" target=\"_top\"><span style=\"font-family: Comic Sans MS, cursive;\">https:\/\/blog.ecologie-politique.eu\/?post\/Pourquoi-l-ecologie-p<\/span><\/a><\/p>\n<p style=\"text-align: justify;\"><span style=\"font-family: Comic Sans MS, cursive;\">Arroser l\u00e0 o\u00f9 c&rsquo;est d\u00e9j\u00e0 mouill\u00e9<\/span><\/p>\n<p style=\"text-align: justify;\"><span style=\"font-family: Comic Sans MS, cursive;\">N&rsquo;oubliez pas d&rsquo;envoyer quelques sous si vous en avez \u00e0 des asso choisies avec soin. Mais la charit\u00e9 c&rsquo;est vraiment de la merde.<\/span><\/p>\n<p style=\"text-align: justify;\"><a href=\"https:\/\/blog.ecologie-politique.eu\/?post\/Arroser-la-ou-c-est-deja-mouille\" target=\"_top\"><span style=\"font-family: Comic Sans MS, cursive;\">https:\/\/blog.ecologie-politique.eu\/?post\/Arroser-la-ou-c-est-<\/span><\/a><\/p>\n<p style=\"text-align: justify;\"><span style=\"font-family: Comic Sans MS, cursive;\">\u00c0\u00a0RELIRE<\/span><\/p>\n<p style=\"text-align: justify;\"><span style=\"font-family: Comic Sans MS, cursive;\"><i>Le Double<\/i><\/span><\/p>\n<p style=\"text-align: justify;\"><span style=\"font-family: Comic Sans MS, cursive;\">La regrettable lecture des <\/span><span style=\"font-family: Comic Sans MS, cursive;\"><i>Ing\u00e9nieurs du chaos<\/i><\/span><span style=\"font-family: Comic Sans MS, cursive;\"> m&rsquo;a donn\u00e9 envie de relire Naomi Klein.<\/span><\/p>\n<p style=\"text-align: justify;\"><a href=\"https:\/\/blog.ecologie-politique.eu\/?post\/Le-Double\" target=\"_top\"><span style=\"font-family: Comic Sans MS, cursive;\">https:\/\/blog.ecologie-politique.eu\/?post\/Le-Double<\/span><\/a><\/p>\n<p style=\"text-align: justify;\"><span style=\"font-family: Comic Sans MS, cursive;\">AILLEURS<\/span><\/p>\n<p style=\"text-align: justify;\"><span style=\"font-family: Comic Sans MS, cursive;\">Le cachemire, laine de luxe, est devenu un produit de masse, dans des conditions qui ont longtemps attis\u00e9 ma curiosit\u00e9 et suscit\u00e9 mon agacement. Pourquoi n&rsquo;est-il plus possible de trouver un pull en lambswool ou en m\u00e9rinos ? Qu&rsquo;est donc ce cachemire de mauvaise qualit\u00e9, qui bouloche en trois jours ? Quelle exploitation se cache derri\u00e8re ce faux luxe \u00e0 la port\u00e9e de tou\u00b7tes ? Un \u00e9pisode de <\/span><span style=\"font-family: Comic Sans MS, cursive;\"><i>The Economics of Everyday Things<\/i><\/span><span style=\"font-family: Comic Sans MS, cursive;\">,\u00a0<a href=\"https:\/\/freakonomics.com\/podcast\/cashmere-replay\/\" target=\"_top\">un podcast toujours tr\u00e8s int\u00e9ressant<\/a>, m\u00eame s&rsquo;il n&rsquo;est pas engag\u00e9, a r\u00e9pondu \u00e0 mes questions (c&rsquo;est en anglais mais le propos est enti\u00e8rement transcrit). Et r\u00e9cemment Mediapart a publi\u00e9 <a href=\"https:\/\/www.mediapart.fr\/studio\/portfolios\/le-cachemire-un-desastre-pour-la-mongolie\" target=\"_top\">ce beau photoreportage en Mongolie<\/a> qui dit l&rsquo;essentiel (sous paywall mais je peux offrir l&rsquo;article, \u00e9crivez-moi si besoin).<\/span><\/p>\n<p style=\"text-align: justify;\"><span style=\"font-family: Comic Sans MS, cursive;\">Apr\u00e8s des ann\u00e9es d&rsquo;errance pendant lesquelles j&rsquo;ai port\u00e9 un m\u00e9rinos italien bien mit\u00e9 et des pulls en polaire, j&rsquo;ai trouv\u00e9 des pulls en laine qui ne sont pas du cachemire. Paradoxalement ils m&rsquo;ont co\u00fbt\u00e9 plus cher que du cachemire cheap&#8230; mais pas aussi cher que l&rsquo;offre la plus \u00e9cologique du march\u00e9, la coop\u00e9rative Ardelaine (<a href=\"https:\/\/www.ardelaine.fr\/l-aventure-ardelaine\/vive-le-collectif\" target=\"_top\">je mets le lien<\/a>, si vous pouvez, achetez chez eux). La laine des brebis gr\u00e2ce auxquelles nous mangeons du fromage et des c\u00f4tes d&rsquo;agneau, quasiment un sous-produit difficile pour les \u00e9leveurs \u00e0 valoriser, est moins accessible aujourd&rsquo;hui que celle de ch\u00e8vres mongoles, \u00e9lev\u00e9es par des gens qui luttent contre la mis\u00e8re et que nous ne rencontrerons jamais. Miracle de la mondialisation, scandale du capitalisme et luxe de merde.\u00a0<\/span><\/p>\n<p style=\"text-align: justify;\"><span style=\"font-family: Comic Sans MS, cursive;\">Et sinon le dernier bouquin d&rsquo;Eug\u00e9nie M\u00e9rieau, <\/span><span style=\"font-family: Comic Sans MS, cursive;\"><i>Constitution<\/i><\/span><span style=\"font-family: Comic Sans MS, cursive;\">, chez Anamosa, est super mais je n&rsquo;en parlerai pas cette fois comme j&rsquo;ai fait pour ses pr\u00e9c\u00e9dents ouvrages,\u00a0<\/span><a href=\"https:\/\/blog.ecologie-politique.eu\/?post\/Geopolitique-de-l-etat-d-exception\" target=\"_top\"><span style=\"font-family: Comic Sans MS, cursive;\"><i>G\u00e9opolitique de l&rsquo;\u00e9tat d&rsquo;exception<\/i><\/span><\/a><span style=\"font-family: Comic Sans MS, cursive;\"> et <\/span><a href=\"https:\/\/blog.ecologie-politique.eu\/?post\/La-Dictature-une-antithese-de-la-democratie\" target=\"_top\"><span style=\"font-family: Comic Sans MS, cursive;\"><i>La Dictature, une antith\u00e8se de la d\u00e9mocratie ?<\/i><\/span><\/a><\/p>\n<p style=\"text-align: justify;\"><span style=\"font-family: Comic Sans MS, cursive;\">\u00c0 VENIR<\/span><\/p>\n<p style=\"text-align: justify;\"><span style=\"font-family: Comic Sans MS, cursive;\">Une chronique du livre de Matthieu Adam chez Grevis, <\/span><span style=\"font-family: Comic Sans MS, cursive;\"><i>Contre la ville durable<\/i><\/span><span style=\"font-family: Comic Sans MS, cursive;\">.<\/span><\/p>\n","protected":false},"excerpt":{"rendered":"<p>\u00c0\u00a0LIRE<\/p>\n","protected":false},"author":2,"featured_media":0,"comment_status":"closed","ping_status":"closed","sticky":false,"template":"","format":"standard","meta":{"footnotes":""},"categories":[1],"tags":[],"class_list":["post-16149","post","type-post","status-publish","format-standard","hentry","category-non-classe"],"_links":{"self":[{"href":"https:\/\/www.quieryavenir.fr\/blog\/wp-json\/wp\/v2\/posts\/16149","targetHints":{"allow":["GET"]}}],"collection":[{"href":"https:\/\/www.quieryavenir.fr\/blog\/wp-json\/wp\/v2\/posts"}],"about":[{"href":"https:\/\/www.quieryavenir.fr\/blog\/wp-json\/wp\/v2\/types\/post"}],"author":[{"embeddable":true,"href":"https:\/\/www.quieryavenir.fr\/blog\/wp-json\/wp\/v2\/users\/2"}],"replies":[{"embeddable":true,"href":"https:\/\/www.quieryavenir.fr\/blog\/wp-json\/wp\/v2\/comments?post=16149"}],"version-history":[{"count":1,"href":"https:\/\/www.quieryavenir.fr\/blog\/wp-json\/wp\/v2\/posts\/16149\/revisions"}],"predecessor-version":[{"id":16150,"href":"https:\/\/www.quieryavenir.fr\/blog\/wp-json\/wp\/v2\/posts\/16149\/revisions\/16150"}],"wp:attachment":[{"href":"https:\/\/www.quieryavenir.fr\/blog\/wp-json\/wp\/v2\/media?parent=16149"}],"wp:term":[{"taxonomy":"category","embeddable":true,"href":"https:\/\/www.quieryavenir.fr\/blog\/wp-json\/wp\/v2\/categories?post=16149"},{"taxonomy":"post_tag","embeddable":true,"href":"https:\/\/www.quieryavenir.fr\/blog\/wp-json\/wp\/v2\/tags?post=16149"}],"curies":[{"name":"wp","href":"https:\/\/api.w.org\/{rel}","templated":true}]}}