{"id":16151,"date":"2026-01-09T02:37:18","date_gmt":"2026-01-09T01:37:18","guid":{"rendered":"https:\/\/www.quieryavenir.fr\/blog\/?p=16151"},"modified":"2026-01-04T06:38:55","modified_gmt":"2026-01-04T05:38:55","slug":"leau-en-haut-de-la-france","status":"publish","type":"post","link":"https:\/\/www.quieryavenir.fr\/blog\/2026\/01\/09\/leau-en-haut-de-la-france\/","title":{"rendered":"L\u2019eau en haut de la France"},"content":{"rendered":"<p style=\"text-align: justify;\"><img loading=\"lazy\" decoding=\"async\" class=\"wp-image-16142 aligncenter\" src=\"https:\/\/www.quieryavenir.fr\/blog\/wp-content\/uploads\/2025\/12\/Unknown-1-300x158.jpeg\" alt=\"\" width=\"414\" height=\"218\" srcset=\"https:\/\/www.quieryavenir.fr\/blog\/wp-content\/uploads\/2025\/12\/Unknown-1-300x158.jpeg 300w, https:\/\/www.quieryavenir.fr\/blog\/wp-content\/uploads\/2025\/12\/Unknown-1.jpeg 310w\" sizes=\"auto, (max-width: 414px) 100vw, 414px\" \/><\/p>\n<h1 style=\"text-align: justify;\"><span style=\"font-family: Comic Sans MS, cursive;\"><span style=\"font-size: medium;\">Deux articles dans Mediacit\u00e9s<\/span><\/span><\/h1>\n<p><!--more--><\/p>\n<p style=\"text-align: center;\"><span style=\"font-family: Comic Sans MS, cursive;\"><span style=\"font-size: medium;\">** **<\/span><\/span><\/p>\n<p style=\"text-align: justify;\"><span style=\"font-family: Comic Sans MS, cursive;\"><span style=\"font-size: medium;\">Le \u00ab Plan eau \u00bb 2030 d\u00e9j\u00e0 fortement contrari\u00e9 dans le nord des Hauts<\/span><\/span><span style=\"font-family: Cambria Math, serif;\"><span style=\"font-size: medium;\">\u2010<\/span><\/span><span style=\"font-family: Comic Sans MS, cursive;\"><span style=\"font-size: medium;\">de<\/span><\/span><span style=\"font-family: Cambria Math, serif;\"><span style=\"font-size: medium;\">\u2010<\/span><\/span><span style=\"font-family: Comic Sans MS, cursive;\"><span style=\"font-size: medium;\">France <\/span><\/span><\/p>\n<p style=\"text-align: justify;\"><span style=\"font-family: Comic Sans MS, cursive;\"><span style=\"font-size: medium;\">En fixant l\u2019objectif ambitieux de &#8211; 10 % de consommation d\u2019eau d\u2019ici 2030, les autorit\u00e9s locales de l\u2019eau souhaitaient adapter les usages au changement climatique. Mais cette trajectoire est d\u2019ores et d\u00e9j\u00e0 menac\u00e9e, et manque surtout sa cible en mettant de c\u00f4t\u00e9 les industriels, les plus gros consommateurs du territoire<\/span><\/span><span style=\"font-family: Comic Sans MS, cursive;\"><span style=\"font-size: medium;\"><b>.<\/b><\/span><\/span><\/p>\n<p style=\"text-align: justify;\"><span style=\"font-family: Comic Sans MS, cursive;\"><span style=\"font-size: medium;\">\u00abEconomiser l\u2019eau, avec l\u2019objectif de \u201110 % d\u2019eau pr\u00e9lev\u00e9e d\u2019ici 2030. \u00bb En 2023, le gouvernement fran\u00e7ais et les comit\u00e9s de bassin locaux sortent leur \u00ab Plan eau \u00bb. La s\u00e9cheresse qui a marqu\u00e9 une bonne partie de l\u2019ann\u00e9e 2022 est encore dans tous les esprits. Il s\u2019agit, pour les acteurs qui s\u2019occupent de la ressource, d\u2019\u00e9tablir des objectifs afin d\u2019\u00e9viter qu\u2019on en manque durablement \u00e0 l\u2019avenir. Ces nouveaux objectifs impliquent notamment la baisse du pr\u00e9l\u00e8vement d\u2019eau potable et des actions cibl\u00e9es sur la r\u00e9sorption des fuites.<\/span><\/span><\/p>\n<p style=\"text-align: justify;\"><span style=\"font-family: Comic Sans MS, cursive;\"><span style=\"font-size: medium;\">A mi<\/span><\/span><span style=\"font-family: Cambria Math, serif;\"><span style=\"font-size: medium;\">\u2010<\/span><\/span><span style=\"font-family: Comic Sans MS, cursive;\"><span style=\"font-size: medium;\">parcours, la branche r\u00e9gionale de l\u2019Insee dresse un bilan plut\u00f4t alarmant de l\u2019avanc\u00e9e de ce programme. En 2022, tous usages confondus, 815 millions de m\u00e8tres cubes d\u2019eau ont \u00e9t\u00e9 pr\u00e9lev\u00e9s dans le bassin Artois<\/span><\/span><span style=\"font-family: Cambria Math, serif;\"><span style=\"font-size: medium;\">\u2010<\/span><\/span><span style=\"font-family: Comic Sans MS, cursive;\"><span style=\"font-size: medium;\">Picardie, qui s\u2019\u00e9tend sur la partie Nord de la r\u00e9gion Hauts<\/span><\/span><span style=\"font-family: Cambria Math, serif;\"><span style=\"font-size: medium;\">\u2010<\/span><\/span><span style=\"font-family: Comic Sans MS, cursive;\"><span style=\"font-size: medium;\">de<\/span><\/span><span style=\"font-family: Cambria Math, serif;\"><span style=\"font-size: medium;\">\u2010<\/span><\/span><span style=\"font-family: Comic Sans MS, cursive;\"><span style=\"font-size: medium;\">France (Nord, Pas<\/span><\/span><span style=\"font-family: Cambria Math, serif;\"><span style=\"font-size: medium;\">\u2010<\/span><\/span><span style=\"font-family: Comic Sans MS, cursive;\"><span style=\"font-size: medium;\">de<\/span><\/span><span style=\"font-family: Cambria Math, serif;\"><span style=\"font-size: medium;\">\u2010<\/span><\/span><span style=\"font-family: Comic Sans MS, cursive;\"><span style=\"font-size: medium;\">Calais et une grande partie de la Somme). Parmi ces pr\u00e9l\u00e8vements, 201millions concernent la consommation d\u2019eau potable, dont 64 millions de m\u00e8tres cubes directement puis\u00e9s sur le territoire Marque<\/span><\/span><span style=\"font-family: Cambria Math, serif;\"><span style=\"font-size: medium;\">\u2010<\/span><\/span><span style=\"font-family: Comic Sans MS, cursive;\"><span style=\"font-size: medium;\">De\u00fble, o\u00f9 se situe la M\u00e9tropole europ\u00e9enne de Lille (MEL).<\/span><\/span><\/p>\n<p style=\"text-align: justify;\"><span style=\"font-family: Comic Sans MS, cursive;\"><span style=\"font-size: medium;\">Pour atteindre les 10 % de moins pr\u00e9vus par le \u00ab Plan eau \u00bb, il ne faudrait plus consommer que 171 millions de m\u00e8tres cubes d\u2019eau en 2030 dans l\u2019Artois-Picardie. Or, selon l\u2019Insee, qui se base sur les \u00e9volutions d\u00e9mographiques, la consommation d\u2019eau se stabiliserait au contraire \u00e0 200,2 millions de m\u00e8tres cubes\u2026 (soit une baisse de seulement 0,4 %). \u00ab La consommation d\u00e9passerait l\u2019objectif dans l\u2019ensemble du bassin \u00bb, observent les auteurs du rapport.<\/span><\/span><\/p>\n<p style=\"text-align: justify;\"><span style=\"font-family: Comic Sans MS, cursive;\"><span style=\"font-size: medium;\"><b>Des familles moins grandes qui consomment plus<\/b><\/span><\/span><\/p>\n<p style=\"text-align: justify;\"><span style=\"font-family: Comic Sans MS, cursive;\"><span style=\"font-size: medium;\">Cette \u00e9volution serait essentiellement tir\u00e9e par le d\u00e9veloppement \u00e9conomique (tourisme, commerce et industrie), notamment dans l\u2019Authie (Berck<\/span><\/span><span style=\"font-family: Cambria Math, serif;\"><span style=\"font-size: medium;\">\u2010<\/span><\/span><span style=\"font-family: Comic Sans MS, cursive;\"><span style=\"font-size: medium;\">sur<\/span><\/span><span style=\"font-family: Cambria Math, serif;\"><span style=\"font-size: medium;\">\u2010<\/span><\/span><span style=\"font-family: Comic Sans MS, cursive;\"><span style=\"font-size: medium;\">Mer) et dans la Canche (Le Touquet, Montreuil<\/span><\/span><span style=\"font-family: Cambria Math, serif;\"><span style=\"font-size: medium;\">\u2010<\/span><\/span><span style=\"font-family: Comic Sans MS, cursive;\"><span style=\"font-size: medium;\">sur<\/span><\/span><span style=\"font-family: Cambria Math, serif;\"><span style=\"font-size: medium;\">\u2010<\/span><\/span><span style=\"font-family: Comic Sans MS, cursive;\"><span style=\"font-size: medium;\">Mer,), qui sont des territoires tr\u00e8s touristiques et qui connaissent donc une consommation d\u2019eau moyenne plus \u00e9lev\u00e9e qu\u2019ailleurs. Une tension particuli\u00e8rement critique l\u2019\u00e9t\u00e9, moment o\u00f9 le tourisme bat son plein et o\u00f9 l\u2019eau se rar\u00e9fie d\u2019autant plus. Les supermarch\u00e9s, l\u2019usage agricole ou les petites entreprises reli\u00e9es au r\u00e9seau d\u2019eau potable peuvent \u00e9galement \u00eatre responsables d\u2019une hausse de la consommation localis\u00e9e. <\/span><\/span><\/p>\n<p style=\"text-align: justify;\"><span style=\"font-family: Comic Sans MS, cursive;\"><span style=\"font-size: medium;\">Les chercheurs observent \u00e9galement que le changement dans la taille des m\u00e9nages (moins d\u2019enfants, d\u00e9part anticip\u00e9 du domicile familial\u2026) provoque une augmentation de la consommation d\u2019eau. La taille plus restreinte des foyers engendre des\u00ab d\u00e9s \u00e9conomies d\u2019\u00e9chelle (sic) li\u00e9es \u00e0 certains usages indispensables \u00bb : on fait toujours la cuisine ou la lessive, mais de fa\u00e7on moins collective.<\/span><\/span><\/p>\n<p style=\"text-align: justify;\"><span style=\"font-family: Comic Sans MS, cursive;\"><span style=\"font-size: medium;\"><b>Un effort demand\u00e9 aux particuliers\u2026 Et non aux industriels<\/b><\/span><\/span><\/p>\n<p style=\"text-align: justify;\"><span style=\"font-family: Comic Sans MS, cursive;\"><span style=\"font-size: medium;\">L\u2019Insee souligne un point important : si le \u00ab Plan eau \u00bb fixe un objectif pour garantir des usages plus efficients de l\u2019eau potable, la baisse de la consommation \u00ab devra \u00eatre port\u00e9e quasi exclusivement par les usagers du r\u00e9seau d\u2019eau potable et les collectivit\u00e9s \u00bb. Sous<\/span><\/span><span style=\"font-family: Cambria Math, serif;\"><span style=\"font-size: medium;\">\u2010<\/span><\/span><span style=\"font-family: Comic Sans MS, cursive;\"><span style=\"font-size: medium;\">entendu : les entreprises et les exploitants agricoles ne sont pas soumis \u00e0 la m\u00eame exigence. Ils peuvent se contenter de maintenir leur niveau de consommation actuel. Or, \u00ab l\u2019eau consomm\u00e9e par les entreprises repr\u00e9sente 55% de l\u2019ensemble de l\u2019eau pr\u00e9lev\u00e9e dans la bassin Artois<\/span><\/span><span style=\"font-family: Cambria Math, serif;\"><span style=\"font-size: medium;\">\u2010<\/span><\/span><span style=\"font-family: Comic Sans MS, cursive;\"><span style=\"font-size: medium;\">Picardie \u00bb, soit directement sur leur site de production, soit par distribution via le r\u00e9seau d\u2019eau potable. Ainsi, en 2022, le volume d\u2019eau consomm\u00e9 par les industriels s\u2019\u00e9l\u00e8ve \u00e0 241 millions de m\u00e8tres cubes (dont un tiers d\u00e9di\u00e9 \u00e0 l\u2019irrigation agricole).<\/span><\/span><\/p>\n<p style=\"text-align: justify;\"><span style=\"font-family: Comic Sans MS, cursive;\"><span style=\"font-size: medium;\">A l\u2019heure o\u00f9 la r\u00e9gion Hauts<\/span><\/span><span style=\"font-family: Cambria Math, serif;\"><span style=\"font-size: medium;\">\u2010<\/span><\/span><span style=\"font-family: Comic Sans MS, cursive;\"><span style=\"font-size: medium;\">de<\/span><\/span><span style=\"font-family: Cambria Math, serif;\"><span style=\"font-size: medium;\">\u2010<\/span><\/span><span style=\"font-family: Comic Sans MS, cursive;\"><span style=\"font-size: medium;\">France continue d\u2019investir massivement en vue de l\u2019accueil de nombreux m\u00e9ga<\/span><\/span><span style=\"font-family: Cambria Math, serif;\"><span style=\"font-size: medium;\">\u2010<\/span><\/span><span style=\"font-family: Comic Sans MS, cursive;\"><span style=\"font-size: medium;\">projets industriels tr\u00e8s gourmands en eau, \u00e0 l\u2019instar de la vall\u00e9e de la batterie ou des nouveaux data<\/span><\/span><span style=\"font-family: Cambria Math, serif;\"><span style=\"font-size: medium;\">c<\/span><\/span><span style=\"font-family: Comic Sans MS, cursive;\"><span style=\"font-size: medium;\">enters, la question d\u2019appliquer la m\u00eame exigence aux entreprises peut se poser. Sans parler du Canal Seine<\/span><\/span><span style=\"font-family: Cambria Math, serif;\"><span style=\"font-size: medium;\">\u2010<\/span><\/span><span style=\"font-family: Comic Sans MS, cursive;\"><span style=\"font-size: medium;\">Nord Europe, qui traversera une grande partie du <\/span><\/span><\/p>\n<p style=\"text-align: justify;\"><span style=\"font-family: Comic Sans MS, cursive;\"><span style=\"font-size: medium;\">2\/3 <\/span><\/span><\/p>\n<p style=\"text-align: justify;\"><span style=\"font-family: Comic Sans MS, cursive;\"><span style=\"font-size: medium;\">territoire et qui pr\u00e9voit de contenir trente<\/span><\/span><span style=\"font-family: Cambria Math, serif;\"><span style=\"font-size: medium;\">\u2010<\/span><\/span><span style=\"font-family: Comic Sans MS, cursive;\"><span style=\"font-size: medium;\">cinq millions de m\u00e8tres cubes d\u2019eau pr\u00e9lev\u00e9s dans l\u2019Oise\u2026 L\u2019alimentation des canaux repr\u00e9sente d\u00e9j\u00e0 36,4 % de nos usages locaux.<\/span><\/span><\/p>\n<p style=\"text-align: justify;\"><span style=\"font-family: Comic Sans MS, cursive;\"><span style=\"font-size: medium;\">Une question d\u2019autant plus pr\u00e9occupante au moment o\u00f9 les r\u00e9v\u00e9lations concernant la pollution de l\u2019eau par les infrastructures industrielles se multiplient. Avec une eau potable de plus en plus expos\u00e9e aux polluants \u00e9ternels, sa pr\u00e9servation reste essentielle pour \u00e9viter d\u2019en manquer, comme sur le territoire de la MEL.<\/span><\/span><\/p>\n<p style=\"text-align: justify;\"><span style=\"font-family: Comic Sans MS, cursive;\"><span style=\"font-size: medium;\">\u00ab En l\u2019absence de nouvelles politiques publiques ou de modifications comportementales, les projections de consommation [d\u00e9tours les territoires du bassin Artois<\/span><\/span><span style=\"font-family: Cambria Math, serif;\"><span style=\"font-size: medium;\">\u2010<\/span><\/span><span style=\"font-family: Comic Sans MS, cursive;\"><span style=\"font-size: medium;\">Picardie] resteraient au<\/span><\/span><span style=\"font-family: Cambria Math, serif;\"><span style=\"font-size: medium;\">\u2010<\/span><\/span><span style=\"font-family: Comic Sans MS, cursive;\"><span style=\"font-size: medium;\">dessus de l\u2019objectif \u00bb, conclut l\u2019Insee. Un objectif ambitieux, mais bien vite enterr\u00e9.<\/span><\/span><\/p>\n<p style=\"text-align: center;\"><span style=\"font-family: Comic Sans MS, cursive;\"><span style=\"font-size: medium;\">** **<\/span><\/span><\/p>\n<p style=\"text-align: justify;\"><span style=\"font-family: Comic Sans MS, cursive;\"><span style=\"font-size: medium;\">Dans l\u2019agglom\u00e9ration lilloise<\/span><\/span><\/p>\n<p style=\"text-align: justify;\"><span style=\"font-family: Comic Sans MS, cursive;\"><span style=\"font-size: medium;\">Un pesticide du Pas<\/span><\/span><span style=\"font-family: Cambria Math, serif;\"><span style=\"font-size: medium;\">\u2010<\/span><\/span><span style=\"font-family: Comic Sans MS, cursive;\"><span style=\"font-size: medium;\">de<\/span><\/span><span style=\"font-family: Cambria Math, serif;\"><span style=\"font-size: medium;\">\u2010<\/span><\/span><span style=\"font-family: Comic Sans MS, cursive;\"><span style=\"font-size: medium;\">Calais menace la fourniture en eau potable<\/span><\/span><\/p>\n<p style=\"text-align: justify;\"><span style=\"font-family: Comic Sans MS, cursive;\"><span style=\"font-size: medium;\">La pr\u00e9sence d&rsquo;un herbicide de la famille des PFAS &#8211; les fameux \u00ab polluants \u00e9ternels \u00bb &#8211; dans la rivi\u00e8re de la Lys pourrait mettre \u00e0 mal l\u2019avenir d\u2019une usine de production d\u2019eau potable qui fournit environ un tiers des besoins de la m\u00e9tropole de Lille.<\/span><\/span><\/p>\n<p style=\"text-align: justify;\"><span style=\"font-family: Comic Sans MS, cursive;\"><span style=\"font-size: medium;\">Dans l&rsquo;usine de production d&rsquo;eau du Smael d&rsquo;Air-sur-La Lys, un laboratoire surveille la qualit\u00e9 de l&rsquo;eau mais fait aussi appel \u00e0 des analyses ext\u00e9rieure<\/span><\/span><\/p>\n<p style=\"text-align: justify;\"><span style=\"font-family: Comic Sans MS, cursive;\"><span style=\"font-size: medium;\">L\u2019alerte a \u00e9t\u00e9 donn\u00e9e il y un an. Mais en toute discr\u00e9tion. Le plus gros site de production d\u2019eau potable de la r\u00e9gion, situ\u00e9 \u00e0 Aire<\/span><\/span><span style=\"font-family: Cambria Math, serif;\"><span style=\"font-size: medium;\">\u2010<\/span><\/span><span style=\"font-family: Comic Sans MS, cursive;\"><span style=\"font-size: medium;\">sur<\/span><\/span><span style=\"font-family: Cambria Math, serif;\"><span style=\"font-size: medium;\">\u2010<\/span><\/span><span style=\"font-family: Comic Sans MS, cursive;\"><span style=\"font-size: medium;\">la<\/span><\/span><span style=\"font-family: Cambria Math, serif;\"><span style=\"font-size: medium;\">\u2010<\/span><\/span><span style=\"font-family: Comic Sans MS, cursive;\"><span style=\"font-size: medium;\">Lys, pr<\/span><\/span><span style=\"font-family: Comic Sans MS, cursive;\"><span style=\"font-size: medium;\">\u00e8<\/span><\/span><span style=\"font-family: Comic Sans MS, cursive;\"><span style=\"font-size: medium;\">s de Saint<\/span><\/span><span style=\"font-family: Cambria Math, serif;\"><span style=\"font-size: medium;\">\u2010<\/span><\/span><span style=\"font-family: Comic Sans MS, cursive;\"><span style=\"font-size: medium;\">Omer, est victime d<\/span><\/span><span style=\"font-family: Comic Sans MS, cursive;\"><span style=\"font-size: medium;\">\u2019<\/span><\/span><span style=\"font-family: Comic Sans MS, cursive;\"><span style=\"font-size: medium;\">un probl<\/span><\/span><span style=\"font-family: Comic Sans MS, cursive;\"><span style=\"font-size: medium;\">\u00e8<\/span><\/span><span style=\"font-family: Comic Sans MS, cursive;\"><span style=\"font-size: medium;\">me de <\/span><\/span><span style=\"font-family: Comic Sans MS, cursive;\"><span style=\"font-size: medium;\">\u00ab<\/span><\/span><span style=\"font-family: Comic Sans MS, cursive;\"><span style=\"font-size: medium;\"> non-conformit\u00e9 \u00bb de l\u2019eau qu\u2019elle fournit notamment \u00e0 plus d\u2019un tiers de la population de la m\u00e9tropole de Lille. En cause, une toute nouvelle source de pollution : le fluf\u00e9nacet, un herbicide utilis\u00e9 pour le traitement des c\u00e9r\u00e9ales d\u2019hiver. Et ce pesticide tra\u00eene dans son sillage une mol\u00e9cule qui fait aujourd\u2019hui figure d\u2019une petite bombe sanitaire et \u00e9conomique.<\/span><\/span><\/p>\n<p style=\"text-align: justify;\"><span style=\"font-family: Comic Sans MS, cursive;\"><span style=\"font-size: medium;\">Fin d\u00e9cembre 2024, la direction du Syndicat mixte d\u2019adduction des eaux de la Lys (Smael), qui pilote cette usine, re\u00e7oit un r\u00e9sultat d\u2019analyse pr\u00e9occupant. Le contr\u00f4le de l\u2019eau du robinet \u00e0 Pr\u00e9mesques, pr\u00e8s de Lille, affiche un taux de fluf\u00e9nacet qui d\u00e9passe la limite de qualit\u00e9 : 0,15 microgramme par litre (\u03bcg\/l) au lieu de 0,1 \u03bcg\/l. L\u2019eau est d\u00e9clar\u00e9e \u00ab non conforme \u00bb aux crit\u00e8res de qualit\u00e9.<\/span><\/span><\/p>\n<p style=\"text-align: justify;\"><span style=\"font-family: Comic Sans MS, cursive;\"><span style=\"font-size: medium;\">Quinze jours plus tard, en janvier, une nouvelle analyse vient confirmer la premi\u00e8re. Cette fois, la concentration atteint 0,214 \u03bcg\/l, soit plus du double de la norme admise. L\u2019eau reste potable mais, une fois d\u00e9tect\u00e9e, cette pollution n\u00e9cessite de prendre des mesures pour \u00e9viter sa propagation.<\/span><\/span><\/p>\n<p style=\"text-align: justify;\"><span style=\"font-family: Comic Sans MS, cursive;\"><span style=\"font-size: medium;\">Au sein de l\u2019usine, c\u2019est le branle<\/span><\/span><span style=\"font-family: Cambria Math, serif;\"><span style=\"font-size: medium;\">\u2010<\/span><\/span><span style=\"font-family: Comic Sans MS, cursive;\"><span style=\"font-size: medium;\">bas de combat. <\/span><\/span><span style=\"font-family: Comic Sans MS, cursive;\"><span style=\"font-size: medium;\">\u00ab<\/span><\/span><span style=\"font-family: Comic Sans MS, cursive;\"><span style=\"font-size: medium;\"> Nous avons augment<\/span><\/span><span style=\"font-family: Comic Sans MS, cursive;\"><span style=\"font-size: medium;\">\u00e9<\/span><\/span><span style=\"font-family: Comic Sans MS, cursive;\"><span style=\"font-size: medium;\"> le traitement de l<\/span><\/span><span style=\"font-family: Comic Sans MS, cursive;\"><span style=\"font-size: medium;\">\u2019<\/span><\/span><span style=\"font-family: Comic Sans MS, cursive;\"><span style=\"font-size: medium;\">eau au charbon actif en poudre pour permettre un abattement relatif de ce polluant et redescendre en dessous du seuil d<\/span><\/span><span style=\"font-family: Comic Sans MS, cursive;\"><span style=\"font-size: medium;\">\u2019<\/span><\/span><span style=\"font-family: Comic Sans MS, cursive;\"><span style=\"font-size: medium;\">alerte <\/span><\/span><span style=\"font-family: Comic Sans MS, cursive;\"><span style=\"font-size: medium;\">\u00bb<\/span><\/span><span style=\"font-family: Comic Sans MS, cursive;\"><span style=\"font-size: medium;\">, avoue le directeur du site, Daniel Defives, contact<\/span><\/span><span style=\"font-family: Comic Sans MS, cursive;\"><span style=\"font-size: medium;\">\u00e9<\/span><\/span><span style=\"font-family: Comic Sans MS, cursive;\"><span style=\"font-size: medium;\"> par M<\/span><\/span><span style=\"font-family: Comic Sans MS, cursive;\"><span style=\"font-size: medium;\">\u00e9<\/span><\/span><span style=\"font-family: Comic Sans MS, cursive;\"><span style=\"font-size: medium;\">diacit<\/span><\/span><span style=\"font-family: Comic Sans MS, cursive;\"><span style=\"font-size: medium;\">\u00e9<\/span><\/span><span style=\"font-family: Comic Sans MS, cursive;\"><span style=\"font-size: medium;\">s. Selon nos informations, ce traitement forc<\/span><\/span><span style=\"font-family: Comic Sans MS, cursive;\"><span style=\"font-size: medium;\">\u00e9<\/span><\/span><span style=\"font-family: Comic Sans MS, cursive;\"><span style=\"font-size: medium;\"> a co<\/span><\/span><span style=\"font-family: Comic Sans MS, cursive;\"><span style=\"font-size: medium;\">\u00fb<\/span><\/span><span style=\"font-family: Comic Sans MS, cursive;\"><span style=\"font-size: medium;\">t<\/span><\/span><span style=\"font-family: Comic Sans MS, cursive;\"><span style=\"font-size: medium;\">\u00e9<\/span><\/span><span style=\"font-family: Comic Sans MS, cursive;\"><span style=\"font-size: medium;\"> plusieurs dizaines de milliers d<\/span><\/span><span style=\"font-family: Comic Sans MS, cursive;\"><span style=\"font-size: medium;\">\u2019<\/span><\/span><span style=\"font-family: Comic Sans MS, cursive;\"><span style=\"font-size: medium;\">euros <\/span><\/span><span style=\"font-family: Comic Sans MS, cursive;\"><span style=\"font-size: medium;\">\u00e0<\/span><\/span><span style=\"font-family: Comic Sans MS, cursive;\"><span style=\"font-size: medium;\"> la structure publique.<\/span><\/span><\/p>\n<p style=\"text-align: justify;\"><span style=\"font-family: Comic Sans MS, cursive;\"><span style=\"font-size: medium;\">\u00ab En parall\u00e8le, nous avons men\u00e9 une campagne d\u2019analyses mensuelles sur le param\u00e8tre fluf\u00e9nacet, poursuit Daniel Defives. A ce jour, aucune nouvelle non<\/span><\/span><span style=\"font-family: Cambria Math, serif;\"><span style=\"font-size: medium;\">\u2010<\/span><\/span><span style=\"font-family: Comic Sans MS, cursive;\"><span style=\"font-size: medium;\">conformit<\/span><\/span><span style=\"font-family: Comic Sans MS, cursive;\"><span style=\"font-size: medium;\">\u00e9<\/span><\/span><span style=\"font-family: Comic Sans MS, cursive;\"><span style=\"font-size: medium;\"> n<\/span><\/span><span style=\"font-family: Comic Sans MS, cursive;\"><span style=\"font-size: medium;\">\u2019<\/span><\/span><span style=\"font-family: Comic Sans MS, cursive;\"><span style=\"font-size: medium;\">a <\/span><\/span><span style=\"font-family: Comic Sans MS, cursive;\"><span style=\"font-size: medium;\">\u00e9<\/span><\/span><span style=\"font-family: Comic Sans MS, cursive;\"><span style=\"font-size: medium;\">t<\/span><\/span><span style=\"font-family: Comic Sans MS, cursive;\"><span style=\"font-size: medium;\">\u00e9<\/span><\/span><span style=\"font-family: Comic Sans MS, cursive;\"><span style=\"font-size: medium;\"> constat<\/span><\/span><span style=\"font-family: Comic Sans MS, cursive;\"><span style=\"font-size: medium;\">\u00e9<\/span><\/span><span style=\"font-family: Comic Sans MS, cursive;\"><span style=\"font-size: medium;\">e. <\/span><\/span><span style=\"font-family: Comic Sans MS, cursive;\"><span style=\"font-size: medium;\">\u00bb<\/span><\/span><span style=\"font-family: Comic Sans MS, cursive;\"><span style=\"font-size: medium;\"> L<\/span><\/span><span style=\"font-family: Comic Sans MS, cursive;\"><span style=\"font-size: medium;\">\u2019<\/span><\/span><span style=\"font-family: Comic Sans MS, cursive;\"><span style=\"font-size: medium;\">ARS confirme, en effet, qu<\/span><\/span><span style=\"font-family: Comic Sans MS, cursive;\"><span style=\"font-size: medium;\">\u2019<\/span><\/span><span style=\"font-family: Comic Sans MS, cursive;\"><span style=\"font-size: medium;\">un contr<\/span><\/span><span style=\"font-family: Comic Sans MS, cursive;\"><span style=\"font-size: medium;\">\u00f4<\/span><\/span><span style=\"font-family: Comic Sans MS, cursive;\"><span style=\"font-size: medium;\">le de v<\/span><\/span><span style=\"font-family: Comic Sans MS, cursive;\"><span style=\"font-size: medium;\">\u00e9<\/span><\/span><span style=\"font-family: Comic Sans MS, cursive;\"><span style=\"font-size: medium;\">rification, effectu<\/span><\/span><span style=\"font-family: Comic Sans MS, cursive;\"><span style=\"font-size: medium;\">\u00e9<\/span><\/span><span style=\"font-family: Comic Sans MS, cursive;\"><span style=\"font-size: medium;\"> d<\/span><\/span><span style=\"font-family: Comic Sans MS, cursive;\"><span style=\"font-size: medium;\">\u00e8<\/span><\/span><span style=\"font-family: Comic Sans MS, cursive;\"><span style=\"font-size: medium;\">s la fin du mois de janvier, avait enregistr<\/span><\/span><span style=\"font-family: Comic Sans MS, cursive;\"><span style=\"font-size: medium;\">\u00e9<\/span><\/span><span style=\"font-family: Comic Sans MS, cursive;\"><span style=\"font-size: medium;\"> une teneur conforme de 0,012 <\/span><\/span><span style=\"font-family: Comic Sans MS, cursive;\"><span style=\"font-size: medium;\">\u03bc<\/span><\/span><span style=\"font-family: Comic Sans MS, cursive;\"><span style=\"font-size: medium;\">g\/l.<\/span><\/span><\/p>\n<p style=\"text-align: justify;\"><span style=\"font-family: Comic Sans MS, cursive;\"><span style=\"font-size: medium;\"><i><u>L\u2019eau reste potable<\/u><\/i><\/span><\/span><\/p>\n<p style=\"text-align: justify;\"><span style=\"font-family: Comic Sans MS, cursive;\"><span style=\"font-size: medium;\"><i>\u00ab Il n\u2019y a aucune raison d\u2019alerter la population \u00bb. L\u2019ARS des Hauts<\/i><\/span><\/span><span style=\"font-family: Cambria Math, serif;\"><span style=\"font-size: medium;\"><i>\u2010<\/i><\/span><\/span><span style=\"font-family: Comic Sans MS, cursive;\"><span style=\"font-size: medium;\"><i>de<\/i><\/span><\/span><span style=\"font-family: Cambria Math, serif;\"><span style=\"font-size: medium;\"><i>\u2010<\/i><\/span><\/span><span style=\"font-family: Comic Sans MS, cursive;\"><span style=\"font-size: medium;\"><i>France, se veut rassurante. Et d<\/i><\/span><\/span><span style=\"font-family: Comic Sans MS, cursive;\"><span style=\"font-size: medium;\"><i>\u2019<\/i><\/span><\/span><span style=\"font-family: Comic Sans MS, cursive;\"><span style=\"font-size: medium;\"><i>expliquer. Deux seuils s<\/i><\/span><\/span><span style=\"font-family: Comic Sans MS, cursive;\"><span style=\"font-size: medium;\"><i>\u2019<\/i><\/span><\/span><span style=\"font-family: Comic Sans MS, cursive;\"><span style=\"font-size: medium;\"><i>appliquent pour <\/i><\/span><\/span><span style=\"font-family: Comic Sans MS, cursive;\"><span style=\"font-size: medium;\"><i>\u00e9<\/i><\/span><\/span><span style=\"font-family: Comic Sans MS, cursive;\"><span style=\"font-size: medium;\"><i>valuer la pr<\/i><\/span><\/span><span style=\"font-family: Comic Sans MS, cursive;\"><span style=\"font-size: medium;\"><i>\u00e9<\/i><\/span><\/span><span style=\"font-family: Comic Sans MS, cursive;\"><span style=\"font-size: medium;\"><i>sence de pesticides dans l<\/i><\/span><\/span><span style=\"font-family: Comic Sans MS, cursive;\"><span style=\"font-size: medium;\"><i>\u2019<\/i><\/span><\/span><span style=\"font-family: Comic Sans MS, cursive;\"><span style=\"font-size: medium;\"><i>eau du robinet : la limite de qualit<\/i><\/span><\/span><span style=\"font-family: Comic Sans MS, cursive;\"><span style=\"font-size: medium;\"><i>\u00e9<\/i><\/span><\/span><span style=\"font-family: Comic Sans MS, cursive;\"><span style=\"font-size: medium;\"><i> et les valeurs sanitaires maximales (Vmax). La limite de qualit<\/i><\/span><\/span><span style=\"font-family: Comic Sans MS, cursive;\"><span style=\"font-size: medium;\"><i>\u00e9<\/i><\/span><\/span><span style=\"font-family: Comic Sans MS, cursive;\"><span style=\"font-size: medium;\"><i> est fix<\/i><\/span><\/span><span style=\"font-family: Comic Sans MS, cursive;\"><span style=\"font-size: medium;\"><i>\u00e9<\/i><\/span><\/span><span style=\"font-family: Comic Sans MS, cursive;\"><span style=\"font-size: medium;\"><i>e <\/i><\/span><\/span><span style=\"font-family: Comic Sans MS, cursive;\"><span style=\"font-size: medium;\"><i>\u00e0<\/i><\/span><\/span><span style=\"font-family: Comic Sans MS, cursive;\"><span style=\"font-size: medium;\"><i> 0,1 <\/i><\/span><\/span><span style=\"font-family: Comic Sans MS, cursive;\"><span style=\"font-size: medium;\"><i>\u03bc<\/i><\/span><\/span><span style=\"font-family: Comic Sans MS, cursive;\"><span style=\"font-size: medium;\"><i>g\/l pour le fluf<\/i><\/span><\/span><span style=\"font-family: Comic Sans MS, cursive;\"><span style=\"font-size: medium;\"><i>\u00e9<\/i><\/span><\/span><span style=\"font-family: Comic Sans MS, cursive;\"><span style=\"font-size: medium;\"><i>nacet. <\/i><\/span><\/span><span style=\"font-family: Comic Sans MS, cursive;\"><span style=\"font-size: medium;\"><i>\u00ab<\/i><\/span><\/span><span style=\"font-family: Comic Sans MS, cursive;\"><span style=\"font-size: medium;\"><i> Il s<\/i><\/span><\/span><span style=\"font-family: Comic Sans MS, cursive;\"><span style=\"font-size: medium;\"><i>\u2019<\/i><\/span><\/span><span style=\"font-family: Comic Sans MS, cursive;\"><span style=\"font-size: medium;\"><i>agit d<\/i><\/span><\/span><span style=\"font-family: Comic Sans MS, cursive;\"><span style=\"font-size: medium;\"><i>\u2019<\/i><\/span><\/span><span style=\"font-family: Comic Sans MS, cursive;\"><span style=\"font-size: medium;\"><i>une valeur environnementale, et non sanitaire, avec pour objectif que les gestionnaires puissent mettre en place des actions pour r<\/i><\/span><\/span><span style=\"font-family: Comic Sans MS, cursive;\"><span style=\"font-size: medium;\"><i>\u00e9<\/i><\/span><\/span><span style=\"font-family: Comic Sans MS, cursive;\"><span style=\"font-size: medium;\"><i>duire au maximum la pr<\/i><\/span><\/span><span style=\"font-family: Comic Sans MS, cursive;\"><span style=\"font-size: medium;\"><i>\u00e9<\/i><\/span><\/span><span style=\"font-family: Comic Sans MS, cursive;\"><span style=\"font-size: medium;\"><i>sence de la substance dans l\u2019eau \u00bb, rappelle l\u2019ARS. En revanche, lorsque les valeurs sanitaires maximales, fix\u00e9es par l\u2019agence nationale de s\u00e9curit\u00e9 sanitaire (Anses), sont d\u00e9pass\u00e9es, elles peuvent conduire \u00e0 une restriction de consommation de l\u2019eau. \u00ab Les teneurs enregistr\u00e9es sont tr\u00e8s en de\u00e7\u00e0 de la Vmax du Fluf\u00e9nacet situ\u00e9e \u00e0 1 \u03bcg\/l, insiste l\u2019ARS. L\u2019eau peut donc bien \u00eatre consomm\u00e9e sans risque pour la sant\u00e9. \u00bb<\/i><\/span><\/span><\/p>\n<p style=\"text-align: justify;\"><span style=\"font-family: Comic Sans MS, cursive;\"><span style=\"font-size: medium;\"><b>Le plus grand danger est \u00e0 venir<\/b><\/span><\/span><\/p>\n<p style=\"text-align: justify;\"><span style=\"font-family: Comic Sans MS, cursive;\"><span style=\"font-size: medium;\">Probl\u00e8me r\u00e9solu ? Pas vraiment. Tout d\u2019abord, de r\u00e9centes analyses d\u2019eau montrent \u00e0 nouveau des taux de non-conformit\u00e9, selon nos informations, non confirm\u00e9es par le Smael. Mais surtout, derri\u00e8re le fluf\u00e9nacet, se cache une menace beaucoup plus pr\u00e9occupante. Ce pesticide, l\u2019un des plus utilis\u00e9s en France et en Europe, appartient \u00e0 la famille chimique des PFAS (substances per<\/span><\/span><span style=\"font-family: Cambria Math, serif;\"><span style=\"font-size: medium;\">\u2010<\/span><\/span><span style=\"font-family: Comic Sans MS, cursive;\"><span style=\"font-size: medium;\"> et polyfluoroalkyl<\/span><\/span><span style=\"font-family: Comic Sans MS, cursive;\"><span style=\"font-size: medium;\">\u00e9<\/span><\/span><span style=\"font-family: Comic Sans MS, cursive;\"><span style=\"font-size: medium;\">es) et sa d<\/span><\/span><span style=\"font-family: Comic Sans MS, cursive;\"><span style=\"font-size: medium;\">\u00e9<\/span><\/span><span style=\"font-family: Comic Sans MS, cursive;\"><span style=\"font-size: medium;\">gradation dans la nature donne naissance <\/span><\/span><span style=\"font-family: Comic Sans MS, cursive;\"><span style=\"font-size: medium;\">\u00e0<\/span><\/span><span style=\"font-family: Comic Sans MS, cursive;\"><span style=\"font-size: medium;\"> un des m\u00e9tabolites* qui pr\u00e9occupe le plus les scientifiques actuellement : le TFA (acide trifluoroac\u00e9tique).<\/span><\/span><\/p>\n<p style=\"text-align: justify;\"><span style=\"font-family: Comic Sans MS, cursive;\"><span style=\"font-size: medium;\"><i><u>Metabolite, k\u00e9zako ?<\/u><\/i><\/span><\/span><\/p>\n<p style=\"text-align: justify;\"><span style=\"font-family: Comic Sans MS, cursive;\"><span style=\"font-size: medium;\"><i>Dans la nature, l\u2019ensemble des r\u00e9actions chimiques qui ont lieu \u00e0 l\u2019int\u00e9rieur des cellules s\u2019appelle le m\u00e9tabolisme. Ainsi, la transformation biochimique des principes actifs qui composent les pesticides g\u00e9n\u00e8re de nouvelles mol\u00e9cules baptis\u00e9es m\u00e9tabolites. C\u2019est le cas du TFA, produit de la d\u00e9gradation naturelle de pesticides, mais aussi d\u2019autres PFAS issus de la chimie m\u00e9dicale, il est tr\u00e8s difficile \u00e0 neutraliser car infiniment petit. Il s\u2019agit du plus microscopique des \u00ab polluants \u00e9ternels \u00bb connus. Il s\u2019immisce rapidement dans les sols, l\u2019air\u2026 et l\u2019eau.<\/i><\/span><\/span><\/p>\n<p style=\"text-align: justify;\"><span style=\"font-family: Comic Sans MS, cursive;\"><span style=\"font-size: medium;\">En effet, apr\u00e8s une dizaine d\u2019ann\u00e9es d\u2019\u00e9tudes, l\u2019Autorit\u00e9 europ\u00e9enne de s\u00e9curit\u00e9 des aliments (EFSA) a fini par conclure, en septembre, que ce fluf\u00e9nacet et son m\u00e9tabolite d\u00e9riv\u00e9, le TFA, \u00e9taient des perturbateurs endocriniens et des \u00ab polluants \u00e9ternels \u00bb, dont l\u2019interdiction est en d\u00e9bat au niveau europ\u00e9en.<\/span><\/span><\/p>\n<p style=\"text-align: justify;\"><span style=\"font-family: Comic Sans MS, cursive;\"><span style=\"font-size: medium;\">Longtemps pass\u00e9 sous les radars des campagnes de surveillance \u00e0 cause de sa tr\u00e8s petite taille, le TFA attise d\u00e9sormais les craintes des scientifiques, de la commission europ\u00e9enne et de l\u2019Organisation mondiale de la sant\u00e9. Sur le site de l\u2019association de protection de l\u2019environnement, G\u00e9n\u00e9rations Futures, on peut lire que \u00ab des \u00e9tudes toxicologiques indiquent le TFA comme toxique pour le foie et pour la reproduction. Ces donn\u00e9es ont conduit l\u2019Allemagne \u00e0 proposer de classer le TFA comme un reprotoxique (substance toxique pour la reproduction, ndlr) probable pour l\u2019homme \u00bb. De quoi s\u2019inqui\u00e9ter lorsque l\u2019infertilit\u00e9 est reconnue comme une des causes de la baisse de la natalit\u00e9.<\/span><\/span><\/p>\n<p style=\"text-align: justify;\"><span style=\"font-family: Comic Sans MS, cursive;\"><span style=\"font-size: medium;\">Or, pour l\u2019instant, le taux de TFA dans l\u2019eau (contrairement \u00e0 celui du fluf\u00e9nacet) ne fait l\u2019objet d\u2019aucune r\u00e9glementation sp\u00e9cifique en France. Les premi\u00e8res donn\u00e9es officielles sur sa pr\u00e9sence dans l\u2019environnement viennent d\u2019\u00eatre rendues publiques au d\u00e9but du mois de d\u00e9cembre. Avec des r\u00e9sultats inqui\u00e9tants. Au point que certains pays europ\u00e9ens ont d\u2019ores et d\u00e9j\u00e0 fix\u00e9 des valeurs sanitaires limites, comme les Pays<\/span><\/span><span style=\"font-family: Cambria Math, serif;\"><span style=\"font-size: medium;\">\u2010<\/span><\/span><span style=\"font-family: Comic Sans MS, cursive;\"><span style=\"font-size: medium;\">Bas avec un seuil <\/span><\/span><span style=\"font-family: Comic Sans MS, cursive;\"><span style=\"font-size: medium;\">\u00e0<\/span><\/span><span style=\"font-family: Comic Sans MS, cursive;\"><span style=\"font-size: medium;\"> 2,2 <\/span><\/span><span style=\"font-family: Comic Sans MS, cursive;\"><span style=\"font-size: medium;\">\u03bc<\/span><\/span><span style=\"font-family: Comic Sans MS, cursive;\"><span style=\"font-size: medium;\">g\/l.<\/span><\/span><\/p>\n<p style=\"text-align: justify;\"><span style=\"font-family: Comic Sans MS, cursive;\"><span style=\"font-size: medium;\"><i><u>Le TFA, polluant \u00e9ternel et omnipr\u00e9sent<\/u><\/i><\/span><\/span><\/p>\n<p style=\"text-align: justify;\"><span style=\"font-family: Comic Sans MS, cursive;\"><span style=\"font-size: medium;\"><i>L\u2019eau de la m\u00e9tropole de Lille (MEL) est<\/i><\/span><\/span><span style=\"font-family: Cambria Math, serif;\"><span style=\"font-size: medium;\"><i>\u2010<\/i><\/span><\/span><span style=\"font-family: Comic Sans MS, cursive;\"><span style=\"font-size: medium;\"><i>elle charg<\/i><\/span><\/span><span style=\"font-family: Comic Sans MS, cursive;\"><span style=\"font-size: medium;\"><i>\u00e9<\/i><\/span><\/span><span style=\"font-family: Comic Sans MS, cursive;\"><span style=\"font-size: medium;\"><i>e en TFA ? Une source nous a indiqu<\/i><\/span><\/span><span style=\"font-family: Comic Sans MS, cursive;\"><span style=\"font-size: medium;\"><i>\u00e9<\/i><\/span><\/span><span style=\"font-family: Comic Sans MS, cursive;\"><span style=\"font-size: medium;\"><i> que son taux <\/i><\/span><\/span><span style=\"font-family: Comic Sans MS, cursive;\"><span style=\"font-size: medium;\"><i>\u00e9<\/i><\/span><\/span><span style=\"font-family: Comic Sans MS, cursive;\"><span style=\"font-size: medium;\"><i>tait d<\/i><\/span><\/span><span style=\"font-family: Comic Sans MS, cursive;\"><span style=\"font-size: medium;\"><i>\u00e9<\/i><\/span><\/span><span style=\"font-family: Comic Sans MS, cursive;\"><span style=\"font-size: medium;\"><i>j<\/i><\/span><\/span><span style=\"font-family: Comic Sans MS, cursive;\"><span style=\"font-size: medium;\"><i>\u00e0<\/i><\/span><\/span><span style=\"font-family: Comic Sans MS, cursive;\"><span style=\"font-size: medium;\"><i> contr<\/i><\/span><\/span><span style=\"font-family: Comic Sans MS, cursive;\"><span style=\"font-size: medium;\"><i>\u00f4<\/i><\/span><\/span><span style=\"font-family: Comic Sans MS, cursive;\"><span style=\"font-size: medium;\"><i>l<\/i><\/span><\/span><span style=\"font-family: Comic Sans MS, cursive;\"><span style=\"font-size: medium;\"><i>\u00e9<\/i><\/span><\/span><span style=\"font-family: Comic Sans MS, cursive;\"><span style=\"font-size: medium;\"><i> par la Mel et son gestionnaire de l<\/i><\/span><\/span><span style=\"font-family: Comic Sans MS, cursive;\"><span style=\"font-size: medium;\"><i>\u2019<\/i><\/span><\/span><span style=\"font-family: Comic Sans MS, cursive;\"><span style=\"font-size: medium;\"><i>eau, Il<\/i><\/span><\/span><span style=\"font-family: Comic Sans MS, cursive;\"><span style=\"font-size: medium;\"><i>\u00e9<\/i><\/span><\/span><span style=\"font-family: Comic Sans MS, cursive;\"><span style=\"font-size: medium;\"><i>o. Aucune confirmation de la part de la MEL qui n<\/i><\/span><\/span><span style=\"font-family: Comic Sans MS, cursive;\"><span style=\"font-size: medium;\"><i>\u2019<\/i><\/span><\/span><span style=\"font-family: Comic Sans MS, cursive;\"><span style=\"font-size: medium;\"><i>a pas souhait<\/i><\/span><\/span><span style=\"font-family: Comic Sans MS, cursive;\"><span style=\"font-size: medium;\"><i>\u00e9<\/i><\/span><\/span><span style=\"font-family: Comic Sans MS, cursive;\"><span style=\"font-size: medium;\"><i>, fid<\/i><\/span><\/span><span style=\"font-family: Comic Sans MS, cursive;\"><span style=\"font-size: medium;\"><i>\u00e8<\/i><\/span><\/span><span style=\"font-family: Comic Sans MS, cursive;\"><span style=\"font-size: medium;\"><i>le <\/i><\/span><\/span><span style=\"font-family: Comic Sans MS, cursive;\"><span style=\"font-size: medium;\"><i>\u00e0<\/i><\/span><\/span><span style=\"font-family: Comic Sans MS, cursive;\"><span style=\"font-size: medium;\"><i> son habitude, r<\/i><\/span><\/span><span style=\"font-family: Comic Sans MS, cursive;\"><span style=\"font-size: medium;\"><i>\u00e9<\/i><\/span><\/span><span style=\"font-family: Comic Sans MS, cursive;\"><span style=\"font-size: medium;\"><i>pondre <\/i><\/span><\/span><span style=\"font-family: Comic Sans MS, cursive;\"><span style=\"font-size: medium;\"><i>\u00e0<\/i><\/span><\/span><span style=\"font-family: Comic Sans MS, cursive;\"><span style=\"font-size: medium;\"><i> nos sollicitations. Mais cette anticipation serait de bon augure. L<\/i><\/span><\/span><span style=\"font-family: Comic Sans MS, cursive;\"><span style=\"font-size: medium;\"><i>\u2019<\/i><\/span><\/span><span style=\"font-family: Comic Sans MS, cursive;\"><span style=\"font-size: medium;\"><i>Anses vient de publier, le 3 d<\/i><\/span><\/span><span style=\"font-family: Comic Sans MS, cursive;\"><span style=\"font-size: medium;\"><i>\u00e9<\/i><\/span><\/span><span style=\"font-family: Comic Sans MS, cursive;\"><span style=\"font-size: medium;\"><i>cembre, les r<\/i><\/span><\/span><span style=\"font-family: Comic Sans MS, cursive;\"><span style=\"font-size: medium;\"><i>\u00e9<\/i><\/span><\/span><span style=\"font-family: Comic Sans MS, cursive;\"><span style=\"font-size: medium;\"><i>sultats d<\/i><\/span><\/span><span style=\"font-family: Comic Sans MS, cursive;\"><span style=\"font-size: medium;\"><i>\u2019<\/i><\/span><\/span><span style=\"font-family: Comic Sans MS, cursive;\"><span style=\"font-size: medium;\"><i>une campagne nationale de mesure des PFAS dans l\u2019eau potable. Une premi\u00e8re.<\/i><\/span><\/span><\/p>\n<p style=\"text-align: justify;\"><span style=\"font-family: Comic Sans MS, cursive;\"><span style=\"font-size: medium;\"><i>Sur les 35 PFAS recherch\u00e9s, 20 ont \u00e9t\u00e9 d\u00e9tect\u00e9s dans les quelque 600 \u00e9chantillons d\u2019eau brute et 19 dans les 600 autres \u00e9chantillons d\u2019eau distribu\u00e9e au robinet. Dans cette enqu\u00eate, le TFA a \u00e9t\u00e9 d\u00e9tect\u00e9 dans 92 % des pr\u00e9l\u00e8vements d\u2019eau. Ce qui confirme les craintes de G\u00e9n\u00e9rations futures de retrouver ce m\u00e9tabolite \u00ab quasiment partout et possiblement \u00e0 des teneurs importantes \u00bb. L\u2019ONG rappelle que, dans une \u00e9tude qu\u2019elle avait men\u00e9e, \u00ab trois \u00e9chantillons d\u2019eau potable test\u00e9s en France sur quatre contenaient des teneurs en TFA sup\u00e9rieures \u00e0 0,1 \u03bcg\/l \u00bb. Cela signifie que si une r\u00e9glementation sanitaire voit le jour, c\u2019est potentiellement un quart de l\u2019eau potable consomm\u00e9 qui serait consid\u00e9r\u00e9 comme non conforme.<\/i><\/span><\/span><\/p>\n<p style=\"text-align: justify;\"><span style=\"font-family: Comic Sans MS, cursive;\"><span style=\"font-size: medium;\"><b>Grave menace \u00e9conomique<\/b><\/span><\/span><\/p>\n<p style=\"text-align: justify;\"><span style=\"font-family: Comic Sans MS, cursive;\"><span style=\"font-size: medium;\">Au Smael, l\u2019affaire est prise tr\u00e8s au s\u00e9rieux. \u00ab La concentration de TFA pourrait bient\u00f4t \u00eatre surveill\u00e9e et son accumulation dans le milieu naturel pose un autre niveau de difficult\u00e9, reconna\u00eet Daniel Defives. Son \u00e9limination est complexe et techniquement quasi<\/span><\/span><span style=\"font-family: Cambria Math, serif;\"><span style=\"font-size: medium;\">\u2010<\/span><\/span><span style=\"font-family: Comic Sans MS, cursive;\"><span style=\"font-size: medium;\">impossible <\/span><\/span><span style=\"font-family: Comic Sans MS, cursive;\"><span style=\"font-size: medium;\">\u00e0<\/span><\/span><span style=\"font-family: Comic Sans MS, cursive;\"><span style=\"font-size: medium;\"> envisager sur nos installations de production d<\/span><\/span><span style=\"font-family: Comic Sans MS, cursive;\"><span style=\"font-size: medium;\">\u2019<\/span><\/span><span style=\"font-family: Comic Sans MS, cursive;\"><span style=\"font-size: medium;\">eau potable <\/span><\/span><span style=\"font-family: Comic Sans MS, cursive;\"><span style=\"font-size: medium;\">\u00bb<\/span><\/span><span style=\"font-family: Comic Sans MS, cursive;\"><span style=\"font-size: medium;\">. Avec des investissements pouvant atteindre des dizaines de millions d<\/span><\/span><span style=\"font-family: Comic Sans MS, cursive;\"><span style=\"font-size: medium;\">\u2019<\/span><\/span><span style=\"font-family: Comic Sans MS, cursive;\"><span style=\"font-size: medium;\">euros, le site <\/span><\/span><span style=\"font-family: Comic Sans MS, cursive;\"><span style=\"font-size: medium;\">\u00ab<\/span><\/span><span style=\"font-family: Comic Sans MS, cursive;\"><span style=\"font-size: medium;\"> sortirait largement de son mod<\/span><\/span><span style=\"font-family: Comic Sans MS, cursive;\"><span style=\"font-size: medium;\">\u00e8<\/span><\/span><span style=\"font-family: Comic Sans MS, cursive;\"><span style=\"font-size: medium;\">le <\/span><\/span><span style=\"font-family: Comic Sans MS, cursive;\"><span style=\"font-size: medium;\">\u00e9<\/span><\/span><span style=\"font-family: Comic Sans MS, cursive;\"><span style=\"font-size: medium;\">conomique <\/span><\/span><span style=\"font-family: Comic Sans MS, cursive;\"><span style=\"font-size: medium;\">\u00bb<\/span><\/span><span style=\"font-family: Comic Sans MS, cursive;\"><span style=\"font-size: medium;\"> pour simplement traiter ce polluant.<\/span><\/span><\/p>\n<p style=\"text-align: justify;\"><span style=\"font-family: Comic Sans MS, cursive;\"><span style=\"font-size: medium;\">De fait, selon nos informations, la potentielle neutralisation du TFA via un syst\u00e8me de membranes et une consommation \u00e9lectrique gigantesque pourrait quadrupler le co\u00fbt de production. En clair, le site pourrait mettre la cl\u00e9 sous la porte, faute d\u2019\u00eatre en capacit\u00e9 de d\u00e9livrer de l\u2019eau conforme. A moins que ce ne soit le tarif de l\u2019eau du robinet qui se mette \u00e0 flamber.<\/span><\/span><\/p>\n<p style=\"text-align: justify;\"><span style=\"font-family: Comic Sans MS, cursive;\"><span style=\"font-size: medium;\">Contact\u00e9, le groupe Veolia, qui exploite le site d\u2019Aire-sur-la-Lys, relativise. \u00ab Nous avons fait des recherches sur la pr\u00e9sence des Pfas dans nos sites de production et de captage. Un seul, \u00e0 Dieudonne, pr\u00e8s de Senlis, dans l\u2019Oise, a d\u00fb faire l\u2019objet d\u2019une fermeture car les taux \u00e9taient trop \u00e9lev\u00e9s \u00bb, assure un porte<\/span><\/span><span style=\"font-family: Cambria Math, serif;\"><span style=\"font-size: medium;\">\u2010<\/span><\/span><span style=\"font-family: Comic Sans MS, cursive;\"><span style=\"font-size: medium;\">parole <\/span><\/span><span style=\"font-family: Comic Sans MS, cursive;\"><span style=\"font-size: medium;\">\u00e0<\/span><\/span><span style=\"font-family: Comic Sans MS, cursive;\"><span style=\"font-size: medium;\"> Mediacit<\/span><\/span><span style=\"font-family: Comic Sans MS, cursive;\"><span style=\"font-size: medium;\">\u00e9<\/span><\/span><span style=\"font-family: Comic Sans MS, cursive;\"><span style=\"font-size: medium;\">s. Sauf que le TFA n<\/span><\/span><span style=\"font-family: Comic Sans MS, cursive;\"><span style=\"font-size: medium;\">\u2019<\/span><\/span><span style=\"font-family: Comic Sans MS, cursive;\"><span style=\"font-size: medium;\">a pas <\/span><\/span><span style=\"font-family: Comic Sans MS, cursive;\"><span style=\"font-size: medium;\">\u00e9<\/span><\/span><span style=\"font-family: Comic Sans MS, cursive;\"><span style=\"font-size: medium;\">t<\/span><\/span><span style=\"font-family: Comic Sans MS, cursive;\"><span style=\"font-size: medium;\">\u00e9<\/span><\/span><span style=\"font-family: Comic Sans MS, cursive;\"><span style=\"font-size: medium;\"> pris en compte et le cas du Smael est plus <\/span><\/span><span style=\"font-family: Comic Sans MS, cursive;\"><span style=\"font-size: medium;\">\u00e9<\/span><\/span><span style=\"font-family: Comic Sans MS, cursive;\"><span style=\"font-size: medium;\">pineux.<\/span><\/span><\/p>\n<p style=\"text-align: justify;\"><span style=\"font-family: Comic Sans MS, cursive;\"><span style=\"font-size: medium;\">A Dieudonne, la fermeture du site, en juillet 2024, concernait l\u2019alimentation en eau potable de 2 800 personnes. Dans la m\u00e9tropole de Lille, ce sont environ 300 000 habitants qui seraient concern\u00e9s par une \u00e9ventuelle coupure de la distribution d\u2019eau \u00e0 Aire<\/span><\/span><span style=\"font-family: Cambria Math, serif;\"><span style=\"font-size: medium;\">\u2010<\/span><\/span><span style=\"font-family: Comic Sans MS, cursive;\"><span style=\"font-size: medium;\">sur<\/span><\/span><span style=\"font-family: Cambria Math, serif;\"><span style=\"font-size: medium;\">\u2010<\/span><\/span><span style=\"font-family: Comic Sans MS, cursive;\"><span style=\"font-size: medium;\">la Lys. Sans compter les autres r<\/span><\/span><span style=\"font-family: Comic Sans MS, cursive;\"><span style=\"font-size: medium;\">\u00e9<\/span><\/span><span style=\"font-family: Comic Sans MS, cursive;\"><span style=\"font-size: medium;\">seaux d<\/span><\/span><span style=\"font-family: Comic Sans MS, cursive;\"><span style=\"font-size: medium;\">\u2019<\/span><\/span><span style=\"font-family: Comic Sans MS, cursive;\"><span style=\"font-size: medium;\">eau potable de la r<\/span><\/span><span style=\"font-family: Comic Sans MS, cursive;\"><span style=\"font-size: medium;\">\u00e9<\/span><\/span><span style=\"font-family: Comic Sans MS, cursive;\"><span style=\"font-size: medium;\">gion ravitaill<\/span><\/span><span style=\"font-family: Comic Sans MS, cursive;\"><span style=\"font-size: medium;\">\u00e9<\/span><\/span><span style=\"font-family: Comic Sans MS, cursive;\"><span style=\"font-size: medium;\">s par cette m<\/span><\/span><span style=\"font-family: Comic Sans MS, cursive;\"><span style=\"font-size: medium;\">\u00ea<\/span><\/span><span style=\"font-family: Comic Sans MS, cursive;\"><span style=\"font-size: medium;\">me usine.<\/span><\/span><\/p>\n<p style=\"text-align: justify;\"><span style=\"font-family: Comic Sans MS, cursive;\"><span style=\"font-size: medium;\">Faute de pouvoir appliquer un traitement curatif, la direction de l\u2019usine mise donc sur la r\u00e9duction des sources de pollutions avant qu\u2019il ne soit trop tard. Il y a quelques mois, au d\u00e9but de l\u2019automne, une veille portant sur les \u00e9pandages de fluf\u00e9nacet autour du site a \u00e9t\u00e9 mise en place en collaboration avec la Chambre d\u2019agriculture du Nord<\/span><\/span><span style=\"font-family: Cambria Math, serif;\"><span style=\"font-size: medium;\">\u2010<\/span><\/span><span style=\"font-family: Comic Sans MS, cursive;\"><span style=\"font-size: medium;\">Pas<\/span><\/span><span style=\"font-family: Cambria Math, serif;\"><span style=\"font-size: medium;\">\u2010<\/span><\/span><span style=\"font-family: Comic Sans MS, cursive;\"><span style=\"font-size: medium;\">de<\/span><\/span><span style=\"font-family: Cambria Math, serif;\"><span style=\"font-size: medium;\">\u2010<\/span><\/span><span style=\"font-family: Comic Sans MS, cursive;\"><span style=\"font-size: medium;\">Calais. <\/span><\/span><span style=\"font-family: Comic Sans MS, cursive;\"><span style=\"font-size: medium;\">\u00ab<\/span><\/span><span style=\"font-family: Comic Sans MS, cursive;\"><span style=\"font-size: medium;\"> Elle a permis d<\/span><\/span><span style=\"font-family: Comic Sans MS, cursive;\"><span style=\"font-size: medium;\">\u2019<\/span><\/span><span style=\"font-family: Comic Sans MS, cursive;\"><span style=\"font-size: medium;\">adapter les niveaux de traitement au charbon actif de nos installations <\/span><\/span><span style=\"font-family: Comic Sans MS, cursive;\"><span style=\"font-size: medium;\">\u00bb<\/span><\/span><span style=\"font-family: Comic Sans MS, cursive;\"><span style=\"font-size: medium;\">, pr<\/span><\/span><span style=\"font-family: Comic Sans MS, cursive;\"><span style=\"font-size: medium;\">\u00e9<\/span><\/span><span style=\"font-family: Comic Sans MS, cursive;\"><span style=\"font-size: medium;\">cise le directeur du site, qui souhaiterait aller plus loin.<\/span><\/span><\/p>\n<p style=\"text-align: justify;\"><span style=\"font-family: Comic Sans MS, cursive;\"><span style=\"font-size: medium;\">\u00ab M\u00eame si le fluf\u00e9nacet venait \u00e0 \u00eatre interdit prochainement, nous restons tr\u00e8s attentifs aux mol\u00e9cules qui pourraient \u00eatre utilis\u00e9es en substitution, pr\u00e9vient Daniel Defives. Pour r\u00e9soudre durablement ces probl\u00e8mes, la meilleure solution serait de remplacer ces produits phytosanitaires par des techniques de culture plus adapt\u00e9es. Le Smael travaille d\u2019ailleurs \u00e0 un plan d\u2019actions sur le sujet en lien avec le monde agricole. \u00bb<\/span><\/span><\/p>\n<p style=\"text-align: justify;\"><span style=\"font-family: Comic Sans MS, cursive;\"><span style=\"font-size: medium;\"><b>Vers un p\u00e9rim\u00e8tre d\u2019interdiction des pesticides ?<\/b><\/span><\/span><\/p>\n<p style=\"text-align: justify;\"><span style=\"font-family: Comic Sans MS, cursive;\"><span style=\"font-size: medium;\">Car face \u00e0 l\u2019ampleur du probl\u00e8me, la pr\u00e9fecture du Pas<\/span><\/span><span style=\"font-family: Cambria Math, serif;\"><span style=\"font-size: medium;\">\u2010<\/span><\/span><span style=\"font-family: Comic Sans MS, cursive;\"><span style=\"font-size: medium;\">de<\/span><\/span><span style=\"font-family: Cambria Math, serif;\"><span style=\"font-size: medium;\">\u2010<\/span><\/span><span style=\"font-family: Comic Sans MS, cursive;\"><span style=\"font-size: medium;\">Calais est <\/span><\/span><span style=\"font-family: Comic Sans MS, cursive;\"><span style=\"font-size: medium;\">\u00e9<\/span><\/span><span style=\"font-family: Comic Sans MS, cursive;\"><span style=\"font-size: medium;\">galement entr<\/span><\/span><span style=\"font-family: Comic Sans MS, cursive;\"><span style=\"font-size: medium;\">\u00e9<\/span><\/span><span style=\"font-family: Comic Sans MS, cursive;\"><span style=\"font-size: medium;\">e dans le grand bain des n<\/span><\/span><span style=\"font-family: Comic Sans MS, cursive;\"><span style=\"font-size: medium;\">\u00e9<\/span><\/span><span style=\"font-family: Comic Sans MS, cursive;\"><span style=\"font-size: medium;\">gociations, selon une source proche du dossier qui s<\/span><\/span><span style=\"font-family: Comic Sans MS, cursive;\"><span style=\"font-size: medium;\">\u2019<\/span><\/span><span style=\"font-family: Comic Sans MS, cursive;\"><span style=\"font-size: medium;\">est confi<\/span><\/span><span style=\"font-family: Comic Sans MS, cursive;\"><span style=\"font-size: medium;\">\u00e9<\/span><\/span><span style=\"font-family: Comic Sans MS, cursive;\"><span style=\"font-size: medium;\">e <\/span><\/span><span style=\"font-family: Comic Sans MS, cursive;\"><span style=\"font-size: medium;\">\u00e0<\/span><\/span><span style=\"font-family: Comic Sans MS, cursive;\"><span style=\"font-size: medium;\"> Mediacit<\/span><\/span><span style=\"font-family: Comic Sans MS, cursive;\"><span style=\"font-size: medium;\">\u00e9<\/span><\/span><span style=\"font-family: Comic Sans MS, cursive;\"><span style=\"font-size: medium;\">s. Avec, en ligne de mire, la possible mise en place d<\/span><\/span><span style=\"font-family: Comic Sans MS, cursive;\"><span style=\"font-size: medium;\">\u2019<\/span><\/span><span style=\"font-family: Comic Sans MS, cursive;\"><span style=\"font-size: medium;\">une zone soumise <\/span><\/span><span style=\"font-family: Comic Sans MS, cursive;\"><span style=\"font-size: medium;\">\u00e0<\/span><\/span><span style=\"font-family: Comic Sans MS, cursive;\"><span style=\"font-size: medium;\"> contrainte environnementale (ZSCE) sur un p<\/span><\/span><span style=\"font-family: Comic Sans MS, cursive;\"><span style=\"font-size: medium;\">\u00e9<\/span><\/span><span style=\"font-family: Comic Sans MS, cursive;\"><span style=\"font-size: medium;\">rim<\/span><\/span><span style=\"font-family: Comic Sans MS, cursive;\"><span style=\"font-size: medium;\">\u00e8<\/span><\/span><span style=\"font-family: Comic Sans MS, cursive;\"><span style=\"font-size: medium;\">tre sensible de 16 kilom<\/span><\/span><span style=\"font-family: Comic Sans MS, cursive;\"><span style=\"font-size: medium;\">\u00e8<\/span><\/span><span style=\"font-family: Comic Sans MS, cursive;\"><span style=\"font-size: medium;\">tres carr<\/span><\/span><span style=\"font-family: Comic Sans MS, cursive;\"><span style=\"font-size: medium;\">\u00e9<\/span><\/span><span style=\"font-family: Comic Sans MS, cursive;\"><span style=\"font-size: medium;\">s en contact direct avec la rivi<\/span><\/span><span style=\"font-family: Comic Sans MS, cursive;\"><span style=\"font-size: medium;\">\u00e8<\/span><\/span><span style=\"font-family: Comic Sans MS, cursive;\"><span style=\"font-size: medium;\">re Lys o<\/span><\/span><span style=\"font-family: Comic Sans MS, cursive;\"><span style=\"font-size: medium;\">\u00f9<\/span><\/span><span style=\"font-family: Comic Sans MS, cursive;\"><span style=\"font-size: medium;\"> est puis<\/span><\/span><span style=\"font-family: Comic Sans MS, cursive;\"><span style=\"font-size: medium;\">\u00e9<\/span><\/span><span style=\"font-family: Comic Sans MS, cursive;\"><span style=\"font-size: medium;\">e l<\/span><\/span><span style=\"font-family: Comic Sans MS, cursive;\"><span style=\"font-size: medium;\">\u2019<\/span><\/span><span style=\"font-family: Comic Sans MS, cursive;\"><span style=\"font-size: medium;\">eau. Objectif : bannir l<\/span><\/span><span style=\"font-family: Comic Sans MS, cursive;\"><span style=\"font-size: medium;\">\u2019<\/span><\/span><span style=\"font-family: Comic Sans MS, cursive;\"><span style=\"font-size: medium;\">utilisation des produits phytosanitaires sur ce p<\/span><\/span><span style=\"font-family: Comic Sans MS, cursive;\"><span style=\"font-size: medium;\">\u00e9<\/span><\/span><span style=\"font-family: Comic Sans MS, cursive;\"><span style=\"font-size: medium;\">rim<\/span><\/span><span style=\"font-family: Comic Sans MS, cursive;\"><span style=\"font-size: medium;\">\u00e8<\/span><\/span><span style=\"font-family: Comic Sans MS, cursive;\"><span style=\"font-size: medium;\">tre pour pr<\/span><\/span><span style=\"font-family: Comic Sans MS, cursive;\"><span style=\"font-size: medium;\">\u00e9<\/span><\/span><span style=\"font-family: Comic Sans MS, cursive;\"><span style=\"font-size: medium;\">server la qualit<\/span><\/span><span style=\"font-family: Comic Sans MS, cursive;\"><span style=\"font-size: medium;\">\u00e9<\/span><\/span><span style=\"font-family: Comic Sans MS, cursive;\"><span style=\"font-size: medium;\"> de l\u2019eau.<\/span><\/span><\/p>\n<p style=\"text-align: justify;\"><span style=\"font-family: Comic Sans MS, cursive;\"><span style=\"font-size: medium;\">La mise en place d\u2019une ZCSE serait, en tout cas, une premi\u00e8re dans la r\u00e9gion. Toujours selon nos informations, seul le d\u00e9partement de l\u2019Aisne a commenc\u00e9 \u00e0 en mettre en place, mais au stade \u00ab plan d\u2019actions volontaires \u00bb, donc sans r\u00e9elle contrainte. Car le sujet est explosif. L\u2019usine se trouve, en effet, au c\u0153ur d\u2019une surface agricole utile de 230 kilom\u00e8tres carr\u00e9s o\u00f9 l\u2019utilisation des pesticides reste monnaie courante. Le Pas<\/span><\/span><span style=\"font-family: Cambria Math, serif;\"><span style=\"font-size: medium;\">\u2010<\/span><\/span><span style=\"font-family: Comic Sans MS, cursive;\"><span style=\"font-size: medium;\">de<\/span><\/span><span style=\"font-family: Cambria Math, serif;\"><span style=\"font-size: medium;\">\u2010<\/span><\/span><span style=\"font-family: Comic Sans MS, cursive;\"><span style=\"font-size: medium;\">Calais fait d<\/span><\/span><span style=\"font-family: Comic Sans MS, cursive;\"><span style=\"font-size: medium;\">\u2019<\/span><\/span><span style=\"font-family: Comic Sans MS, cursive;\"><span style=\"font-size: medium;\">ailleurs partie du top 5 des d<\/span><\/span><span style=\"font-family: Comic Sans MS, cursive;\"><span style=\"font-size: medium;\">\u00e9<\/span><\/span><span style=\"font-family: Comic Sans MS, cursive;\"><span style=\"font-size: medium;\">partements o<\/span><\/span><span style=\"font-family: Comic Sans MS, cursive;\"><span style=\"font-size: medium;\">\u00f9<\/span><\/span><span style=\"font-family: Comic Sans MS, cursive;\"><span style=\"font-size: medium;\"> la quantit<\/span><\/span><span style=\"font-family: Comic Sans MS, cursive;\"><span style=\"font-size: medium;\">\u00e9<\/span><\/span><span style=\"font-family: Comic Sans MS, cursive;\"><span style=\"font-size: medium;\"> de fluf<\/span><\/span><span style=\"font-family: Comic Sans MS, cursive;\"><span style=\"font-size: medium;\">\u00e9<\/span><\/span><span style=\"font-family: Comic Sans MS, cursive;\"><span style=\"font-size: medium;\">nacet achet<\/span><\/span><span style=\"font-family: Comic Sans MS, cursive;\"><span style=\"font-size: medium;\">\u00e9<\/span><\/span><span style=\"font-family: Comic Sans MS, cursive;\"><span style=\"font-size: medium;\">e est la plus forte.<\/span><\/span><\/p>\n<p style=\"text-align: justify;\"><span style=\"font-family: Comic Sans MS, cursive;\"><span style=\"font-size: medium;\">L\u2019eau potable et les pesticides peuvent<\/span><\/span><span style=\"font-family: Cambria Math, serif;\"><span style=\"font-size: medium;\">\u2010<\/span><\/span><span style=\"font-family: Comic Sans MS, cursive;\"><span style=\"font-size: medium;\">ils encore faire bon m<\/span><\/span><span style=\"font-family: Comic Sans MS, cursive;\"><span style=\"font-size: medium;\">\u00e9<\/span><\/span><span style=\"font-family: Comic Sans MS, cursive;\"><span style=\"font-size: medium;\">nage avec la d<\/span><\/span><span style=\"font-family: Comic Sans MS, cursive;\"><span style=\"font-size: medium;\">\u00e9<\/span><\/span><span style=\"font-family: Comic Sans MS, cursive;\"><span style=\"font-size: medium;\">couverte du TFA ? Contact<\/span><\/span><span style=\"font-family: Comic Sans MS, cursive;\"><span style=\"font-size: medium;\">\u00e9<\/span><\/span><span style=\"font-family: Comic Sans MS, cursive;\"><span style=\"font-size: medium;\">e, la pr<\/span><\/span><span style=\"font-family: Comic Sans MS, cursive;\"><span style=\"font-size: medium;\">\u00e9<\/span><\/span><span style=\"font-family: Comic Sans MS, cursive;\"><span style=\"font-size: medium;\">fecture reste muette, tout comme la Chambre d<\/span><\/span><span style=\"font-family: Comic Sans MS, cursive;\"><span style=\"font-size: medium;\">\u2019<\/span><\/span><span style=\"font-family: Comic Sans MS, cursive;\"><span style=\"font-size: medium;\">agriculture. La semaine derni<\/span><\/span><span style=\"font-family: Comic Sans MS, cursive;\"><span style=\"font-size: medium;\">\u00e8<\/span><\/span><span style=\"font-family: Comic Sans MS, cursive;\"><span style=\"font-size: medium;\">re, pr<\/span><\/span><span style=\"font-family: Comic Sans MS, cursive;\"><span style=\"font-size: medium;\">\u00e8<\/span><\/span><span style=\"font-family: Comic Sans MS, cursive;\"><span style=\"font-size: medium;\">s de Rennes, une r<\/span><\/span><span style=\"font-family: Comic Sans MS, cursive;\"><span style=\"font-size: medium;\">\u00e9<\/span><\/span><span style=\"font-family: Comic Sans MS, cursive;\"><span style=\"font-size: medium;\">union sur le nouveau plan de gestion de l\u2019eau a d\u00fb \u00eatre annul\u00e9e \u00e0 la derni\u00e8re minute face \u00e0 la col\u00e8re des syndicats agricoles, la FNSEA et la Coordination rurale. Objet de la r\u00e9union : interdire d\u2019ici \u00e0 2029 des herbicides de ma\u00efs pr\u00e8s des zones de captage d\u2019eau.<\/span><\/span><\/p>\n<p style=\"text-align: justify;\"><span style=\"font-family: Comic Sans MS, cursive;\"><span style=\"font-size: medium;\"><i><u>Lyon attaque les industriels<\/u><\/i><\/span><\/span><\/p>\n<p style=\"text-align: justify;\"><span style=\"font-family: Comic Sans MS, cursive;\"><span style=\"font-size: medium;\"><i>A Lyon, voil\u00e0 un an que le spectre du TFA a fait son apparition. \u00ab Le champ captant qui alimente 98 % de la population en eau potable est contamin\u00e9 \u00bb, expliquait, en d\u00e9but d\u2019ann\u00e9e, Anne Grosperrin, vice-pr\u00e9sidente du Grand Lyon, dans un dossier du Monde consacr\u00e9 aux polluants \u00e9ternels. Depuis fin 2024, le sud de Lyon est devenu un centre d\u2019exp\u00e9rimentation pour lutter contre la pollution des Pfas. Premi\u00e8re initiative : relier les sources pour m\u00e9langer les eaux et faire baisser la concentration des polluants. Co\u00fbt estim\u00e9 : 15 millions. \u00ab Et \u00e7a, c\u2019\u00e9tait avant que l\u2019on apprenne cette contamination au TFA dans nos ressources consid\u00e9r\u00e9es de tr\u00e8s bonne qualit\u00e9 \u00bb, s\u2019inqui\u00e8te Anne Grosperrin au Monde. Face \u00e0 cette pollution durable, la m\u00e9tropole de Lyon a assign\u00e9 , en mars 2024, les firmes Arkema et Daikin devant le tribunal judiciaire. \u201cIl s\u2019agit d\u2019\u00e9tablir une \u00e9ventuelle responsabilit\u00e9 pour faire jouer ensuite le principe du pollueur<\/i><\/span><\/span><span style=\"font-family: Cambria Math, serif;\"><span style=\"font-size: medium;\"><i>\u2010<\/i><\/span><\/span><span style=\"font-family: Comic Sans MS, cursive;\"><span style=\"font-size: medium;\"><i>payeur<\/i><\/span><\/span><span style=\"font-family: Comic Sans MS, cursive;\"><span style=\"font-size: medium;\"><i>\u201d<\/i><\/span><\/span><span style=\"font-family: Comic Sans MS, cursive;\"><span style=\"font-size: medium;\"><i>, souligne le Grand<\/i><\/span><\/span><\/p>\n<p style=\"text-align: justify;\"><span style=\"font-family: Comic Sans MS, cursive;\"><span style=\"font-size: medium;\"><i>Lyon \u00e0 M\u00e9diacit\u00e9s. Les experts nomm\u00e9s par la justice doivent rendre leur rapport d\u2019ici \u00e0 fin 2026.<\/i><\/span><\/span><\/p>\n<p style=\"text-align: center;\"><span style=\"font-family: Comic Sans MS, cursive;\"><span style=\"font-size: medium;\">** **<\/span><\/span><\/p>\n<p style=\"text-align: justify;\"><span style=\"font-family: Comic Sans MS, cursive;\"><span style=\"font-size: medium;\">La dose critique dans cette eau est loin d&rsquo;\u00eatre atteinte, mais comment mesurer l&rsquo;absorption de divers produits n\u00e9fastes par personne en un mois, + les capacit\u00e9s d&rsquo;\u00e9limination et le solde r\u00e9siduel dangereux pour la sant\u00e9 et la dur\u00e9e de vie ?<\/span><\/span><\/p>\n<p style=\"text-align: justify;\"><span style=\"font-family: Comic Sans MS, cursive;\"><span style=\"font-size: medium;\">Dans ce domaine comme dans plusieurs autres, faudra-t-il qu&rsquo;advienne une catastrophe pour que des d\u00e9cisions importantes soient prises ?<\/span><\/span><\/p>\n<p style=\"text-align: justify;\"><span style=\"font-family: Comic Sans MS, cursive;\"><span style=\"font-size: medium;\">Les appels aux pr\u00e9ventions, chiffres \u00e0 l&rsquo;appui, se multiplient, en vain ! Il est pourtant souvent prouv\u00e9 que les co\u00fbts seraient moindres que lors de la gestion des cons\u00e9quences.<\/span><\/span><\/p>\n<p style=\"text-align: justify;\"><span style=\"font-family: Comic Sans MS, cursive;\"><span style=\"font-size: medium;\">Comment agir efficacement pour faire cesser tous les laxismes dus \u00e0 la folie du business ?!<\/span><\/span><\/p>\n<p style=\"text-align: center;\"><span style=\"font-family: Comic Sans MS, cursive;\"><span style=\"font-size: medium;\">** **<\/span><\/span><\/p>\n<p style=\"text-align: justify;\"><span style=\"font-family: Comic Sans MS, cursive;\"><span style=\"font-size: medium;\">Le SMAEL (Syndicat Mixte d&rsquo;Adduction des Eaux de la Lys), pr\u00e8s d&rsquo;Aire sur la Lys,\u00a0 produit de l&rsquo;eau potable \u00e0 partir de la rivi\u00e8re Lys vers la M\u00e9tropole Lilloise mais aussi vers l&rsquo;Agglo de Lens-Li\u00e9vin. <\/span><\/span><\/p>\n<p style=\"text-align: justify;\"><span style=\"font-family: Comic Sans MS, cursive;\"><span style=\"font-size: medium;\">La CALL re\u00e7oit chaque ann\u00e9e 3,2 millions de m3 du SMAEL (par une adduction qui aboutit \u00e0 Grenay).<\/span><\/span><\/p>\n<p style=\"text-align: justify;\"><span style=\"font-family: Comic Sans MS, cursive;\"><span style=\"font-size: medium;\">On lira que le pesticide incrimin\u00e9 est le fluf\u00e9nacet, un d\u00e9sherbant pour les c\u00e9r\u00e9ales, qui produit en se d\u00e9gradant le plus petit des PFAS: le Tri Fluoro Ac\u00e9tique (TFA), jug\u00e9 toxique.<\/span><\/span><\/p>\n","protected":false},"excerpt":{"rendered":"<p>Deux articles dans Mediacit\u00e9s<\/p>\n","protected":false},"author":2,"featured_media":0,"comment_status":"closed","ping_status":"closed","sticky":false,"template":"","format":"standard","meta":{"footnotes":""},"categories":[1],"tags":[],"class_list":["post-16151","post","type-post","status-publish","format-standard","hentry","category-non-classe"],"_links":{"self":[{"href":"https:\/\/www.quieryavenir.fr\/blog\/wp-json\/wp\/v2\/posts\/16151","targetHints":{"allow":["GET"]}}],"collection":[{"href":"https:\/\/www.quieryavenir.fr\/blog\/wp-json\/wp\/v2\/posts"}],"about":[{"href":"https:\/\/www.quieryavenir.fr\/blog\/wp-json\/wp\/v2\/types\/post"}],"author":[{"embeddable":true,"href":"https:\/\/www.quieryavenir.fr\/blog\/wp-json\/wp\/v2\/users\/2"}],"replies":[{"embeddable":true,"href":"https:\/\/www.quieryavenir.fr\/blog\/wp-json\/wp\/v2\/comments?post=16151"}],"version-history":[{"count":1,"href":"https:\/\/www.quieryavenir.fr\/blog\/wp-json\/wp\/v2\/posts\/16151\/revisions"}],"predecessor-version":[{"id":16152,"href":"https:\/\/www.quieryavenir.fr\/blog\/wp-json\/wp\/v2\/posts\/16151\/revisions\/16152"}],"wp:attachment":[{"href":"https:\/\/www.quieryavenir.fr\/blog\/wp-json\/wp\/v2\/media?parent=16151"}],"wp:term":[{"taxonomy":"category","embeddable":true,"href":"https:\/\/www.quieryavenir.fr\/blog\/wp-json\/wp\/v2\/categories?post=16151"},{"taxonomy":"post_tag","embeddable":true,"href":"https:\/\/www.quieryavenir.fr\/blog\/wp-json\/wp\/v2\/tags?post=16151"}],"curies":[{"name":"wp","href":"https:\/\/api.w.org\/{rel}","templated":true}]}}