{"id":16153,"date":"2026-01-05T02:39:36","date_gmt":"2026-01-05T01:39:36","guid":{"rendered":"https:\/\/www.quieryavenir.fr\/blog\/?p=16153"},"modified":"2026-01-04T06:40:45","modified_gmt":"2026-01-04T05:40:45","slug":"les-reculs-environnementaux-de-leurope","status":"publish","type":"post","link":"https:\/\/www.quieryavenir.fr\/blog\/2026\/01\/05\/les-reculs-environnementaux-de-leurope\/","title":{"rendered":"Les reculs environnementaux de l\u2019Europe"},"content":{"rendered":"<p style=\"text-align: justify;\"><img loading=\"lazy\" decoding=\"async\" class=\"wp-image-16138 aligncenter\" src=\"https:\/\/www.quieryavenir.fr\/blog\/wp-content\/uploads\/2025\/12\/FNSEA_Rousseau-253x300.jpg\" alt=\"\" width=\"385\" height=\"457\" srcset=\"https:\/\/www.quieryavenir.fr\/blog\/wp-content\/uploads\/2025\/12\/FNSEA_Rousseau-253x300.jpg 253w, https:\/\/www.quieryavenir.fr\/blog\/wp-content\/uploads\/2025\/12\/FNSEA_Rousseau.jpg 500w\" sizes=\"auto, (max-width: 385px) 100vw, 385px\" \/><\/p>\n<h1 style=\"text-align: justify;\"><span style=\"font-family: Comic Sans MS, cursive;\"><span style=\"font-size: medium;\">Ils sont les premiers marqueurs de sa trumpisation<\/span><\/span><\/h1>\n<p><!--more--><\/p>\n<p style=\"text-align: justify;\"><span style=\"font-family: Comic Sans MS, cursive;\"><span style=\"font-size: medium;\">Les normes environnementales et sanitaires sont pr\u00e9sent\u00e9es comme une entrave aux performances de l\u2019\u00e9conomie de l\u2019UE, mais elles sont aussi l\u2019instrument de sa puissance \u00e0 l\u2019international, estime dans sa chronique St\u00e9phane Foucart, journaliste au \u00ab\u00a0Monde\u00a0\u00bb.<\/span><\/span><\/p>\n<p style=\"text-align: justify;\"><span style=\"font-family: Comic Sans MS, cursive;\"><span style=\"font-size: medium;\"><i>\u00ab\u00a0Nous ne combattons pas les combustibles fossiles, mais uniquement les \u00e9missions <\/i><\/span><\/span><span style=\"font-family: Comic Sans MS, cursive;\"><span style=\"font-size: medium;\">[de gaz \u00e0 effet de serre]<\/span><\/span><span style=\"font-family: Comic Sans MS, cursive;\"><span style=\"font-size: medium;\"><i> qui en sont issues.\u00a0\u00bb<\/i><\/span><\/span><span style=\"font-family: Comic Sans MS, cursive;\"><span style=\"font-size: medium;\"> L\u2019auteur de cette d\u00e9claration aux relents de rh\u00e9torique orwellienne n\u2019est pas Chris Wright, l\u2019ancien magnat du gaz de schiste devenu secr\u00e9taire \u00e0 l\u2019\u00e9nergie des Etats-Unis, ou un quelconque climatosceptique de l\u2019administration Trump\u00a0: c\u2019est Ursula von der Leyen. La pr\u00e9sidente de la Commission europ\u00e9enne s\u2019exprimait ainsi au cours de <\/span><\/span><span style=\"color: #0563c1;\"><u><a href=\"https:\/\/www.politico.eu\/article\/von-der-leyen-says-eu-is-not-fighting-fossil-fuels-only-emissions\/\" target=\"_blank\" rel=\"noopener\"><span style=\"font-family: Comic Sans MS, cursive;\"><span style=\"font-size: medium;\">la conf\u00e9rence de presse cl\u00f4turant la r\u00e9union du G20, le 21\u00a0novembre \u00e0 Johannesburg<\/span><\/span><\/a><\/u><\/span><span style=\"font-family: Comic Sans MS, cursive;\"><span style=\"font-size: medium;\"> (Afrique du Sud), \u00e0 un moment qui ne doit rien au hasard. Le m\u00eame jour, \u00e0 Belem (Br\u00e9sil), les d\u00e9l\u00e9gations des Etats parties \u00e0 la Convention des Nations unies sur le climat tentaient de s\u2019accorder sur un texte commun \u00e0 l\u2019issue de la COP30.<\/span><\/span><\/p>\n<p style=\"text-align: justify;\"><span style=\"font-family: Comic Sans MS, cursive;\"><span style=\"font-size: medium;\">Cette d\u00e9claration n\u2019est pas un mot maladroit. Elle est, au contraire, symptomatique du mouvement d\u2019alignement en cours de l\u2019Union europ\u00e9enne (UE) sur l\u2019Am\u00e9rique de Donald Trump. Cet alignement prend la forme, ces derniers mois, d\u2019une s\u00e9rie de reculs r\u00e9glementaires et de renoncements sur l\u2019environnement, la sant\u00e9 ou encore la responsabilit\u00e9 sociale et environnementale des entreprises. Autant de marqueurs de la singularit\u00e9 du Vieux Continent qui s\u2019effacent ou sont remis en cause \u00e0 un rythme \u00e9tourdissant.<\/span><\/span><\/p>\n<p style=\"text-align: justify;\"><span style=\"font-family: Comic Sans MS, cursive;\"><span style=\"font-size: medium;\">D\u00e9tricotage du volet agricole du pacte vert, report du r\u00e8glement sur la d\u00e9forestation import\u00e9e, r\u00e9vision \u00e0 la baisse du projet d\u2019interdiction universelle des \u00ab\u00a0polluants \u00e9ternels\u00a0\u00bb, r\u00e9duction \u00e0 n\u00e9ant de la directive sur le devoir de vigilance des entreprises, large d\u00e9r\u00e9gulation des \u00ab\u00a0nouveaux OGM\u00a0\u00bb sans remise en question de leur brevetabilit\u00e9, etc., \u00e0 quoi s\u2019ajoute le feu roulant des paquets l\u00e9gislatifs \u00ab\u00a0omnibus\u00a0\u00bb destin\u00e9s \u00e0 \u00ab\u00a0simplifier\u00a0\u00bb la r\u00e9glementation de l\u2019UE sur la chimie, l\u2019environnement, l\u2019automobile, l\u2019alimentation,\u00a0etc.<\/span><\/span><\/p>\n<p style=\"text-align: justify;\"><span style=\"font-family: Comic Sans MS, cursive;\"><span style=\"font-size: medium;\">Celui sur l\u2019alimentation est parmi les prochains sur la liste. Le commissaire europ\u00e9en \u00e0 la sant\u00e9, le Hongrois Oliver\u00a0Varhelyi, souhaite y inscrire la possibilit\u00e9 d\u2019autoriser les pesticides sans limite de temps, de d\u00e9roger \u00e0 l\u2019obligation de tenir compte de la litt\u00e9rature scientifique dans les r\u00e9\u00e9valuations nationales des produits ou d\u2019allonger de trois ann\u00e9es suppl\u00e9mentaires les \u00ab\u00a0d\u00e9lais de gr\u00e2ce\u00a0\u00bb dont b\u00e9n\u00e9ficient les utilisateurs des substances les plus dangereuses apr\u00e8s leur interdiction. Quel que puisse \u00eatre l\u2019objectif des paquets \u00ab\u00a0omnibus\u00a0\u00bb, on voit mal comment avoir la possibilit\u00e9 d\u2019ignorer la science dans les \u00e9valuations sanitaires ou environnementales de produits r\u00e9glement\u00e9s pourrait b\u00e9n\u00e9ficier aux citoyens europ\u00e9ens.<\/span><\/span><\/p>\n<p style=\"text-align: justify;\"><span style=\"font-family: Comic Sans MS, cursive;\"><span style=\"font-size: medium;\">Fin 2024, une <\/span><\/span><a href=\"https:\/\/www.lemonde.fr\/planete\/article\/2024\/09\/29\/entre-influence-et-desinformation-comment-l-administration-trump-a-tente-de-torpiller-le-pacte-vert-europeen_6338307_3244.html\" target=\"_blank\" rel=\"noopener\"><span style=\"color: #0563c1;\"><u><span style=\"font-family: Comic Sans MS, cursive;\"><span style=\"font-size: medium;\">enqu\u00eate de plusieurs m\u00e9dias internationaux coordonn\u00e9e par Lighthouse Reports, en collaboration avec <\/span><\/span><\/u><\/span><span style=\"color: #0563c1;\"><u><span style=\"font-family: Comic Sans MS, cursive;\"><span style=\"font-size: medium;\"><i>Le\u00a0Monde<\/i><\/span><\/span><\/u><\/span><\/a><span style=\"font-family: Comic Sans MS, cursive;\"><span style=\"font-size: medium;\">, avait montr\u00e9 que la premi\u00e8re administration Trump avait secr\u00e8tement eu recours \u00e0 des soci\u00e9t\u00e9s de relations publiques pour torpiller le volet agricole du pacte vert. Washington ne s\u2019embarrasse plus de discr\u00e9tion, ni de politesse. La nouvelle administration publie <\/span><\/span><span style=\"color: #0563c1;\"><u><a href=\"https:\/\/www.energy.gov\/sites\/default\/files\/2025-10\/USA-Qatar-Joint-Letter.pdf\" target=\"_blank\" rel=\"noopener\"><span style=\"font-family: Comic Sans MS, cursive;\"><span style=\"font-size: medium;\">le courrier comminatoire<\/span><\/span><\/a><\/u><\/span><span style=\"font-family: Comic Sans MS, cursive;\"><span style=\"font-size: medium;\"> qu\u2019elle adresse aux dirigeants europ\u00e9ens pour demander, sans autre forme de proc\u00e8s, l\u2019abrogation de la directive sur le devoir de vigilance des entreprises\u00a0: que leurs cha\u00eenes de valeur reposent sur le travail d\u2019enfants ou d\u2019esclaves ou sur la destruction de l\u2019environnement et du climat ne doit leur poser aucun probl\u00e8me.<\/span><\/span><\/p>\n<p style=\"text-align: justify;\"><span style=\"font-family: Comic Sans MS, cursive;\"><span style=\"font-size: medium;\">Le 8\u00a0d\u00e9cembre, la Commission, le Conseil et le Parlement europ\u00e9ens obtemp\u00e8rent. Le subtil \u00e9quilibre des pouvoirs, caract\u00e9ristique des institutions europ\u00e9ennes, qui semblait garant d\u2019une voie m\u00e9diane et raisonnable, semble rompu. Tout se met \u00e0 pencher vers M.\u00a0Trump.<\/span><\/span><\/p>\n<p style=\"text-align: justify;\"><span style=\"font-family: Comic Sans MS, cursive;\"><span style=\"font-size: medium;\"><b>El\u00e9ments de langage<\/b><\/span><\/span><\/p>\n<p style=\"text-align: justify;\"><span style=\"font-family: Comic Sans MS, cursive;\"><span style=\"font-size: medium;\">Quelques mois plus t\u00f4t, fin juillet, la Commission europ\u00e9enne s\u2019engageait aupr\u00e8s de Washington \u00e0 importer pour 750\u00a0milliards de dollars (638\u00a0milliards d\u2019euros) de combustibles nucl\u00e9aires, de p\u00e9trole et surtout de gaz naturel am\u00e9ricains au cours des trois prochaines ann\u00e9es. Soit quelque 250\u00a0milliards de dollars par an, un montant colossal qui suscite la perplexit\u00e9 des observateurs\u00a0: comment concilier un tel engagement avec la tendance baissi\u00e8re de la demande europ\u00e9enne de gaz naturel (celle-ci a chut\u00e9 de 20\u00a0% entre 2021 et 2024), ajout\u00e9e \u00e0 la promesse de d\u00e9carboner l\u2019\u00e9conomie europ\u00e9enne\u00a0?<\/span><\/span><\/p>\n<p style=\"text-align: justify;\"><span style=\"font-family: Comic Sans MS, cursive;\"><span style=\"font-size: medium;\">C\u2019est \u00e0 cette aune qu\u2019il faut comprendre la d\u00e9claration de M<\/span><\/span><sup><span style=\"font-family: Comic Sans MS, cursive;\"><span style=\"font-size: medium;\">me<\/span><\/span><\/sup><span style=\"font-family: Comic Sans MS, cursive;\"><span style=\"font-size: medium;\"> von der Leyen au G20 de Johannesburg. L\u2019Europe ne lutte pas contre les combustibles fossiles, puisqu\u2019elle a promis d\u2019absorber la surproduction am\u00e9ricaine de gaz\u00a0: elle lutte \u2013 c\u2019est plus subtil \u2013 contre leur combustion. Les reculs environnementaux de l\u2019Europe sont les premiers marqueurs de sa trumpisation.<\/span><\/span><\/p>\n<p style=\"text-align: justify;\"><span style=\"font-family: Comic Sans MS, cursive;\"><span style=\"font-size: medium;\">A bien des \u00e9gards, les \u00e9l\u00e9ments de langage brandis \u00e0 l\u2019appui de ces reculs \u2013 lutter pour la <\/span><\/span><span style=\"font-family: Comic Sans MS, cursive;\"><span style=\"font-size: medium;\"><i>\u00ab\u00a0comp\u00e9titivit\u00e9\u00a0\u00bb<\/i><\/span><\/span><span style=\"font-family: Comic Sans MS, cursive;\"><span style=\"font-size: medium;\"> de l\u2019Europe, sa <\/span><\/span><span style=\"font-family: Comic Sans MS, cursive;\"><span style=\"font-size: medium;\"><i>\u00ab\u00a0souverainet\u00e9\u00a0\u00bb<\/i><\/span><\/span><span style=\"font-family: Comic Sans MS, cursive;\"><span style=\"font-size: medium;\">, d\u00e9faire la <\/span><\/span><span style=\"font-family: Comic Sans MS, cursive;\"><span style=\"font-size: medium;\"><i>\u00ab\u00a0complexit\u00e9\u00a0\u00bb<\/i><\/span><\/span><span style=\"font-family: Comic Sans MS, cursive;\"><span style=\"font-size: medium;\"> de la r\u00e9glementation,\u00a0etc. \u2013 ne sont gu\u00e8re qu\u2019un \u00e9cran de fum\u00e9e qui dissimule la vassalisation de l\u2019Union. Ses normes environnementales et sanitaires sont toujours pr\u00e9sent\u00e9es comme des entraves \u00e0 la libert\u00e9 d\u2019entreprendre et aux performances de son \u00e9conomie, mais elles sont aussi l\u2019instrument de sa puissance \u00e0 l\u2019international.<\/span><\/span><\/p>\n<p style=\"text-align: justify;\"><span style=\"font-family: Comic Sans MS, cursive;\"><span style=\"font-size: medium;\">En conditionnant l\u2019acc\u00e8s \u00e0 son immense march\u00e9 int\u00e9rieur \u00e0 une s\u00e9rie de standards protecteurs de la sant\u00e9 et de l\u2019environnement, l\u2019Europe p\u00e8se sur la structure des cha\u00eenes de valeur dans le monde entier et impose sa volont\u00e9 bien au-del\u00e0 de ses fronti\u00e8res. La voil\u00e0 qui renonce \u00e0 une part de ce pouvoir, que la juriste am\u00e9ricaine Anu Bradford (universit\u00e9 Columbia) avait baptis\u00e9, en\u00a02012, l\u2019\u00ab\u00a0effet Bruxelles\u00a0\u00bb. Toutes proportions gard\u00e9es, c\u2019est l\u2019esprit de Munich qui souffle ces jours-ci sur Bruxelles. Comme dans les ann\u00e9es 1930, il fait accroire que, face \u00e0 un pouvoir brutal et agressif, autoritaire et peu soucieux du droit, seule la complaisance peut acheter la tranquillit\u00e9.<\/span><\/span><\/p>\n<p style=\"text-align: justify;\"><span style=\"font-family: Comic Sans MS, cursive;\"><span style=\"font-size: medium;\">lemonde<\/span><\/span><\/p>\n","protected":false},"excerpt":{"rendered":"<p>Ils sont les premiers marqueurs de sa trumpisation<\/p>\n","protected":false},"author":2,"featured_media":0,"comment_status":"closed","ping_status":"closed","sticky":false,"template":"","format":"standard","meta":{"footnotes":""},"categories":[1],"tags":[],"class_list":["post-16153","post","type-post","status-publish","format-standard","hentry","category-non-classe"],"_links":{"self":[{"href":"https:\/\/www.quieryavenir.fr\/blog\/wp-json\/wp\/v2\/posts\/16153","targetHints":{"allow":["GET"]}}],"collection":[{"href":"https:\/\/www.quieryavenir.fr\/blog\/wp-json\/wp\/v2\/posts"}],"about":[{"href":"https:\/\/www.quieryavenir.fr\/blog\/wp-json\/wp\/v2\/types\/post"}],"author":[{"embeddable":true,"href":"https:\/\/www.quieryavenir.fr\/blog\/wp-json\/wp\/v2\/users\/2"}],"replies":[{"embeddable":true,"href":"https:\/\/www.quieryavenir.fr\/blog\/wp-json\/wp\/v2\/comments?post=16153"}],"version-history":[{"count":1,"href":"https:\/\/www.quieryavenir.fr\/blog\/wp-json\/wp\/v2\/posts\/16153\/revisions"}],"predecessor-version":[{"id":16154,"href":"https:\/\/www.quieryavenir.fr\/blog\/wp-json\/wp\/v2\/posts\/16153\/revisions\/16154"}],"wp:attachment":[{"href":"https:\/\/www.quieryavenir.fr\/blog\/wp-json\/wp\/v2\/media?parent=16153"}],"wp:term":[{"taxonomy":"category","embeddable":true,"href":"https:\/\/www.quieryavenir.fr\/blog\/wp-json\/wp\/v2\/categories?post=16153"},{"taxonomy":"post_tag","embeddable":true,"href":"https:\/\/www.quieryavenir.fr\/blog\/wp-json\/wp\/v2\/tags?post=16153"}],"curies":[{"name":"wp","href":"https:\/\/api.w.org\/{rel}","templated":true}]}}