{"id":16155,"date":"2026-01-06T02:41:11","date_gmt":"2026-01-06T01:41:11","guid":{"rendered":"https:\/\/www.quieryavenir.fr\/blog\/?p=16155"},"modified":"2026-01-04T06:42:37","modified_gmt":"2026-01-04T05:42:37","slug":"ces-deputes-redigent-secretement-leurs-amendements-avec-la-fnsea","status":"publish","type":"post","link":"https:\/\/www.quieryavenir.fr\/blog\/2026\/01\/06\/ces-deputes-redigent-secretement-leurs-amendements-avec-la-fnsea\/","title":{"rendered":"Ces d\u00e9put\u00e9s r\u00e9digent secr\u00e8tement leurs amendements avec la FNSEA"},"content":{"rendered":"<p style=\"text-align: justify;\"><img loading=\"lazy\" decoding=\"async\" class=\"wp-image-16136 aligncenter\" src=\"https:\/\/www.quieryavenir.fr\/blog\/wp-content\/uploads\/2025\/12\/C-Senechal-198x300.jpg\" alt=\"\" width=\"285\" height=\"432\" srcset=\"https:\/\/www.quieryavenir.fr\/blog\/wp-content\/uploads\/2025\/12\/C-Senechal-198x300.jpg 198w, https:\/\/www.quieryavenir.fr\/blog\/wp-content\/uploads\/2025\/12\/C-Senechal.jpg 246w\" sizes=\"auto, (max-width: 285px) 100vw, 285px\" \/><\/p>\n<h1 style=\"text-align: justify;\"><span style=\"font-family: Comic Sans MS, serif;\"><span style=\"font-size: medium;\">Reporterre a \u00e9pluch\u00e9 les amendements d\u00e9pos\u00e9s depuis 2024<\/span><\/span><\/h1>\n<p><!--more--><\/p>\n<p style=\"text-align: justify;\"><span style=\"font-family: Comic Sans MS, serif;\"><span style=\"font-size: medium;\">783\u00a0ont \u00e9t\u00e9 fournis cl\u00e9s en main par la FNSEA, le syndicat agricole productiviste. La plupart ont \u00e9t\u00e9 propos\u00e9s sans modification, et dans l\u2019opacit\u00e9.<\/span><\/span><\/p>\n<p style=\"text-align: justify;\"><span style=\"font-family: Comic Sans MS, serif;\"><span style=\"font-size: medium;\">Faciliter la mise sur le march\u00e9 de pesticides, l\u2019agrandissement d\u2019\u00e9levages intensifs&#8230; Autant d\u2019exemples d\u2019amendements d\u00e9pos\u00e9s depuis les \u00e9lections l\u00e9gislatives anticip\u00e9es de 2024, d\u00e9fendus par la droite, et d\u00e9clin\u00e9s \u00e0 l\u2019identique, parfois par 10, 15 ou 20\u00a0d\u00e9put\u00e9s diff\u00e9rents.<\/span><\/span><\/p>\n<p style=\"text-align: justify;\"><span style=\"font-family: Comic Sans MS, serif;\"><span style=\"font-size: medium;\">Leur point commun\u00a0? Tous ont \u00e9t\u00e9 r\u00e9dig\u00e9s par la FNSEA, le syndicat agricole majoritaire et porte-parole de l\u2019agro-industrie, qui <\/span><\/span><span style=\"color: #000080;\"><u><a href=\"https:\/\/www.hatvp.fr\/fiche-organisation\/?organisation=784854937#%23\" target=\"_blank\" rel=\"noopener\"><span style=\"font-family: Comic Sans MS, serif;\"><span style=\"font-size: medium;\"><span lang=\"fr-FR\">a d\u00e9pens\u00e9<\/span><\/span><\/span><\/a><\/u><\/span><span style=\"font-family: Comic Sans MS, serif;\"><span style=\"font-size: medium;\"> pr\u00e8s de 1\u00a0million d\u2019euros en 2024 pour ses actions de lobbying. <\/span><\/span><span style=\"font-family: Comic Sans MS, serif;\"><span style=\"font-size: medium;\"><i>Reporterre<\/i><\/span><\/span><span style=\"font-family: Comic Sans MS, serif;\"><span style=\"font-size: medium;\"> a identifi\u00e9 au moins 783 amendements r\u00e9dig\u00e9s par cette organisation et pr\u00e9sent\u00e9s sans modification en commission ou en s\u00e9ance publique \u00e0 l\u2019Assembl\u00e9e nationale par des parlementaires Droite r\u00e9publicaine et Ensemble pour la R\u00e9publique.<\/span><\/span><\/p>\n<p style=\"text-align: justify;\"><span style=\"font-family: Comic Sans MS, serif;\"><span style=\"font-size: medium;\">Au total, plus de 60\u00a0% de ces textes copi\u00e9s-coll\u00e9s ne mentionnent pas leur v\u00e9ritable auteur. Les d\u00e9put\u00e9s les plus honn\u00eates affichent directement sur les amendements qu\u2019ils d\u00e9posent pour modifier les textes de loi\u00a0: <\/span><\/span><span style=\"font-family: Comic Sans MS, serif;\"><span style=\"font-size: medium;\"><i>\u00ab\u00a0coconstruit\u00a0avec la FNSEA\u00a0\u00bb<\/i><\/span><\/span><span style=\"font-family: Comic Sans MS, serif;\"><span style=\"font-size: medium;\">, <\/span><\/span><span style=\"font-family: Comic Sans MS, serif;\"><span style=\"font-size: medium;\"><i>\u00ab\u00a0travaill\u00e9 avec la FNSEA\u00a0\u00bb<\/i><\/span><\/span><span style=\"font-family: Comic Sans MS, serif;\"><span style=\"font-size: medium;\">, <\/span><\/span><span style=\"font-family: Comic Sans MS, serif;\"><span style=\"font-size: medium;\"><i>\u00ab\u00a0r\u00e9alis\u00e9 avec le concours de la FNSEA\u00a0\u00bb<\/i><\/span><\/span><span style=\"font-family: Comic Sans MS, serif;\"><span style=\"font-size: medium;\">. Quand d\u2019autres effacent carr\u00e9ment cette filiation avec le syndicat agricole majoritaire et productiviste. Aucun des dix d\u00e9put\u00e9s ayant r\u00e9alis\u00e9 le plus de copier-coller n\u2019a souhait\u00e9 r\u00e9pondre \u00e0 nos questions.<\/span><\/span><\/p>\n<p style=\"text-align: justify;\"><span style=\"font-family: Comic Sans MS, serif;\"><span style=\"font-size: medium;\">La FNSEA a l\u2019habitude d\u2019envoyer aux d\u00e9put\u00e9s ces amendements <\/span><\/span><span style=\"font-family: Comic Sans MS, serif;\"><span style=\"font-size: medium;\"><i>\u00ab\u00a0cl\u00e9s en main\u00a0\u00bb<\/i><\/span><\/span><span style=\"font-family: Comic Sans MS, serif;\"><span style=\"font-size: medium;\"> \u00e0 la veille de l\u2019examen d\u2019une proposition de loi, libre ensuite aux parlementaires de s\u2019en saisir ou non. <\/span><\/span><span style=\"font-family: Comic Sans MS, serif;\"><span style=\"font-size: medium;\"><i>\u00ab\u00a0Il est normal de pouvoir s\u2019appuyer sur l\u2019expertise des organisations civiles pour d\u00e9poser des amendements, on peut parfois les reprendre ou s\u2019en inspirer \u00e0 condition d\u2019\u00eatre transparent et de l\u2019indiquer\u00a0\u00bb<\/i><\/span><\/span><span style=\"font-family: Comic Sans MS, serif;\"><span style=\"font-size: medium;\">, pr\u00e9cise la d\u00e9put\u00e9e \u00e9cologiste de la Dr\u00f4me Marie Pochon, qui en est l\u2019une des destinataires.<\/span><\/span><\/p>\n<p style=\"text-align: justify;\"><span style=\"font-family: Comic Sans MS, serif;\"><span style=\"font-size: medium;\"><i>\u00ab\u00a0En tant que corps interm\u00e9diaire, notre r\u00f4le est d\u2019apporter notre expertise aux d\u00e9cideurs publics pour qu\u2019ils puissent \u00e9laborer des orientations qui correspondent aux attentes des agriculteurs que nous repr\u00e9sentons<\/i><\/span><\/span><span style=\"font-family: Comic Sans MS, serif;\"><span style=\"font-size: medium;\">, abonde la FNSEA par la voix de son service communication. <\/span><\/span><span style=\"font-family: Comic Sans MS, serif;\"><span style=\"font-size: medium;\"><i>Les parlementaires sont libres de reprendre, d\u2019amender ou de rejeter les contributions, comme celles de n\u2019importe quel autre acteur \u00e9conomique, social ou environnemental.\u00a0\u00bb<\/i><\/span><\/span><\/p>\n<p style=\"text-align: justify;\"><span style=\"font-family: Comic Sans MS, serif;\"><span style=\"font-size: medium;\">Seulement, de nombreux d\u00e9put\u00e9s les recopient sans indiquer le lobby \u00e0 l\u2019\u0153uvre en coulisses. Si cette pratique n\u2019est pas ill\u00e9gale, elle questionne la transparence dans l\u2019h\u00e9micycle. Conscient du probl\u00e8me, le d\u00e9ontologue de l\u2019Assembl\u00e9e nationale encourageait d\u2019ailleurs les d\u00e9put\u00e9s, dans <\/span><\/span><span style=\"color: #000080;\"><u><a href=\"https:\/\/www.assemblee-nationale.fr\/dyn\/contenu\/visualisation\/904408\/file\/Rapport%20d%C3%A9ontologue%202024\" target=\"_blank\" rel=\"noopener\"><span style=\"font-family: Comic Sans MS, serif;\"><span style=\"font-size: medium;\"><span lang=\"fr-FR\">son dernier rapport<\/span><\/span><\/span><\/a><\/u><\/span><span style=\"font-family: Comic Sans MS, serif;\"><span style=\"font-size: medium;\">, \u00e0 <\/span><\/span><span style=\"font-family: Comic Sans MS, serif;\"><span style=\"font-size: medium;\"><i>\u00ab\u00a0indiquer clairement la source\u00a0\u00bb<\/i><\/span><\/span><span style=\"font-family: Comic Sans MS, serif;\"><span style=\"font-size: medium;\"> de leurs propositions de loi ou amendements lorsque ceux-ci sont <\/span><\/span><span style=\"font-family: Comic Sans MS, serif;\"><span style=\"font-size: medium;\"><i>\u00ab\u00a0issus d\u2019\u00e9changes avec un repr\u00e9sentant d\u2019int\u00e9r\u00eats\u00a0\u00bb<\/i><\/span><\/span><span style=\"font-family: Comic Sans MS, serif;\"><span style=\"font-size: medium;\">.<\/span><\/span><\/p>\n<p style=\"text-align: justify;\"><span style=\"font-family: Comic Sans MS, serif;\"><span style=\"font-size: medium;\">Malgr\u00e9 cette recommandation, 62\u00a0% des 783 amendements identifi\u00e9s par <\/span><\/span><span style=\"font-family: Comic Sans MS, serif;\"><span style=\"font-size: medium;\"><i>Reporterre<\/i><\/span><\/span><span style=\"font-family: Comic Sans MS, serif;\"><span style=\"font-size: medium;\"> comme provenant de la FNSEA ne lui ont pas \u00e9t\u00e9 attribu\u00e9s par les d\u00e9put\u00e9s. Parmi ces textes non-sign\u00e9s, 62\u00a0% ont \u00e9t\u00e9 d\u00e9pos\u00e9s par Les R\u00e9publicains, 15,7\u00a0% par Ensemble pour la R\u00e9publique, 8,2\u00a0% par Horizons, 5,9\u00a0% par un non-inscrit, 4,1\u00a0% par Libert\u00e9s, Ind\u00e9pendants, Outre-mer et Territoires (Liot), 1,2\u00a0% par le Rassemblement national (RN), 1\u00a0% par le Modem, 0,8\u00a0% par l\u2019Union des droites pour la R\u00e9publique (UDR) et 0,6\u00a0% par le Parti socialiste (PS).<\/span><\/span><\/p>\n<p style=\"text-align: justify;\"><span style=\"font-family: Comic Sans MS, serif;\"><span style=\"font-size: medium;\"><i>\u00ab\u00a0Mentionner l\u2019auteur du texte d\u2019un amendement devrait \u00eatre obligatoire, ne serait-ce parce qu\u2019\u00e0 l\u2019heure o\u00f9 leur importance est mise en doute par une grande partie de la soci\u00e9t\u00e9, cela permet de montrer le travail des syndicats et des associations\u00a0\u00bb<\/i><\/span><\/span><span style=\"font-family: Comic Sans MS, serif;\"><span style=\"font-size: medium;\">, glisse la collaboratrice d\u2019un d\u00e9put\u00e9 du groupe \u00c9cologiste et Social.<\/span><\/span><\/p>\n<p style=\"text-align: justify;\"><span style=\"font-family: Comic Sans MS, serif;\"><span style=\"font-size: medium;\">Du c\u00f4t\u00e9 des amendements r\u00e9dig\u00e9s de fa\u00e7on transparente, 41\u00a0% ont \u00e9t\u00e9 d\u00e9pos\u00e9s par Ensemble pour la R\u00e9publique, 27,5\u00a0% par Les R\u00e9publicains, 17\u00a0% par Liot, 9,2\u00a0% par le Modem, 3\u00a0% par le RN et 1,7\u00a0% par le PS.<\/span><\/span><\/p>\n<p style=\"text-align: justify;\"><span style=\"font-family: Comic Sans MS, serif;\"><span style=\"font-size: medium;\"><b>Des amendements qui sacrifient la sant\u00e9 et l\u2019environnement au profit de l\u2019agro-industrie<\/b><\/span><\/span><\/p>\n<p style=\"text-align: justify;\"><span style=\"font-family: Comic Sans MS, serif;\"><span style=\"font-size: medium;\">Que trouve-t-on parmi les amendements recopi\u00e9s\u00a0? Des textes o\u00f9 la s\u00e9curit\u00e9 sanitaire c\u00e8de devant les int\u00e9r\u00eats du productivisme agricole. Lors des d\u00e9bats sur la loi Duplomb, un amendement destin\u00e9 \u00e0 supprimer un article qui voulait interdire l\u2019usage de pesticides dans les aires de captage d\u2019eau potable a \u00e9t\u00e9 d\u00e9pos\u00e9 par les d\u00e9put\u00e9s macronistes <\/span><\/span><span style=\"color: #000080;\"><u><a href=\"https:\/\/www.assemblee-nationale.fr\/dyn\/17\/amendements\/1437\/AN\/865.pdf\" target=\"_blank\" rel=\"noopener\"><span style=\"font-family: Comic Sans MS, serif;\"><span style=\"font-size: medium;\"><span lang=\"fr-FR\">St\u00e9phane Travert<\/span><\/span><\/span><\/a><\/u><\/span><span style=\"font-family: Comic Sans MS, serif;\"><span style=\"font-size: medium;\">, <\/span><\/span><span style=\"color: #000080;\"><u><a href=\"https:\/\/www.assemblee-nationale.fr\/dyn\/17\/amendements\/1437\/AN\/3440.pdf\" target=\"_blank\" rel=\"noopener\"><span style=\"font-family: Comic Sans MS, serif;\"><span style=\"font-size: medium;\"><span lang=\"fr-FR\">Guillaume Kasbarian<\/span><\/span><\/span><\/a><\/u><\/span><span style=\"font-family: Comic Sans MS, serif;\"><span style=\"font-size: medium;\"> et <\/span><\/span><span style=\"color: #000080;\"><u><a href=\"https:\/\/www.assemblee-nationale.fr\/dyn\/17\/amendements\/1437\/AN\/3066.pdf\" target=\"_blank\" rel=\"noopener\"><span style=\"font-family: Comic Sans MS, serif;\"><span style=\"font-size: medium;\"><span lang=\"fr-FR\">Danielle Brulebois<\/span><\/span><\/span><\/a><\/u><\/span><span style=\"font-family: Comic Sans MS, serif;\"><span style=\"font-size: medium;\">, les d\u00e9put\u00e9s LR <\/span><\/span><span style=\"color: #000080;\"><u><a href=\"https:\/\/www.assemblee-nationale.fr\/dyn\/17\/amendements\/1437\/AN\/589.pdf\" target=\"_blank\" rel=\"noopener\"><span style=\"font-family: Comic Sans MS, serif;\"><span style=\"font-size: medium;\"><span lang=\"fr-FR\">Sylvie Bonnet<\/span><\/span><\/span><\/a><\/u><\/span><span style=\"font-family: Comic Sans MS, serif;\"><span style=\"font-size: medium;\">, <\/span><\/span><span style=\"color: #000080;\"><u><a href=\"https:\/\/www.assemblee-nationale.fr\/dyn\/17\/amendements\/1437\/AN\/1936.pdf\" target=\"_blank\" rel=\"noopener\"><span style=\"font-family: Comic Sans MS, serif;\"><span style=\"font-size: medium;\"><span lang=\"fr-FR\">Christelle Petex<\/span><\/span><\/span><\/a><\/u><\/span><span style=\"font-family: Comic Sans MS, serif;\"><span style=\"font-size: medium;\">, <\/span><\/span><span style=\"color: #000080;\"><u><a href=\"https:\/\/www.assemblee-nationale.fr\/dyn\/17\/amendements\/1437\/AN\/1097.pdf\" target=\"_blank\" rel=\"noopener\"><span style=\"font-family: Comic Sans MS, serif;\"><span style=\"font-size: medium;\"><span lang=\"fr-FR\">Val\u00e9rie Bazin-Malgras<\/span><\/span><\/span><\/a><\/u><\/span><span style=\"font-family: Comic Sans MS, serif;\"><span style=\"font-size: medium;\">, <\/span><\/span><span style=\"color: #000080;\"><u><a href=\"https:\/\/www.assemblee-nationale.fr\/dyn\/17\/amendements\/1437\/AN\/652.pdf\" target=\"_blank\" rel=\"noopener\"><span style=\"font-family: Comic Sans MS, serif;\"><span style=\"font-size: medium;\"><span lang=\"fr-FR\">Fabrice Brun<\/span><\/span><\/span><\/a><\/u><\/span><span style=\"font-family: Comic Sans MS, serif;\"><span style=\"font-size: medium;\"> et <\/span><\/span><span style=\"color: #000080;\"><u><a href=\"https:\/\/www.assemblee-nationale.fr\/dyn\/17\/amendements\/1437\/AN\/2315.pdf\" target=\"_blank\" rel=\"noopener\"><span style=\"font-family: Comic Sans MS, serif;\"><span style=\"font-size: medium;\"><span lang=\"fr-FR\">Corentin Le Fur<\/span><\/span><\/span><\/a><\/u><\/span><span style=\"font-family: Comic Sans MS, serif;\"><span style=\"font-size: medium;\">, le Liot <\/span><\/span><span style=\"color: #000080;\"><u><a href=\"https:\/\/www.assemblee-nationale.fr\/dyn\/17\/amendements\/1437\/AN\/958.pdf\" target=\"_blank\" rel=\"noopener\"><span style=\"font-family: Comic Sans MS, serif;\"><span style=\"font-size: medium;\"><span lang=\"fr-FR\">Charles de Courson<\/span><\/span><\/span><\/a><\/u><\/span><span style=\"font-family: Comic Sans MS, serif;\"><span style=\"font-size: medium;\"> et le d\u00e9put\u00e9 non-inscrit <\/span><\/span><span style=\"color: #000080;\"><u><a href=\"https:\/\/www.assemblee-nationale.fr\/dyn\/17\/amendements\/1437\/AN\/3129.pdf\" target=\"_blank\" rel=\"noopener\"><span style=\"font-family: Comic Sans MS, serif;\"><span style=\"font-size: medium;\"><span lang=\"fr-FR\">Lionel Vuibert<\/span><\/span><\/span><\/a><\/u><\/span><span style=\"font-family: Comic Sans MS, serif;\"><span style=\"font-size: medium;\">.<\/span><\/span><\/p>\n<p style=\"text-align: justify;\"><span style=\"font-family: Comic Sans MS, serif;\"><span style=\"font-size: medium;\">Les d\u00e9put\u00e9s ont \u00e9galement d\u00e9pos\u00e9 des amendements pour supprimer l\u2019augmentation de la peine maximale en cas d\u2019infraction aux pollutions de l\u2019eau, l\u00e0 encore en faisant acte de transparence <\/span><\/span><span style=\"color: #000080;\"><u><a href=\"https:\/\/www.assemblee-nationale.fr\/dyn\/17\/amendements\/1437\/AN\/3081.pdf\" target=\"_blank\" rel=\"noopener\"><span style=\"font-family: Comic Sans MS, serif;\"><span style=\"font-size: medium;\"><span lang=\"fr-FR\">pour les uns<\/span><\/span><\/span><\/a><\/u><\/span><span style=\"font-family: Comic Sans MS, serif;\"><span style=\"font-size: medium;\">, et en caviardant l\u2019origine de leurs id\u00e9es <\/span><\/span><span style=\"color: #000080;\"><u><a href=\"https:\/\/www.assemblee-nationale.fr\/dyn\/17\/amendements\/1437\/AN\/874.pdf\" target=\"_blank\" rel=\"noopener\"><span style=\"font-family: Comic Sans MS, serif;\"><span style=\"font-size: medium;\"><span lang=\"fr-FR\">pour les autres<\/span><\/span><\/span><\/a><\/u><\/span><span style=\"font-family: Comic Sans MS, serif;\"><span style=\"font-size: medium;\">. Les exemples d\u2019amendements t\u00e9l\u00e9command\u00e9s sont l\u00e9gion\u00a0: faciliter l\u2019installation et l\u2019agrandissement d\u2019\u00e9levages intensifs en augmentant le nombre d\u2019animaux \u00e0 partir duquel une autorisation environnementale est n\u00e9cessaire pour les \u00e9levages porcins et avicoles, barrer la route \u00e0 un moratoire de dix ans sur les autorisations environnementales pour les \u00e9levages de saumons, classer les m\u00e9gabassines d\u2019int\u00e9r\u00eat g\u00e9n\u00e9ral majeur, ne pas faire respecter les objectifs du plan \u00c9cophyto au niveau de chaque exploitation agricole, faciliter la mise sur le march\u00e9 ou l\u2019usage continuel de certains pesticides&#8230;<\/span><\/span><\/p>\n<p style=\"text-align: justify;\"><span style=\"font-family: Comic Sans MS, serif;\"><span style=\"font-size: medium;\">Ces copier-coller se sont poursuivis lors du r\u00e9cent projet de la loi de Finances pour 2026. Les d\u00e9put\u00e9s identifi\u00e9s par <\/span><\/span><span style=\"font-family: Comic Sans MS, serif;\"><span style=\"font-size: medium;\"><i>Reporterre<\/i><\/span><\/span> <span style=\"color: #000080;\"><u><a href=\"https:\/\/www.assemblee-nationale.fr\/dyn\/17\/amendements\/1906A\/CION_FIN\/CF173.pdf\" target=\"_blank\" rel=\"noopener\"><span style=\"font-family: Comic Sans MS, serif;\"><span style=\"font-size: medium;\"><span lang=\"fr-FR\">ont propos\u00e9<\/span><\/span><\/span><\/a><\/u><\/span><span style=\"font-family: Comic Sans MS, serif;\"><span style=\"font-size: medium;\"> de proroger le cr\u00e9dit d\u2019imp\u00f4t du label Haute valeur environnementale (HVE), <\/span><\/span><span style=\"color: #000080;\"><u><a href=\"https:\/\/reporterre.net\/Trompeur-le-label-HVE-attaque-par-l-agriculture-bio\"><span style=\"font-family: Comic Sans MS, serif;\"><span style=\"font-size: medium;\"><span lang=\"fr-FR\">un label trompeur<\/span><\/span><\/span><\/a><\/u><\/span><span style=\"font-family: Comic Sans MS, serif;\"><span style=\"font-size: medium;\"> et concurrent de l\u2019agriculture biologique. Ou encore propos\u00e9 de retirer du projet de loi la hausse, jug\u00e9e <\/span><\/span><span style=\"font-family: Comic Sans MS, serif;\"><span style=\"font-size: medium;\"><i>\u00ab\u00a0brutale\u00a0\u00bb<\/i><\/span><\/span><span style=\"font-family: Comic Sans MS, serif;\"><span style=\"font-size: medium;\"> par les syndicats, de la fiscalit\u00e9 applicable aux biocarburants Super\u00e9thanol-E85, \u00e0 base de betteraves, et au B100, un gazole \u00e0 base de colza utilis\u00e9 principalement par les poids lourds. Le 14\u00a0octobre, une note du gouvernement, <\/span><\/span><a href=\"https:\/\/www.lemonde.fr\/economie\/article\/2025\/10\/24\/biocarburant-le-groupe-avril-preside-par-le-patron-de-la-fnsea-grand-gagnant-de-la-niche-fiscale-b100_6649138_3234.html\" target=\"_blank\" rel=\"noopener\"><span style=\"color: #000080;\"><u><span style=\"font-family: Comic Sans MS, serif;\"><span style=\"font-size: medium;\"><span lang=\"fr-FR\">relay\u00e9e par <\/span><\/span><\/span><\/u><\/span><span style=\"color: #000080;\"><u><span style=\"font-family: Comic Sans MS, serif;\"><span style=\"font-size: medium;\"><span lang=\"fr-FR\"><i>Le Monde<\/i><\/span><\/span><\/span><\/u><\/span><\/a><span style=\"font-family: Comic Sans MS, serif;\"><span style=\"font-size: medium;\">, que <\/span><\/span><span style=\"font-family: Comic Sans MS, serif;\"><span style=\"font-size: medium;\"><i>Reporterre<\/i><\/span><\/span><span style=\"font-family: Comic Sans MS, serif;\"><span style=\"font-size: medium;\"> a pu consulter, documentait comment les trois quarts de cette niche fiscale b\u00e9n\u00e9ficient majoritairement au groupe Avril, pr\u00e9sid\u00e9 par <\/span><\/span><span style=\"color: #000080;\"><u><a href=\"https:\/\/reporterre.net\/Arnaud-Rousseau-pompier-pyromane-a-la-tete-de-la-FNSEA\"><span style=\"font-family: Comic Sans MS, serif;\"><span style=\"font-size: medium;\"><span lang=\"fr-FR\">Arnaud Rousseau<\/span><\/span><\/span><\/a><\/u><\/span><span style=\"font-family: Comic Sans MS, serif;\"><span style=\"font-size: medium;\">, patron du syndicat agricole.<\/span><\/span><\/p>\n<p style=\"text-align: justify;\"><span style=\"font-family: Comic Sans MS, serif;\"><span style=\"font-size: medium;\">Le projet de loi de financement de la S\u00e9curit\u00e9 sociale (PLFSS) a, lui aussi, fait l\u2019objet de ce lobbying. Des amendements ont ainsi \u00e9t\u00e9 d\u00e9pos\u00e9s pour <\/span><\/span><span style=\"color: #000080;\"><u><a href=\"https:\/\/www.assemblee-nationale.fr\/dyn\/17\/amendements\/0622\/AN\/71.pdf\" target=\"_blank\" rel=\"noopener\"><span style=\"font-family: Comic Sans MS, serif;\"><span style=\"font-size: medium;\"><span lang=\"fr-FR\">maintenir le syst\u00e8me sp\u00e9cifique d\u2019exon\u00e9ration<\/span><\/span><\/span><\/a><\/u><\/span><span style=\"font-family: Comic Sans MS, serif;\"><span style=\"font-size: medium;\"> de cotisations et contributions sociales patronales pour l\u2019embauche de travailleurs occasionnels demandeurs d\u2019emploi du secteur agricole ou encore d\u2019<\/span><\/span><span style=\"color: #000080;\"><u><a href=\"https:\/\/www.assemblee-nationale.fr\/dyn\/17\/amendements\/1907\/AN\/1052.pdf\" target=\"_blank\" rel=\"noopener\"><span style=\"font-family: Comic Sans MS, serif;\"><span style=\"font-size: medium;\"><span lang=\"fr-FR\">octroyer le b\u00e9n\u00e9fice des exon\u00e9rations partielles et d\u00e9gressives<\/span><\/span><\/span><\/a><\/u><\/span><span style=\"font-family: Comic Sans MS, serif;\"><span style=\"font-size: medium;\"> de cotisations sociales MSA (la Mutualit\u00e9 sociale agricole) aux collaborateurs de plus de 40 ans qui opteront en 2027 pour le statut de chef d\u2019exploitation \u00e0 titre principal.<\/span><\/span><\/p>\n<p style=\"text-align: justify;\"><span style=\"font-family: Comic Sans MS, serif;\"><span style=\"font-size: medium;\"><b>Ces d\u00e9put\u00e9s qui \u00ab\u00a0oublient\u00a0\u00bb l\u2019origine de leurs amendements <\/b><\/span><\/span><\/p>\n<p style=\"text-align: justify;\"><span style=\"font-family: Comic Sans MS, serif;\"><span style=\"font-size: medium;\">Parmi les d\u00e9put\u00e9s qui ne citent pas l\u2019origine de ces amendements r\u00e9dig\u00e9s par la FNSEA figurent majoritairement des d\u00e9put\u00e9s Les R\u00e9publicains ancr\u00e9s dans leurs territoires ruraux. En t\u00eate du classement\u00a0: la d\u00e9put\u00e9e de l\u2019Aube et ancienne vice-pr\u00e9sidente des R\u00e9publicains, Val\u00e9rie Bazin-Malgras. \u00c9lue dans un d\u00e9partement domin\u00e9 par la viticulture, celle-ci <\/span><\/span><span style=\"color: #000080;\"><u><a href=\"https:\/\/www.lest-eclair.fr\/id734387\/article\/2025-07-21\/pourquoi-les-deputes-de-laube-ont-vote-pour-la-loi-duplomb\" target=\"_blank\" rel=\"noopener\"><span style=\"font-family: Comic Sans MS, serif;\"><span style=\"font-size: medium;\"><span lang=\"fr-FR\">voit dans la loi Duplomb<\/span><\/span><\/span><\/a><\/u><\/span> <span style=\"font-family: Comic Sans MS, serif;\"><span style=\"font-size: medium;\"><i>\u00ab\u00a0une tentative honn\u00eate de trouver un \u00e9quilibre entre les exigences environnementales, la s\u00e9curit\u00e9 sanitaire, et la r\u00e9alit\u00e9 \u00e9conomique et humaine\u00a0\u00bb<\/i><\/span><\/span><span style=\"font-family: Comic Sans MS, serif;\"><span style=\"font-size: medium;\">.<\/span><\/span><\/p>\n<p style=\"text-align: justify;\"><span style=\"font-family: Comic Sans MS, serif;\"><span style=\"font-size: medium;\">Le d\u00e9put\u00e9 de la Manche St\u00e9phane Travert, ex-ministre de l\u2019Agriculture et de l\u2019Alimentation dans le second gouvernement d\u2019\u00c9douard Philippe (2017-2018), est le deuxi\u00e8me \u00e0 recopier furtivement le plus grand nombre de textes r\u00e9dig\u00e9s par la FNSEA. En 2018, <\/span><\/span><span style=\"color: #000080;\"><u><a href=\"https:\/\/www.liberation.fr\/france\/2018\/05\/29\/alimentation-une-loi-a-la-sauce-lobbys_1655173\/\" target=\"_blank\" rel=\"noopener\"><span style=\"font-family: Comic Sans MS, serif;\"><span style=\"font-size: medium;\"><span lang=\"fr-FR\">accus\u00e9 par des ONG<\/span><\/span><\/span><\/a><\/u><\/span><span style=\"font-family: Comic Sans MS, serif;\"><span style=\"font-size: medium;\"> et des \u00e9lus de gauche de nourrir une certaine proximit\u00e9 avec les lobbies de l\u2019industrie agroalimentaire, St\u00e9phane Travert avait alors affirm\u00e9, <\/span><\/span><span style=\"color: #000080;\"><u><a href=\"https:\/\/www.franceinfo.fr\/politique\/gouvernement-d-edouard-philippe\/video-il-est-hors-de-question-de-me-laisser-faire-accuse-d-etre-aux-mains-des-lobbies-stephane-travert-se-reserve-le-droit-d-y-apporter-des-suites_2769271.html\" target=\"_blank\" rel=\"noopener\"><span style=\"font-family: Comic Sans MS, serif;\"><span style=\"font-size: medium;\"><span lang=\"fr-FR\">sur Franceinfo<\/span><\/span><\/span><\/a><\/u><\/span><span style=\"font-family: Comic Sans MS, serif;\"><span style=\"font-size: medium;\">\u00a0: <\/span><\/span><span style=\"font-family: Comic Sans MS, serif;\"><span style=\"font-size: medium;\"><i>\u00ab\u00a0Je ne suis pas aux mains des lobbies, je ne re\u00e7ois jamais les lobbies.\u00a0\u00bb<\/i><\/span><\/span><span style=\"font-family: Comic Sans MS, serif;\"><span style=\"font-size: medium;\"> Sept ans plus tard, force est de constater que sa r\u00e9ponse est \u00e0 nuancer.<\/span><\/span><\/p>\n<p style=\"text-align: justify;\"><span style=\"font-family: Comic Sans MS, serif;\"><span style=\"font-size: medium;\">Julien Dive, d\u00e9put\u00e9 de l\u2019Aisne (LR), o\u00f9 la culture de la betterave domine les terres, se hisse lui aussi dans le top des t\u00e9l\u00e9graphistes de la FNSEA. Il faut dire qu\u2019il est l\u2019homme qui a permis de faire adopter la loi r\u00e9introduisant des pesticides dangereux <\/span><\/span><span style=\"color: #000080;\"><u><a href=\"https:\/\/reporterre.net\/Loi-Duplomb-recit-d-un-hold-up-democratique\"><span style=\"font-family: Comic Sans MS, serif;\"><span style=\"font-size: medium;\"><span lang=\"fr-FR\">sans d\u00e9bat<\/span><\/span><\/span><\/a><\/u><\/span><span style=\"font-family: Comic Sans MS, serif;\"><span style=\"font-size: medium;\"> \u00e0 l\u2019Assembl\u00e9e nationale. L\u2019\u00e9lu de droite avait d\u00e9pos\u00e9 le 26\u00a0mai une motion de rejet sur la proposition de loi visant \u00e0 <\/span><\/span><span style=\"font-family: Comic Sans MS, serif;\"><span style=\"font-size: medium;\"><i>\u00ab\u00a0lever les contraintes \u00e0 l\u2019exercice du m\u00e9tier d\u2019agriculteur\u00a0\u00bb<\/i><\/span><\/span><span style=\"font-family: Comic Sans MS, serif;\"><span style=\"font-size: medium;\">, aussi appel\u00e9e <\/span><\/span><span style=\"color: #000080;\"><u><a href=\"https:\/\/reporterre.net\/Loi-Duplomb-adoption-d-un-texte-funeste-pour-l-environnement\"><span style=\"font-family: Comic Sans MS, serif;\"><span style=\"font-size: medium;\"><span lang=\"fr-FR\">loi Duplomb<\/span><\/span><\/span><\/a><\/u><\/span><span style=\"font-family: Comic Sans MS, serif;\"><span style=\"font-size: medium;\">, envoyant directement le texte en commission mixte paritaire. Durant les d\u00e9bats en commission des affaires \u00e9conomiques, il avait ardemment d\u00e9fendu le retour des n\u00e9onicotino\u00efdes \u2014 des pesticides tueurs d\u2019abeilles \u2014 pour lequel il plaidait d\u00e9j\u00e0 en 2020.<\/span><\/span><\/p>\n<p style=\"text-align: justify;\"><span style=\"font-family: Comic Sans MS, serif;\"><span style=\"font-size: medium;\">On trouve \u00e9galement les d\u00e9put\u00e9s Les R\u00e9publicains Corentin Le Fur et \u00c9ric Li\u00e9geon, ainsi que l\u2019ancien ministre du Logement issu de la majorit\u00e9 pr\u00e9sidentielle, Guillaume Kasbarian.<\/span><\/span><\/p>\n<p style=\"text-align: justify;\"><span style=\"font-family: Comic Sans MS, serif;\"><span style=\"font-size: medium;\"><b>Quand d\u2019autres jouent la transparence<\/b><\/span><\/span><\/p>\n<p style=\"text-align: justify;\"><span style=\"font-family: Comic Sans MS, serif;\"><span style=\"font-size: medium;\">\u00c0 l\u2019inverse, certains d\u00e9put\u00e9s font le jeu de la transparence. C\u2019est le cas de la d\u00e9put\u00e9e EPR du Jura, Danielle Brulebois, qui a d\u00e9pos\u00e9 79\u00a0amendements <\/span><\/span><span style=\"font-family: Comic Sans MS, serif;\"><span style=\"font-size: medium;\"><i>\u00ab\u00a0travaill\u00e9s avec la FNSEA\u00a0\u00bb<\/i><\/span><\/span><span style=\"font-family: Comic Sans MS, serif;\"><span style=\"font-size: medium;\">, ou du d\u00e9put\u00e9 LR Fabrice Brun, qui a sign\u00e9 45\u00a0amendements <\/span><\/span><span style=\"font-family: Comic Sans MS, serif;\"><span style=\"font-size: medium;\"><i>\u00ab\u00a0coconstruit[s]\u00a0avec la FNSEA\u00a0\u00bb<\/i><\/span><\/span><span style=\"font-family: Comic Sans MS, serif;\"><span style=\"font-size: medium;\">. Le d\u00e9put\u00e9 Liot Charles de Courson a lui <\/span><\/span><span style=\"font-family: Comic Sans MS, serif;\"><span style=\"font-size: medium;\"><i>\u00ab\u00a0r\u00e9alis\u00e9 avec le concours de la FNSEA\u00a0\u00bb<\/i><\/span><\/span><span style=\"font-family: Comic Sans MS, serif;\"><span style=\"font-size: medium;\"> 38\u00a0amendements. Sollicit\u00e9s, aucun n\u2019a souhait\u00e9 r\u00e9pondre aux questions de <\/span><\/span><span style=\"font-family: Comic Sans MS, serif;\"><span style=\"font-size: medium;\"><i>Reporterre<\/i><\/span><\/span><span style=\"font-family: Comic Sans MS, serif;\"><span style=\"font-size: medium;\">.<\/span><\/span><\/p>\n<p style=\"text-align: justify;\"><span style=\"font-family: Comic Sans MS, serif;\"><span style=\"font-size: medium;\">Pour Jordan Allouche, le <\/span><\/span><span style=\"font-family: Comic Sans MS, serif;\"><span style=\"font-size: medium;\"><i>\u00ab\u00a0contre-lobbyiste\u00a0\u00bb<\/i><\/span><\/span><span style=\"font-family: Comic Sans MS, serif;\"><span style=\"font-size: medium;\"> de Ecolobby, l\u2019efficacit\u00e9 du syndicat agricole aupr\u00e8s des parlementaires s\u2019explique par sa structuration et ses moyens. <\/span><\/span><span style=\"font-family: Comic Sans MS, serif;\"><span style=\"font-size: medium;\"><i>\u00ab\u00a0La FNSEA dispose d\u2019un budget de plusieurs millions d\u2019euros et d\u2019un maillage territorial consid\u00e9rable via ses f\u00e9d\u00e9rations d\u00e9partementales<\/i><\/span><\/span><span style=\"font-family: Comic Sans MS, serif;\"><span style=\"font-size: medium;\">, d\u00e9taille-t-il. <\/span><\/span><span style=\"font-family: Comic Sans MS, serif;\"><span style=\"font-size: medium;\"><i>Les parlementaires ne peuvent pas \u00eatre sp\u00e9cialistes de tout, tout le temps, sur tous les sujets. Quand un lobby structur\u00e9 comme la FNSEA se mobilise dans la presse et aupr\u00e8s des acteurs \u00e9conomiques et industriels, son message finit par s\u2019imposer tant il est martel\u00e9.\u00a0\u00bb<\/i><\/span><\/span><\/p>\n<p style=\"text-align: justify;\"><span style=\"font-family: Comic Sans MS, serif;\"><span style=\"font-size: medium;\">Reprendre les textes de la FNSEA peut \u00e9galement servir plusieurs objectifs du c\u00f4t\u00e9 des d\u00e9put\u00e9s. <\/span><\/span><span style=\"font-family: Comic Sans MS, serif;\"><span style=\"font-size: medium;\"><i>\u00ab\u00a0Certains parlementaires ont pour enjeu de calmer ou de flatter la FNSEA dans un but \u00e9lectoral\u00a0\u00bb<\/i><\/span><\/span><span style=\"font-family: Comic Sans MS, serif;\"><span style=\"font-size: medium;\">, pointe Jordan Allouche. Pour certains, il peut s\u2019agir d\u2019un enjeu comptable. <\/span><\/span><span style=\"font-family: Comic Sans MS, serif;\"><span style=\"font-size: medium;\"><i>\u00ab\u00a0Plus un parlementaire est actif, plus il est consid\u00e9r\u00e9 comme faisant son travail<\/i><\/span><\/span><span style=\"font-family: Comic Sans MS, serif;\"><span style=\"font-size: medium;\">, rel\u00e8ve le contre-lobbyiste. <\/span><\/span><span style=\"font-family: Comic Sans MS, serif;\"><span style=\"font-size: medium;\"><i>Beaucoup de d\u00e9put\u00e9s sont des passeurs d\u2019amendements\u00a0: ils copient avec l\u2019objectif de faire du chiffre.\u00a0\u00bb<\/i><\/span><\/span><\/p>\n<p style=\"text-align: justify;\"><span style=\"font-family: Comic Sans MS, serif;\"><span style=\"font-size: medium;\">\u00ab\u00a0Certains ont pour enjeu de calmer ou de flatter la FNSEA dans un but \u00e9lectoral\u00a0\u00bb<\/span><\/span><\/p>\n<p style=\"text-align: justify;\"><span style=\"font-family: Comic Sans MS, serif;\"><span style=\"font-size: medium;\">Mise \u00e0 part une poign\u00e9e d\u2019amendements d\u00e9pos\u00e9s par le PS, l\u2019absence de textes r\u00e9dig\u00e9s par la FNSEA \u00e0 gauche s\u2019explique avant tout par son opposition au mod\u00e8le agro-industriel pr\u00f4n\u00e9 par le syndicat. <\/span><\/span><span style=\"font-family: Comic Sans MS, serif;\"><span style=\"font-size: medium;\"><i>A contrario<\/i><\/span><\/span><span style=\"font-family: Comic Sans MS, serif;\"><span style=\"font-size: medium;\">, le faible nombre d\u2019amendements recopi\u00e9s par le RN se lit \u00e0 travers la d\u00e9licate relation que le parti de Marine Le Pen entretient avec le syndicat agricole, traditionnellement plus proche des partis de droite.<\/span><\/span><\/p>\n<p style=\"text-align: justify;\"><span style=\"font-family: Comic Sans MS, serif;\"><span style=\"font-size: medium;\">Autre explication avanc\u00e9e par Jordan Allouche\u00a0: <\/span><\/span><span style=\"font-family: Comic Sans MS, serif;\"><span style=\"font-size: medium;\"><i>\u00ab\u00a0M\u00eame si le RN produit de plus en plus d\u2019amendements, la professionnalisation du parti \u00e0 l\u2019Assembl\u00e9e n\u2019est pas aboutie.\u00a0\u00bb<\/i><\/span><\/span><span style=\"font-family: Comic Sans MS, serif;\"><span style=\"font-size: medium;\"> Et de nuancer\u00a0: <\/span><\/span><span style=\"font-family: Comic Sans MS, serif;\"><span style=\"font-size: medium;\"><i>\u00ab\u00a0Cependant, il y a de plus en plus de contacts entre leurs membres et les secteurs d\u2019activit\u00e9 \u00e9conomique, dont l\u2019agrobusiness.\u00a0\u00bb<\/i><\/span><\/span><span style=\"font-family: Comic Sans MS, serif;\"><span style=\"font-size: medium;\"> De fait, S\u00e9bastien Chenu <\/span><\/span><span style=\"color: #000080;\"><u><a href=\"https:\/\/www.lalettre.fr\/fr\/politique_parlement\/2025\/12\/10\/assemblee-nationale--sebastien-chenu-monte-en-puissance-au-sein-du-bureau%2C110575342-art\" target=\"_blank\" rel=\"noopener\"><span style=\"font-family: Comic Sans MS, serif;\"><span style=\"font-size: medium;\"><span lang=\"fr-FR\">a obtenu le 10\u00a0d\u00e9cembre<\/span><\/span><\/span><\/a><\/u><\/span><span style=\"font-family: Comic Sans MS, serif;\"><span style=\"font-size: medium;\"> la pr\u00e9sidence de la d\u00e9l\u00e9gation consacr\u00e9e \u00e0 la transparence, \u00e0 la d\u00e9ontologie et aux relations avec les repr\u00e9sentants d\u2019int\u00e9r\u00eats \u00e0 l\u2019Assembl\u00e9e nationale.<\/span><\/span><\/p>\n<p style=\"text-align: justify;\"><span style=\"font-family: Comic Sans MS, serif;\"><span style=\"font-size: medium;\">Quoiqu\u2019il en soit, peu importe la couleur politique, la FNSEA se r\u00e9jouit que ce travail de lobbying porte ses fruits. <\/span><\/span><span style=\"font-family: Comic Sans MS, serif;\"><span style=\"font-size: medium;\"><i>\u00ab\u00a0Certains de vos confr\u00e8res ont d\u00e9j\u00e0 eu l\u2019occasion de s\u2019int\u00e9resser \u00e0 ce sujet, en indiquant que \u201cun douzi\u00e8me des amendements du projet de loi de finances sont de la FNSEA\u201d<\/i><\/span><\/span><span style=\"font-family: Comic Sans MS, serif;\"><span style=\"font-size: medium;\">, fanfaronne le syndicat aupr\u00e8s de <\/span><\/span><span style=\"font-family: Comic Sans MS, serif;\"><span style=\"font-size: medium;\"><i>Reporterre<\/i><\/span><\/span><span style=\"font-family: Comic Sans MS, serif;\"><span style=\"font-size: medium;\">, <\/span><\/span><span style=\"font-family: Comic Sans MS, serif;\"><span style=\"font-size: medium;\"><i>qualifiant notre syndicat d\u2019\u00eatre l\u2019un des plus \u201cefficaces\u201d en la mati\u00e8re.\u00a0\u00bb<\/i><\/span><\/span><\/p>\n<p style=\"text-align: justify;\"><span style=\"font-family: Comic Sans MS, serif;\"><span style=\"font-size: medium;\">reporterre<\/span><\/span><\/p>\n","protected":false},"excerpt":{"rendered":"<p>Reporterre a \u00e9pluch\u00e9 les amendements d\u00e9pos\u00e9s depuis 2024<\/p>\n","protected":false},"author":2,"featured_media":0,"comment_status":"closed","ping_status":"closed","sticky":false,"template":"","format":"standard","meta":{"footnotes":""},"categories":[1],"tags":[],"class_list":["post-16155","post","type-post","status-publish","format-standard","hentry","category-non-classe"],"_links":{"self":[{"href":"https:\/\/www.quieryavenir.fr\/blog\/wp-json\/wp\/v2\/posts\/16155","targetHints":{"allow":["GET"]}}],"collection":[{"href":"https:\/\/www.quieryavenir.fr\/blog\/wp-json\/wp\/v2\/posts"}],"about":[{"href":"https:\/\/www.quieryavenir.fr\/blog\/wp-json\/wp\/v2\/types\/post"}],"author":[{"embeddable":true,"href":"https:\/\/www.quieryavenir.fr\/blog\/wp-json\/wp\/v2\/users\/2"}],"replies":[{"embeddable":true,"href":"https:\/\/www.quieryavenir.fr\/blog\/wp-json\/wp\/v2\/comments?post=16155"}],"version-history":[{"count":1,"href":"https:\/\/www.quieryavenir.fr\/blog\/wp-json\/wp\/v2\/posts\/16155\/revisions"}],"predecessor-version":[{"id":16156,"href":"https:\/\/www.quieryavenir.fr\/blog\/wp-json\/wp\/v2\/posts\/16155\/revisions\/16156"}],"wp:attachment":[{"href":"https:\/\/www.quieryavenir.fr\/blog\/wp-json\/wp\/v2\/media?parent=16155"}],"wp:term":[{"taxonomy":"category","embeddable":true,"href":"https:\/\/www.quieryavenir.fr\/blog\/wp-json\/wp\/v2\/categories?post=16155"},{"taxonomy":"post_tag","embeddable":true,"href":"https:\/\/www.quieryavenir.fr\/blog\/wp-json\/wp\/v2\/tags?post=16155"}],"curies":[{"name":"wp","href":"https:\/\/api.w.org\/{rel}","templated":true}]}}