{"id":16157,"date":"2026-01-07T02:42:41","date_gmt":"2026-01-07T01:42:41","guid":{"rendered":"https:\/\/www.quieryavenir.fr\/blog\/?p=16157"},"modified":"2026-01-04T06:44:01","modified_gmt":"2026-01-04T05:44:01","slug":"dites-a-tout-le-monde-que-nous-sommes-en-train-detre-massacres","status":"publish","type":"post","link":"https:\/\/www.quieryavenir.fr\/blog\/2026\/01\/07\/dites-a-tout-le-monde-que-nous-sommes-en-train-detre-massacres\/","title":{"rendered":"\u00ab\u00a0Dites \u00e0 tout le monde que nous sommes en train d\u2019\u00eatre massacr\u00e9s\u00a0\u00bb"},"content":{"rendered":"<p style=\"text-align: justify;\"><img loading=\"lazy\" decoding=\"async\" class=\"size-medium wp-image-16137 aligncenter\" src=\"https:\/\/www.quieryavenir.fr\/blog\/wp-content\/uploads\/2025\/12\/Eau-et-Vie-300x288.jpg\" alt=\"\" width=\"300\" height=\"288\" srcset=\"https:\/\/www.quieryavenir.fr\/blog\/wp-content\/uploads\/2025\/12\/Eau-et-Vie-300x288.jpg 300w, https:\/\/www.quieryavenir.fr\/blog\/wp-content\/uploads\/2025\/12\/Eau-et-Vie.jpg 521w\" sizes=\"auto, (max-width: 300px) 100vw, 300px\" \/><\/p>\n<h1 style=\"text-align: justify;\"><span style=\"font-family: Comic Sans MS, serif;\"><span style=\"font-size: medium;\">Un article paru dans Amnesty International<\/span><\/span><\/h1>\n<p><!--more--><\/p>\n<p style=\"text-align: justify;\"><span style=\"font-family: Comic Sans MS, serif;\"><span style=\"font-size: medium;\">Dans l\u2019est de la R\u00e9publique d\u00e9mocratique du Congo\u00a0(RDC) un conflit oubli\u00e9 par le reste du monde fait rage, sur de vastes zones montagneuses. Les Forces d\u00e9mocratiques alli\u00e9es, un groupe arm\u00e9 li\u00e9 \u00e0 l\u2019\u00c9tat islamique et commun\u00e9ment appel\u00e9 ADF, enl\u00e8vent et tuent des civils \u00e0 une fr\u00e9quence alarmante dans les provinces du Nord-Kivu et de l\u2019Ituri. Ils abusent en outre des femmes et des filles en les r\u00e9duisant \u00e0 l\u2019esclavage sexuel. La grande majorit\u00e9 de ces crimes ne font \u00e9videmment jamais la une des journaux.<\/span><\/span><\/p>\n<p style=\"text-align: justify;\"><span style=\"font-family: Comic Sans MS, serif;\"><span style=\"font-size: medium;\">En tant que chercheuse charg\u00e9e d\u2019enqu\u00eater pour Amnesty International sur les crimes de guerre et les violations commises dans les situations de crise, je me suis rendu au Nord-Kivu le mois dernier afin de documenter les violations commises par les ADF. Alors que je me d\u00e9pla\u00e7ais d\u2019une ville \u00e0 l\u2019autre pour m\u2019entretenir avec des t\u00e9moins d\u2019attaques r\u00e9centes, des incursions \u00e9clair avaient lieu.<\/span><\/span><\/p>\n<p style=\"text-align: justify;\"><span style=\"font-family: Comic Sans MS, serif;\"><span style=\"font-size: medium;\">Des hommes, des femmes et des enfants m\u2019ont racont\u00e9 comment ils avaient d\u00fb fuir pour sauver leur vie lorsque des combattants arm\u00e9s de fusils et de machettes avaient envahi leurs villages. Plusieurs m\u2019ont confi\u00e9 des r\u00e9cits horribles, m\u2019expliquant comment ils avaient vu des proches se faire tuer ou enlever. Des otages lib\u00e9r\u00e9s ont \u00e9voqu\u00e9 les moments atroces\u00a0\u2013 durant parfois des mois ou des ann\u00e9es\u00a0\u2013 pass\u00e9s en captivit\u00e9, o\u00f9 ils \u00e9taient affam\u00e9s et contraints d\u2019effectuer diverses t\u00e2ches dans les camps des ADF diss\u00e9min\u00e9s dans les for\u00eats denses de la r\u00e9gion.<\/span><\/span><\/p>\n<p style=\"text-align: justify;\"><span style=\"font-family: Comic Sans MS, serif;\"><span style=\"font-size: medium;\">La couverture m\u00e9diatique mondiale de ces attaques a \u00e9t\u00e9 d\u00e9risoire. Pendant mon s\u00e9jour dans l\u2019est du Congo, les gros titres sur la RDC portaient principalement sur les processus de paix men\u00e9s par les \u00c9tats-Unis et le Qatar dans le cadre du conflit avec le Mouvement du 23\u00a0mars\u00a0(M23) soutenu par le Rwanda. Pendant ce temps, le territoire de Lubero dans le Nord-Kivu subissait une longue semaine de\u00a0<\/span><\/span><span style=\"color: #000080;\"><u><a href=\"https:\/\/www.ungeneva.org\/en\/news-media\/news\/2025\/11\/113209\/un-decries-truly-horrific-massacres-dr-congo\"><span style=\"font-family: Comic Sans MS, serif;\"><span style=\"font-size: medium;\"><span lang=\"fr-FR\">d\u2019attaques<\/span><\/span><\/span><\/a><\/u><\/span><span style=\"font-family: Comic Sans MS, serif;\"><span style=\"font-size: medium;\">, au cours desquelles les combattants ADF sont all\u00e9s de villages en villages, massacrant les habitants \u00e0 coups de machettes tandis qu\u2019ils incendiaient leurs maisons et infrastructures vitales.<\/span><\/span><\/p>\n<p style=\"text-align: justify;\"><span style=\"font-family: Comic Sans MS, serif;\"><span style=\"font-size: medium;\"><b>Attaques des ADF contre des civils<br \/>\n<\/b><\/span><\/span><span style=\"font-family: Comic Sans MS, serif;\"><span style=\"font-size: medium;\">Si les ADF sont originaires d\u2019Ouganda, ils ciblent les civils congolais depuis le d\u00e9but des ann\u00e9es\u00a02000, lorsqu\u2019ils se sont install\u00e9s dans l\u2019est de la RDC. En\u00a02019, le groupe a pr\u00eat\u00e9 all\u00e9geance \u00e0 l\u2019\u00c9tat islamique, s\u2019ins\u00e9rant dans un projet global. Les forces arm\u00e9es de la RDC\u00a0(FARDC) et leurs homologues ougandais\u00a0(UPDF) m\u00e8nent une op\u00e9ration conjointe contre le groupe depuis\u00a02021. Si La Mission des Nations unies en RDC (<\/span><\/span><span style=\"color: #000080;\"><u><a href=\"https:\/\/monusco.unmissions.org\/en\"><span style=\"font-family: Comic Sans MS, serif;\"><span style=\"font-size: medium;\"><span lang=\"fr-FR\">MONUSCO<\/span><\/span><\/span><\/a><\/u><\/span><span style=\"font-family: Comic Sans MS, serif;\"><span style=\"font-size: medium;\">) apporte depuis des ann\u00e9es son soutien \u00e0 divers organismes publics, son implication directe dans la lutte contre les ADF a \u00e9t\u00e9 limit\u00e9e.<\/span><\/span><\/p>\n<p style=\"text-align: justify;\"><span style=\"font-family: Comic Sans MS, serif;\"><span style=\"font-size: medium;\">Alors que l\u2019attention internationale et nationale s\u2019est tourn\u00e9e vers les avanc\u00e9es du M23 au d\u00e9but de l\u2019ann\u00e9e\u00a02025, les ADF ont\u00a0<\/span><\/span><span style=\"color: #000080;\"><u><a href=\"https:\/\/acleddata.com\/report\/m23-rebels-take-hold-eastern-congo-islamic-state-capitalizing-chaos\"><span style=\"font-family: Comic Sans MS, serif;\"><span style=\"font-size: medium;\"><span lang=\"fr-FR\">profit\u00e9 du<\/span><\/span><\/span><\/a><\/u><\/span><span style=\"font-family: Comic Sans MS, serif;\"><span style=\"font-size: medium;\">\u00a0d\u00e9tournement de cette attention et des mouvements de troupes sur le terrain. La cruaut\u00e9 caract\u00e9ristique des ADF\u00a0<\/span><\/span><span style=\"color: #000080;\"><u><a href=\"https:\/\/www.crisisgroup.org\/africa\/democratic-republic-congo\/deadly-escalation-ugandan-adf-rebels-eastern-drc\"><span style=\"font-family: Comic Sans MS, serif;\"><span style=\"font-size: medium;\"><span lang=\"fr-FR\">s\u2019est intensifi\u00e9e<\/span><\/span><\/span><\/a><\/u><\/span><span style=\"font-family: Comic Sans MS, serif;\"><span style=\"font-size: medium;\">\u00a0tant en termes d\u2019intensit\u00e9 que de port\u00e9e g\u00e9ographique. Elle s\u2019est encore acc\u00e9l\u00e9r\u00e9e depuis ao\u00fbt, s\u2019acharnant sur les civils plut\u00f4t que sur les forces de s\u00e9curit\u00e9.<\/span><\/span><\/p>\n<p style=\"text-align: justify;\"><span style=\"font-family: Comic Sans MS, serif;\"><span style=\"font-size: medium;\">J\u2019ai commenc\u00e9 mon enqu\u00eate dans la ville de Beni, d\u00e9sormais capitale de facto de la province du Nord-Kivu, et qui souffre depuis longtemps de la violence des ADF. Compte tenu de la progression du groupe dans le territoire de Lubero, je me suis \u00e9galement rendu dans la ville de Butembo pour m\u2019entretenir avec des survivants et t\u00e9moins de l\u2019une des attaques les plus sanglantes des ADF cette ann\u00e9e\u00a0:\u00a0<\/span><\/span><span style=\"color: #000080;\"><u><a href=\"https:\/\/www.bbc.co.uk\/news\/articles\/czdj4qgm4d9o\"><span style=\"font-family: Comic Sans MS, serif;\"><span style=\"font-size: medium;\"><span lang=\"fr-FR\">le massacre du 8\u00a0septembre dans le village de Ntoyo<\/span><\/span><\/span><\/a><\/u><\/span><span style=\"font-family: Comic Sans MS, serif;\"><span style=\"font-size: medium;\">.<\/span><\/span><\/p>\n<p style=\"text-align: justify;\"><span style=\"font-family: Comic Sans MS, serif;\"><span style=\"font-size: medium;\">Lors de cette attaque, les combattants ont tu\u00e9 plus de 60\u00a0personnes, dont beaucoup assistaient \u00e0 une veill\u00e9e fun\u00e8bre. Des t\u00e9moins m\u2019ont racont\u00e9 comment les membres des ADF s\u2019\u00e9taient discr\u00e8tement m\u00eal\u00e9s aux personnes en deuil pendant des heures, avant de commencer soudainement \u00e0 les frapper \u00e0 la t\u00eate avec des marteaux. Une foule d\u2019autres combattants v\u00eatus de tenues de camouflage les a rapidement rejoints, incendiant des maisons et tuant d\u2019autres civils du village \u00e0 coups de machettes et d\u2019armes \u00e0 feu.<\/span><\/span><\/p>\n<p style=\"text-align: justify;\"><span style=\"font-family: Comic Sans MS, serif;\"><span style=\"font-size: medium;\">Sur le chemin de Butembo, j\u2019ai commenc\u00e9 \u00e0 recevoir des messages de sources m\u2019informant d\u2019une nouvelle attaque dans le village de Byambwe, toujours sur le territoire de Lubero. Nous avons contact\u00e9 des chefs communautaires et des d\u00e9fenseurs des droits humains afin qu\u2019ils nous aident \u00e0 entrer en contact avec des t\u00e9moins pour recueillir leur t\u00e9moignage.<\/span><\/span><\/p>\n<p style=\"text-align: justify;\"><span style=\"font-family: Comic Sans MS, serif;\"><span style=\"font-size: medium;\">Des t\u00e9moins m\u2019ont racont\u00e9 que, comme \u00e0 Ntoyo, les combattants de l\u2019ADF \u00e9taient arriv\u00e9s au sein d\u2019un groupe d\u2019apparence banal, comprenant des femmes et des enfants. Cette fois-ci, ils ont demand\u00e9 le chemin de l\u2019h\u00f4pital local. Puis soudain, des coups de feu ont retenti dans l\u2019\u00e9tablissement m\u00e9dical. Une personne \u00e2g\u00e9e, qui a r\u00e9ussi \u00e0 s\u2019\u00e9chapper de l\u2019h\u00f4pital avec son petit-enfant, a d\u00e9crit comment elle avait ramp\u00e9 hors de l\u2019\u00e9tablissement\u00a0: \u00ab\u00a0<\/span><\/span><span style=\"font-family: Comic Sans MS, serif;\"><span style=\"font-size: medium;\"><i>On ne pouvait pas rester debout ; ils tiraient sur tout ce qui bougeait<\/i><\/span><\/span><span style=\"font-family: Comic Sans MS, serif;\"><span style=\"font-size: medium;\">.\u00a0\u00bb Au total, les combattants ont tu\u00e9 plus de 30\u00a0personnes, dont 17 dans l\u2019\u00e9tablissement de sant\u00e9.<\/span><\/span><\/p>\n<p style=\"text-align: justify;\"><span style=\"font-family: Comic Sans MS, serif;\"><span style=\"font-size: medium;\">Les combattants ne se sont pas arr\u00eat\u00e9s \u00e0 Byambwe, et leur carnage s\u2019est poursuivi pendant plusieurs jours. Pendant que nous menions nos entretiens dans un \u00e9tablissement m\u00e9dical de Butembo, les corps des victimes des ADF continuaient d\u2019arriver \u00e0 la morgue. \u00c0 un moment, nous avons vu les proches d\u2019une victime mettre son sac mortuaire dans un cercueil pour l\u2019emporter afin de l\u2019enterrer. Le chagrin envahissait non seulement ces personnes en deuil, mais aussi le personnel hospitalier, qui m\u2019a fait part de son horreur face \u00e0 cette s\u00e9rie de meurtres. L\u2019un d\u2019eux m\u2019a dit\u00a0: \u00ab\u00a0<\/span><\/span><span style=\"font-family: Comic Sans MS, serif;\"><span style=\"font-size: medium;\"><i>Dites \u00e0 tout le monde que nous sommes en train d\u2019\u00eatre massacr\u00e9s<\/i><\/span><\/span><span style=\"font-family: Comic Sans MS, serif;\"><span style=\"font-size: medium;\">.\u00a0\u00bb<\/span><\/span><\/p>\n<p style=\"text-align: justify;\"><span style=\"font-family: Comic Sans MS, serif;\"><span style=\"font-size: medium;\">Le sentiment d\u2019impuissance \u00e9tait palpable dans le ton de cet employ\u00e9 de l\u2019h\u00f4pital. Il faisait \u00e9cho aux sentiments de nombreuses victimes avec lesquelles j\u2019ai parl\u00e9. Un groupe qui se sentait particuli\u00e8rement abandonn\u00e9 \u00e9tait celui des filles et des femmes enlev\u00e9es par le groupe et contraintes \u00e0 des \u00ab\u00a0mariages\u00a0\u00bb avec des combattants de l\u2019ADF. J\u2019ai parl\u00e9 \u00e0 six de ces survivantes. Il leur avait \u00e9t\u00e9 dit qu\u2019elles avaient le \u00ab\u00a0choix\u00a0\u00bb entre accepter ou \u00eatre tu\u00e9es.<\/span><\/span><\/p>\n<p style=\"text-align: justify;\"><span style=\"font-family: Comic Sans MS, serif;\"><span style=\"font-size: medium;\">La plupart ont \u00e9chapp\u00e9 \u00e0 une vie d\u2019esclavage sexuel et de servitude domestique gr\u00e2ce \u00e0 des op\u00e9rations men\u00e9es par les FARDC et l\u2019UPDF visant les camps o\u00f9 elles \u00e9taient retenues. Toutefois, elles d\u00e9claraient que de retour aux villages, elles restaient prisonni\u00e8res des regards m\u00e9fiants et des chuchotements de leurs voisins.<\/span><\/span><\/p>\n<p style=\"text-align: justify;\"><span style=\"font-family: Comic Sans MS, serif;\"><span style=\"font-size: medium;\">Celles qui sont rentr\u00e9es chez elles avec des enfants ont racont\u00e9 comment leurs propres familles ont rejet\u00e9 les petits. Une femme a d\u00e9clar\u00e9 que la pression exerc\u00e9e par les membres de sa famille pour qu\u2019elle tue son propre enfant l\u2019avait presque pouss\u00e9e \u00e0 se suicider. Ces t\u00e9moignages ont mis en \u00e9vidence l\u2019impact prolong\u00e9 des violences inflig\u00e9es par les ADF, et du combat silencieux de milliers de victimes ayant besoin d\u2019un soutien important et multiforme, mais qui n\u2019en b\u00e9n\u00e9ficient pas.<\/span><\/span><\/p>\n<p style=\"text-align: justify;\"><span style=\"font-family: Comic Sans MS, serif;\"><span style=\"font-size: medium;\"><b>Les civils doivent \u00eatre prot\u00e9g\u00e9s<br \/>\n<\/b><\/span><\/span><span style=\"font-family: Comic Sans MS, serif;\"><span style=\"font-size: medium;\">La communaut\u00e9 internationale doit intensifier ses efforts pour aider les autorit\u00e9s congolaises \u00e0 venir en aide aux personnes survivantes, prot\u00e9ger les civils, enqu\u00eater et poursuivre les perp\u00e9trateurs des crimes de guerre g\u00e9n\u00e9ralis\u00e9s commis par les ADF. Malgr\u00e9 ses lacunes, le soutien de la MONUSCO aux autorit\u00e9s congolaises doit se poursuivre\u00a0\u2013 ce que le Conseil de s\u00e9curit\u00e9 des Nations unies, particuli\u00e8rement la France qui tient la plume sur ce dossier, doit garder \u00e0 l\u2019esprit lorsque le mandat de la mission sera renouvel\u00e9 ce mois-ci.<\/span><\/span><\/p>\n<p style=\"text-align: justify;\"><span style=\"font-family: Comic Sans MS, serif;\"><span style=\"font-size: medium;\">Dans les couloirs de l\u2019ONU, on murmure que plus rien ne choque vraiment lorsqu\u2019il s\u2019agit de la RDC. Mais les enl\u00e8vements et les meurtres syst\u00e9matiques et aussi fr\u00e9quents de civils ne devraient jamais \u00eatre consid\u00e9r\u00e9s comme une simple routine de l\u2019est de la R\u00e9publique d\u00e9mocratique du Congo.<\/span><\/span><\/p>\n<p style=\"text-align: justify;\"><span style=\"font-family: Comic Sans MS, serif;\"><span style=\"font-size: medium;\">Une approche globale de la s\u00e9curit\u00e9, de la justice et de la responsabilit\u00e9 est n\u00e9cessaire. Le monde ne peut pas continuer \u00e0 ignorer les atrocit\u00e9s commises par les ADF dans l\u2019est du pays. Comme me l\u2019a dit un survivant\u00a0: \u00ab\u00a0<\/span><\/span><span style=\"font-family: Comic Sans MS, serif;\"><span style=\"font-size: medium;\"><i>Combien de temps devrons-nous encore souffrir avant que cela ne cesse\u00a0?\u00a0<\/i><\/span><\/span><span style=\"font-family: Comic Sans MS, serif;\"><span style=\"font-size: medium;\">\u00bb<\/span><\/span><\/p>\n<p style=\"text-align: justify;\"><span style=\"font-family: Comic Sans MS, serif;\"><span style=\"font-size: medium;\"><b>Rawya Rageh<\/b><\/span><\/span><span style=\"font-family: Comic Sans MS, serif;\"><span style=\"font-size: medium;\">, Chercheuse au d\u00e9partement Crises d\u2019Amnesty International<\/span><\/span><span style=\"font-family: Comic Sans MS, serif;\"><span style=\"font-size: medium;\"><b><br \/>\n<\/b><\/span><\/span><\/p>\n","protected":false},"excerpt":{"rendered":"<p>Un article paru dans Amnesty International<\/p>\n","protected":false},"author":2,"featured_media":0,"comment_status":"closed","ping_status":"closed","sticky":false,"template":"","format":"standard","meta":{"footnotes":""},"categories":[1],"tags":[],"class_list":["post-16157","post","type-post","status-publish","format-standard","hentry","category-non-classe"],"_links":{"self":[{"href":"https:\/\/www.quieryavenir.fr\/blog\/wp-json\/wp\/v2\/posts\/16157","targetHints":{"allow":["GET"]}}],"collection":[{"href":"https:\/\/www.quieryavenir.fr\/blog\/wp-json\/wp\/v2\/posts"}],"about":[{"href":"https:\/\/www.quieryavenir.fr\/blog\/wp-json\/wp\/v2\/types\/post"}],"author":[{"embeddable":true,"href":"https:\/\/www.quieryavenir.fr\/blog\/wp-json\/wp\/v2\/users\/2"}],"replies":[{"embeddable":true,"href":"https:\/\/www.quieryavenir.fr\/blog\/wp-json\/wp\/v2\/comments?post=16157"}],"version-history":[{"count":1,"href":"https:\/\/www.quieryavenir.fr\/blog\/wp-json\/wp\/v2\/posts\/16157\/revisions"}],"predecessor-version":[{"id":16158,"href":"https:\/\/www.quieryavenir.fr\/blog\/wp-json\/wp\/v2\/posts\/16157\/revisions\/16158"}],"wp:attachment":[{"href":"https:\/\/www.quieryavenir.fr\/blog\/wp-json\/wp\/v2\/media?parent=16157"}],"wp:term":[{"taxonomy":"category","embeddable":true,"href":"https:\/\/www.quieryavenir.fr\/blog\/wp-json\/wp\/v2\/categories?post=16157"},{"taxonomy":"post_tag","embeddable":true,"href":"https:\/\/www.quieryavenir.fr\/blog\/wp-json\/wp\/v2\/tags?post=16157"}],"curies":[{"name":"wp","href":"https:\/\/api.w.org\/{rel}","templated":true}]}}