{"id":16159,"date":"2026-01-08T02:44:06","date_gmt":"2026-01-08T01:44:06","guid":{"rendered":"https:\/\/www.quieryavenir.fr\/blog\/?p=16159"},"modified":"2026-01-04T06:46:14","modified_gmt":"2026-01-04T05:46:14","slug":"face-a-la-multiplication-des-evenements-impensables","status":"publish","type":"post","link":"https:\/\/www.quieryavenir.fr\/blog\/2026\/01\/08\/face-a-la-multiplication-des-evenements-impensables\/","title":{"rendered":"\u00ab\u00a0Face \u00e0 la multiplication des \u00e9v\u00e9nements impensables &#8230;"},"content":{"rendered":"<p style=\"text-align: justify;\"><img loading=\"lazy\" decoding=\"async\" class=\"wp-image-16139 aligncenter\" src=\"https:\/\/www.quieryavenir.fr\/blog\/wp-content\/uploads\/2025\/12\/Hommes-Femmes-300x282.jpg\" alt=\"\" width=\"451\" height=\"424\" srcset=\"https:\/\/www.quieryavenir.fr\/blog\/wp-content\/uploads\/2025\/12\/Hommes-Femmes-300x282.jpg 300w, https:\/\/www.quieryavenir.fr\/blog\/wp-content\/uploads\/2025\/12\/Hommes-Femmes.jpg 530w\" sizes=\"auto, (max-width: 451px) 100vw, 451px\" \/><\/p>\n<h1 style=\"text-align: justify;\"><span style=\"font-family: Comic Sans MS, cursive;\"><span style=\"font-size: medium;\"><b>&#8230; il faut mieux \u00e9couter ce qu\u2019on ne veut pas entendre\u00a0\u00bb<\/b><\/span><\/span><\/h1>\n<p><!--more--><\/p>\n<p style=\"text-align: justify;\"><span style=\"font-family: Comic Sans MS, cursive;\"><span style=\"font-size: medium;\">Anticiper l\u2019impensable suppose d\u2019aller ainsi \u00ab\u00a0voir dans la t\u00eate\u00a0\u00bb de Donald Trump et de ceux qui l\u2019inspirent, mais aussi de regarder en face, aux Etats-Unis comme en France, les citoyens qu\u2019ils s\u00e9duisent, explique dans sa chronique Philippe Bernard, \u00e9ditorialiste au\u00a0\u00ab\u00a0Monde\u00a0\u00bb.<\/span><\/span><\/p>\n<p style=\"text-align: justify;\"><span style=\"font-family: Comic Sans MS, cursive;\"><span style=\"font-size: medium;\">** **<\/span><\/span><\/p>\n<p style=\"text-align: justify;\"><span style=\"font-family: Comic Sans MS, cursive;\"><span style=\"font-size: medium;\">Depuis des ann\u00e9es, nous nous sommes habitu\u00e9s \u00e0 vivre l\u2019impensable. Cela a commenc\u00e9 en\u00a02001, avec la destruction des tours du World Trade Center, \u00e0 New York. Depuis lors, la diversit\u00e9, le rythme, l\u2019intensit\u00e9 et la proximit\u00e9 de ces \u00e9v\u00e9nements \u00ab\u00a0impensables\u00a0\u00bb n\u2019ont cess\u00e9 d\u2019augmenter dans diff\u00e9rents domaines.<\/span><\/span><\/p>\n<p style=\"text-align: justify;\"><span style=\"font-family: Comic Sans MS, cursive;\"><span style=\"font-size: medium;\">Ni la sortie du Royaume-Uni de l\u2019Union europ\u00e9enne (UE) vot\u00e9e en\u00a02016, ni la premi\u00e8re \u00e9lection de Donald Trump quelques mois plus tard n\u2019avaient \u00e9t\u00e9 vraiment anticip\u00e9es. Pas plus que n\u2019avait \u00e9t\u00e9 imagin\u00e9 que l\u2019on puisse \u00e0 nouveau, en France, tuer des enfants parce que juifs (2012), mourir pour avoir dessin\u00e9 des caricatures, assist\u00e9 \u00e0 un concert, pris un verre en terrasse (2015) ou enseign\u00e9 l\u2019histoire (2020\u00a0et 2023). Pas plus que n\u2019avait \u00e9t\u00e9 prise au s\u00e9rieux l\u2019\u00e9ventualit\u00e9 d\u2019une pand\u00e9mie comme celle du Covid-19.<\/span><\/span><\/p>\n<p style=\"text-align: justify;\"><span style=\"font-family: Comic Sans MS, cursive;\"><span style=\"font-size: medium;\">Qui aurait cru, d\u2019autre part, avant l\u2019agression russe contre l\u2019Ukraine (2022) et en d\u00e9pit des avertissements de Vladimir Poutine, qu\u2019une guerre mena\u00e7ant l\u2019UE \u00e9tait possible\u00a0? Qui avait pr\u00e9dit, avant la deuxi\u00e8me \u00e9lection de Donald Trump, que les Etats-Unis pouvaient virer en quelques mois en pays autoritaire acharn\u00e9 \u00e0 faire imploser l\u2019Europe et \u00e0 deux doigts de rompre l\u2019Alliance atlantique\u00a0?<\/span><\/span><\/p>\n<p style=\"text-align: justify;\"><span style=\"font-family: Comic Sans MS, cursive;\"><span style=\"font-size: medium;\">L\u2019ann\u00e9e 2025\u00a0tire \u00e0 sa fin avec, dans le sillage du retour de M.\u00a0Trump, son cort\u00e8ge d\u2019\u00e9v\u00e9nements internationaux hallucinants, dont la publication du <\/span><\/span><span style=\"color: #0563c1;\"><u><a href=\"https:\/\/www.lemonde.fr\/international\/article\/2025\/12\/06\/la-strategie-de-securite-nationale-americaine-prend-les-europeens-pour-cible-et-menage-ses-adversaires_6656210_3210.html\" target=\"_top\"><span style=\"font-family: Comic Sans MS, cursive;\"><span style=\"font-size: medium;\">document \u00ab\u00a0strat\u00e9gique\u00a0\u00bb am\u00e9ricain saluant la progression de l\u2019extr\u00eame droite en Europe<\/span><\/span><\/a><\/u><\/span><span style=\"font-family: Comic Sans MS, cursive;\"><span style=\"font-size: medium;\"> n\u2019est que le dernier en date.<\/span><\/span><\/p>\n<p style=\"text-align: justify;\"><span style=\"font-family: Comic Sans MS, cursive;\"><span style=\"font-size: medium;\">Jamais la n\u00e9cessit\u00e9 d\u2019envisager l\u2019inimaginable n\u2019a \u00e9t\u00e9 aussi urgente. Jamais, en tout cas, depuis les ann\u00e9es de guerre froide, o\u00f9 <\/span><\/span><span style=\"font-family: Comic Sans MS, cursive;\"><span style=\"font-size: medium;\"><i>\u00ab\u00a0penser l\u2019impensable\u00a0\u00bb<\/i><\/span><\/span><span style=\"font-family: Comic Sans MS, cursive;\"><span style=\"font-size: medium;\"> (<\/span><\/span><span style=\"font-family: Comic Sans MS, cursive;\"><span style=\"font-size: medium;\"><i>Unthinking the Unthinkable<\/i><\/span><\/span><span style=\"font-family: Comic Sans MS, cursive;\"><span style=\"font-size: medium;\">,<\/span><\/span><b> <\/b><span style=\"font-family: Comic Sans MS, cursive;\"><span style=\"font-size: medium;\">le titre d\u2019un best-seller am\u00e9ricain de 1989, non traduit) renvoyait \u00e0 l\u2019imp\u00e9ratif d\u2019envisager les sc\u00e9narios d\u2019un conflit nucl\u00e9aire. Aujourd\u2019hui, le champ des \u00ab\u00a0impensables\u00a0\u00bb semble illimit\u00e9, incluant l\u2019emprise de l\u2019intelligence artificielle dont <\/span><\/span><span style=\"color: #0563c1;\"><u><a href=\"https:\/\/www.lemonde.fr\/economie\/article\/2025\/12\/14\/le-chercheur-nate-soares-doomer-de-l-ia-a-berkeley-prevoit-la-fin-de-l-humanite-c-est-de-la-folie-de-les-laisser-essayer_6657239_3234.html\" target=\"_top\"><span style=\"font-family: Comic Sans MS, cursive;\"><span style=\"font-size: medium;\">Nat Soares, chercheur pass\u00e9 par Microsoft et Google<\/span><\/span><\/a><\/u><\/span><span style=\"font-family: Comic Sans MS, cursive;\"><span style=\"font-size: medium;\">, nous pr\u00e9dit qu\u2019elle a <\/span><\/span><span style=\"font-family: Comic Sans MS, cursive;\"><span style=\"font-size: medium;\"><i>\u00ab\u00a0de tr\u00e8s fortes chances\u00a0\u00bb<\/i><\/span><\/span><span style=\"font-family: Comic Sans MS, cursive;\"><span style=\"font-size: medium;\"> de <\/span><\/span><span style=\"font-family: Comic Sans MS, cursive;\"><span style=\"font-size: medium;\"><i>\u00ab\u00a0d\u00e9truire l\u2019humanit\u00e9 pour de bon\u00a0\u00bb<\/i><\/span><\/span><span style=\"font-family: Comic Sans MS, cursive;\"><span style=\"font-size: medium;\">.<\/span><\/span><\/p>\n<p style=\"text-align: justify;\"><span style=\"font-family: Comic Sans MS, cursive;\"><span style=\"font-size: medium;\"><b>Possible chaos<\/b><\/span><\/span><\/p>\n<p style=\"text-align: justify;\"><span style=\"font-family: Comic Sans MS, cursive;\"><span style=\"font-size: medium;\">Les historiens, connaisseurs professionnels des \u00ab\u00a0impensables\u00a0\u00bb survenus dans le pass\u00e9, sont \u00e9videmment pr\u00e9cieux, de m\u00eame que les artistes et les intellectuels, capables d\u2019\u00e9largir notre champ de vision par leur imagination et leurs savoirs. Mais l\u2019essentiel n\u2019est-il pas de mieux conna\u00eetre \u00ab\u00a0en direct\u00a0\u00bb les agents de ces bouleversements et de tous les possibles chaos\u00a0? De d\u00e9crypter leurs discours avant qu\u2019ils ne les mettent \u00e0 ex\u00e9cution\u00a0? Face \u00e0 la multiplication des \u00ab\u00a0\u00e9v\u00e9nements impensables\u00a0\u00bb, il faut mieux \u00e9couter ce qu\u2019on ne veut pas entendre et regarder ce qu\u2019on ne veut pas voir.<\/span><\/span><\/p>\n<p style=\"text-align: justify;\"><span style=\"font-family: Comic Sans MS, cursive;\"><span style=\"font-size: medium;\">C\u2019est ce que fait <\/span><\/span><span style=\"font-family: Comic Sans MS, cursive;\"><span style=\"font-size: medium;\"><i>Le Monde<\/i><\/span><\/span><span style=\"font-family: Comic Sans MS, cursive;\"><span style=\"font-size: medium;\"> quand il cite et d\u00e9crypte les \u00e9crits et les propos \u00e9clairants des \u00ab\u00a0seigneurs de la tech\u00a0\u00bb proches de Donald Trump comme <\/span><\/span><a href=\"https:\/\/www.lemonde.fr\/series-d-ete\/article\/2025\/07\/22\/peter-thiel-heraut-des-libertariens-de-la-tech-qui-se-defient-de-l-etat_6623008_3451060.html\" target=\"_top\"><span style=\"color: #0563c1;\"><u><span style=\"font-family: Comic Sans MS, cursive;\"><span style=\"font-size: medium;\">Peter Thiel, qui<\/span><\/span><\/u><\/span><span style=\"color: #0563c1;\"><u><span style=\"font-family: Comic Sans MS, cursive;\"><span style=\"font-size: medium;\"><i> \u00ab\u00a0ne croit plus que la libert\u00e9 et la d\u00e9mocratie soient compatibles\u00a0\u00bb<\/i><\/span><\/span><\/u><\/span><\/a><span style=\"font-family: Comic Sans MS, cursive;\"><span style=\"font-size: medium;\">. Ou ceux de l\u2019ing\u00e9nieur informaticien et blogueur r\u00e9actionnaire <\/span><\/span><span style=\"color: #0563c1;\"><u><a href=\"https:\/\/www.lemonde.fr\/idees\/article\/2025\/04\/18\/pour-l-election-presidentielle-de-2027-l-hypothese-d-un-pdg-de-la-france_6597453_3232.html\" target=\"_top\"><span style=\"font-family: Comic Sans MS, cursive;\"><span style=\"font-size: medium;\">Curtis Yarvin<\/span><\/span><\/a><\/u><\/span><span style=\"font-family: Comic Sans MS, cursive;\"><span style=\"font-size: medium;\">, qui pr\u00eache pour l\u2019instauration aux Etats-Unis d\u2019une sorte de <\/span><\/span><span style=\"font-family: Comic Sans MS, cursive;\"><span style=\"font-size: medium;\"><i>\u00ab\u00a0monarchie\u00a0\u00bb<\/i><\/span><\/span><span style=\"font-family: Comic Sans MS, cursive;\"><span style=\"font-size: medium;\"> dirig\u00e9e par un <\/span><\/span><span style=\"font-family: Comic Sans MS, cursive;\"><span style=\"font-size: medium;\"><i>\u00ab\u00a0PDG\u00a0\u00bb. <\/i><\/span><\/span><span style=\"font-family: Comic Sans MS, cursive;\"><span style=\"font-size: medium;\">Ou encore ceux de <\/span><\/span><span style=\"color: #0563c1;\"><u><a href=\"https:\/\/www.lemonde.fr\/international\/article\/2025\/01\/16\/il-n-est-pas-exclu-qu-au-cours-de-l-annee-a-venir-l-ukraine-cesse-purement-et-simplement-d-exister_6501697_3210.html\" target=\"_top\"><span style=\"font-family: Comic Sans MS, cursive;\"><span style=\"font-size: medium;\">Nikola\u00ef Patrouchev<\/span><\/span><\/a><\/u><\/span><span style=\"font-family: Comic Sans MS, cursive;\"><span style=\"font-size: medium;\">, conseiller\u00a0de Vladimir Poutine, qui <\/span><\/span><span style=\"font-family: Comic Sans MS, cursive;\"><span style=\"font-size: medium;\"><i>\u00ab\u00a0n\u2019exclut pas\u00a0\u00bb<\/i><\/span><\/span><span style=\"font-family: Comic Sans MS, cursive;\"><span style=\"font-size: medium;\"> que <\/span><\/span><span style=\"font-family: Comic Sans MS, cursive;\"><span style=\"font-size: medium;\"><i>\u00ab\u00a0l\u2019Ukraine cesse purement et simplement d\u2019exister\u00a0\u00bb<\/i><\/span><\/span><span style=\"font-family: Comic Sans MS, cursive;\"><span style=\"font-size: medium;\">.<\/span><\/span><\/p>\n<p style=\"text-align: justify;\"><span style=\"font-family: Comic Sans MS, cursive;\"><span style=\"font-size: medium;\">C\u2019est aussi ce que fait la revue en ligne <\/span><\/span><span style=\"color: #0563c1;\"><u><a href=\"https:\/\/legrandcontinent.eu\/fr\/2025\/12\/09\/selon-le-proche-de-poutine-karaganov-la-russie-est-en-guerre-contre-leurope\/\" target=\"_blank\" rel=\"noopener\"><span style=\"font-family: Comic Sans MS, cursive;\"><span style=\"font-size: medium;\"><i>Le\u00a0Grand Continent<\/i><\/span><\/span><\/a><\/u><\/span><span style=\"font-family: Comic Sans MS, cursive;\"><span style=\"font-size: medium;\">,<\/span><\/span><i> <\/i><span style=\"font-family: Comic Sans MS, cursive;\"><span style=\"font-size: medium;\">qui traduit et commente r\u00e9guli\u00e8rement les d\u00e9clarations des id\u00e9ologues du poutinisme et du trumpisme. Des transcriptions qui nous font conna\u00eetre les propos du politologue poutinien Sergue\u00ef Karaganov, le 5\u00a0d\u00e9cembre, sur la premi\u00e8re cha\u00eene de t\u00e9l\u00e9vision russe\u00a0: <\/span><\/span><span style=\"font-family: Comic Sans MS, cursive;\"><span style=\"font-size: medium;\"><i>\u00ab\u00a0Cette guerre <\/i><\/span><\/span><span style=\"font-family: Comic Sans MS, cursive;\"><span style=\"font-size: medium;\">[contre l\u2019Europe] <\/span><\/span><span style=\"font-family: Comic Sans MS, cursive;\"><span style=\"font-size: medium;\"><i>a d\u00e9j\u00e0 commenc\u00e9. Simplement nous ne l\u2019appelons par encore ainsi. Notre adversaire est bien l\u2019Europe<\/i><\/span><\/span><span style=\"font-family: Comic Sans MS, cursive;\"><span style=\"font-size: medium;\"> (\u2026)<\/span><\/span><span style=\"font-family: Comic Sans MS, cursive;\"><span style=\"font-size: medium;\"><i>. Cette guerre ne prendra fin que lorsque nous <\/i><\/span><\/span><span style=\"font-family: Comic Sans MS, cursive;\"><span style=\"font-size: medium;\">[lui]<\/span><\/span><span style=\"font-family: Comic Sans MS, cursive;\"><span style=\"font-size: medium;\"><i> aurons inflig\u00e9 une d\u00e9faite morale et politique.\u00a0\u00bb<\/i><\/span><\/span><span style=\"font-family: Comic Sans MS, cursive;\"><span style=\"font-size: medium;\"> Dans un tout autre registre, am\u00e9ricain cette fois, la revue nous donne \u00e0 lire le discours prononc\u00e9 le 2\u00a0septembre par <\/span><\/span><span style=\"color: #0563c1;\"><u><a href=\"https:\/\/legrandcontinent.eu\/fr\/2025\/11\/16\/trump-maga-contre-les-femmes\/\" target=\"_blank\" rel=\"noopener\"><span style=\"font-family: Comic Sans MS, cursive;\"><span style=\"font-size: medium;\">l\u2019essayiste Helen Andrews<\/span><\/span><\/a><\/u><\/span><span style=\"font-family: Comic Sans MS, cursive;\"><span style=\"font-size: medium;\">, expliquant l\u2019essoufflement du mod\u00e8le am\u00e9ricain par l\u2019accession d\u2019un nombre croissant de femmes \u00e0 des professions auparavant masculines et incitant \u00e0 exploiter cette id\u00e9e pour s\u00e9duire l\u2019\u00e9lectorat masculin.<\/span><\/span><\/p>\n<p style=\"text-align: justify;\"><span style=\"font-family: Comic Sans MS, cursive;\"><span style=\"font-size: medium;\"><b>Polarisation des soci\u00e9t\u00e9s<\/b><\/span><\/span><\/p>\n<p style=\"text-align: justify;\"><span style=\"font-family: Comic Sans MS, cursive;\"><span style=\"font-size: medium;\">Anticiper l\u2019impensable suppose non seulement d\u2019aller ainsi \u00ab\u00a0voir dans la t\u00eate\u00a0\u00bb de Trump et de ceux qui l\u2019inspirent, mais aussi de regarder en face, aux Etats-Unis comme en France, les citoyens qu\u2019ils s\u00e9duisent, les r\u00e9alit\u00e9s (pauvret\u00e9, pr\u00e9carit\u00e9, logement inabordable, d\u00e9serts m\u00e9dicaux, ghetto\u00efsation, affirmation religieuse) et aussi les fantasmes qui les mobilisent. Comme le journaliste au <\/span><\/span><span style=\"font-family: Comic Sans MS, cursive;\"><span style=\"font-size: medium;\"><i>Monde<\/i><\/span><\/span><span style=\"font-family: Comic Sans MS, cursive;\"><span style=\"font-size: medium;\"> Luc Bronner, lorsqu\u2019il rapporte les paroles d\u2019\u00e9lecteurs fran\u00e7ais obs\u00e9d\u00e9s par l\u2019id\u00e9e que <\/span><\/span><span style=\"color: #0563c1;\"><u><a href=\"https:\/\/www.lemonde.fr\/politique\/article\/2024\/06\/26\/legislatives-2024-a-nangis-on-n-est-pas-racistes-on-est-juste-plus-lucides_6243800_823448.html\" target=\"_top\"><span style=\"font-family: Comic Sans MS, cursive;\"><span style=\"font-size: medium;\"><i>\u00ab\u00a0la population a chang\u00e9\u00a0\u00bb<\/i><\/span><\/span><\/a><\/u><\/span><i> <\/i><span style=\"font-family: Comic Sans MS, cursive;\"><span style=\"font-size: medium;\">ou assurant\u00a0: <\/span><\/span><span style=\"font-family: Comic Sans MS, cursive;\"><span style=\"font-size: medium;\"><i>\u00ab\u00a0Plus on va taper<\/i><\/span><\/span><span style=\"font-family: Comic Sans MS, cursive;\"><span style=\"font-size: medium;\"> [sur l\u2019extr\u00eame droite]<\/span><\/span><span style=\"font-family: Comic Sans MS, cursive;\"><span style=\"font-size: medium;\"><i>, plus \u00e7a nous donne envie du RN.\u00a0\u00bb<\/i><\/span><\/span><\/p>\n<p style=\"text-align: justify;\"><span style=\"font-family: Comic Sans MS, cursive;\"><span style=\"font-size: medium;\">Ou comme Max Laulom, reporter d\u2019images, qui, pour <\/span><\/span><span style=\"color: #0563c1;\"><u><a href=\"https:\/\/www.arte.tv\/fr\/videos\/RC-026860\/high-school-radical\/\" target=\"_blank\" rel=\"noopener\"><span style=\"font-family: Comic Sans MS, cursive;\"><span style=\"font-size: medium;\">Arte<\/span><\/span><\/a><\/u><\/span><span style=\"font-family: Comic Sans MS, cursive;\"><span style=\"font-size: medium;\">, a retrouv\u00e9, au fin fond de l\u2019Oklahoma, des amis rencontr\u00e9s en\u00a02014\u00a0lors d\u2019un s\u00e9jour scolaire, presque tous devenus trumpistes. Sa minis\u00e9rie d\u00e9crit admirablement le foss\u00e9 creus\u00e9 entre les d\u00e9mocrates et la classe moyenne am\u00e9ricaine, \u00e9cras\u00e9e par l\u2019inflation et confort\u00e9e dans son choix de Trump par le sentiment d\u2019\u00eatre consid\u00e9r\u00e9e par la gauche comme une caste de <\/span><\/span><span style=\"font-family: Comic Sans MS, cursive;\"><span style=\"font-size: medium;\"><i>\u00ab\u00a0privil\u00e9gi\u00e9s blancs\u00a0\u00bb<\/i><\/span><\/span><span style=\"font-family: Comic Sans MS, cursive;\"><span style=\"font-size: medium;\">.<\/span><\/span><\/p>\n<p style=\"text-align: justify;\"><span style=\"font-family: Comic Sans MS, cursive;\"><span style=\"font-size: medium;\">Alors que les algorithmes des r\u00e9seaux sociaux et la polarisation des soci\u00e9t\u00e9s confortent la juxtaposition de pens\u00e9es en silo, le contexte de haute incertitude exige l\u2019anticipation. Celle-ci suppose de conna\u00eetre le mode de pens\u00e9e, les int\u00e9r\u00eats, les craintes, les obsessions des \u00ab\u00a0autres\u00a0\u00bb, celles et ceux qui d\u00e9signent des boucs \u00e9missaires et pr\u00e9parent ou souhaitent un avenir par nous redout\u00e9. Rapporter et analyser ces m\u00e9canismes, loin de faire le jeu de l\u2019ennemi, doit aider \u00e0 mieux y r\u00e9pondre. Fermer les yeux sur des r\u00e9alit\u00e9s qui bousculent ou d\u00e9plaisent ne peut que les conforter. Et abandonner aux va-t-en-guerre ou aux marchands de haine les valeurs de souverainet\u00e9, de la\u00efcit\u00e9, de dignit\u00e9, ou de s\u00e9curit\u00e9, risque de faciliter l\u2019av\u00e8nement de l\u2019\u00ab\u00a0impensable\u00a0\u00bb.<\/span><\/span><\/p>\n<p style=\"text-align: center;\"><span style=\"font-family: Comic Sans MS, cursive;\"><span style=\"font-size: medium;\">** **<\/span><\/span><\/p>\n<p style=\"text-align: justify;\"><span style=\"font-family: Comic Sans MS, cursive;\"><span style=\"font-size: medium;\">Publi\u00e9 le 21 d\u00e9cembre 2025\u00a0<\/span><\/span><\/p>\n","protected":false},"excerpt":{"rendered":"<p>&#8230; il faut mieux \u00e9couter ce qu\u2019on ne veut pas entendre\u00a0\u00bb<\/p>\n","protected":false},"author":2,"featured_media":0,"comment_status":"closed","ping_status":"closed","sticky":false,"template":"","format":"standard","meta":{"footnotes":""},"categories":[1],"tags":[],"class_list":["post-16159","post","type-post","status-publish","format-standard","hentry","category-non-classe"],"_links":{"self":[{"href":"https:\/\/www.quieryavenir.fr\/blog\/wp-json\/wp\/v2\/posts\/16159","targetHints":{"allow":["GET"]}}],"collection":[{"href":"https:\/\/www.quieryavenir.fr\/blog\/wp-json\/wp\/v2\/posts"}],"about":[{"href":"https:\/\/www.quieryavenir.fr\/blog\/wp-json\/wp\/v2\/types\/post"}],"author":[{"embeddable":true,"href":"https:\/\/www.quieryavenir.fr\/blog\/wp-json\/wp\/v2\/users\/2"}],"replies":[{"embeddable":true,"href":"https:\/\/www.quieryavenir.fr\/blog\/wp-json\/wp\/v2\/comments?post=16159"}],"version-history":[{"count":1,"href":"https:\/\/www.quieryavenir.fr\/blog\/wp-json\/wp\/v2\/posts\/16159\/revisions"}],"predecessor-version":[{"id":16160,"href":"https:\/\/www.quieryavenir.fr\/blog\/wp-json\/wp\/v2\/posts\/16159\/revisions\/16160"}],"wp:attachment":[{"href":"https:\/\/www.quieryavenir.fr\/blog\/wp-json\/wp\/v2\/media?parent=16159"}],"wp:term":[{"taxonomy":"category","embeddable":true,"href":"https:\/\/www.quieryavenir.fr\/blog\/wp-json\/wp\/v2\/categories?post=16159"},{"taxonomy":"post_tag","embeddable":true,"href":"https:\/\/www.quieryavenir.fr\/blog\/wp-json\/wp\/v2\/tags?post=16159"}],"curies":[{"name":"wp","href":"https:\/\/api.w.org\/{rel}","templated":true}]}}