{"id":16169,"date":"2026-01-12T02:41:15","date_gmt":"2026-01-12T01:41:15","guid":{"rendered":"https:\/\/www.quieryavenir.fr\/blog\/?p=16169"},"modified":"2026-01-11T07:43:25","modified_gmt":"2026-01-11T06:43:25","slug":"comment-oublier-gaza","status":"publish","type":"post","link":"https:\/\/www.quieryavenir.fr\/blog\/2026\/01\/12\/comment-oublier-gaza\/","title":{"rendered":"Comment oublier Gaza"},"content":{"rendered":"<p style=\"text-align: justify;\"><img loading=\"lazy\" decoding=\"async\" class=\"wp-image-16164 aligncenter\" src=\"https:\/\/www.quieryavenir.fr\/blog\/wp-content\/uploads\/2026\/01\/Loto-260201-VF-212x300.jpg\" alt=\"\" width=\"341\" height=\"483\" srcset=\"https:\/\/www.quieryavenir.fr\/blog\/wp-content\/uploads\/2026\/01\/Loto-260201-VF-212x300.jpg 212w, https:\/\/www.quieryavenir.fr\/blog\/wp-content\/uploads\/2026\/01\/Loto-260201-VF-768x1086.jpg 768w, https:\/\/www.quieryavenir.fr\/blog\/wp-content\/uploads\/2026\/01\/Loto-260201-VF-1086x1536.jpg 1086w, https:\/\/www.quieryavenir.fr\/blog\/wp-content\/uploads\/2026\/01\/Loto-260201-VF.jpg 1240w\" sizes=\"auto, (max-width: 341px) 100vw, 341px\" \/><\/p>\n<h1 style=\"text-align: justify;\"><span style=\"font-family: Comic Sans MS, serif;\"><span style=\"font-size: medium;\">Ch\u00e8re Eva Illouz,<\/span><\/span><\/h1>\n<p><!--more--><\/p>\n<p style=\"text-align: justify;\"><span style=\"font-family: Comic Sans MS, serif;\"><span style=\"font-size: medium;\">J\u2019ai lu votre\u00a0<\/span><\/span><span style=\"color: #000080;\"><u><a href=\"https:\/\/www.lemonde.fr\/idees\/article\/2025\/12\/18\/eva-illouz-sociologue-l-antisemitisme-global-a-fait-du-monde-entier-un-lieu-ou-les-juifs-ne-sont-pas-les-bienvenus_6658588_3232.html\"><span style=\"font-family: Comic Sans MS, serif;\"><span style=\"font-size: medium;\"><span lang=\"fr-FR\">tribune<\/span><\/span><\/span><\/a><\/u><\/span><span style=\"font-family: Comic Sans MS, serif;\"><span style=\"font-size: medium;\">\u00a0parue dans\u00a0<\/span><\/span><span style=\"font-family: Comic Sans MS, serif;\"><span style=\"font-size: medium;\"><i>Le Monde<\/i><\/span><\/span><span style=\"font-family: Comic Sans MS, serif;\"><span style=\"font-size: medium;\">\u00a0du 18 d\u00e9cembre 2025, intitul\u00e9e \u00ab\u00a0<\/span><\/span><span style=\"font-family: Comic Sans MS, serif;\"><span style=\"font-size: medium;\"><i>L<\/i><\/span><\/span><span style=\"font-family: Comic Sans MS, serif;\"><span style=\"font-size: medium;\">\u2019<\/span><\/span><span style=\"font-family: Comic Sans MS, serif;\"><span style=\"font-size: medium;\"><i>antis\u00e9mitisme global a fait du monde entier un lieu o\u00f9 les juifs ne sont pas les bienvenus\u00a0<\/i><\/span><\/span><span style=\"font-family: Comic Sans MS, serif;\"><span style=\"font-size: medium;\">\u00bb. Vous y affirmez que l\u2019antisionisme serait aujourd\u2019hui la forme contemporaine d\u2019une \u00ab\u00a0<\/span><\/span><span style=\"font-family: Comic Sans MS, serif;\"><span style=\"font-size: medium;\"><i>culture de l\u2019antis\u00e9mitisme<\/i><\/span><\/span><span style=\"font-family: Comic Sans MS, serif;\"><span style=\"font-size: medium;\">\u00a0\u00bb profond\u00e9ment enracin\u00e9e &#8211; au m\u00eame titre que la culture du viol. Une culture qui trouverait \u00e0 chaque \u00e9poque une formulation et un contenu renouvel\u00e9s tout en reconduisant les m\u00eames \u00ab\u00a0<\/span><\/span><span style=\"font-family: Comic Sans MS, serif;\"><span style=\"font-size: medium;\"><i>sch\u00e8mes de pens\u00e9e<\/i><\/span><\/span><span style=\"font-family: Comic Sans MS, serif;\"><span style=\"font-size: medium;\">\u00a0\u00bb d\u2019un \u00ab<\/span><\/span><span style=\"font-family: Comic Sans MS, serif;\"><span style=\"font-size: medium;\"><i>\u00a0antis\u00e9mitisme ancestral<\/i><\/span><\/span><span style=\"font-family: Comic Sans MS, serif;\"><span style=\"font-size: medium;\">\u00a0\u00bb.<\/span><\/span><\/p>\n<p style=\"text-align: justify;\"><span style=\"font-family: Comic Sans MS, serif;\"><span style=\"font-size: medium;\">A vous lire, l\u2019antis\u00e9mitisme aurait ainsi chang\u00e9 de nature avec la cr\u00e9ation de l\u2019Etat h\u00e9breu. En rev\u00eatant les habits neufs de l\u2019antisionisme, il construirait d\u00e9sormais une haine \u00e0 l\u2019\u00e9chelle du monde dont le motif central serait la n\u00e9gation de la l\u00e9gitimit\u00e9 et de l\u2019existence d\u2019Isra\u00ebl et qui ferait, par voie de cons\u00e9quence, \u00ab\u00a0<\/span><\/span><span style=\"font-family: Comic Sans MS, serif;\"><span style=\"font-size: medium;\"><i>du monde entier un lieu o\u00f9 les juifs ne sont pas les bienvenus<\/i><\/span><\/span><span style=\"font-family: Comic Sans MS, serif;\"><span style=\"font-size: medium;\">\u00a0\u00bb.<\/span><\/span><\/p>\n<p style=\"text-align: justify;\"><span style=\"font-family: Comic Sans MS, serif;\"><span style=\"font-size: medium;\">Je ne sais pas o\u00f9 vous allez chercher cette id\u00e9e que les juifs ne seraient pas les bienvenue \u00ab\u00a0<\/span><\/span><span style=\"font-family: Comic Sans MS, serif;\"><span style=\"font-size: medium;\"><i>dans le monde entier<\/i><\/span><\/span><span style=\"font-family: Comic Sans MS, serif;\"><span style=\"font-size: medium;\">\u00a0\u00bb. Vous le savez comme moi, il est de tr\u00e8s nombreux pays qui ignorent \u00e0 peu pr\u00e8s tout des juifs et de leur histoire &#8211; m\u00eame si des juifs ont pu parfois s\u2019y installer pour \u00e9chapper \u00e0 l\u2019antis\u00e9mitisme. Des milliards d\u2019individus sur cette plan\u00e8te n\u2019ont\u00a0<\/span><\/span><span style=\"font-family: Comic Sans MS, serif;\"><span style=\"font-size: medium;\"><i>aucun<\/i><\/span><\/span><span style=\"font-family: Comic Sans MS, serif;\"><span style=\"font-size: medium;\">\u00a0probl\u00e8me avec les juifs, et des milliards d\u2019individus ne connaissent\u00a0<\/span><\/span><span style=\"font-family: Comic Sans MS, serif;\"><span style=\"font-size: medium;\"><i>rien<\/i><\/span><\/span><span style=\"font-family: Comic Sans MS, serif;\"><span style=\"font-size: medium;\">\u00a0aux juifs et au juda\u00efsme, et encore moins au sionisme et \u00e0 son histoire. Ils n\u2019aiment ni ne d\u00e9testent les juifs, ils s\u2019en foutent et ils ont, d\u2019ailleurs, quantit\u00e9s d\u2019autres groupes et minorit\u00e9s \u00e0 ha\u00efr : des musulmans en Inde aux Chinois en Indon\u00e9sie, en passant par les r\u00e9fugi\u00e9s africains au Maghreb et les Ou\u00efghours en Chine, la liste est longue, interminable. Et, pour certains juifs, \u00e9migrer dans certaines de ces contr\u00e9es pouvait m\u00eame d\u2019ailleurs avoir quelque avantage : dans sa tr\u00e8s belle autobiographie familiale,\u00a0<\/span><\/span><span style=\"font-family: Comic Sans MS, serif;\"><span style=\"font-size: medium;\"><i>Rien de ce qui est humain ne nous est \u00e9tranger<\/i><\/span><\/span><span style=\"font-family: Comic Sans MS, serif;\"><span style=\"font-size: medium;\">, l\u2019anthropologue et historien Claudio Lomnitz raconte ainsi qu\u2019il interrogea son grand-p\u00e8re Misha juif de Bessarabie, \u00ab sur ce qu\u2019il avait ressenti \u00e0 son arriv\u00e9e \u00bb au P\u00e9rou en 1924. \u00ab\u00a0<\/span><\/span><span style=\"font-family: Comic Sans MS, serif;\"><span style=\"font-size: medium;\"><i>Il me r\u00e9pondit qu\u2019il \u00e9tait merveilleux d\u2019arriver dans un endroit o\u00f9 \u201cpersonne ne savait ce qu\u2019\u00e9tait un Juif\u201d<\/i><\/span><\/span><span style=\"font-family: Comic Sans MS, serif;\"><span style=\"font-size: medium;\">\u00a0\u00bb.<\/span><\/span><\/p>\n<p style=\"text-align: justify;\"><span style=\"font-family: Comic Sans MS, serif;\"><span style=\"font-size: medium;\">L\u2019Etat d\u2019Isra\u00ebl est aujourd\u2019hui reconnu par les Etats les plus puissants du monde, et le plus puissant d\u2019entre eux, les Etats-Unis, lui accorde un soutien militaire et diplomatique sans faille depuis sa cr\u00e9ation. La question de l\u2019existence d\u2019Isra\u00ebl, vous le savez, n\u2019est plus une question en r\u00e9alit\u00e9 &#8211; depuis les derni\u00e8res d\u00e9faites militaire des Etats arabes il y a cinquante ans. La rage de ceux qui r\u00eavent encore de sa disparition est tout simplement vaine, et il faut \u00eatre cr\u00e9tin, aveugle ou de mauvaise foi pour ne pas constater qu\u2019Isra\u00ebl existe et n\u2019est pas pr\u00eat de dispara\u00eetre. Si la s\u00e9curit\u00e9 de l\u2019Etat h\u00e9breu reste menac\u00e9e, son existence est concr\u00e8tement garantie par sa puissance militaire qui est sans \u00e9quivalent dans la r\u00e9gion.<\/span><\/span><\/p>\n<p style=\"text-align: justify;\"><span style=\"font-family: Comic Sans MS, serif;\"><span style=\"font-size: medium;\">L\u2019un des fondateurs du Congr\u00e8s juif mondial Nahum Goldmann, rapporte l\u2019une de ses conversations avec David Ben Gourion, le premier chef du gouvernement de l\u2019Etat d\u2019Isra\u00ebl, au milieu des ann\u00e9es cinquante : \u00ab\u00a0<\/span><\/span><span style=\"font-family: Comic Sans MS, serif;\"><span style=\"font-size: medium;\"><i>\u201cJ\u2019aurai bient\u00f4t soixante-dix ans, confie Ben Gourion. Eh bien, Nahum, me demanderais-tu si je mourrai et si je serai enterr\u00e9 dans un \u00c9tat juif que je te r\u00e9pondrais oui : dans dix ans, dans quinze ans, je crois qu\u2019il y aura encore un \u00c9tat juif. Mais si tu me demandes si mon fils Amos, qui aura cinquante ans \u00e0 la fin de l\u2019ann\u00e9e, a des chances de mourir et d\u2019\u00eatre enterr\u00e9 dans un Etat juif, je te r\u00e9pondrais : cinquante pour cent. \u00bb Mais enfin, l\u2019interrompis-je, comment peux-tu dormir avec l\u2019id\u00e9e d\u2019une telle perspective tout en \u00e9tant Premier ministre d\u2019Isra\u00ebl ? \u00ab Qui te dit que je dors ?\u201d<\/i><\/span><\/span><span style=\"font-family: Comic Sans MS, serif;\"><span style=\"font-size: medium;\">\u00a0<\/span><\/span><span style=\"font-family: Comic Sans MS, serif;\"><span style=\"font-size: medium;\"><i>r\u00e9pondit-il simplement<\/i><\/span><\/span><span style=\"font-family: Comic Sans MS, serif;\"><span style=\"font-size: medium;\">\u00a0\u00bb.<\/span><\/span><\/p>\n<p style=\"text-align: justify;\"><span style=\"font-family: Comic Sans MS, serif;\"><span style=\"font-size: medium;\">Aujourd\u2019hui, je crois que les dirigeants d\u2019Isra\u00ebl n\u2019ont pas de probl\u00e8me de sommeil.<\/span><\/span><\/p>\n<p style=\"text-align: justify;\"><span style=\"font-family: Comic Sans MS, serif;\"><span style=\"font-size: medium;\">Vous avez raison de rappeler que des voix contestant l\u2019existence d\u2019Isra\u00ebl se font encore entendre dans le monde, que ce soit des Etats comme l\u2019Iran qui ont fait de l\u2019\u00ab\u00a0<\/span><\/span><span style=\"font-family: Comic Sans MS, serif;\"><span style=\"font-size: medium;\"><i>ennemi sioniste<\/i><\/span><\/span><span style=\"font-family: Comic Sans MS, serif;\"><span style=\"font-size: medium;\">\u00a0\u00bb un pilier de leur id\u00e9ologie et de leur diplomatie, ou de divers groupes et individus anim\u00e9s par la haine des juifs et d\u2019Isra\u00ebl. Des paroles parfois suivis d\u2019actes, comme en t\u00e9moigne l\u2019\u00e9pouvantable attentat antis\u00e9mite de Sidney, le 14 d\u00e9cembre dernier. Je sais aussi que les juifs, isra\u00e9liens ou non, ont v\u00e9cu dans leur chair et dans leur coeur les attentats terroristes du 7 octobre 2023 et que, face \u00e0 la recrudescence des actes et propos antis\u00e9mites, ils manifestent une inqui\u00e9tude tr\u00e8s l\u00e9gitime. Par parenth\u00e8se, je crois que les juifs et les Isra\u00e9liens devraient autant craindre cet antis\u00e9mitisme affich\u00e9 que le philos\u00e9mitisme\u00a0<\/span><\/span><span style=\"font-family: Comic Sans MS, serif;\"><span style=\"font-size: medium;\"><i>louche<\/i><\/span><\/span><span style=\"font-family: Comic Sans MS, serif;\"><span style=\"font-size: medium;\">\u00a0de leurs nouveaux amis et soutiens venus de l\u2019extr\u00eame droite, en France et ailleurs.<\/span><\/span><\/p>\n<p style=\"text-align: justify;\"><span style=\"font-family: Comic Sans MS, serif;\"><span style=\"font-size: medium;\">Oui, comme vous le dites, la haine raciste est profond\u00e9ment \u00ab\u00a0<\/span><\/span><span style=\"font-family: Comic Sans MS, serif;\"><span style=\"font-size: medium;\"><i>enracin\u00e9e dans des sch\u00e8mes de pens\u00e9e qui d\u00e9valorisent et m\u00e9prisent un groupe<\/i><\/span><\/span><span style=\"font-family: Comic Sans MS, serif;\"><span style=\"font-size: medium;\">\u00a0\u00bb. Je rajouterai que de nombreux groupes dans le monde sont aussi incessamment pers\u00e9cut\u00e9s par des Etats qui excellent dans l\u2019art de chauffer \u00e0 blanc les pulsions identitaires et les angoisses existentielles de leur population. Et, en la mati\u00e8re, les dirigeants isra\u00e9liens, de Benjamin Netanyahou \u00e0 Bezalel Smotrich, n\u2019ont rien \u00e0 prouver, tant leurs d\u00e9clarations ont pu exprimer sans aucun surmoi les st\u00e9r\u00e9otypes racistes les plus r\u00e9pugnants \u00e0 propos des Palestiniens.<\/span><\/span><\/p>\n<p style=\"text-align: justify;\"><span style=\"font-family: Comic Sans MS, serif;\"><span style=\"font-size: medium;\">Isra\u00ebl est une nation jeune. Comme vous l\u2019\u00e9crivez, \u00ab\u00a0<\/span><\/span><span style=\"font-family: Comic Sans MS, serif;\"><span style=\"font-size: medium;\"><i>Isra\u00ebl s\u2019est cr\u00e9\u00e9 comme un pays de r\u00e9fugi\u00e9s au sortir de la seconde guerre mondiale, offrant un abri \u00e0 ce qu\u2019il restait des juifs d\u00e9cim\u00e9s par les pogroms et la Shoah, ainsi qu\u2019au million de juifs expuls\u00e9s des pays arabes<\/i><\/span><\/span><span style=\"font-family: Comic Sans MS, serif;\"><span style=\"font-size: medium;\">\u00a0\u00bb. Le sionisme, quant \u00e0 lui, est plus ancien, et vous savez comme moi, et comme tous les historiens, qu\u2019il fut \u00e0 la fois un projet d\u2019\u00e9mancipation national des populations juives europ\u00e9ennes pers\u00e9cut\u00e9es ET une des derniers entreprises de colonisation venue d\u2019Europe &#8211; de l\u2019aveu m\u00eame de son initiateur, Theodor Herzl. Pas l\u2019un (un projet national) ou l\u2019autre (un projet colonial), mais l\u2019un et l\u2019autre.<\/span><\/span><\/p>\n<p style=\"text-align: justify;\"><span style=\"font-family: Comic Sans MS, serif;\"><span style=\"font-size: medium;\">Reconnaissez, ch\u00e8re Eva Illouz, qu\u2019il est difficile de reprocher leur antisionisme aux Palestiniens qui n\u2019\u00e9taient pour rien dans l\u2019antis\u00e9mitisme europ\u00e9en et la destruction des juifs d\u2019Europe. En 1956, Moshe Dayan, le chef d\u2019\u00e9tat-major de l\u2019arm\u00e9e isra\u00e9lienne, pronon\u00e7a un \u00e9loge fun\u00e8bre en l\u2019honneur d\u2019un jeune responsable de la s\u00e9curit\u00e9 d\u2019un kibboutz situ\u00e9 \u00e0 quelques centaines de m\u00e8tres de la fronti\u00e8re avec la bande de Gaza : \u00ab <\/span><\/span><span style=\"font-family: Comic Sans MS, serif;\"><span style=\"font-size: medium;\"><i>Hier matin, Ro\u2019i a \u00e9t\u00e9 assassin\u00e9. Enivr\u00e9 par la s\u00e9r\u00e9nit\u00e9 de l\u2019aube, il n\u2019a pas vu ceux qui l\u2019attendaient en embuscade \u00e0 la lisi\u00e8re des labours. Mais ne jetons pas l\u2019opprobre sur ses assassins. Pourquoi leur reprocher la haine br\u00fblante qu\u2019ils nous vouent ? Cela fait huit ans qu\u2019ils vivent dans les camps de r\u00e9fugi\u00e9s de Gaza, alors que, sous leurs propres yeux, nous avons fait n\u00f4tres la terre et les villages dans lesquels eux et leurs anc\u00eatres ont v\u00e9cu<\/i><\/span><\/span><span style=\"font-family: Comic Sans MS, serif;\"><span style=\"font-size: medium;\">. \u00bb Il r\u00e9affirmait alors : \u00ab\u00a0<\/span><\/span><span style=\"font-family: Comic Sans MS, serif;\"><span style=\"font-size: medium;\"><i>Nous sommes la g\u00e9n\u00e9ration de la colonisation ; sans nos casques d\u2019acier et le canon de nos fusils, nous ne pourrons jamais planter un arbre ni b\u00e2tir une maison<\/i><\/span><\/span><span style=\"font-family: Comic Sans MS, serif;\"><span style=\"font-size: medium;\">. \u00bb<\/span><\/span><\/p>\n<p style=\"text-align: justify;\"><span style=\"font-family: Comic Sans MS, serif;\"><span style=\"font-size: medium;\">Si le sionisme appartient originellement \u00e0 l\u2019histoire europ\u00e9enne, il est devenu avec la cr\u00e9ation d\u2019Isra\u00ebl l\u2019h\u00e9ritage des Isra\u00e9liens eux-m\u00eames. Et c\u2019est \u00e0 eux de d\u00e9cider ce qu\u2019ils en feront \u00e0 l\u2019avenir, c\u2019est \u00e0 eux de d\u00e9cider si la part coloniale du sionisme doit \u00eatre rang\u00e9e au magasin des souvenirs peu glorieux de leur histoire. Quoi qu\u2019en dise et en pense le reste du monde, qui doit n\u00e9anmoins bien constater qu\u2019Isra\u00ebl ne prend pas tout \u00e0 fait ce chemin-l\u00e0.<\/span><\/span><\/p>\n<p style=\"text-align: justify;\"><span style=\"font-family: Comic Sans MS, serif;\"><span style=\"font-size: medium;\">Hannah Arendt ne portait pas le sionisme dans son coeur. Elle \u00e9crivait \u00e0 Gershom Scholem en 1946 qu\u2019\u00ab\u00a0<\/span><\/span><span style=\"font-family: Comic Sans MS, serif;\"><span style=\"font-size: medium;\"><i>il ne reste d\u2019autres solutions aux nationalistes coh\u00e9rents que de devenir raciste<\/i><\/span><\/span><span style=\"font-family: Comic Sans MS, serif;\"><span style=\"font-size: medium;\">\u00a0\u00bb et que \u00ab\u00a0<\/span><\/span><span style=\"font-family: Comic Sans MS, serif;\"><span style=\"font-size: medium;\"><i>la transformation d\u2019un peuple en une horde raciale est un p\u00e9ril permanent de notre \u00e9poque<\/i><\/span><\/span><span style=\"font-family: Comic Sans MS, serif;\"><span style=\"font-size: medium;\">\u00a0\u00bb. Il suffit de regarder le monde pour voir que l\u2019histoire ne cesse de lui donner raison, et que le racisme ne s\u2019est jamais aussi bien port\u00e9 sur Terre. Et Isra\u00ebl n\u2019\u00e9chappe pas \u00e0 la r\u00e8gle, rejoignant la condition de tous les Etats que compte la plan\u00e8te : au fond, pr\u00e8s de quatre-vingt ans apr\u00e8s sa naissance, il est devenu\u00a0<\/span><\/span><span style=\"font-family: Comic Sans MS, serif;\"><span style=\"font-size: medium;\"><i>un Etat comme un autre<\/i><\/span><\/span><span style=\"font-family: Comic Sans MS, serif;\"><span style=\"font-size: medium;\">\u00a0qui doit vivre, comme tous les Etats-nations de cette plan\u00e8te en tra\u00eenant avec lui son propre pass\u00e9 et son long cort\u00e8ge de saloperies, de massacres et d\u2019oppressions.<\/span><\/span><\/p>\n<p style=\"text-align: justify;\"><span style=\"font-family: Comic Sans MS, serif;\"><span style=\"font-size: medium;\">Et, de ce point de vue, je dois vous dire que votre texte m\u2019a stup\u00e9fait. Je l\u2019ai relu plusieurs fois pour \u00eatre s\u00fbr de ne pas me tromper. Mais non, je ne me suis pas tromp\u00e9. Vous avez \u00e9crit cette longue tribune sans mentionner le nom de Gaza.<\/span><\/span><\/p>\n<p style=\"text-align: justify;\"><span style=\"font-family: Comic Sans MS, serif;\"><span style=\"font-size: medium;\"><i>Pas une seule fois<\/i><\/span><\/span><span style=\"font-family: Comic Sans MS, serif;\"><span style=\"font-size: medium;\">.<\/span><\/span><\/p>\n<p style=\"text-align: justify;\"><span style=\"font-family: Comic Sans MS, serif;\"><span style=\"font-size: medium;\">Je me demande ce qu\u2019il faut penser de cet \u00ab oubli \u00bb, qu\u2019il soit conscient ou non, d\u00e9lib\u00e9r\u00e9 ou non, peu importe. Le fait est que, dans un texte qui d\u00e9fend l\u2019id\u00e9e que \u00ab\u00a0<\/span><\/span><span style=\"font-family: Comic Sans MS, serif;\"><span style=\"font-size: medium;\"><i>c<\/i><\/span><\/span><span style=\"font-family: Comic Sans MS, serif;\"><span style=\"font-size: medium;\">\u2019<\/span><\/span><span style=\"font-family: Comic Sans MS, serif;\"><span style=\"font-size: medium;\"><i>est la terre enti\u00e8re qui nous [aux juifs] est d\u00e9sormais devenue inhospitali\u00e8re<\/i><\/span><\/span><span style=\"font-family: Comic Sans MS, serif;\"><span style=\"font-size: medium;\">\u00a0\u00bb, vous n\u2019accordez pas une ligne, pas un mot \u00e0 la guerre men\u00e9e par Isra\u00ebl \u00e0 Gaza &#8211; et d\u00e9sormais en Cisjordanie. Vous n\u2019accordez pas un mot aux plus de 70 000 victimes et aux plus de 20 000 enfants tu\u00e9s par l\u2019arm\u00e9e isra\u00e9lienne depuis deux ans. Vous n\u2019accordez pas un mot au territoire bombard\u00e9 de Gaza qui est devenu, pour le coup, un peu plus qu\u2019une terre \u00ab\u00a0<\/span><\/span><span style=\"font-family: Comic Sans MS, serif;\"><span style=\"font-size: medium;\"><i>inhospitali\u00e8re<\/i><\/span><\/span><span style=\"font-family: Comic Sans MS, serif;\"><span style=\"font-size: medium;\">\u00a0\u00bb, un v\u00e9ritable camps de r\u00e9fugi\u00e9s affam\u00e9s et un cimeti\u00e8re \u00e0 ciel ouvert o\u00f9 m\u00eame les cimeti\u00e8res ont \u00e9t\u00e9 d\u00e9truits au bulldozer.<\/span><\/span><\/p>\n<p style=\"text-align: justify;\"><span style=\"font-family: Comic Sans MS, serif;\"><span style=\"font-size: medium;\">Ah si, vous \u00e9voquez, en passant, \u00ab\u00a0<\/span><\/span><span style=\"font-family: Comic Sans MS, serif;\"><span style=\"font-size: medium;\"><i>les Palestiniens, ceux qui souffrent am\u00e8rement des exactions du gouvernement isra\u00e9lien\u00a0<\/i><\/span><\/span><span style=\"font-family: Comic Sans MS, serif;\"><span style=\"font-size: medium;\">\u00bb.<\/span><\/span><\/p>\n<p style=\"text-align: justify;\"><span style=\"font-family: Comic Sans MS, serif;\"><span style=\"font-size: medium;\">Des \u00ab\u00a0<\/span><\/span><span style=\"font-family: Comic Sans MS, serif;\"><span style=\"font-size: medium;\"><i>exactions<\/i><\/span><\/span><span style=\"font-family: Comic Sans MS, serif;\"><span style=\"font-size: medium;\">\u00a0\u00bb, vraiment ? Vous n\u2019avez pas trouv\u00e9 d\u2019autre mot ?<\/span><\/span><\/p>\n<p style=\"text-align: justify;\"><span style=\"font-family: Comic Sans MS, serif;\"><span style=\"font-size: medium;\">Je ne sais si, un jour, Isra\u00ebl mettra un terme \u00e0 sa fuite en avant meurtri\u00e8re et \u00e0 sa politique de massacre et d\u2019\u00e9radication de la pr\u00e9sence palestinienne \u00e0 Gaza et en Cisjordanie. Mais si ce jour arrive, les Isra\u00e9liens et leur dirigeants n\u2019\u00e9chapperont pas un examen de conscience pour affronter ce que ses dirigeants se sont autoris\u00e9s \u00e0 faire, sans parler de la complicit\u00e9 des Etats qui n\u2019ont rien \u2014 ou tr\u00e8s peu \u2014 fait pour les arr\u00eater. Comme n\u2019importe quel Etat sur cette terre, Isra\u00ebl devra vivre avec cette responsabilit\u00e9 historique, et avec cette m\u00e9moire-l\u00e0.<\/span><\/span><\/p>\n<p style=\"text-align: justify;\"><span style=\"font-family: Comic Sans MS, serif;\"><span style=\"font-size: medium;\">En attendant, ce n\u2019est pas \u00ab\u00a0<\/span><\/span><span style=\"font-family: Comic Sans MS, serif;\"><span style=\"font-size: medium;\"><i>le monde entier<\/i><\/span><\/span><span style=\"font-family: Comic Sans MS, serif;\"><span style=\"font-size: medium;\">\u00a0\u00bb qui est devenu \u00ab\u00a0<\/span><\/span><span style=\"font-family: Comic Sans MS, serif;\"><span style=\"font-size: medium;\"><i>inhospitalier<\/i><\/span><\/span><span style=\"font-family: Comic Sans MS, serif;\"><span style=\"font-size: medium;\">\u00a0\u00bb aux \u00ab\u00a0<\/span><\/span><span style=\"font-family: Comic Sans MS, serif;\"><span style=\"font-size: medium;\"><i>juifs<\/i><\/span><\/span><span style=\"font-family: Comic Sans MS, serif;\"><span style=\"font-size: medium;\">\u00a0\u00bb. Ce sont des dirigeants et militaires\u00a0<\/span><\/span><span style=\"font-family: Comic Sans MS, serif;\"><span style=\"font-size: medium;\"><i>isra\u00e9liens<\/i><\/span><\/span><span style=\"font-family: Comic Sans MS, serif;\"><span style=\"font-size: medium;\">\u00a0qui se trouvent poursuivis pour leurs crimes de guerre par des tribunaux nationaux et internationaux. Comme d\u2019autres dirigeants d\u2019autres pays du monde, aujourd\u2019hui comme hier. Ces plaintes, issues des soci\u00e9t\u00e9s civiles, n\u2019ont pas pes\u00e9 lourd sur le cours de cette guerre, et elles ne m\u00e8neront sans doute pas bien loin. Mais elles rappellent \u00e0 tous les dirigeants criminels de cette plan\u00e8te que ces soci\u00e9t\u00e9s civiles ne les laisseront pas tranquilles.<\/span><\/span><\/p>\n<p style=\"text-align: justify;\"><span style=\"font-family: Comic Sans MS, serif;\"><span style=\"font-size: medium;\">H Jallon sur son blog \u00e0 mediapart<\/span><\/span><\/p>\n<p style=\"text-align: center;\"><span style=\"font-family: Comic Sans MS, cursive;\"><span style=\"font-size: medium;\">** **<\/span><\/span><\/p>\n<h1 class=\"western\" style=\"text-align: justify;\"><strong><span style=\"font-family: Comic Sans MS, cursive;\"><span style=\"font-size: medium;\">Hugues Jallon | <\/span><\/span><\/strong><em><span style=\"font-family: Comic Sans MS, cursive;\"><span style=\"font-size: medium;\">Le temps des salauds. Comment le fascisme devient r\u00e9el<\/span><\/span><\/em><strong><span style=\"font-family: Comic Sans MS, cursive;\"><span style=\"font-size: medium;\">.<\/span><\/span><\/strong><span style=\"font-family: Comic Sans MS, cursive;\"><span style=\"font-size: medium;\"> Divergences, 112 p., 12 \u20ac<\/span><\/span><\/h1>\n<p style=\"text-align: justify;\"><span style=\"font-family: Comic Sans MS, cursive;\"><span style=\"font-size: medium;\">Cet essai est comme un livre de comptes. En temps r\u00e9el ou presque, il rel\u00e8ve les compromissions des uns et des autres. Les \u00e9ditocrates \u00e9nergiques, qui contribuent par leur discours \u00e0 camoufler la dangerosit\u00e9 de l\u2019extr\u00eame droite. Les ministres volontaristes, qui baissent bien bas leur chapeau \u00e0 leurs homologues \u00e9trangers les plus f\u00e9roces. Les d\u00e9put\u00e9s sans scrupules, qui pr\u00e9f\u00e8rent l\u2019autoritarisme antid\u00e9mocratique \u00e0 toute \u00e9vocation de justice sociale. Bref, une succession tristement carnavalesque, qui sera famili\u00e8re \u00e0 qui s\u2019int\u00e9resse de pr\u00e8s ou de loin \u00e0 l\u2019actualit\u00e9 politique fran\u00e7aise.<\/span><\/span><\/p>\n<p style=\"text-align: justify;\"><span style=\"font-family: Comic Sans MS, cursive;\"><span style=\"font-size: medium;\">Le livre utilise un proc\u00e9d\u00e9 efficace\u00a0: les <\/span><\/span><em><span style=\"font-family: Comic Sans MS, cursive;\"><span style=\"font-size: medium;\">salauds <\/span><\/span><\/em><span style=\"font-family: Comic Sans MS, cursive;\"><span style=\"font-size: medium;\">ne sont pas nomm\u00e9s dans le corps du texte, mais ils le sont dans les notes en fin d\u2019ouvrage. Cela cr\u00e9\u00e9 un d\u00e9filement ininterrompu, celui d\u2019une masse de personnalit\u00e9s publiques qui \u0153uvrent de concert pour rendre concr\u00e8te la possibilit\u00e9 fasciste. N\u00e9anmoins, le lecteur curieux n\u2019aura qu\u2019\u00e0 tourner quelques pages pour conna\u00eetre les noms de ceux qui y contribuent \u2013 leur responsabilit\u00e9 individuelle, manifeste, n\u2019est pas ni\u00e9e.<\/span><\/span><\/p>\n<p style=\"text-align: justify;\"><span style=\"font-family: Comic Sans MS, cursive;\"><span style=\"font-size: medium;\">On sait (et toute personne un peu inform\u00e9e sait) ce qui est en train de se tramer. Mais puisqu\u2019il nous est parfois difficile de prendre conscience de qui arrive, il peut \u00eatre bon de lire ce livre. Alors lisons, \u00e0 nouveau, qu\u2019un pr\u00e9sident en exercice a donn\u00e9 une interview \u00e0 l\u2019hebdomadaire d\u2019extr\u00eame droite <\/span><\/span><em><span style=\"font-family: Comic Sans MS, cursive;\"><span style=\"font-size: medium;\">Valeurs Actuelles<\/span><\/span><\/em><span style=\"font-family: Comic Sans MS, cursive;\"><span style=\"font-size: medium;\"> \u2013 et a cit\u00e9, sans le nommer, Charles Maurras\u00a0; qu\u2019un ministre en activit\u00e9 a chaleureusement f\u00e9licit\u00e9 Elon Musk pour son arriv\u00e9e \u00e0 la t\u00eate d\u2019une officine gouvernementale trumpienne ; qu\u2019une cohorte de journalistes et d\u2019hommes politiques a \u00ab\u00a0<\/span><\/span><em><span style=\"font-family: Comic Sans MS, cursive;\"><span style=\"font-size: medium;\">accept\u00e9, sinon soutenu, des mois durant, une guerre ouverte men\u00e9e contre des civils par un gouvernement d\u2019extr\u00eame droite au nom de son droit autoproclam\u00e9 \u00e0 la l\u00e9gitime d\u00e9fense<\/span><\/span><\/em><span style=\"font-family: Comic Sans MS, cursive;\"><span style=\"font-size: medium;\">\u00a0\u00bb \u00e0 Gaza \u00a0; qu\u2019un pr\u00e9sident de r\u00e9gion a affirm\u00e9 qu\u2019en France les associations \u00ab\u00a0<\/span><\/span><em><span style=\"font-family: Comic Sans MS, cursive;\"><span style=\"font-size: medium;\">sont nourries d\u2019une pens\u00e9e d\u2019extr\u00eame gauche et financ\u00e9es sur fonds publics<\/span><\/span><\/em><span style=\"font-family: Comic Sans MS, cursive;\"><span style=\"font-size: medium;\">\u00a0\u00bb\u00a0; et que tout projet, m\u00eame vague, d\u2019augmentation des taxes sur les entreprises s\u2019est aussit\u00f4t attir\u00e9 les foudres du patron de LVMH \u2013 lequel a, pour cela, r\u00e9colt\u00e9 des lauriers tress\u00e9s par le parti au pouvoir.<\/span><\/span><\/p>\n<p style=\"text-align: justify;\"><span style=\"font-family: Comic Sans MS, cursive;\"><span style=\"font-size: medium;\">Dans un des passages les plus marquants du livre, Hugues Jallon d\u00e9crit plus largement l\u00e0 o\u00f9 nous en sommes. \u00ab\u00a0<\/span><\/span><em><span style=\"font-family: Comic Sans MS, cursive;\"><span style=\"font-size: medium;\">Ils savent que la pression scolaire et la pression au travail minent toujours plus la sant\u00e9 mentale de ceux qui la subissent\u00a0; <\/span><\/span><\/em><span style=\"font-family: Comic Sans MS, cursive;\"><span style=\"font-size: medium;\">[\u2026 ] <\/span><\/span><em><span style=\"font-family: Comic Sans MS, cursive;\"><span style=\"font-size: medium;\">que la course g\u00e9n\u00e9rale \u00e0 la productivit\u00e9, \u00e0 la rentabilit\u00e9 et \u00e0 la comp\u00e9titivit\u00e9 dessine un monde o\u00f9 personne n\u2019a envie de vivre \u2013 savent-ils que, depuis des ann\u00e9es, dans ce pays, on se quitte en se disant \u2018\u2019bon courage\u2019\u2019\u00a0?\u00a0Comme nous, ils savent d\u2019autres choses encore. Par exemple, ils savent qu\u2019il existe un immense amas de d\u00e9chets, un v\u00e9ritable continent de plastique dans l\u2019oc\u00e9an Pacifique\u00a0; que 60\u00a0% de la population d\u2019animaux sauvages a disparu en cinquante ans\u00a0; que pr\u00e8s de 30\u00a0% des esp\u00e8ces connues sont menac\u00e9es d\u2019extinction.<\/span><\/span><\/em><span style=\"font-family: Comic Sans MS, cursive;\"><span style=\"font-size: medium;\">\u00a0\u00bb Ils savent, les <\/span><\/span><em><span style=\"font-family: Comic Sans MS, cursive;\"><span style=\"font-size: medium;\">salauds, <\/span><\/span><\/em><span style=\"font-family: Comic Sans MS, cursive;\"><span style=\"font-size: medium;\">mais font tout leur possible pour que rien ne change.<\/span><\/span><\/p>\n<p style=\"text-align: justify;\"><span style=\"font-family: Comic Sans MS, cursive;\"><span style=\"font-size: medium;\">Sous cet aspect-l\u00e0, l\u2019ouvrage est efficace, rythm\u00e9 et clair. Revenons cependant \u00e0 l\u2019axiome qui lui a donn\u00e9 son titre\u00a0: \u00ab\u00a0<\/span><\/span><em><span style=\"font-family: Comic Sans MS, cursive;\"><span style=\"font-size: medium;\">Le fascisme, \u00e7a commence avec les fous, \u00e7a se r\u00e9alise gr\u00e2ce aux salauds et \u00e7a continue \u00e0 cause des cons.\u00a0<\/span><\/span><\/em><span style=\"font-family: Comic Sans MS, cursive;\"><span style=\"font-size: medium;\">\u00bb Comme tous les axiomes, il n\u2019est pas interrog\u00e9. Hugues Jallon le pr\u00e9cise seulement, \u00e0 grands traits, dans les premi\u00e8res pages. Reprenons. Le salaud ne serait pas le fou, car \u00ab <\/span><\/span><em><span style=\"font-family: Comic Sans MS, cursive;\"><span style=\"font-size: medium;\">il n\u2019a pas d\u2019imagination ni de vision<\/span><\/span><\/em><span style=\"font-family: Comic Sans MS, cursive;\"><span style=\"font-size: medium;\">\u00a0\u00bb, \u00ab\u00a0<\/span><\/span><em><span style=\"font-family: Comic Sans MS, cursive;\"><span style=\"font-size: medium;\">il ne se jette pas de tout son corps<\/span><\/span><\/em><span style=\"font-family: Comic Sans MS, cursive;\"><span style=\"font-size: medium;\">\u00a0\u00bb. Le fou agirait au sein de \u00ab\u00a0<\/span><\/span><em><span style=\"font-family: Comic Sans MS, cursive;\"><span style=\"font-size: medium;\">bandes de cingl\u00e9s lunatiques<\/span><\/span><\/em><span style=\"font-family: Comic Sans MS, cursive;\"><span style=\"font-size: medium;\"> [qui] <\/span><\/span><em><span style=\"font-family: Comic Sans MS, cursive;\"><span style=\"font-size: medium;\">parviennent \u00e0 monter sur la sc\u00e8ne publique et \u00e0 faire entendre et r\u00e9sonner leurs d\u00e9lires<\/span><\/span><\/em><span style=\"font-family: Comic Sans MS, cursive;\"><span style=\"font-size: medium;\"> \u00bb. \u00ab\u00a0<\/span><\/span><em><span style=\"font-family: Comic Sans MS, cursive;\"><span style=\"font-size: medium;\">Les fous s\u2019agitent, braillent, ils parviennent \u00e0 s\u00e9duire une frange de l\u2019\u00e9lectorat, mais longtemps ils restent isol\u00e9s.<\/span><\/span><\/em><span style=\"font-family: Comic Sans MS, cursive;\"><span style=\"font-size: medium;\">\u00a0\u00bb<\/span><\/span><\/p>\n<p style=\"text-align: justify;\"><span style=\"font-family: Comic Sans MS, cursive;\"><span style=\"font-size: medium;\">Aux <\/span><\/span><em><span style=\"font-family: Comic Sans MS, cursive;\"><span style=\"font-size: medium;\">fous <\/span><\/span><\/em><span style=\"font-family: Comic Sans MS, cursive;\"><span style=\"font-size: medium;\">donc la pseudo-audace rh\u00e9torique, la cr\u00e9ativit\u00e9 id\u00e9ologique, la d\u00e9termination des enrag\u00e9s et des francs-tireurs, et aux <\/span><\/span><em><span style=\"font-family: Comic Sans MS, cursive;\"><span style=\"font-size: medium;\">salauds <\/span><\/span><\/em><span style=\"font-family: Comic Sans MS, cursive;\"><span style=\"font-size: medium;\">les petites tractations \u00e9gotistes, la volont\u00e9 de se faire une place au soleil, le d\u00e9sir d\u2019utiliser la pouss\u00e9e fasciste pour maintenir en place le syst\u00e8me capitaliste. Mettons. Mais le mot \u00ab\u00a0fou\u00a0\u00bb est pris dans des syst\u00e8mes de labellisation et de domination qui ne peuvent\u00a0 \u00eatre subitement abolis. Sa densit\u00e9 s\u00e9mantique le rend difficilement transmutable. La question des rapports entre folie et fascisme est particuli\u00e8rement pi\u00e9g\u00e9e \u2013 et elle m\u00e9rite d\u2019\u00eatre patiemment analys\u00e9e. Rappelons seulement que l\u2019id\u00e9ologie eug\u00e9niste et raciste du Troisi\u00e8me Reich a suscit\u00e9 ce qui a \u00e9t\u00e9 nomm\u00e9 \u00ab\u00a0l\u2019extermination douce\u00a0\u00bb au sein des h\u00f4pitaux psychiatriques fran\u00e7ais, soit la mort de plus de 40 000 personnes d\u2019inanition et de maladie. Ce ph\u00e9nom\u00e8ne massif de mort, aussi appel\u00e9 \u00ab\u00a0l\u2019h\u00e9catombe des fous\u00a0\u00bb par l\u2019historienne Isabelle von Bueltzingsloewen, nous enseigne que le fascisme ne commence pas<\/span><\/span><em><span style=\"font-family: Comic Sans MS, cursive;\"><span style=\"font-size: medium;\"> avec<\/span><\/span><\/em><span style=\"font-family: Comic Sans MS, cursive;\"><span style=\"font-size: medium;\"> les fous, mais<\/span><\/span><em><span style=\"font-family: Comic Sans MS, cursive;\"><span style=\"font-size: medium;\"> par<\/span><\/span><\/em><span style=\"font-family: Comic Sans MS, cursive;\"><span style=\"font-size: medium;\"> eux. Les fous, au sens premier du terme, sont\u00a0les premiers \u00e0 nourrir la machine exterminatrice.<\/span><\/span><\/p>\n<p style=\"text-align: justify;\"><span style=\"font-family: Comic Sans MS, cursive;\"><span style=\"font-size: medium;\">On est encore plus surpris, peut-\u00eatre, par l\u2019apparition du mot \u00ab\u00a0folie\u00a0\u00bb au beau milieu du livre, dans un paragraphe d\u00e9di\u00e9 aux <\/span><\/span><em><span style=\"font-family: Comic Sans MS, cursive;\"><span style=\"font-size: medium;\">sovereign citizens, <\/span><\/span><\/em><span style=\"font-family: Comic Sans MS, cursive;\"><span style=\"font-size: medium;\">une th\u00e9orie du complot relative \u00e0 une fausse possibilit\u00e9 de d\u00e9missionner de l\u2019\u00e9tat civil. L\u00e0 aussi, la question des rapports entre conspirationnisme et irrationalit\u00e9 m\u00e9rite de la prudence. Dans un article de 2021 publi\u00e9 sur <\/span><\/span><em><span style=\"font-family: Comic Sans MS, cursive;\"><span style=\"font-size: medium;\">AOC, <\/span><\/span><\/em><span style=\"font-family: Comic Sans MS, cursive;\"><span style=\"font-size: medium;\">intitul\u00e9 <\/span><\/span><em><span style=\"font-family: Comic Sans MS, cursive;\"><span style=\"font-size: medium;\">Les fous et les sages,<\/span><\/span><\/em><span style=\"font-family: Comic Sans MS, cursive;\"><span style=\"font-size: medium;\"> Jacques Ranci\u00e8re soutenait avec justesse que les \u00ab\u00a0<\/span><\/span><em><span style=\"font-family: Comic Sans MS, cursive;\"><span style=\"font-size: medium;\">th\u00e9ories complotistes et n\u00e9gationnistes rel\u00e8vent d\u2019une logique qui n\u2019est pas r\u00e9serv\u00e9e aux esprits simples et aux cerveaux malades<\/span><\/span><\/em><span style=\"font-family: Comic Sans MS, cursive;\"><span style=\"font-size: medium;\">\u00a0\u00bb et que \u00ab<\/span><\/span><em><span style=\"font-family: Comic Sans MS, cursive;\"><span style=\"font-size: medium;\">\u00a0la possibilit\u00e9 de tout nier<\/span><\/span><\/em><span style=\"font-family: Comic Sans MS, cursive;\"><span style=\"font-size: medium;\"> [\u2026] <\/span><\/span><em><span style=\"font-family: Comic Sans MS, cursive;\"><span style=\"font-size: medium;\">est une possibilit\u00e9 inscrite dans la structure m\u00eame de notre raison<\/span><\/span><\/em><span style=\"font-family: Comic Sans MS, cursive;\"><span style=\"font-size: medium;\">\u00a0\u00bb. Il ajoutait que ce mode de pens\u00e9e \u00e9tait \u00ab\u00a0<\/span><\/span><em><span style=\"font-family: Comic Sans MS, cursive;\"><span style=\"font-size: medium;\">une variante de la rationalit\u00e9 dominante<\/span><\/span><\/em><span style=\"font-family: Comic Sans MS, cursive;\"><span style=\"font-size: medium;\">\u00a0\u00bb. L\u2019auteur sait d\u2019ailleurs que le fascisme, lorsque l\u2019ordre socio-\u00e9conomique para\u00eet menac\u00e9, peut \u00eatre choisi en tant que solution <\/span><\/span><em><span style=\"font-family: Comic Sans MS, cursive;\"><span style=\"font-size: medium;\">rationnelle <\/span><\/span><\/em><span style=\"font-family: Comic Sans MS, cursive;\"><span style=\"font-size: medium;\">par ceux qui nous gouvernent afin d\u2019\u00e9carter tout risque insurrectionnel \u2013 c\u2019est le choix qui revient aux <\/span><\/span><em><span style=\"font-family: Comic Sans MS, cursive;\"><span style=\"font-size: medium;\">salauds.<\/span><\/span><\/em><\/p>\n<p style=\"text-align: justify;\"><span style=\"font-family: Comic Sans MS, cursive;\"><span style=\"font-size: medium;\">Cela dit, si l\u2019on veut bien faire abstraction de cet axiome introductif propre \u00e0 nourrir la confusion, on trouvera dans cet essai une forme efficace\u00a0: une structure litt\u00e9raire calqu\u00e9e sur le flux des actualit\u00e9s. C\u2019est cette forme m\u00eame qui nourrit un sentiment paradoxal, puisqu\u2019elle semble avoir d\u00e9j\u00e0 un train de retard. \u00c0 l\u2019heure o\u00f9 l\u2019on \u00e9crit ces lignes \u2013 l\u2019ouvrage a paru il y a seulement trois semaines \u2013, on aimerait d\u00e9j\u00e0 y ajouter plusieurs pages. Quelques-unes, au moins, pour tenter de cerner ce qui est \u00e0 l\u2019\u0153uvre dans les d\u00e9clarations d\u2019empathie qui ont afflu\u00e9 apr\u00e8s l\u2019assassinat d\u2019un influenceur MAGA, r\u00e9actionnaire et raciste.<\/span><\/span><\/p>\n<p style=\"text-align: justify;\"><span style=\"font-family: Comic Sans MS, cursive;\"><span style=\"font-size: medium;\">Si cet essai cr\u00e9pusculaire conserve une forme d\u2019espoir, c\u2019est celui qu\u2019\u00e0 un moment il faudra bien rendre des comptes. \u00c0 un moment, il faudra bien t\u00e9moigner, tenter de d\u00e9m\u00ealer les fils, essayer de comprendre comment tout cela s\u2019est produit. \u00c0 cette aune, <\/span><\/span><em><span style=\"font-family: Comic Sans MS, cursive;\"><span style=\"font-size: medium;\">Le temps des salauds<\/span><\/span><\/em><span style=\"font-family: Comic Sans MS, cursive;\"><span style=\"font-size: medium;\"> est un ouvrage ambivalent, \u00e0 la fois rythm\u00e9 par le tempo des <\/span><\/span><em><span style=\"font-family: Comic Sans MS, cursive;\"><span style=\"font-size: medium;\">news <\/span><\/span><\/em><span style=\"font-family: Comic Sans MS, cursive;\"><span style=\"font-size: medium;\">et livre pour l\u2019Histoire.<\/span><\/span><\/p>\n<p style=\"text-align: justify;\"><span style=\"font-family: Comic Sans MS, cursive;\"><span style=\"font-size: medium;\">en-attendant-nadeau.fr<\/span><\/span><\/p>\n","protected":false},"excerpt":{"rendered":"<p>Ch\u00e8re Eva Illouz,<\/p>\n","protected":false},"author":2,"featured_media":0,"comment_status":"closed","ping_status":"closed","sticky":false,"template":"","format":"standard","meta":{"footnotes":""},"categories":[1],"tags":[],"class_list":["post-16169","post","type-post","status-publish","format-standard","hentry","category-non-classe"],"_links":{"self":[{"href":"https:\/\/www.quieryavenir.fr\/blog\/wp-json\/wp\/v2\/posts\/16169","targetHints":{"allow":["GET"]}}],"collection":[{"href":"https:\/\/www.quieryavenir.fr\/blog\/wp-json\/wp\/v2\/posts"}],"about":[{"href":"https:\/\/www.quieryavenir.fr\/blog\/wp-json\/wp\/v2\/types\/post"}],"author":[{"embeddable":true,"href":"https:\/\/www.quieryavenir.fr\/blog\/wp-json\/wp\/v2\/users\/2"}],"replies":[{"embeddable":true,"href":"https:\/\/www.quieryavenir.fr\/blog\/wp-json\/wp\/v2\/comments?post=16169"}],"version-history":[{"count":1,"href":"https:\/\/www.quieryavenir.fr\/blog\/wp-json\/wp\/v2\/posts\/16169\/revisions"}],"predecessor-version":[{"id":16170,"href":"https:\/\/www.quieryavenir.fr\/blog\/wp-json\/wp\/v2\/posts\/16169\/revisions\/16170"}],"wp:attachment":[{"href":"https:\/\/www.quieryavenir.fr\/blog\/wp-json\/wp\/v2\/media?parent=16169"}],"wp:term":[{"taxonomy":"category","embeddable":true,"href":"https:\/\/www.quieryavenir.fr\/blog\/wp-json\/wp\/v2\/categories?post=16169"},{"taxonomy":"post_tag","embeddable":true,"href":"https:\/\/www.quieryavenir.fr\/blog\/wp-json\/wp\/v2\/tags?post=16169"}],"curies":[{"name":"wp","href":"https:\/\/api.w.org\/{rel}","templated":true}]}}