{"id":16171,"date":"2026-01-13T02:25:04","date_gmt":"2026-01-13T01:25:04","guid":{"rendered":"https:\/\/www.quieryavenir.fr\/blog\/?p=16171"},"modified":"2026-01-11T17:26:24","modified_gmt":"2026-01-11T16:26:24","slug":"en-russie","status":"publish","type":"post","link":"https:\/\/www.quieryavenir.fr\/blog\/2026\/01\/13\/en-russie\/","title":{"rendered":"En Russie"},"content":{"rendered":"<p style=\"text-align: justify;\"><img loading=\"lazy\" decoding=\"async\" class=\"wp-image-16163 aligncenter\" src=\"https:\/\/www.quieryavenir.fr\/blog\/wp-content\/uploads\/2026\/01\/Faim-251125-300x228.jpg\" alt=\"\" width=\"430\" height=\"327\" srcset=\"https:\/\/www.quieryavenir.fr\/blog\/wp-content\/uploads\/2026\/01\/Faim-251125-300x228.jpg 300w, https:\/\/www.quieryavenir.fr\/blog\/wp-content\/uploads\/2026\/01\/Faim-251125.jpg 657w\" sizes=\"auto, (max-width: 430px) 100vw, 430px\" \/><\/p>\n<h1 style=\"text-align: justify;\">Le patriotisme et l\u2019esprit militaire inculqu\u00e9s aux enfants d\u00e8s la maternelle<\/h1>\n<p><!--more--><\/p>\n<p style=\"text-align: justify;\">Depuis le d\u00e9but de l\u2019invasion \u00e0 grande \u00e9chelle de l\u2019Ukraine le 24\u00a0f\u00e9vrier\u00a02022, le Kremlin encourage des programmes de \u00ab\u00a0cadets\u00a0\u00bb. D\u00e8s l\u2019\u00e2ge de 4\u00a0ans, les petits Russes apprennent \u00e0 d\u00e9filer, \u00e0 ob\u00e9ir aux ordres et \u00e0 manier des armes factices.<\/p>\n<p style=\"text-align: justify;\">Soudain, les visages des \u00e9l\u00e8ves se sont illumin\u00e9s, surpris et enthousiastes. Dans leur maternelle de Syktyvkar, ville de 200\u00a0000\u00a0habitants \u00e0 plus de 1\u00a0000\u00a0kilom\u00e8tres au nord-est de Moscou, leur groupe s\u2019appelle \u00ab\u00a0Arc-en-ciel\u00a0\u00bb<em>.<\/em> Ce 24\u00a0mars 2025, l\u2019un des p\u00e8res de ces enfants \u00e9tait invit\u00e9 pour organiser une \u00ab\u00a0rencontre \u00e9ducative\u00a0\u00bb. Devant ces tout-petits, \u00e2g\u00e9s d\u2019environ 5\u00a0ans, il a \u00e9tal\u00e9 un\u00a0arsenal de r\u00e9pliques de fusils d\u2019assaut et de pistolets. <em>\u00ab\u00a0Les yeux des enfants se sont mis \u00e0 briller quand l\u2019homme dans son bel uniforme a sorti les armes. Tous voulaient toucher, essayer\u00a0!\u00a0\u00bb<\/em>, ont ensuite racont\u00e9 les \u00e9ducatrices sur leur page VKontakte, l\u2019un des r\u00e9seaux sociaux les plus populaires en Russie.<\/p>\n<p style=\"text-align: justify;\">A la fin de la rencontre, les enfants ont montr\u00e9 \u00e0 leur invit\u00e9 ce qu\u2019ils avaient retenu des le\u00e7ons. lls ont franchi un parcours d\u2019obstacles. Puis ils ont ex\u00e9cut\u00e9 l\u2019ordre de se coucher, visage au sol, mains derri\u00e8re la t\u00eate. Le p\u00e8re leur a expliqu\u00e9\u00a0qu\u2019il s\u2019agissait de la position \u00e0 prendre en cas d\u2019utilisation d\u2019une arme nucl\u00e9aire par l\u2019ennemi.<\/p>\n<p style=\"text-align: justify;\">A Syktyvkar, Teremok (litt\u00e9ralement \u00ab\u00a0la petite maison\u00a0\u00bb) est l\u2019une de ces nombreuses \u00e9coles maternelles qui, \u00e0 travers la Russie, ont mis en place des groupes de \u00ab\u00a0cadets\u00a0\u00bb en herbe depuis le lancement par le Kremlin, en f\u00e9vrier\u00a02022, de l\u2019<em>\u00ab\u00a0op\u00e9ration militaire sp\u00e9ciale\u00a0\u00bb<\/em> en Ukraine. Comme dans la classe de l\u2019\u00ab\u00a0Arc-en-ciel\u00a0\u00bb, les enfants ont des \u00ab\u00a0rencontres \u00e9ducatives\u00a0\u00bb. Ils participent \u00e0 des concours de marches et de chants militaires, se retrouvent pour des rassemblements et des bals entre cadets et rencontrent r\u00e9guli\u00e8rement des militaires. Ils apprennent \u00e0 se prot\u00e9ger en cas de tirs et \u00e0 rendre un rapport avec une pr\u00e9cision militaire. Et ils portent le b\u00e9ret rouge de cadet. La cible\u00a0: les enfants de 4\u00a0\u00e0 7\u00a0ans.<\/p>\n<p style=\"text-align: justify;\">Centr\u00e9s sur le patriotisme et une pr\u00e9paration militaire \u00e9l\u00e9mentaire, ces programmes ont commenc\u00e9 \u00e0 appara\u00eetre dans les maternelles d\u00e8s 2014, lors de l\u2019annexion de la Crim\u00e9e par la Russie. Apr\u00e8s l\u2019invasion de l\u2019Ukraine, en\u00a02022, le mouvement a pris de l\u2019ampleur. Au total, selon le d\u00e9compte du m\u00e9dia en ligne ind\u00e9pendant russe <em>Viorstka<\/em>, au moins 57\u00a0localit\u00e9s, dans 26\u00a0r\u00e9gions de Russie, ont cr\u00e9\u00e9 de tels groupes dans des \u00e9coles, la plupart apr\u00e8s le d\u00e9but de la guerre en Ukraine.<\/p>\n<p style=\"text-align: justify;\"><strong>Initiation au tir<\/strong><\/p>\n<p style=\"text-align: justify;\">Le programme varie selon les \u00e9tablissements. Mais le cadre se veut toujours ludique. Les enfants peuvent rencontrer des participants de l\u2019<em>\u00ab\u00a0op\u00e9ration militaire sp\u00e9ciale\u00a0\u00bb<\/em>, s\u2019initier au tir et au combat au corps-\u00e0-corps, enfiler masques \u00e0 gaz et gilets pare-balles, tresser des filets de camouflage et participer \u00e0 des \u00e9v\u00e9nements municipaux en uniforme de parade. Les instituteurs et les directeurs d\u2019\u00e9tablissement \u00e9changent leurs m\u00e9thodes, certains allant jusqu\u2019\u00e0 conclure des partenariats avec des universit\u00e9s militaires. Ils affirment contribuer ainsi \u00e0 <em>\u00ab\u00a0la formation pr\u00e9coce\u00a0\u00bb <\/em>des enfants.<\/p>\n<p style=\"text-align: justify;\">Au Conseil de la F\u00e9d\u00e9ration, la Chambre haute du Parlement russe, la commission charg\u00e9e des affaires constitutionnelles et de la construction de l\u2019Etat a d\u00e9pos\u00e9, \u00e0 l\u2019\u00e9t\u00e9, une proposition de loi sur l\u2019\u00e9ducation de ces cadets. Son objectif d\u00e9clar\u00e9\u00a0: former <em>\u00ab\u00a0l\u2019\u00e9lite de cadres destin\u00e9s au service militaire et public\u00a0\u00bb. <\/em>Le texte, qui devrait entrer en vigueur en\u00a02026, doit d\u00e9finir des normes unifi\u00e9es \u00e0 l\u2019\u00e9chelle nationale pour l\u2019enseignement des cadets.<em> \u00ab\u00a0Je ne vois rien de mauvais dans une pr\u00e9paration au service militaire, m\u00eame d\u00e8s la maternelle\u00a0\u00bb<\/em>, a d\u00e9clar\u00e9 le premier vice-pr\u00e9sident de la commission, Artiom Che\u00efkine.<\/p>\n<p style=\"text-align: justify;\">Peu \u00e0 peu, \u00e0 travers la Russie, des normes communes se mettent d\u00e9j\u00e0 en place. A en croire les t\u00e9moignages du personnel \u00e9ducatif sur les r\u00e9seaux sociaux, un rituel a commenc\u00e9 \u00e0 s\u2019\u00e9tablir pour la c\u00e9r\u00e9monie d\u2019initiation\u00a0: l\u2019hymne national retentit dans la salle\u00a0de classe\u00a0; le drapeau russe flotte\u00a0; et, par trois\u00a0fois, les enfants crient <em>\u00ab\u00a0Je le jure\u00a0!\u00a0\u00bb<\/em>, en signe de leur fid\u00e9lit\u00e9 au drapeau et \u00e0 la nation.<\/p>\n<p style=\"text-align: justify;\">Lire aussi | Article r\u00e9serv\u00e9 \u00e0 nos abonn\u00e9s <a href=\"https:\/\/www.lemonde.fr\/international\/article\/2025\/05\/09\/a-veliki-novgorod-les-celebrations-historiques-et-politiques-du-9-mai-une-fete-avec-des-larmes_6604249_3210.html\">En Russie, \u00e0 Veliki Novgorod, les c\u00e9l\u00e9brations historiques et politiques du 9-Mai\u00a0: \u00ab\u00a0Une f\u00eate avec des larmes\u00a0\u00bb<\/a><\/p>\n<p style=\"text-align: justify;\"><em>\u00ab\u00a0Les enfants ont appris les exploits des jeunes h\u00e9ros et la r\u00e9sistance \u00e0 la famine pendant la grande guerre patriotique <\/em>[1941-1945]<strong><em>\u00a0<\/em><\/strong><em>\u00bb<\/em>, explique un employ\u00e9 de la maternelle Skazka (\u00ab\u00a0conte de f\u00e9es\u00a0\u00bb) \u00e0 Pokatchi, ville de 15\u00a0000\u00a0habitants en Sib\u00e9rie. <em>\u00ab\u00a0Les enfants posaient de nombreuses questions\u00a0: \u201cPourquoi les filets<\/em> [de camouflage]<em> sont-ils si grands\u00a0?\u201d, \u201cCombien de filets avez-vous d\u00e9j\u00e0 tress\u00e9s\u00a0?\u201d<\/em> <em>Chaque r\u00e9ponse apportait de nouvelles connaissances \u00e0 nos petits penseurs\u00a0\u00bb<\/em>, raconte un employ\u00e9 de l\u2019\u00e9cole Alionouchka (nom d\u2019un personnage de conte), dans la r\u00e9gion de Samara, sur la Volga.<\/p>\n<p style=\"text-align: justify;\">Dans certaines villes, ces groupes de cadets en herbe sont cr\u00e9\u00e9s en vue de leur int\u00e9gration \u00e0 des \u00e9coles militaires. A Syktyvkar, le jardin d\u2019enfants num\u00e9ro\u00a0112 a mont\u00e9 un groupe sp\u00e9cialis\u00e9 de futurs policiers. Dans la r\u00e9gion de Koursk, pr\u00e8s de la fronti\u00e8re avec l\u2019Ukraine, partiellement occup\u00e9e par les troupes de Kiev \u00e0 l\u2019\u00e9t\u00e9 2024, les \u00e9l\u00e8ves d\u2019une maternelle sont d\u2019office int\u00e9gr\u00e9s dans la classe de \u00ab\u00a0gardes-fronti\u00e8res\u00a0\u00bb d\u2019une \u00e9cole voisine. Cette classe est dirig\u00e9e par un v\u00e9t\u00e9ran de l\u2019<em>\u00ab\u00a0op\u00e9ration militaire sp\u00e9ciale\u00a0\u00bb<\/em>.<\/p>\n<p style=\"text-align: justify;\">A Kostomoukcha, petite ville de Car\u00e9lie, r\u00e9gion frontali\u00e8re de la Finlande, des cadets\u00a0ont \u00e9t\u00e9 int\u00e9gr\u00e9s au minist\u00e8re des situations d\u2019urgence. Une section y a \u00e9t\u00e9 cr\u00e9\u00e9e\u00a0: \u00ab\u00a0Les Petits Sauveteurs\u00a0\u00bb. A Saransk, \u00e0 600\u00a0kilom\u00e8tres \u00e0 l\u2019est de Moscou, des enfants ont \u00e9t\u00e9 directement admis par les cadets de la garde nationale, une structure polici\u00e8re autonome <em>s<\/em>ous l\u2019autorit\u00e9 directe de l\u2019administration pr\u00e9sidentielle.<\/p>\n<p style=\"text-align: justify;\"><strong>Initiatives d\u2019enseignants<\/strong><\/p>\n<p style=\"text-align: justify;\">Certaines de ces \u00e9coles collaborent avec des mouvements de jeunesse li\u00e9s \u00e0 des universit\u00e9s dot\u00e9es d\u2019un d\u00e9partement militaire. D\u2019autres groupes naissent \u00e0 l\u2019initiative d\u2019enseignants ou de directeurs, qui jugent particuli\u00e8rement important d\u2019inculquer le patriotisme d\u00e8s le plus jeune \u00e2ge. Cela peut commencer par des activit\u00e9s, comme des visites de mus\u00e9es d\u2019histoire locale ou des ateliers de combat au corps-\u00e0-corps. <em>\u00ab\u00a0L\u2019important, ce n\u2019est pas l\u2019aspect militaire, mais l\u2019amour de la patrie<\/em>, confie Marina, une m\u00e8re contact\u00e9e par <em>Viorstka <\/em>qui n\u2019a pas souhait\u00e9 donner son nom. <em>Les enfants ne portent l\u2019uniforme que les jours de f\u00eate. Nous savions qu\u2019il n\u2019y aurait pas de discipline militaire stricte. Les parents des filles s\u2019y seraient oppos\u00e9s.\u00a0\u00bb<\/em><\/p>\n<p style=\"text-align: justify;\">Dans de nombreuses villes, les programmes sont ouvertement militaires. A Koursk, les tr\u00e8s jeunes cadets apprennent les bases du combat rapproch\u00e9. A Samara, ils ont particip\u00e9 \u00e0 un atelier de fabrication de filets de camouflage. A Khabarovsk, grande ville de l\u2019Extr\u00eame-Orient russe, les enfants perfectionnent la marche au pas cadenc\u00e9. A Karaidel, petite ville du Bachkortostan, dans le centre de la Russie, les tout-petits ont eu droit \u00e0 des explications sur la fa\u00e7on de construire du mat\u00e9riel militaire. Cet expos\u00e9 a \u00e9t\u00e9 suivi d\u2019un petit spectacle intitul\u00e9\u00a0: <em>Comment Kolobok <\/em>[personnage l\u00e9gendaire d\u2019un conte russe]<em> se pr\u00e9parait \u00e0 rejoindre l\u2019arm\u00e9e<\/em>.<\/p>\n<p style=\"text-align: justify;\"><em>\u00ab\u00a0Les enfants aiment d\u00e9couvrir de nouvelles choses\u00a0\u00bb<\/em>, avait expliqu\u00e9 d\u00e8s septembre 2024 \u00e0 la t\u00e9l\u00e9vision locale, Larissa Dermenji, autrice du projet \u00ab\u00a0Cadet d\u00e8s la petite enfance\u00a0\u00bb \u00e0 Pokatchi. Sa maternelle, Skazka<em>, <\/em>a obtenu le statut de plateforme r\u00e9gionale d\u2019innovation\u00a0gr\u00e2ce \u00e0 ses m\u00e9thodes peu conventionnelles pour inculquer l\u2019amour de la patrie. En uniforme, rouge ou bleu selon les classes, les enfants commen\u00e7aient, en\u00a02024, leur semaine par une c\u00e9r\u00e9monie de lev\u00e9e du drapeau russe, qu\u2019ils hissaient eux-m\u00eames devant une fresque repr\u00e9sentant le Kremlin. Puis ils apprenaient \u00e0 la fois l\u2019histoire de la Russie et l\u2019actualit\u00e9 r\u00e9cente, c\u00e9l\u00e9brant notamment le <em>\u00ab\u00a0succ\u00e8s\u00a0\u00bb <\/em>du <em>\u00ab\u00a0rattachement\u00a0\u00bb<\/em> de la Crim\u00e9e. <em>\u00ab\u00a0Si le p\u00e9dagogue les captive et pr\u00e9pare bien l\u2019activit\u00e9, les enfants absorbent tout comme des \u00e9ponges\u00a0\u00bb<\/em>, s\u2019est r\u00e9jouie M<sup>me\u00a0<\/sup>Dermenji.<\/p>\n<p style=\"text-align: justify;\"><em>Viorstka<\/em>\u00a0est\u00a0<a href=\"https:\/\/verstka.media\/category\/en\">un m\u00e9dia en ligne ind\u00e9pendant russe<\/a>, fond\u00e9 en\u00a02022, qui se consacre au reportage de terrain et au journalisme d\u2019investigation sur des sujets sensibles, tels que la guerre en Ukraine, la censure ou les violences intrafamiliales. Ce reportage a \u00e9t\u00e9 traduit et \u00e9dit\u00e9 par\u00a0<em>Le\u00a0Monde<\/em>\u00a0dans le cadre d\u2019un partenariat exclusif.<\/p>\n<p style=\"text-align: justify;\">Anna Ryjkova (Viorstka)\u00a0; lemonde<\/p>\n<p style=\"text-align: center;\">** **<\/p>\n<p style=\"text-align: justify;\">Commentaire re\u00e7u<\/p>\n<p style=\"text-align: justify;\">L&rsquo;endoctrinement militaire des enfants s&rsquo;acc\u00e9l\u00e8re en Russie. Le enfants peuvent \u00eatre aussi cuisin\u00e9s par leurs instits pour savoir si leurs parents ou fr\u00e8res ou s\u0153urs ne tiendraient pas des propos \u00ab\u00a0anti-patriotes\u00a0\u00bb. L&rsquo;\u00e9ducation des enfants \u00e0 la guerre date d&rsquo;au moins 2018. Mon comparse photographe en a rapport\u00e9 des images.<\/p>\n<p style=\"text-align: justify;\">\n<p style=\"text-align: justify;\">Entendu Emmanuel Todd parler de la Russie et de l&rsquo;Europe avec Laure Ancelin. Un point m&rsquo;a toujours \u00e9tonn\u00e9 chez cet historien-d\u00e9mographe : il relie toujours les agressions imp\u00e9rialistes aux peuples plus nombreux que d&rsquo;autres. Pourtant les Mongols \u00e9taient une poign\u00e9e et ont cr\u00e9\u00e9 le plus vaste empire de l&rsquo;Histoire, les arabes \u00e9taient peu nombreux, les Mandchous aussi par rapport aux Hans, les Grecs par rapport aux Perses.<\/p>\n<p style=\"text-align: justify;\">Bien s\u00fbr, on peut penser que Poutine n&rsquo;attaquera pas la Pologne, mais je n&rsquo;aimerais pas \u00eatre letton ou estonien. Que l&rsquo;Europe soit en d\u00e9clin g\u00e9opolitiquement, c&rsquo;est \u00e9vident. Et d\u00e9mographiquement aussi, mais ce n&rsquo;est pas mieux en Russie. Quant au d\u00e9clin am\u00e9ricain, il n&rsquo;analyse pas sa mue avec Trump ni ne fait le lien avec les \u00ab\u00a0valeurs\u00a0\u00bb communes de Donald et de Vladimir. Cela est nouveau et change la donne. Il devrait \u00eatre manifeste que tous les deux veulent la peau de l&rsquo;Europe au-del\u00e0 de la seule UE.<\/p>\n<p style=\"text-align: justify;\">\n","protected":false},"excerpt":{"rendered":"<p>Le patriotisme et l\u2019esprit militaire inculqu\u00e9s aux enfants d\u00e8s la maternelle<\/p>\n","protected":false},"author":2,"featured_media":0,"comment_status":"closed","ping_status":"closed","sticky":false,"template":"","format":"standard","meta":{"footnotes":""},"categories":[1],"tags":[],"class_list":["post-16171","post","type-post","status-publish","format-standard","hentry","category-non-classe"],"_links":{"self":[{"href":"https:\/\/www.quieryavenir.fr\/blog\/wp-json\/wp\/v2\/posts\/16171","targetHints":{"allow":["GET"]}}],"collection":[{"href":"https:\/\/www.quieryavenir.fr\/blog\/wp-json\/wp\/v2\/posts"}],"about":[{"href":"https:\/\/www.quieryavenir.fr\/blog\/wp-json\/wp\/v2\/types\/post"}],"author":[{"embeddable":true,"href":"https:\/\/www.quieryavenir.fr\/blog\/wp-json\/wp\/v2\/users\/2"}],"replies":[{"embeddable":true,"href":"https:\/\/www.quieryavenir.fr\/blog\/wp-json\/wp\/v2\/comments?post=16171"}],"version-history":[{"count":1,"href":"https:\/\/www.quieryavenir.fr\/blog\/wp-json\/wp\/v2\/posts\/16171\/revisions"}],"predecessor-version":[{"id":16172,"href":"https:\/\/www.quieryavenir.fr\/blog\/wp-json\/wp\/v2\/posts\/16171\/revisions\/16172"}],"wp:attachment":[{"href":"https:\/\/www.quieryavenir.fr\/blog\/wp-json\/wp\/v2\/media?parent=16171"}],"wp:term":[{"taxonomy":"category","embeddable":true,"href":"https:\/\/www.quieryavenir.fr\/blog\/wp-json\/wp\/v2\/categories?post=16171"},{"taxonomy":"post_tag","embeddable":true,"href":"https:\/\/www.quieryavenir.fr\/blog\/wp-json\/wp\/v2\/tags?post=16171"}],"curies":[{"name":"wp","href":"https:\/\/api.w.org\/{rel}","templated":true}]}}