{"id":16181,"date":"2026-01-22T02:22:53","date_gmt":"2026-01-22T01:22:53","guid":{"rendered":"https:\/\/www.quieryavenir.fr\/blog\/?p=16181"},"modified":"2026-01-16T10:22:12","modified_gmt":"2026-01-16T09:22:12","slug":"quand-la-verite-offense","status":"publish","type":"post","link":"https:\/\/www.quieryavenir.fr\/blog\/2026\/01\/22\/quand-la-verite-offense\/","title":{"rendered":"Quand la v\u00e9rit\u00e9 offense"},"content":{"rendered":"<p style=\"text-align: justify;\"><img loading=\"lazy\" decoding=\"async\" class=\"wp-image-16165 aligncenter\" src=\"https:\/\/www.quieryavenir.fr\/blog\/wp-content\/uploads\/2026\/01\/Macronie-260103-300x205.jpg\" alt=\"\" width=\"405\" height=\"277\" srcset=\"https:\/\/www.quieryavenir.fr\/blog\/wp-content\/uploads\/2026\/01\/Macronie-260103-300x205.jpg 300w, https:\/\/www.quieryavenir.fr\/blog\/wp-content\/uploads\/2026\/01\/Macronie-260103.jpg 726w\" sizes=\"auto, (max-width: 405px) 100vw, 405px\" \/><\/p>\n<h1 style=\"text-align: justify;\"><span style=\"font-family: Comic Sans MS, cursive;\"><span style=\"font-size: medium;\">&#8230; la solidarit\u00e9 s\u2019impose !<\/span><\/span><\/h1>\n<p><!--more--><\/p>\n<p style=\"text-align: justify;\"><span style=\"font-family: Comic Sans MS, cursive;\"><span style=\"font-size: medium;\">Communiqu\u00e9 intersyndical<\/span><\/span><\/p>\n<p style=\"text-align: justify;\"><span style=\"font-family: Comic Sans MS, cursive;\"><span style=\"font-size: medium;\">Vous trouverez ci-dessous la d\u00e9claration commune sign\u00e9e par\u00a0<\/span><\/span><span style=\"font-family: Comic Sans MS, cursive;\"><span style=\"font-size: medium;\"><i>les Secr\u00e9taires g\u00e9n\u00e9raux et g\u00e9n\u00e9rales, pr\u00e9sident, et co-d\u00e9l\u00e9gu\u00e9es g\u00e9n\u00e9rales de la CFDT, FO, CFE-CGC, UNSA, FSU et Solidaires affirmant leur solidarit\u00e9 avec Sophie BINET, Secr\u00e9taire g\u00e9n\u00e9rale de la CGT, inqui\u00e9t\u00e9e par la justice suite \u00e0 l\u2019usage d\u2019un dicton populaire dans le d\u00e9bat social.<\/i><\/span><\/span><\/p>\n<p style=\"text-align: justify;\"><span style=\"font-family: Comic Sans MS, cursive;\"><span style=\"font-size: medium;\">Ce texte r\u00e9affirme l\u2019attachement commun \u00e0 la libert\u00e9 d\u2019expression syndicale, notre refus de voir les \u00e9changes sociaux d\u00e9plac\u00e9s devant les tribunaux, ainsi que la d\u00e9termination \u00e0 d\u00e9noncer les comportements irresponsables de certains dirigeants \u00e9conomiques. Il rappelle \u00e9galement que la v\u00e9ritable force de notre \u00e9conomie repose sur les travailleuses et travailleurs qui, chaque jour, maintiennent \u00ab\u00a0le navire \u00e0 flot malgr\u00e9 les temp\u00eates.\u00a0\u00bb<\/span><\/span><\/p>\n<p style=\"text-align: justify;\"><span style=\"font-family: Comic Sans MS, cursive;\"><span style=\"font-size: medium;\">Nous, secr\u00e9taires g\u00e9n\u00e9rales, secr\u00e9taire g\u00e9n\u00e9raux, pr\u00e9sident, co-d\u00e9l\u00e9gu\u00e9es, et responsables d\u2019organisations syndicales, apprenons que Sophie BINET, Secr\u00e9taire G\u00e9n\u00e9rale de la CGT, est inqui\u00e9t\u00e9e par la justice pour avoir us\u00e9 d\u2019un dicton imag\u00e9 et bien ancr\u00e9 dans la sagesse populaire face \u00e0 l\u2019attitude de certains dirigeants \u00e9conomiques.<\/span><\/span><\/p>\n<p style=\"text-align: justify;\"><span style=\"font-family: Comic Sans MS, cursive;\"><span style=\"font-size: medium;\">Nous refusons l\u2019hypocrisie. Nous refusons que le d\u00e9bat social se tranche dans les pr\u00e9toires.<\/span><\/span><\/p>\n<p style=\"text-align: justify;\"><span style=\"font-family: Comic Sans MS, cursive;\"><span style=\"font-size: medium;\">\u00c0 l\u2019attention de ces chefs d\u2019entreprises qui s\u2019offusquent des mots tout en m\u00e9prisant les actes\u00a0: n\u2019est-il pas violent de menacer de quitter le \u00ab\u00a0vaisseau France\u00a0\u00bb apr\u00e8s avoir accumul\u00e9 des fortunes gr\u00e2ce aux aides publiques, aux infrastructures et au syst\u00e8me \u00e9ducatif de notre pays\u00a0?<\/span><\/span><\/p>\n<p style=\"text-align: justify;\"><span style=\"font-family: Comic Sans MS, cursive;\"><span style=\"font-size: medium;\">Consid\u00e9rant que les v\u00e9ritables h\u00e9ros de notre \u00e9conomie sont les \u00ab\u00a0marins\u00a0\u00bb\u00a0\u2014 les travailleurs et travailleuses\u00a0\u2014 qui s\u2019activent avec constance pour faire avancer le navire, m\u00eame dans la temp\u00eate\u00a0; Consid\u00e9rant que menacer de l\u2019abandonner au moindre coup de vent budg\u00e9taire rel\u00e8ve d\u2019une ingratitude civique profonde\u00a0; Nous l\u2019affirmons,\u00a0\u00ab\u00a0Les rats quittent le navire\u00a0\u00bb, n\u2019est pas une injure, mais le constat amer d\u2019un comportement irresponsable.\u00a0Elle illustre une r\u00e9alit\u00e9\u00a0: celle de la fuite des capitaux et des responsabilit\u00e9s face \u00e0 l\u2019effort collectif.<\/span><\/span><\/p>\n<p style=\"text-align: justify;\"><span style=\"font-family: Comic Sans MS, cursive;\"><span style=\"font-size: medium;\">Si qualifier ainsi la d\u00e9loyaut\u00e9 envers la Nation est un d\u00e9lit, alors nous sommes toutes et tous coupables de clairvoyance.<\/span><\/span><\/p>\n<p style=\"text-align: justify;\"><span style=\"font-family: Comic Sans MS, cursive;\"><span style=\"font-size: medium;\">C\u2019est sereinement et solidairement que nous attendons la r\u00e9action des esprits chagrins, dont la pr\u00e9occupation devrait \u00eatre de rendre des comptes \u00e0 la collectivit\u00e9 plut\u00f4t que de b\u00e2illonner la parole syndicale.<\/span><\/span><\/p>\n<p style=\"text-align: justify;\"><a name=\"nous-faisons-notre-cette-liberte-de-ton\"><\/a> <span style=\"font-family: Comic Sans MS, cursive;\"><span style=\"font-size: medium;\">Nous faisons n\u00f4tre cette libert\u00e9 de ton.<\/span><\/span><\/p>\n<p style=\"text-align: justify;\"><span style=\"font-family: Comic Sans MS, cursive;\"><span style=\"font-size: medium;\">Marylise L\u00e9on (secr\u00e9taire g\u00e9n\u00e9rale de la CFDT)<br \/>\nFr\u00e9d\u00e9ric Souillot (secr\u00e9taire g\u00e9n\u00e9ral de FO)<br \/>\nFran\u00e7ois Hommeril (pr\u00e9sident de la CFE CGC)<br \/>\nLaurent Escure (secr\u00e9taire g\u00e9n\u00e9ral de l\u2019UNSA)<br \/>\nMurielle Guilbert (co-d\u00e9l\u00e9gu\u00e9e g\u00e9n\u00e9rale Solidaires)<br \/>\nJulie Ferrua (co-d\u00e9l\u00e9gu\u00e9e g\u00e9n\u00e9rale Solidaires)<br \/>\nCaroline Chev\u00e9 (secr\u00e9taire g\u00e9n\u00e9rale de la FSU)<\/span><\/span><\/p>\n<p style=\"text-align: justify;\"><span style=\"color: #0563c1;\"><u><a href=\"https:\/\/solidaires.org\/sinformer-et-agir\/actualites-et-mobilisations\/communiques\/communique-intersyndical-quand-la-verite-offense-la-solidarite-simpose\/\" target=\"_top\"><span style=\"font-family: Comic Sans MS, cursive;\"><span style=\"font-size: medium;\">https:\/\/solidaires.org\/sinformer-et-agir\/actualites-et-mobilisations\/com<\/span><\/span><\/a><\/u><\/span><\/p>\n<p style=\"text-align: justify;\"><span style=\"font-family: Comic Sans MS, cursive;\"><span style=\"font-size: medium;\">Publi\u00e9 le 5 d\u00e9cembre 2025<\/span><\/span><\/p>\n","protected":false},"excerpt":{"rendered":"<p>&#8230; la solidarit\u00e9 s\u2019impose !<\/p>\n","protected":false},"author":2,"featured_media":0,"comment_status":"closed","ping_status":"closed","sticky":false,"template":"","format":"standard","meta":{"footnotes":""},"categories":[1],"tags":[],"class_list":["post-16181","post","type-post","status-publish","format-standard","hentry","category-non-classe"],"_links":{"self":[{"href":"https:\/\/www.quieryavenir.fr\/blog\/wp-json\/wp\/v2\/posts\/16181","targetHints":{"allow":["GET"]}}],"collection":[{"href":"https:\/\/www.quieryavenir.fr\/blog\/wp-json\/wp\/v2\/posts"}],"about":[{"href":"https:\/\/www.quieryavenir.fr\/blog\/wp-json\/wp\/v2\/types\/post"}],"author":[{"embeddable":true,"href":"https:\/\/www.quieryavenir.fr\/blog\/wp-json\/wp\/v2\/users\/2"}],"replies":[{"embeddable":true,"href":"https:\/\/www.quieryavenir.fr\/blog\/wp-json\/wp\/v2\/comments?post=16181"}],"version-history":[{"count":1,"href":"https:\/\/www.quieryavenir.fr\/blog\/wp-json\/wp\/v2\/posts\/16181\/revisions"}],"predecessor-version":[{"id":16182,"href":"https:\/\/www.quieryavenir.fr\/blog\/wp-json\/wp\/v2\/posts\/16181\/revisions\/16182"}],"wp:attachment":[{"href":"https:\/\/www.quieryavenir.fr\/blog\/wp-json\/wp\/v2\/media?parent=16181"}],"wp:term":[{"taxonomy":"category","embeddable":true,"href":"https:\/\/www.quieryavenir.fr\/blog\/wp-json\/wp\/v2\/categories?post=16181"},{"taxonomy":"post_tag","embeddable":true,"href":"https:\/\/www.quieryavenir.fr\/blog\/wp-json\/wp\/v2\/tags?post=16181"}],"curies":[{"name":"wp","href":"https:\/\/api.w.org\/{rel}","templated":true}]}}