{"id":16183,"date":"2026-01-17T02:24:10","date_gmt":"2026-01-17T01:24:10","guid":{"rendered":"https:\/\/www.quieryavenir.fr\/blog\/?p=16183"},"modified":"2026-01-13T10:55:06","modified_gmt":"2026-01-13T09:55:06","slug":"la-politique-de-loxymore","status":"publish","type":"post","link":"https:\/\/www.quieryavenir.fr\/blog\/2026\/01\/17\/la-politique-de-loxymore\/","title":{"rendered":"La politique de l\u2019oxymore"},"content":{"rendered":"<p style=\"text-align: justify;\"><img loading=\"lazy\" decoding=\"async\" class=\"wp-image-16166 aligncenter\" src=\"https:\/\/www.quieryavenir.fr\/blog\/wp-content\/uploads\/2026\/01\/MegaCanal-00-300x147.jpg\" alt=\"\" width=\"476\" height=\"233\" srcset=\"https:\/\/www.quieryavenir.fr\/blog\/wp-content\/uploads\/2026\/01\/MegaCanal-00-300x147.jpg 300w, https:\/\/www.quieryavenir.fr\/blog\/wp-content\/uploads\/2026\/01\/MegaCanal-00-768x375.jpg 768w, https:\/\/www.quieryavenir.fr\/blog\/wp-content\/uploads\/2026\/01\/MegaCanal-00.jpg 960w\" sizes=\"auto, (max-width: 476px) 100vw, 476px\" \/><\/p>\n<h1 style=\"text-align: justify;\"><span style=\"font-family: Comic Sans MS, cursive;\"><span style=\"font-size: medium;\">Quand <\/span><\/span><span style=\"font-family: Comic Sans MS, cursive;\"><span style=\"font-size: medium;\"><i>Le Monde diplomatique<\/i><\/span><\/span><span style=\"font-family: Comic Sans MS, cursive;\"><span style=\"font-size: medium;\"> pr\u00eache une technologie <\/span><\/span><span style=\"font-family: Comic Sans MS, cursive;\"><span style=\"font-size: medium;\"><i>non autoritaire<\/i><\/span><\/span><\/h1>\n<p><!--more--><\/p>\n<p style=\"text-align: justify;\"><span style=\"font-family: Comic Sans MS, cursive;\"><span style=\"font-size: medium;\">C\u2019est connu, il faut taper sur le clou pour enfoncer les id\u00e9es dans les cr\u00e2nes. <\/span><\/span><span style=\"font-family: Comic Sans MS, cursive;\"><span style=\"font-size: medium;\"><i>Le Monde diplomatique<\/i><\/span><\/span><span style=\"font-family: Comic Sans MS, cursive;\"><span style=\"font-size: medium;\"> n\u2019\u00e9pargne pas son \u00e9nergie pour marteler, \u00e0 un lectorat pourtant convaincu, que le capitalisme est le probl\u00e8me et la technologie une solution, \u00e0 condition d\u2019\u00eatre en de bonnes mains \u2013 celles de la gauche et de l\u2019\u00c9tat. Ce credo anticapitaliste <\/span><\/span><span style=\"font-family: Comic Sans MS, cursive;\"><span style=\"font-size: medium;\"><i>altercybern\u00e9tique<\/i><\/span><\/span><span style=\"font-family: Comic Sans MS, cursive;\"><span style=\"font-size: medium;\"> (\u00ab\u00a0une autre intelligence artificielle est possible\u00a0\u00bb &#8211; <\/span><\/span><span style=\"font-family: Comic Sans MS, cursive;\"><span style=\"font-size: medium;\"><i>sic<\/i><\/span><\/span><span style=\"font-family: Comic Sans MS, cursive;\"><span style=\"font-size: medium;\">) est ainsi r\u00e9sum\u00e9 par Evgeny Morozov, pr\u00eacheur r\u00e9current au <\/span><\/span><span style=\"font-family: Comic Sans MS, cursive;\"><span style=\"font-size: medium;\"><i>Diplo<\/i><\/span><\/span><span style=\"font-family: Comic Sans MS, cursive;\"><span style=\"font-size: medium;\">\u00a0: <\/span><\/span><span style=\"color: #0563c1;\"><u><a href=\"https:\/\/blog.mondediplo.net\/les-intellectuels-oligarques-nouveaux\" target=\"_top\"><span style=\"font-family: Comic Sans MS, cursive;\"><span style=\"font-size: medium;\">\u00ab\u00a0Il para\u00eet pourtant de plus en plus \u00e9vident que le principal danger qui nous guette r\u00e9side moins dans les plateformes g\u00e9r\u00e9es par des algorithmes que dans les oligarques qui les poss\u00e8dent\u00a0\u00bb.<\/span><\/span><\/a><\/u><\/span><span style=\"font-family: Comic Sans MS, cursive;\"><span style=\"font-size: medium;\"><br \/>\nPour le mensuel de l\u2019intelligentsia social-technocrate, l\u2019id\u00e9al serait une infrastructure cybern\u00e9tique \u00ab\u00a0collectivis\u00e9e\u00a0\u00bb, d\u00e9tenue en indivision par la technocratie dirigeante, pilot\u00e9e par des technocrates progressistes au sein d\u2019entreprises publiques et par les services publics de l\u2019\u00c9tat, con\u00e7ue sur le mod\u00e8le de Cybersyn, dans le Chili d\u2019Allende.<br \/>\n(&#8230;)<\/span><\/span><\/p>\n<p style=\"text-align: justify;\"><span style=\"font-family: Comic Sans MS, cursive;\"><span style=\"font-size: medium;\">Pour lire le texte, ouvrir le PDF\u00a0:<\/span><\/span><\/p>\n<p style=\"text-align: justify;\"><span style=\"color: #0563c1;\"><u><a href=\"https:\/\/www.piecesetmaindoeuvre.com\/IMG\/pdf\/la_politique_de_l_oxymore.pdf\" target=\"_top\"><span style=\"font-family: Comic Sans MS, cursive;\"><span style=\"font-size: medium;\">https:\/\/www.piecesetmaindoeuvre.com\/IMG\/pdf\/la_politique_de_l_oxymore.pdf<\/span><\/span><\/a><\/u><\/span><\/p>\n","protected":false},"excerpt":{"rendered":"<p>Quand Le Monde diplomatique pr\u00eache une technologie non autoritaire<\/p>\n","protected":false},"author":2,"featured_media":0,"comment_status":"closed","ping_status":"closed","sticky":false,"template":"","format":"standard","meta":{"footnotes":""},"categories":[1],"tags":[],"class_list":["post-16183","post","type-post","status-publish","format-standard","hentry","category-non-classe"],"_links":{"self":[{"href":"https:\/\/www.quieryavenir.fr\/blog\/wp-json\/wp\/v2\/posts\/16183","targetHints":{"allow":["GET"]}}],"collection":[{"href":"https:\/\/www.quieryavenir.fr\/blog\/wp-json\/wp\/v2\/posts"}],"about":[{"href":"https:\/\/www.quieryavenir.fr\/blog\/wp-json\/wp\/v2\/types\/post"}],"author":[{"embeddable":true,"href":"https:\/\/www.quieryavenir.fr\/blog\/wp-json\/wp\/v2\/users\/2"}],"replies":[{"embeddable":true,"href":"https:\/\/www.quieryavenir.fr\/blog\/wp-json\/wp\/v2\/comments?post=16183"}],"version-history":[{"count":1,"href":"https:\/\/www.quieryavenir.fr\/blog\/wp-json\/wp\/v2\/posts\/16183\/revisions"}],"predecessor-version":[{"id":16184,"href":"https:\/\/www.quieryavenir.fr\/blog\/wp-json\/wp\/v2\/posts\/16183\/revisions\/16184"}],"wp:attachment":[{"href":"https:\/\/www.quieryavenir.fr\/blog\/wp-json\/wp\/v2\/media?parent=16183"}],"wp:term":[{"taxonomy":"category","embeddable":true,"href":"https:\/\/www.quieryavenir.fr\/blog\/wp-json\/wp\/v2\/categories?post=16183"},{"taxonomy":"post_tag","embeddable":true,"href":"https:\/\/www.quieryavenir.fr\/blog\/wp-json\/wp\/v2\/tags?post=16183"}],"curies":[{"name":"wp","href":"https:\/\/api.w.org\/{rel}","templated":true}]}}