{"id":16185,"date":"2026-01-18T02:25:41","date_gmt":"2026-01-18T01:25:41","guid":{"rendered":"https:\/\/www.quieryavenir.fr\/blog\/?p=16185"},"modified":"2026-01-13T10:54:52","modified_gmt":"2026-01-13T09:54:52","slug":"zohran-mamdani","status":"publish","type":"post","link":"https:\/\/www.quieryavenir.fr\/blog\/2026\/01\/18\/zohran-mamdani\/","title":{"rendered":"Zohran Mamdani"},"content":{"rendered":"<p style=\"text-align: justify;\"><img loading=\"lazy\" decoding=\"async\" class=\"wp-image-16167 aligncenter\" src=\"https:\/\/www.quieryavenir.fr\/blog\/wp-content\/uploads\/2026\/01\/Paysans-260104-238x300.jpg\" alt=\"\" width=\"394\" height=\"497\" srcset=\"https:\/\/www.quieryavenir.fr\/blog\/wp-content\/uploads\/2026\/01\/Paysans-260104-238x300.jpg 238w, https:\/\/www.quieryavenir.fr\/blog\/wp-content\/uploads\/2026\/01\/Paysans-260104.jpg 365w\" sizes=\"auto, (max-width: 394px) 100vw, 394px\" \/><\/p>\n<h1 style=\"text-align: justify;\"><strong><span style=\"font-family: Comic Sans MS, cursive;\"><span style=\"font-size: medium;\">Ou comment incarner l\u2019espoir en des temps sombres<\/span><\/span><\/strong><\/h1>\n<p><!--more--><\/p>\n<p style=\"text-align: justify;\"><span style=\"font-family: Comic Sans MS, cursive;\"><span style=\"font-size: medium;\">En ces temps sombres, barbares et d\u00e9sesp\u00e9rants, savoir qu\u2019il y a dans la tani\u00e8re m\u00eame de la b\u00eate f\u00e9roce fasciste des dizaines et des dizaines de milliers de jeunes et de moins jeunes hommes et femmes qui lui tiennent t\u00eate et se battent bec et ongles pour d\u00e9fendre les droits de ceux d\u2019en bas fait rena\u00eetre l\u2019espoir, redonne de l\u2019optimisme.\u00a0<\/span><\/span><\/p>\n<p style=\"text-align: justify;\"><span style=\"font-family: Comic Sans MS, cursive;\"><span style=\"font-size: medium;\">** **<\/span><\/span><\/p>\n<p style=\"text-align: justify;\"><span style=\"font-family: Comic Sans MS, cursive;\"><span style=\"font-size: medium;\">Mais pourquoi attribuer, \u00e0 ces heures si sombres, tant d\u2019importance \u00e0 ce que dit et fait le nouveau maire de New York, Zohran Mamdani, pendant que Trump bombarde le Venezuela et kidnappe Maduro et son \u00e9pouse\u00a0? Ou pendant que Netanyahou et son Isra\u00ebl persistent \u00e0 exterminer les Palestiniens et que Poutine arrose de bombes et de missiles les villes ukrainiennes\u00a0? Pourquoi parler de Mamdani quand l&rsquo;actualit\u00e9 quotidienne internationale est domin\u00e9e par les innombrables exploits macabres de la barbarie capitaliste et imp\u00e9rialiste\u00a0?<\/span><\/span><\/p>\n<p style=\"text-align: justify;\"><span style=\"font-family: Comic Sans MS, cursive;\"><span style=\"font-size: medium;\">Notre r\u00e9ponse est cat\u00e9gorique : on attribue tant d\u2019importance \u00e0 ce que dit et fait Zohran Mamdani parce que ce nouveau maire de la m\u00e9galopole par excellence qu\u2019est New York, repr\u00e9sente actuellement, ensemble avec le mouvement de masse qui le soutient, le plus grand sinon l\u2019unique espoir de l\u2019humanit\u00e9 de ceux d\u2019en bas pour commencer \u00e0 r\u00e9sister et m\u00eame battre Trump et son Internationale brune au c\u0153ur m\u00eame de leur bastion \u00e9tatsunien.<\/span><\/span><\/p>\n<p style=\"text-align: justify;\"><span style=\"font-family: Comic Sans MS, cursive;\"><span style=\"font-size: medium;\">Comme l\u2019a affirm\u00e9 si justement Bernie Sanders dans son discours, juste avant d\u2019investir Mamdani maire de New York\u00a0:\u00a0\u00ab\u00a0<\/span><\/span><span style=\"font-family: Comic Sans MS, cursive;\"><span style=\"font-size: medium;\"><i>\u00c0 un moment o\u00f9 les Am\u00e9ricains, et m\u00eame le monde entier, perdent confiance dans la d\u00e9mocratie, plus de 90 000 d&rsquo;entre vous dans cette ville se sont port\u00e9s volontaires pour la campagne de Zohran. Vous avez frapp\u00e9 aux portes. Vous avez partag\u00e9 vos r\u00eaves et vos espoirs pour l&rsquo;avenir de cette ville. Et ce faisant, vous vous \u00eates attaqu\u00e9s \u00e0 l&rsquo;establishment d\u00e9mocrate, \u00e0 l&rsquo;establishment r\u00e9publicain, au pr\u00e9sident des \u00c9tats-Unis et \u00e0 certains oligarques extr\u00eamement riches, et vous les avez vaincus dans ce qui constitue le plus grand bouleversement politique de l&rsquo;histoire moderne des \u00c9tats-Unis<\/i><\/span><\/span><span style=\"font-family: Comic Sans MS, cursive;\"><span style=\"font-size: medium;\">. \u00bb<\/span><\/span><\/p>\n<p style=\"text-align: justify;\"><span style=\"font-family: Comic Sans MS, cursive;\"><span style=\"font-size: medium;\">Parlons donc de Zohran Mamdani, lequel, en d\u00e9pit de la plupart des m\u00e9dias internationaux et de tous ceux qui \u2013 \u00e9videmment \u00e0 droite mais, malheureusement, aussi \u00e0 gauche \u2013 persistent \u00e0 le qualifier de \u00ab\u00a0d\u00e9mocrate\u00a0\u00bb ou d\u2019\u00ab\u00a0appartenant \u00e0 l\u2019aile gauche du Parti d\u00e9mocrate\u00a0\u00bb, a inaugur\u00e9 son mandat de maire de New York en d\u00e9clarant\u00a0: \u00ab\u00a0<\/span><\/span><span style=\"font-family: Comic Sans MS, cursive;\"><span style=\"font-size: medium;\"><i>J&rsquo;ai \u00e9t\u00e9 \u00e9lu en tant que socialiste d\u00e9mocrate et je gouvernerai en tant que socialiste d\u00e9mocrate. \u00bb<\/i><\/span><\/span><span style=\"font-family: Comic Sans MS, cursive;\"><span style=\"font-size: medium;\"> D\u00e9claration de Mamdani carr\u00e9ment fracassante quand on sait que les Socialistes d\u00e9mocrates sont les membres de l\u2019organisation d\u2019extr\u00eame gauche qui s\u2019appelle <\/span><\/span><span style=\"font-family: Comic Sans MS, cursive;\"><span style=\"font-size: medium;\"><i>Democratic Socialists of America (DSA)<\/i><\/span><\/span><span style=\"font-family: Comic Sans MS, cursive;\"><span style=\"font-size: medium;\">\u00a0! Et comme pour qu\u2019il n\u2019y ait aucun doute, s\u2019adressant aux dizaines de milliers de New-Yorkais rassembl\u00e9s devant la mairie de la ville malgr\u00e9 le froid glacial, Mamdani a ajout\u00e9\u00a0: \u00ab<\/span><\/span><span style=\"font-family: Comic Sans MS, cursive;\"><span style=\"font-size: medium;\"><i>\u00a0Nous gouvernerons sans honte ni ins\u00e9curit\u00e9, sans nous excuser pour nos convictions. Je n&rsquo;abandonnerai pas mes principes par crainte d&rsquo;\u00eatre consid\u00e9r\u00e9 comme radical.<\/i><\/span><\/span><span style=\"font-family: Comic Sans MS, cursive;\"><span style=\"font-size: medium;\"> \u00bb<\/span><\/span><\/p>\n<p style=\"text-align: justify;\"><span style=\"font-family: Comic Sans MS, cursive;\"><span style=\"font-size: medium;\">Ceci \u00e9tant dit, force est de constater que le plus important de la journ\u00e9e m\u00e9morable de l\u2019investiture de Mamdani le 1<\/span><\/span><span style=\"font-family: Times New Roman, serif;\"><span style=\"font-size: medium;\">\u1d49\u02b3<\/span><\/span><span style=\"font-family: Comic Sans MS, cursive;\"><span style=\"font-size: medium;\"> janvier 2026 n\u2019a pas \u00e9t\u00e9 sa d\u00e9claration\/mise au point susmentionn\u00e9e.<\/span><\/span><\/p>\n<p style=\"text-align: justify;\"><span style=\"font-family: Comic Sans MS, cursive;\"><span style=\"font-size: medium;\">Le plus important a \u00e9t\u00e9 l\u2019ambiance g\u00e9n\u00e9rale, ce tr\u00e8s rare m\u00e9lange d\u2019\u00e9motion, de tendresse fraternelle et d\u2019exaltation cr\u00e9\u00e9 par tout ce qui a \u00e9t\u00e9 dit, r\u00e9cit\u00e9, chant\u00e9 et applaudi pas seulement par Mamdani, mais aussi par ceux et celles qui ont pris la parole ou qui ont assist\u00e9 \u00e0 cet \u00e9v\u00e8nement historique. Comme par exemple cet extraordinaire imam Khalid Latif qui a ponctu\u00e9 son terriblement inspir\u00e9 et \u00e0 la fois profond, po\u00e9tique et radical discours, avec des conseils \u00e0 Mamdani, comme celui-ci\u00a0: \u00ab\u00a0<\/span><\/span><span style=\"font-family: Comic Sans MS, cursive;\"><span style=\"font-size: medium;\"><i>Il y aura des jours o\u00f9 les pressions du pouvoir vous mettront \u00e0 l&rsquo;\u00e9preuve. O\u00f9 le compromis sera pr\u00e9sent\u00e9 comme du pragmatisme, o\u00f9 le silence sera pr\u00e9sent\u00e9 comme de la sagesse, et o\u00f9 le prix de la v\u00e9rit\u00e9 semblera plus lourd que sa r\u00e9compense. Dans ces moments-l\u00e0, je prie pour que vous vous souveniez de qui vous avez toujours \u00e9t\u00e9 : quelqu&rsquo;un qui a choisi la conviction plut\u00f4t que la commodit\u00e9, la justice plut\u00f4t que le confort, et les gens plut\u00f4t que la position. Tenez-vous-en \u00e0 cela. C&rsquo;est plus rare que vous ne le pensez, et plus n\u00e9cessaire que jamais. \u00bb<\/i><\/span><\/span><span style=\"font-family: Comic Sans MS, cursive;\"><span style=\"font-size: medium;\"> Et pendant que, entour\u00e9e par des chefs religieux de diff\u00e9rentes confessions, l\u2019imam Khalid Latif soulevait\u00a0la foule avec son discours, juste derri\u00e8re lui on pouvait voir la repr\u00e9sentante de la confession juive, la rabbine Ellen Lippmann, qui semblait \u00eatre au septi\u00e8me ciel, approuvant les dires de l\u2019imam avec des sourires et des grimaces tr\u00e8s \u00e9loquentes\u2026<\/span><\/span><\/p>\n<p style=\"text-align: justify;\"><span style=\"font-family: Comic Sans MS, cursive;\"><span style=\"font-size: medium;\">Alors, faisant \u00e9cho aux incitations du bon imam, Mamdani affirmait un peu plus tard de la m\u00eame tribune que \u00ab<\/span><\/span><span style=\"font-family: Comic Sans MS, cursive;\"><span style=\"font-size: medium;\"><i>\u00a0pendant que je r\u00e9digeais ce discours, on m&rsquo;a dit que c&rsquo;\u00e9tait l&rsquo;occasion de red\u00e9finir les attentes, que je devrais profiter de cette occasion pour encourager les New-Yorkais \u00e0 demander peu et \u00e0 attendre encore moins. Je ne ferai rien de tel. La seule attente que je cherche \u00e0 red\u00e9finir est celle des petites attentes. \u00bb<\/i><\/span><\/span><span style=\"font-family: Comic Sans MS, cursive;\"><span style=\"font-size: medium;\"> Et Mamdani s\u2019empressait d\u2019expliciter ses dires avec cette affirmation qui a une valeur universelle : \u00ab\u00a0<\/span><\/span><span style=\"font-family: Comic Sans MS, cursive;\"><span style=\"font-size: medium;\"><i>Pendant trop longtemps, nous nous sommes tourn\u00e9s vers le secteur priv\u00e9 pour atteindre la grandeur, tandis qu\u2019on acceptait la m\u00e9diocrit\u00e9 de la part de ceux qui servent le public. Je ne peux bl\u00e2mer ceux qui en sont venus \u00e0 remettre en question le r\u00f4le du gouvernement, dont la foi en la d\u00e9mocratie a \u00e9t\u00e9 \u00e9rod\u00e9e par des d\u00e9cennies d&rsquo;apathie. Nous r\u00e9tablirons cette confiance en empruntant une voie diff\u00e9rente, une voie o\u00f9 le gouvernement n&rsquo;est plus seulement l\u2019ultime recours pour ceux qui luttent, une voie o\u00f9 l&rsquo;excellence n&rsquo;est plus l&rsquo;exception.\u00a0<\/i><\/span><\/span><span style=\"font-family: Comic Sans MS, cursive;\"><span style=\"font-size: medium;\">\u00bb<\/span><\/span><\/p>\n<p style=\"text-align: justify;\"><span style=\"font-family: Comic Sans MS, cursive;\"><span style=\"font-size: medium;\">D\u2019ailleurs, ce n\u2019est certainement pas un hasard que Mamdani ait le rare \u00ab\u00a0privil\u00e8ge\u00a0\u00bb de voir se constituer contre lui la plus large coalition d\u2019\u00e9minences r\u00e9actionnaires, obscurantistes et assassines, laquelle inclut l\u2019Am\u00e9ricain Trump, l\u2019Isra\u00e9lien Netanyahou, l\u2019Indien Modi et toute la fine fleur du nazifascisme et de l\u2019extr\u00eame droite internationale. Sans oublier le Russe Poutine, dont la cha\u00eene RT a fait preuve de la plus d\u00e9lirante islamophobie en s\u2019empressant d\u2019avertir les bons Am\u00e9ricains que Mamdani \u00ab\u00a0<\/span><\/span><span style=\"font-family: Comic Sans MS, cursive;\"><span style=\"font-size: medium;\"><i>met la Sharia au-dessus de la loi am\u00e9ricaine<\/i><\/span><\/span><span style=\"font-family: Comic Sans MS, cursive;\"><span style=\"font-size: medium;\">\u00a0\u00bb tout simplement parce que Mamdani a os\u00e9 pr\u00eater serment sur le Coran\u00a0! Tout ce ramassis de dictateurs et autres bourreaux de l\u2019humanit\u00e9 savent tr\u00e8s bien pourquoi ils ha\u00efssent \u00e0 mort le jeune maire de New York, le socialiste d\u00e9mocrate Zohran Mamdani\u2026<\/span><\/span><\/p>\n<p style=\"text-align: justify;\"><span style=\"font-family: Comic Sans MS, cursive;\"><span style=\"font-size: medium;\">\u00c9videmment, la m\u00e9morable journ\u00e9e de l\u2019investiture de Mamdani ne peut se r\u00e9sumer aux quelques extraits de quelques discours qu\u2019on vient de citer. Ayant eu la chance d\u2019y assister un peu, en la suivant en direct bien qu\u2019\u00e9tant\u2026 \u00e0 Ath\u00e8nes, on ne peut que vouloir partager avec d\u2019autres les rares moments d\u2019\u00e9motion et d\u2019exaltation qu\u2019elle nous a procur\u00e9s (1) En ces temps sombres, barbares et d\u00e9sesp\u00e9rants, savoir qu\u2019il y a dans la tani\u00e8re m\u00eame de la b\u00eate f\u00e9roce fasciste des dizaines et des dizaines de milliers de jeunes et de moins jeunes hommes et femmes qui lui tiennent t\u00eate et se battent bec et ongles pour d\u00e9fendre les droits de ceux d\u2019en bas fait rena\u00eetre l\u2019espoir, redonne de l\u2019optimisme et inspire des millions de gens non seulement aux \u00c9tats-Unis mais aussi partout sur notre plan\u00e8te\u2026<\/span><\/span><\/p>\n<p style=\"text-align: justify;\"><span style=\"font-family: Comic Sans MS, cursive;\"><span style=\"font-size: medium;\">Notes<\/span><\/span><\/p>\n<ol style=\"text-align: justify;\">\n<li><span style=\"font-family: Comic Sans MS, cursive;\"><span style=\"font-size: medium;\"><i>Voir la vid\u00e9o (1 h 41 m) des c\u00e9l\u00e9brations de l\u2019investiture de Zohran Mamdani :\u00a0<\/i><\/span><\/span><span style=\"color: #0563c1;\"><u><a href=\"https:\/\/www.democracynow.org\/live\/coming_up_the_inauguration_of_nyc\" target=\"_blank\" rel=\"noopener\"><span style=\"font-family: Comic Sans MS, cursive;\"><span style=\"font-size: medium;\">https:\/\/www.democracynow.org\/live\/<\/span><\/span><\/a><\/u><\/span><\/li>\n<\/ol>\n<p style=\"text-align: justify;\"><span style=\"font-family: Comic Sans MS, cursive;\"><span style=\"font-size: medium;\">blogs.mediapart\u00a0; Yorgos Mitralias<\/span><\/span><\/p>\n","protected":false},"excerpt":{"rendered":"<p>Ou comment incarner l\u2019espoir en des temps sombres<\/p>\n","protected":false},"author":2,"featured_media":0,"comment_status":"closed","ping_status":"closed","sticky":false,"template":"","format":"standard","meta":{"footnotes":""},"categories":[1],"tags":[],"class_list":["post-16185","post","type-post","status-publish","format-standard","hentry","category-non-classe"],"_links":{"self":[{"href":"https:\/\/www.quieryavenir.fr\/blog\/wp-json\/wp\/v2\/posts\/16185","targetHints":{"allow":["GET"]}}],"collection":[{"href":"https:\/\/www.quieryavenir.fr\/blog\/wp-json\/wp\/v2\/posts"}],"about":[{"href":"https:\/\/www.quieryavenir.fr\/blog\/wp-json\/wp\/v2\/types\/post"}],"author":[{"embeddable":true,"href":"https:\/\/www.quieryavenir.fr\/blog\/wp-json\/wp\/v2\/users\/2"}],"replies":[{"embeddable":true,"href":"https:\/\/www.quieryavenir.fr\/blog\/wp-json\/wp\/v2\/comments?post=16185"}],"version-history":[{"count":1,"href":"https:\/\/www.quieryavenir.fr\/blog\/wp-json\/wp\/v2\/posts\/16185\/revisions"}],"predecessor-version":[{"id":16186,"href":"https:\/\/www.quieryavenir.fr\/blog\/wp-json\/wp\/v2\/posts\/16185\/revisions\/16186"}],"wp:attachment":[{"href":"https:\/\/www.quieryavenir.fr\/blog\/wp-json\/wp\/v2\/media?parent=16185"}],"wp:term":[{"taxonomy":"category","embeddable":true,"href":"https:\/\/www.quieryavenir.fr\/blog\/wp-json\/wp\/v2\/categories?post=16185"},{"taxonomy":"post_tag","embeddable":true,"href":"https:\/\/www.quieryavenir.fr\/blog\/wp-json\/wp\/v2\/tags?post=16185"}],"curies":[{"name":"wp","href":"https:\/\/api.w.org\/{rel}","templated":true}]}}