{"id":16189,"date":"2026-01-14T02:55:51","date_gmt":"2026-01-14T01:55:51","guid":{"rendered":"https:\/\/www.quieryavenir.fr\/blog\/?p=16189"},"modified":"2026-01-13T10:58:53","modified_gmt":"2026-01-13T09:58:53","slug":"affaire-djelloul-kheris-a-henin-beaumont","status":"publish","type":"post","link":"https:\/\/www.quieryavenir.fr\/blog\/2026\/01\/14\/affaire-djelloul-kheris-a-henin-beaumont\/","title":{"rendered":"Affaire Djelloul Kheris \u00e0 H\u00e9nin-Beaumont"},"content":{"rendered":"<h1><img loading=\"lazy\" decoding=\"async\" class=\" wp-image-16191 aligncenter\" src=\"https:\/\/www.quieryavenir.fr\/blog\/wp-content\/uploads\/2026\/01\/2026-01-246x300.jpg\" alt=\"\" width=\"310\" height=\"378\" srcset=\"https:\/\/www.quieryavenir.fr\/blog\/wp-content\/uploads\/2026\/01\/2026-01-246x300.jpg 246w, https:\/\/www.quieryavenir.fr\/blog\/wp-content\/uploads\/2026\/01\/2026-01.jpg 500w\" sizes=\"auto, (max-width: 310px) 100vw, 310px\" \/><\/h1>\n<h1 class=\"western\" style=\"text-align: justify;\"><span style=\"font-family: Comic Sans MS, cursive;\"><span style=\"font-size: medium;\">Pas de faute selon le conseil de discipline<\/span><\/span><\/h1>\n<p><!--more--><\/p>\n<p style=\"text-align: justify;\"><span style=\"font-family: Comic Sans MS, cursive;\"><span style=\"font-size: medium;\">Ce lundi matin, une nouvelle manifestation \u2013 plus de 200 personnes \u2013 s\u2019est tenue devant la mairie d\u2019H\u00e9nin-Beaumont en soutien \u00e0 Djelloul Kheris, agent municipal et secr\u00e9taire syndical pour Sud collectivit\u00e9s, qui est sous la menace d\u2019une r\u00e9vocation de la fonction publique. <\/span><\/span><\/p>\n<p style=\"text-align: justify;\"><span style=\"font-family: Comic Sans MS, cursive;\"><span style=\"font-size: medium;\"><a href=\"https:\/\/www.lavoixdunord.fr\/1647174\/article\/2025-11-17\/henin-beaumont-200-personnes-pour-une-manifestation-qui-va-au-dela-du-cas-de\" target=\"_blank\" rel=\"noopener\">Comme \u00e0 la mi-novembre<\/a>, une manifestation s\u2019est tenue sous les fen\u00eatres de la mairie d\u2019H\u00e9nin-Beaumont en soutien \u00e0 Djelloul Kheris, agent municipal et secr\u00e9taire syndical pour Sud Collectivit\u00e9s. Ce dernier est sous la menace d\u2019une r\u00e9vocation de la fonction publique. La municipalit\u00e9, gouvern\u00e9e par le Rassemblement national, <a href=\"https:\/\/www.lavoixdunord.fr\/1646460\/article\/2025-11-15\/henin-beaumont-une-mobilisation-prevue-lundi-en-soutien-un-syndicaliste-en\" target=\"_blank\" rel=\"noopener\">invoque des conflits d\u2019int\u00e9r\u00eats avec ses fonctions associatives<\/a>.<\/span><\/span><\/p>\n<p style=\"text-align: justify;\"><span style=\"font-family: Comic Sans MS, cursive;\"><span style=\"font-size: medium;\">Alors que M.\u00a0Kheris avait rendez-vous \u00e0 11\u00a0h au centre de gestion du Pas-de-Calais \u00e0 Bruay-La-Buissi\u00e8re dans le cadre de son conseil de discipline, ce sont plus de 200 personnes qui faisaient face \u00e0 l\u2019escalier principal de l\u2019h\u00f4tel de ville h\u00e9ninois, bien gard\u00e9 par quatre policiers municipaux. Une douzaine de policiers nationaux \u00e9taient \u00e9galement pr\u00e9sents pour encadrer le cort\u00e8ge qui a march\u00e9 une petite demi-heure dans les rues h\u00e9ninoises. Parmi les manifestants, de nombreux drapeaux syndicaux (CGT, Sud, UNSA, CNT, etc.), deux candidats d\u00e9clar\u00e9s aux \u00e9lections municipales \u00e0 H\u00e9nin-Beaumont (<a href=\"https:\/\/www.lavoixdunord.fr\/1624630\/article\/2025-09-14\/municipales-qui-est-ines-taourit-la-nouvelle-tete-de-liste-de-l-opposition-henin\" target=\"_blank\" rel=\"noopener\">la socialiste In\u00e8s Taourit<\/a> et <a href=\"https:\/\/www.lavoixdunord.fr\/1660095\/article\/2025-12-27\/municipales-2026-henin-beaumont-lfi-veut-construire-une-force-alternative\" target=\"_blank\" rel=\"noopener\">l\u2019insoumis Houari Benhadja<\/a>), la cheffe de file des \u00e9cologistes Marine Tondelier et le d\u00e9put\u00e9 insoumis du Nord, Ugo Bernalicis.<\/span><\/span><\/p>\n<p style=\"text-align: justify;\"><span style=\"font-family: Comic Sans MS, cursive;\"><span style=\"font-size: medium;\">\u00ab\u00a0D\u00e9fendre les droits syndicaux\u00a0\u00bb<\/span><\/span><\/p>\n<p style=\"text-align: justify;\"><span style=\"font-family: Comic Sans MS, cursive;\"><span style=\"font-size: medium;\">\u00ab\u00a0<\/span><\/span><em><span style=\"font-family: Comic Sans MS, cursive;\"><span style=\"font-size: medium;\">On est l\u00e0 pour d\u00e9fendre les droits syndicaux. On a l\u2019impression que la municipalit\u00e9 veut lui faire payer son engagement<\/span><\/span><\/em><span style=\"font-family: Comic Sans MS, cursive;\"><span style=\"font-size: medium;\">\u00a0\u00bb, assure Arnaud Charvot, d\u00e9l\u00e9gu\u00e9 syndical de Sud a\u00e9rien, venu de Roissy-en-France (Val-d\u2019Oise) avec une vingtaine de camarades syndiqu\u00e9s. \u00ab\u00a0<\/span><\/span><em><span style=\"font-family: Comic Sans MS, cursive;\"><span style=\"font-size: medium;\">La d\u00e9cision du conseil de discipline n\u2019est que consultative. Elle n\u2019oblige pas le maire qui pourra toujours demander la r\u00e9vocation <\/span><\/span><\/em><span style=\"font-family: Comic Sans MS, cursive;\"><span style=\"font-size: medium;\">(de Djelloul Kheris)<\/span><\/span><em><span style=\"font-family: Comic Sans MS, cursive;\"><span style=\"font-size: medium;\">. D\u2019o\u00f9 l\u2019importance de rassemblement ce<\/span><\/span><\/em><span style=\"font-family: Comic Sans MS, cursive;\"><span style=\"font-size: medium;\"> (lundi) <\/span><\/span><em><span style=\"font-family: Comic Sans MS, cursive;\"><span style=\"font-size: medium;\">matin<\/span><\/span><\/em><span style=\"font-family: Comic Sans MS, cursive;\"><span style=\"font-size: medium;\">\u00a0\u00bb, ajoute Tayeb Khouira, secr\u00e9taire national chez Solidaires.<\/span><\/span><\/p>\n<p style=\"text-align: justify;\"><span style=\"font-family: Comic Sans MS, cursive;\"><span style=\"font-size: medium;\">Arriv\u00e9 peu apr\u00e8s 14 h, <a href=\"https:\/\/www.facebook.com\/100090708913590\/videos\/907843971742375\" target=\"_blank\" rel=\"noopener\">devant une petite centaine de personnes<\/a> rest\u00e9es devant la mairie malgr\u00e9 la pluie, Djelloul Kheris a avou\u00e9 que \u00ab\u00a0<\/span><\/span><em><span style=\"font-family: Comic Sans MS, cursive;\"><span style=\"font-size: medium;\">cela n\u2019a pas \u00e9t\u00e9 facile. \u00c7a a dur\u00e9 deux heures durant (\u2026) et j\u2019en ressors gagnant\u00a0<\/span><\/span><\/em><span style=\"font-family: Comic Sans MS, cursive;\"><span style=\"font-size: medium;\">\u00bb. <\/span><\/span><strong><span style=\"font-family: Comic Sans MS, cursive;\"><span style=\"font-size: medium;\">\u00c0 l\u2019unanimit\u00e9, les treize repr\u00e9sentants du conseil de discipline ont vot\u00e9 un avis sans aucune sanction \u00e0 l\u2019encontre de M.\u00a0Kheris<\/span><\/span><\/strong><span style=\"font-family: Comic Sans MS, cursive;\"><span style=\"font-size: medium;\">. \u00ab\u00a0<\/span><\/span><em><span style=\"font-family: Comic Sans MS, cursive;\"><span style=\"font-size: medium;\">Je suis soulag\u00e9 de voir que je ressors indemne de cet \u00e9pisode alors que les accusations de la municipalit\u00e9 sont graves et infond\u00e9es<\/span><\/span><\/em><span style=\"font-family: Comic Sans MS, cursive;\"><span style=\"font-size: medium;\">\u00a0\u00bb, nous a assur\u00e9 le syndicaliste h\u00e9ninois.<\/span><\/span><\/p>\n<p style=\"text-align: justify;\"><span style=\"font-family: Comic Sans MS, cursive;\"><span style=\"font-size: medium;\">Du c\u00f4t\u00e9 de la ville, dans un communiqu\u00e9, on assure que la manifestation avait pour but \u00ab\u00a0<\/span><\/span><em><span style=\"font-family: Comic Sans MS, cursive;\"><span style=\"font-size: medium;\">de faire pression sur le maire d\u2019H\u00e9nin-Beaumont<\/span><\/span><\/em><span style=\"font-family: Comic Sans MS, cursive;\"><span style=\"font-size: medium;\">\u00a0\u00bb, qui \u00ab\u00a0<\/span><\/span><em><span style=\"font-family: Comic Sans MS, cursive;\"><span style=\"font-size: medium;\">prendra sa d\u00e9cision dans les prochaines semaines apr\u00e8s avoir re\u00e7u par \u00e9crit l\u2019avis consultatif du conseil de discipline du centre de gestion du Pas-de-Calais. Rappelons que cet avis consultatif ne lie absolument pas le maire dans sa d\u00e9cision<\/span><\/span><\/em><span style=\"font-family: Comic Sans MS, cursive;\"><span style=\"font-size: medium;\">\u00a0\u00bb. Si prochain \u00e9pisode il y a, ce devrait donc \u00eatre au tribunal administratif qu\u2019il se d\u00e9roulera<\/span><\/span><\/p>\n<p style=\"text-align: justify;\"><span style=\"font-family: Comic Sans MS, cursive;\"><span style=\"font-size: medium;\">la voix du nord<\/span><\/span><\/p>\n","protected":false},"excerpt":{"rendered":"<p>Pas de faute selon le conseil de discipline<\/p>\n","protected":false},"author":2,"featured_media":0,"comment_status":"closed","ping_status":"closed","sticky":false,"template":"","format":"standard","meta":{"footnotes":""},"categories":[1],"tags":[],"class_list":["post-16189","post","type-post","status-publish","format-standard","hentry","category-non-classe"],"_links":{"self":[{"href":"https:\/\/www.quieryavenir.fr\/blog\/wp-json\/wp\/v2\/posts\/16189","targetHints":{"allow":["GET"]}}],"collection":[{"href":"https:\/\/www.quieryavenir.fr\/blog\/wp-json\/wp\/v2\/posts"}],"about":[{"href":"https:\/\/www.quieryavenir.fr\/blog\/wp-json\/wp\/v2\/types\/post"}],"author":[{"embeddable":true,"href":"https:\/\/www.quieryavenir.fr\/blog\/wp-json\/wp\/v2\/users\/2"}],"replies":[{"embeddable":true,"href":"https:\/\/www.quieryavenir.fr\/blog\/wp-json\/wp\/v2\/comments?post=16189"}],"version-history":[{"count":2,"href":"https:\/\/www.quieryavenir.fr\/blog\/wp-json\/wp\/v2\/posts\/16189\/revisions"}],"predecessor-version":[{"id":16192,"href":"https:\/\/www.quieryavenir.fr\/blog\/wp-json\/wp\/v2\/posts\/16189\/revisions\/16192"}],"wp:attachment":[{"href":"https:\/\/www.quieryavenir.fr\/blog\/wp-json\/wp\/v2\/media?parent=16189"}],"wp:term":[{"taxonomy":"category","embeddable":true,"href":"https:\/\/www.quieryavenir.fr\/blog\/wp-json\/wp\/v2\/categories?post=16189"},{"taxonomy":"post_tag","embeddable":true,"href":"https:\/\/www.quieryavenir.fr\/blog\/wp-json\/wp\/v2\/tags?post=16189"}],"curies":[{"name":"wp","href":"https:\/\/api.w.org\/{rel}","templated":true}]}}