{"id":16194,"date":"2026-01-16T02:22:59","date_gmt":"2026-01-16T01:22:59","guid":{"rendered":"https:\/\/www.quieryavenir.fr\/blog\/?p=16194"},"modified":"2026-01-15T18:24:53","modified_gmt":"2026-01-15T17:24:53","slug":"soutien-a-la-confederation-paysanne","status":"publish","type":"post","link":"https:\/\/www.quieryavenir.fr\/blog\/2026\/01\/16\/soutien-a-la-confederation-paysanne\/","title":{"rendered":"Soutien \u00e0 la Conf\u00e9d\u00e9ration paysanne"},"content":{"rendered":"<h1 style=\"text-align: justify;\"><span style=\"font-family: Comic Sans MS, serif;\"><span style=\"font-size: medium;\"><img loading=\"lazy\" decoding=\"async\" class=\"wp-image-16193 aligncenter\" src=\"https:\/\/www.quieryavenir.fr\/blog\/wp-content\/uploads\/2026\/01\/Raoussa-260113-300x139.jpg\" alt=\"\" width=\"531\" height=\"246\" srcset=\"https:\/\/www.quieryavenir.fr\/blog\/wp-content\/uploads\/2026\/01\/Raoussa-260113-300x139.jpg 300w, https:\/\/www.quieryavenir.fr\/blog\/wp-content\/uploads\/2026\/01\/Raoussa-260113-768x355.jpg 768w, https:\/\/www.quieryavenir.fr\/blog\/wp-content\/uploads\/2026\/01\/Raoussa-260113.jpg 1082w\" sizes=\"auto, (max-width: 531px) 100vw, 531px\" \/><br \/>\n52 membres\u00a0de la Conf\u00e9d\u00e9ration paysanne se sont fait interpeller\u00a0<\/span><\/span><\/h1>\n<p><!--more--><\/p>\n<p style=\"text-align: justify;\"><span style=\"font-family: Comic Sans MS, serif;\"><span style=\"font-size: medium;\">Cela s\u2019est pass\u00e9 le 14 janvier en fin d&rsquo;apr\u00e8s-midi alors qu&rsquo;ils menaient une action pacifique au Minist\u00e8re de l&rsquo;Agriculture.<br \/>\n<\/span><\/span><span style=\"font-family: Comic Sans MS, serif;\"><span style=\"font-size: medium;\">Ils et elles ont pass\u00e9 la nuit en <\/span><\/span><span style=\"font-family: Comic Sans MS, serif;\"><span style=\"font-size: medium;\"><b>garde \u00e0 vue<\/b><\/span><\/span><span style=\"font-family: Comic Sans MS, serif;\"><span style=\"font-size: medium;\">.<\/span><\/span><\/p>\n<p style=\"text-align: justify;\"><span style=\"font-family: Comic Sans MS, serif;\"><span style=\"font-size: medium;\"><b>Ils et elles sont en train d&rsquo;en sortir<\/b><\/span><\/span><span style=\"font-family: Comic Sans MS, serif;\"><span style=\"font-size: medium;\">, sans poursuites pour l&rsquo;heure. Des Amis \u00e9taient pr\u00e9sents, avec d&rsquo;autres, \u00a0pour leur apporter le soutien de notre association.<br \/>\nL&rsquo;intervention de Nina Lejeune, l&rsquo;une des 9 secr\u00e9taire nationale de la Conf&rsquo; :<\/span><\/span><\/p>\n<p style=\"text-align: justify;\"><span style=\"color: #000080;\"><u><a href=\"https:\/\/www.facebook.com\/reel\/1050142947285753\"><span style=\"font-family: Comic Sans MS, serif;\"><span style=\"font-size: medium;\"><span lang=\"fr-FR\">https:\/\/www.facebook.com\/reel\/1050142947285753<\/span><\/span><\/span><\/a><\/u><\/span><\/p>\n<p style=\"text-align: justify;\"><span style=\"font-family: Comic Sans MS, serif;\"><span style=\"font-size: medium;\"><b>Cet \u00e9v\u00e9nement grave n&rsquo;est que la suite d&rsquo;une longue s\u00e9rie de r\u00e9pressions survenues dans le cadre des mobilisations en cours et de longue date.<br \/>\nEt continuent en ce moment m\u00eame, partout sur le territoire.<\/b><\/span><\/span><\/p>\n<p style=\"text-align: justify;\"><span style=\"font-family: Comic Sans MS, serif;\"><span style=\"font-size: medium;\"><b>Il nous faut nous opposer \u00e0 ces pratiques.<\/b><\/span><\/span><\/p>\n<p style=\"text-align: justify;\"><span style=\"font-family: Comic Sans MS, serif;\"><span style=\"font-size: medium;\"><b>D\u00e8s hier, les Amis<\/b><\/span><\/span><span style=\"font-family: Comic Sans MS, serif;\"><span style=\"font-size: medium;\">, ont imm\u00e9diatement r\u00e9agit en publiant sur les r\u00e9seaux sociaux leur d\u00e9sapprobation de ces pratiques et leur soutien \u00e0 la Conf&rsquo;.<\/span><\/span><\/p>\n<p style=\"text-align: justify;\"><span style=\"font-family: Comic Sans MS, serif;\"><span style=\"font-size: medium;\"><b>Des rassemblements\u00a0<\/b><\/span><\/span><span style=\"font-family: Comic Sans MS, serif;\"><span style=\"font-size: medium;\">sont pr\u00e9vus sur tout le territoire\u00a0<\/span><\/span><\/p>\n<p style=\"text-align: justify;\"><span style=\"font-family: Comic Sans MS, serif;\"><span style=\"font-size: medium;\">rapprochez vous de vos <\/span><\/span><span style=\"color: #000080;\"><u><a href=\"https:\/\/8zfew.r.ah.d.sendibm5.com\/mk\/cl\/f\/sh\/1t6Af4OiGsE8LM2qVB9rOMkB5wYC9d\/GMR7xLGPXfFx\"><span style=\"font-family: Comic Sans MS, serif;\"><span style=\"font-size: medium;\"><span lang=\"fr-FR\">Groupes Locaux Ami\u00b7e\u00b7s<\/span><\/span><\/span><\/a><\/u><\/span><span style=\"font-family: Comic Sans MS, serif;\"><span style=\"font-size: medium;\">.\u00a0<\/span><\/span><\/p>\n<p style=\"text-align: justify;\"><span style=\"font-family: Comic Sans MS, serif;\"><span style=\"font-size: medium;\">et\/ou de vos <\/span><\/span><span style=\"color: #000080;\"><u><a href=\"https:\/\/8zfew.r.ah.d.sendibm5.com\/mk\/cl\/f\/sh\/1t6Af4OiGsEag4FGtXFmYco0TlWvrh\/duVMDaih8s9S\"><span style=\"font-family: Comic Sans MS, serif;\"><span style=\"font-size: medium;\"><span lang=\"fr-FR\">Conf&rsquo; locales<\/span><\/span><\/span><\/a><\/u><\/span><span style=\"font-family: Comic Sans MS, serif;\"><span style=\"font-size: medium;\">.<\/span><\/span><\/p>\n<p style=\"text-align: justify;\"><span style=\"font-family: Comic Sans MS, serif;\"><span style=\"font-size: medium;\">consultez ce <\/span><\/span><span style=\"color: #000080;\"><u><a href=\"https:\/\/8zfew.r.ah.d.sendibm5.com\/mk\/cl\/f\/sh\/1t6Af4OiGsF30mRhHtLhisrpraVfZl\/XhuzKlNyJbhf\"><span style=\"font-family: Comic Sans MS, serif;\"><span style=\"font-size: medium;\"><span lang=\"fr-FR\">document<\/span><\/span><\/span><\/a><\/u><\/span><span style=\"font-family: Comic Sans MS, serif;\"><span style=\"font-size: medium;\"> actualis\u00e9s en temps r\u00e9el.<\/span><\/span><\/p>\n<p style=\"text-align: justify;\"><span style=\"font-family: Comic Sans MS, serif;\"><span style=\"font-size: medium;\"><b>Voici le texte que nous avons partag\u00e9 :<\/b><\/span><\/span><\/p>\n<p style=\"text-align: justify;\"><span style=\"font-family: Comic Sans MS, serif;\"><span style=\"font-size: medium;\">ARRESTATION DE 52 paysan\u00b7ne\u00b7s de la Conf&rsquo;<br \/>\nAlors qu&rsquo;une centaine de paysans de la Conf\u00e9d\u00e9ration paysanne menaient une op\u00e9ration<br \/>\nStop au Mercosur, stop \u00e0 l&rsquo;abattage total\u00a0\u00bb dans le cadre de la crise sanitaire de la DNC,<br \/>\nen opposition \u00e0 l&rsquo;in\u00e9gale r\u00e9partition du POSEI (mesures qui b\u00e9n\u00e9ficient uniquement aux grands propri\u00e9taires dans les D\u00e9partements d&rsquo;Outre-mer (Martinique, Guadeloupe, Guyane, La R\u00e9union),<br \/>\n52 d&rsquo;entre eux ont \u00e9t\u00e9 arbitrairement interpell\u00e9s.<\/span><\/span><\/p>\n<p style=\"text-align: justify;\"><span style=\"font-family: Comic Sans MS, serif;\"><span style=\"font-size: medium;\">Jean Michel SAUVAGE, connu dans le Pas-de-Calais, faisait partie des interpel\u00e9s.<br \/>\nCe rassemblement, dans le hall d&rsquo;entr\u00e9e du Minist\u00e8re de l&rsquo;Agriculture, visait \u00e0 d\u00e9noncer la cogestion FNSEA\/Gouvernement de la politique agricole fran\u00e7aise actuelle et le \u00ab\u00a0deux poids deux mesures\u00a0\u00bb dans le traitement fait aux syndicats agricoles.<\/span><\/span><\/p>\n<p style=\"text-align: justify;\"><span style=\"font-family: Comic Sans MS, serif;\"><span style=\"font-size: medium;\">Nous d\u00e9non\u00e7ons un d\u00e9ploiement des forces de l&rsquo;ordre totalement disproportionn\u00e9 dans le cadre de cette manifestation pacifiste, qui n&rsquo;a entrain\u00e9 aucune d\u00e9gradation, et ne visait que des causes de bien communs, comme la revendication d&rsquo;un revenu juste pour les paysans.<br \/>\nVid\u00e9o de la manifestation : <\/span><\/span><\/p>\n<p style=\"text-align: justify;\"><span style=\"color: #000080;\"><u><a href=\"https:\/\/www.facebook.com\/reel\/1276751830962646\"><span style=\"font-family: Comic Sans MS, serif;\"><span style=\"font-size: medium;\"><span lang=\"fr-FR\">https:\/\/www.facebook.com\/reel\/1276751830962646<\/span><\/span><\/span><\/a><\/u><\/span><span style=\"font-family: Comic Sans MS, serif;\"><span style=\"font-size: medium;\"><\/p>\n<p>STOP \u00e0 la r\u00e9pression<br \/>\nNon au deux poids, deux mesures<br \/>\nDe nouveau, alors que seulement 5 jours se sont \u00e9coul\u00e9s depuis l&rsquo;arrestation des portes paroles nationaux, apportons notre plein soutien \u00e0 la Conf\u00e9d\u00e9ration paysanne.<\/p>\n<p>NE NOUS LAISSONS PAS ABATTRE !<br \/>\nEt appelons les citoyens \u00e0 soutenir massivement la Conf\u00e9d\u00e9ration paysanne.<\/p>\n<p>Pour nous rejoindre : <\/span><\/span><span style=\"color: #000080;\"><u><a href=\"https:\/\/8zfew.r.ah.d.sendibm5.com\/mk\/cl\/f\/sh\/1t6Af4OiGsFxgCqY4bXY3OzUdET8zt\/A74akPrlq63Q\" target=\"_blank\" rel=\"noopener\"><span style=\"font-family: Comic Sans MS, serif;\"><span style=\"font-size: medium;\"><span lang=\"fr-FR\">https:\/\/lesamisdelaconf.org\/simpliquer\/<\/span><\/span><\/span><\/a><\/u><\/span><span style=\"font-family: Comic Sans MS, serif;\"><span style=\"font-size: medium;\">\u00a0<\/span><\/span><\/p>\n<p style=\"text-align: justify;\"><span style=\"font-family: Comic Sans MS, serif;\"><span style=\"font-size: medium;\"><b>Nous avons cr\u00e9\u00e9 un hashtag que nous vous proposons de relayer :\u00a0<\/b><\/span><\/span><span style=\"font-family: Comic Sans MS, serif;\"><span style=\"font-size: medium;\"><br \/>\n<\/span><\/span><span style=\"color: #000080;\"><u><a href=\"https:\/\/8zfew.r.ah.d.sendibm5.com\/mk\/cl\/f\/sh\/1t6Af4OiGsGQ0v2ySxdTDf3K13Rshx\/NqDAAVtezzS9\"><span style=\"font-family: Comic Sans MS, serif;\"><span style=\"font-size: medium;\"><span lang=\"fr-FR\">#liberezles52delaconf<\/span><\/span><\/span><\/a><\/u><\/span><span style=\"font-family: Comic Sans MS, serif;\"><span style=\"font-size: medium;\">\u00a0 \u00a0 \u00a0\u00a0<\/span><\/span><\/p>\n<p style=\"text-align: justify;\"><span style=\"font-family: Comic Sans MS, serif;\"><span style=\"font-size: medium;\"><b>Ainsi que les publications des Amis sur les r\u00e9seaux sociaux en nous taguant ainsi que la Conf&rsquo; \/ vos Conf&rsquo; locales =&gt; ils doivent savoir et voir que nous sommes pr\u00e9sents !<\/b><\/span><\/span><span style=\"font-family: Comic Sans MS, serif;\"><span style=\"font-size: medium;\"><br \/>\n<\/span><\/span><span style=\"color: #000080;\"><u><a href=\"https:\/\/8zfew.r.ah.d.sendibm5.com\/mk\/cl\/f\/sh\/1t6Af4OiGsHKgLRpFfpJYBAymhPM85\/zUFLsCj5gFf8\"><span style=\"font-family: Comic Sans MS, serif;\"><span style=\"font-size: medium;\"><span lang=\"fr-FR\">Facebook<\/span><\/span><\/span><\/a><\/u><\/span><span style=\"font-family: Comic Sans MS, serif;\"><span style=\"font-size: medium;\"> &#8211; <\/span><\/span><span style=\"color: #000080;\"><u><a href=\"https:\/\/8zfew.r.ah.d.sendibm5.com\/mk\/cl\/f\/sh\/1t6Af4OiGsHn13eFe1vEiREoAWO5q9\/SLWsU5uioFZ_\"><span style=\"font-family: Comic Sans MS, serif;\"><span style=\"font-size: medium;\"><span lang=\"fr-FR\">Instagram<\/span><\/span><\/span><\/a><\/u><\/span><span style=\"font-family: Comic Sans MS, serif;\"><span style=\"font-size: medium;\"> &#8211; <\/span><\/span><span style=\"color: #000080;\"><u><a href=\"https:\/\/8zfew.r.ah.d.sendibm5.com\/mk\/cl\/f\/sh\/7nVU1aA2nfsZpYlHA04jXuFh6nfLKPF\/MH3Du9iHnhk2\"><span style=\"font-family: Comic Sans MS, serif;\"><span style=\"font-size: medium;\"><span lang=\"fr-FR\">Linkedin<\/span><\/span><\/span><\/a><\/u><\/span><span style=\"font-family: Comic Sans MS, serif;\"><span style=\"font-size: medium;\"> &#8211; <\/span><\/span><span style=\"color: #000080;\"><u><a href=\"https:\/\/8zfew.r.ah.d.sendibm5.com\/mk\/cl\/f\/sh\/7nVU1aA2nfuSp5Ga8ZJBaGZVHAA84Ll\/ZQC2-ZCYzBkz\"><span style=\"font-family: Comic Sans MS, serif;\"><span style=\"font-size: medium;\"><span lang=\"fr-FR\">Piaille<\/span><\/span><\/span><\/a><\/u><\/span><span style=\"font-family: Comic Sans MS, serif;\"><span style=\"font-size: medium;\"> &#8211; <\/span><\/span><span style=\"color: #000080;\"><u><a href=\"https:\/\/8zfew.r.ah.d.sendibm5.com\/mk\/cl\/f\/sh\/7nVU1aA2nfwLoblt78XdcctJRWeuoIH\/s72r-Nh6mZym\"><span style=\"font-family: Comic Sans MS, serif;\"><span style=\"font-size: medium;\"><span lang=\"fr-FR\">Bluesky<\/span><\/span><\/span><\/a><\/u><\/span><\/p>\n<p style=\"text-align: justify;\"><span style=\"font-family: Comic Sans MS, serif;\"><span style=\"font-size: medium;\">Plus que jamais, il nous faut \u00eatre, nombreux aux c\u00f4t\u00e9s de la Conf&rsquo;, qui nous en sait gr\u00e9.<br \/>\nA bient\u00f4t. <\/span><\/span><\/p>\n<p style=\"text-align: center;\"><span style=\"font-family: Comic Sans MS, serif;\"><span style=\"font-size: medium;\">** **<\/span><\/span><\/p>\n<p style=\"text-align: justify;\"><strong><span style=\"font-family: Comic Sans MS, serif;\"><span style=\"font-size: medium;\">Communiqu\u00e9 de presse de la conf\u00e9d\u00e9ration paysanne nationale<\/span><\/span><\/strong><\/p>\n<p style=\"text-align: justify;\"><span style=\"font-family: Comic Sans MS, serif;\"><span style=\"font-size: medium;\"><b>Occupation du Minist\u00e8re de l\u2019agriculture : la col\u00e8re des paysan\u00b7nes des DROM et de l\u2019hexagone criminalis\u00e9e par le gouvernement <\/b><\/span><\/span><\/p>\n<p style=\"text-align: justify;\"><span style=\"font-family: Comic Sans MS, serif;\"><span style=\"font-size: medium;\">Plus de 150 paysan\u00b7nes de la Conf\u00e9d\u00e9ration paysanne venu\u00b7es de toute la France, dont une importante d\u00e9l\u00e9gation des Drom, ont envahi cet apr\u00e8s-midi le Minist\u00e8re de l\u2019agriculture pour l\u2019occuper. Selon la police, 52 paysan\u00b7nes ont \u00e9t\u00e9 interpell\u00e9s, dont les trois porte-parole nationaux. Le pr\u00e9sident de la chambre d\u2019agriculture de Guyane en ferait aussi partie. Plus de 10 garde-\u00e0-vue ont d\u00e9j\u00e0 \u00e9t\u00e9 prononc\u00e9es. Encore une fois, les manifestant\u00b7es ont \u00e9t\u00e9 nass\u00e9\u00b7es par les forces de l\u2019ordre, dont la BravM. A plusieurs reprises, les journalistes ont \u00e9t\u00e9 emp\u00each\u00e9s de filmer cette manifestation pacifique organis\u00e9e par la Conf\u00e9d\u00e9ration paysanne, un syndicat agricole repr\u00e9sentatif ! <\/span><\/span><\/p>\n<p style=\"text-align: justify;\"><span style=\"font-family: Comic Sans MS, serif;\"><span style=\"font-size: medium;\">A pied, et sans aucune violence, les paysans ont p\u00e9n\u00e9tr\u00e9 dans le hall de la DGPE, d\u00e9roul\u00e9 des banderoles \u00e0 l\u2019int\u00e9rieur et sur toutes les grilles du b\u00e2timent pour exiger \u00ab la d\u00e9colonisation \u00bb de l\u2019agriculture de ces lobbys. <\/span><\/span><\/p>\n<p style=\"text-align: justify;\"><span style=\"font-family: Comic Sans MS, serif;\"><span style=\"font-size: medium;\">Le m\u00e9pris du gouvernement envers le monde paysan est constant. Les d\u00e9clarations hier du Premier ministre comme de la Ministre de l\u2019agriculture en sont une nouvelle illustration. Ce m\u00e9pris concerne aussi et de fa\u00e7on exacerb\u00e9e les paysans des d\u00e9partements, territoires et r\u00e9gions d\u2019outre-mer, trop souvent mis \u00e0 part, sans prise en compte des sp\u00e9cificit\u00e9s de leurs territoires. <\/span><\/span><\/p>\n<p style=\"text-align: justify;\"><span style=\"font-family: Comic Sans MS, serif;\"><span style=\"font-size: medium;\">La col\u00e8re qui s\u2019exprime depuis des semaines dans l\u2019hexagone, sur la gestion de la crise de la DNC et l\u2019accord UE-Mercosur, fait \u00e9cho aux difficult\u00e9s que rencontrent les paysans des Drom. Cette action d\u2019occupation des locaux du Minist\u00e8re vise \u00e0 d\u00e9noncer cette situation. <\/span><\/span><\/p>\n<p style=\"text-align: justify;\"><span style=\"font-family: Comic Sans MS, serif;\"><span style=\"font-size: medium;\">Les paysans des DROM subissent depuis des d\u00e9cennies une posture condescendante et n\u00e9ocoloniale de la part de l\u2019Etat fran\u00e7ais. En premi\u00e8re ligne des accords de libre-\u00e9change, les territoires des DROM subissent les nombreuses importations d\u00e9loyales en provenance de pays aux conditions sociales et environnementales de production largement moins-disantes. La signature de l\u2019accord de libre-\u00e9change UE-Mercosur sera une nouvelle atteinte grave \u00e0 notre souverainet\u00e9 alimentaire. <\/span><\/span><\/p>\n<p style=\"text-align: justify;\"><span style=\"font-family: Comic Sans MS, serif;\"><span style=\"font-size: medium;\">L\u2019injuste r\u00e9partition du POSEI est l\u2019illustration de la volont\u00e9 assum\u00e9e de nos gouvernants de privil\u00e9gier les int\u00e9r\u00eats des plus puissants, des dominants et de l\u2019agro-industrie au d\u00e9triment des populations et de la souverainet\u00e9 alimentaire. <\/span><\/span><\/p>\n<p style=\"text-align: justify;\"><span style=\"font-family: Comic Sans MS, serif;\"><span style=\"font-size: medium;\">C\u2019est pourquoi nous demandons en urgence la refonte des aides du POSEI programme d\u2019options sp\u00e9cifiques \u00e0 l\u2019\u00e9loignement et \u00e0 l\u2019insularit\u00e9. Elles doivent \u00eatre rendues accessibles \u00e0 toutes et tous, en particulier pour les producteurs de la souverainet\u00e9 alimentaire locale. Ces aides POSEI doivent \u00eatre plafonn\u00e9es et redistribu\u00e9es \u00e9quitablement pour lutter contre la concentration des aides dans les mains de quelques grands groupes agroindustriels et familles. Il faut mettre fin aux rentes d\u2019une poign\u00e9e d\u2019acteurs, notamment dans les fili\u00e8res banane et canne-sucre-rhum. L\u2019augmentation significative d\u00e8s 2026 des enveloppes agricoles pour la Guyane et Mayotte, \u00e0 la hauteur des besoins en d\u00e9veloppement agricole de ces territoires, est au aussi urgente.<\/span><\/span><\/p>\n<p style=\"text-align: justify;\"><span style=\"font-family: Comic Sans MS, serif;\"><span style=\"font-size: medium;\"><b>Contacts : <\/b><\/span><\/span><\/p>\n<p style=\"text-align: justify;\"><span style=\"font-family: Comic Sans MS, serif;\"><span style=\"font-size: medium;\">&#8211; Emilie Deligny, secr\u00e9taire g\u00e9n\u00e9rale : 06 36 58 17 26 <\/span><\/span><\/p>\n<p style=\"text-align: justify;\"><span style=\"font-family: Comic Sans MS, serif;\"><span style=\"font-size: medium;\">&#8211; Nina Lejeune, secr\u00e9taire nationale : 06 45 91 14 38 <\/span><\/span><\/p>\n<p style=\"text-align: justify;\"><span style=\"font-family: Comic Sans MS, serif;\"><span style=\"font-size: medium;\">&#8211; Caroline Nugues, charg\u00e9e de communication : 06 95 29 80 78<\/span><\/span><\/p>\n","protected":false},"excerpt":{"rendered":"<p>52 membres\u00a0de la Conf\u00e9d\u00e9ration paysanne se sont fait interpeller\u00a0<\/p>\n","protected":false},"author":2,"featured_media":0,"comment_status":"closed","ping_status":"closed","sticky":false,"template":"","format":"standard","meta":{"footnotes":""},"categories":[1],"tags":[],"class_list":["post-16194","post","type-post","status-publish","format-standard","hentry","category-non-classe"],"_links":{"self":[{"href":"https:\/\/www.quieryavenir.fr\/blog\/wp-json\/wp\/v2\/posts\/16194","targetHints":{"allow":["GET"]}}],"collection":[{"href":"https:\/\/www.quieryavenir.fr\/blog\/wp-json\/wp\/v2\/posts"}],"about":[{"href":"https:\/\/www.quieryavenir.fr\/blog\/wp-json\/wp\/v2\/types\/post"}],"author":[{"embeddable":true,"href":"https:\/\/www.quieryavenir.fr\/blog\/wp-json\/wp\/v2\/users\/2"}],"replies":[{"embeddable":true,"href":"https:\/\/www.quieryavenir.fr\/blog\/wp-json\/wp\/v2\/comments?post=16194"}],"version-history":[{"count":2,"href":"https:\/\/www.quieryavenir.fr\/blog\/wp-json\/wp\/v2\/posts\/16194\/revisions"}],"predecessor-version":[{"id":16196,"href":"https:\/\/www.quieryavenir.fr\/blog\/wp-json\/wp\/v2\/posts\/16194\/revisions\/16196"}],"wp:attachment":[{"href":"https:\/\/www.quieryavenir.fr\/blog\/wp-json\/wp\/v2\/media?parent=16194"}],"wp:term":[{"taxonomy":"category","embeddable":true,"href":"https:\/\/www.quieryavenir.fr\/blog\/wp-json\/wp\/v2\/categories?post=16194"},{"taxonomy":"post_tag","embeddable":true,"href":"https:\/\/www.quieryavenir.fr\/blog\/wp-json\/wp\/v2\/tags?post=16194"}],"curies":[{"name":"wp","href":"https:\/\/api.w.org\/{rel}","templated":true}]}}