{"id":16203,"date":"2026-01-20T02:53:12","date_gmt":"2026-01-20T01:53:12","guid":{"rendered":"https:\/\/www.quieryavenir.fr\/blog\/?p=16203"},"modified":"2026-01-16T10:22:38","modified_gmt":"2026-01-16T09:22:38","slug":"comprendre-le-soulevement-en-iran","status":"publish","type":"post","link":"https:\/\/www.quieryavenir.fr\/blog\/2026\/01\/20\/comprendre-le-soulevement-en-iran\/","title":{"rendered":"Comprendre le soul\u00e8vement en Iran"},"content":{"rendered":"<p style=\"text-align: justify;\"><img loading=\"lazy\" decoding=\"async\" class=\"size-medium wp-image-16197 aligncenter\" src=\"https:\/\/www.quieryavenir.fr\/blog\/wp-content\/uploads\/2026\/01\/Antifa-260103-298x300.jpg\" alt=\"\" width=\"298\" height=\"300\" srcset=\"https:\/\/www.quieryavenir.fr\/blog\/wp-content\/uploads\/2026\/01\/Antifa-260103-298x300.jpg 298w, https:\/\/www.quieryavenir.fr\/blog\/wp-content\/uploads\/2026\/01\/Antifa-260103.jpg 500w\" sizes=\"auto, (max-width: 298px) 100vw, 298px\" \/><\/p>\n<h1 style=\"text-align: justify;\"><span style=\"font-family: Comic Sans MS, serif;\"><span style=\"font-size: medium;\">Une vid\u00e9o <\/span><\/span><span style=\"font-family: Comic Sans MS, serif;\"><span style=\"font-size: medium;\">remarquable <\/span><\/span><span style=\"font-family: Comic Sans MS, serif;\"><span style=\"font-size: medium;\">avec Chowra Makaremi, Collectif Roja, Parham Shahrjerdi <\/span><\/span><\/h1>\n<p><!--more--><\/p>\n<p style=\"text-align: justify;\"><span style=\"color: #000080;\"><u><a href=\"https:\/\/www.youtube.com\/watch?v=zdnDInzoqKE\"><span style=\"font-family: Comic Sans MS, serif;\"><span style=\"font-size: medium;\"><span lang=\"fr-FR\">https:\/\/www.youtube.com\/watch?v=zdnDInzoqKE<\/span><\/span><\/span><\/a><\/u><\/span><\/p>\n<p style=\"text-align: justify;\"><span style=\"font-family: Comic Sans MS, serif;\"><span style=\"font-size: medium;\">1 h 23<\/span><\/span><\/p>\n<p style=\"text-align: justify;\"><span style=\"font-family: Comic Sans MS, serif;\"><span style=\"font-size: medium;\">Depuis trois semaines, l&rsquo;Iran conna\u00eet l&rsquo;un des plus grands soul\u00e8vements populaires depuis l&rsquo;instauration de la R\u00e9publique Islamique en 1979. Le 8 janvier, la foule a pris la rue dans toutes les villes du pays, des b\u00e2timents officiels ont \u00e9t\u00e9 incendi\u00e9s et des miliciens du r\u00e9gime tu\u00e9s. Depuis, le pouvoir a coup\u00e9 toutes les t\u00e9l\u00e9communications, les chiffres de la r\u00e9pression varient\u00a0: certains parlent de 3000 manifestants abattus, la cha\u00eene CBS de 20 000, des images de sacs mortuaires entass\u00e9s commencent \u00e0 circuler. Lorsque nous avons invit\u00e9 Soma du collectif Roja, Chowra Makaremi autrice de Femme ! Vie ! Libert\u00e9 ! \u00c9chos d&rsquo;un soul\u00e8vement r\u00e9volutionnaire en Iran (La D\u00e9couverte, 2023) et Parham Shahrjerdi, psychanalyste et contributeur r\u00e9gulier de lundimatin, le courage et l&rsquo;audace des rues iraniennes imposaient l&rsquo;euphorie ou au moins l&rsquo;enthousiasme. Quelques jours plus tard, c&rsquo;est l&rsquo;incertitude et l&rsquo;inqui\u00e9tude qui dominent, dans l&rsquo;attente de savoir ce que le mouvement est parvenu \u00e0 d\u00e9faire et jusqu&rsquo;o\u00f9 le r\u00e9gime est all\u00e9 pour s&rsquo;accrocher au pouvoir. <\/span><\/span><\/p>\n<p style=\"text-align: justify;\"><span style=\"font-family: Comic Sans MS, serif;\"><span style=\"font-size: medium;\">Dans cette discussion, nos invit\u00e9s analysent ce soul\u00e8vement sans pr\u00e9c\u00e9dent en l&rsquo;inscrivant dans l&rsquo;histoire du r\u00e9gime et de sa contestation mais aussi dans le moment historique et g\u00e9opolitique actuel. Quelles sont les conditions objectives qui poussent \u00e0 ne voir aucune autre option que la chute du r\u00e9gime\u00a0? Que signifient les menaces d&rsquo;ing\u00e9rence pour un mouvement fondamentalement populaire\u00a0? En quoi les bouffonneries de la gauche campiste fran\u00e7aise sont sym\u00e9triques et solidaires du soutien empoisonn\u00e9 de l&rsquo;extr\u00eame droite mondiale\u00a0? Et quelles voies semblent praticables pour les iraniens encercl\u00e9s par tant de vautours\u00a0? <\/span><\/span><\/p>\n<p style=\"text-align: center;\"><span style=\"font-family: Comic Sans MS, serif;\"><span style=\"font-size: medium;\">** **<\/span><\/span><\/p>\n<p style=\"text-align: center;\"><strong><span style=\"font-family: Comic Sans MS, serif;\"><span style=\"font-size: medium;\">A lire aussi<\/span><\/span><\/strong><\/p>\n<p style=\"text-align: justify;\"><strong><span style=\"font-family: Comic Sans MS, serif;\"><span style=\"font-size: medium;\">Les protestations en Iran assi\u00e9g\u00e9es par les ennemis int\u00e9rieurs et ext\u00e9rieurs<\/span><\/span><\/strong><\/p>\n<p style=\"text-align: justify;\"><span style=\"font-family: Comic Sans MS, serif;\"><span style=\"font-size: medium;\">\u00c0 propos des soul\u00e8vements populaires en cours<br \/>\n<\/span><\/span><span style=\"font-family: Comic Sans MS, serif;\"><span style=\"font-size: medium;\">Texte du <\/span><\/span><span style=\"font-family: Comic Sans MS, serif;\"><span style=\"font-size: medium;\">Collectif Roja<\/span><\/span><\/p>\n<p style=\"text-align: justify;\"><span style=\"font-family: Comic Sans MS, serif;\"><span style=\"font-size: medium;\">Ce texte d\u2019intervention a \u00e9t\u00e9 \u00e9crit par le collectif Roja\u00a0(collectif ind\u00e9pendant, de gauche et&#8230;) le 4\u00a0janvier 2026, au sixi\u00e8me jour des protestations nationales en Iran. Depuis, beaucoup d\u2019\u00e9v\u00e9nements ont eu lieu \u2013 en particulier, la nuit historique du 8\u00a0janvier, au douzi\u00e8me jour du soul\u00e8vement. La journ\u00e9e a commenc\u00e9 par une gr\u00e8ve g\u00e9n\u00e9rale des commer\u00e7ants, notamment au Kurdistan, \u00e0 l\u2019appel de partis kurdes. La fermeture des boutiques a co\u00efncid\u00e9 avec des mobilisations de rue et des mobilisations \u00e9tudiantes sur les campus \u00e0 travers tout le pays. Les affrontements avec les forces de r\u00e9pression se sont \u00e9tendus \u00e0 des dizaines de villes, de la capitale aux provinces frontali\u00e8res\u00a0; une organisation de d\u00e9fense des droits humains a compt\u00e9 ce jour l\u00e0 des actions de protestation dans au moins 46 villes, r\u00e9parties sur 21 provinces. \u00c0 la tomb\u00e9e de la nuit, des images circulant sur les r\u00e9seaux sociaux ont donn\u00e9 \u00e0 voir des foules d\u2019une ampleur sid\u00e9rante, que le maintien de l\u2019ordre ordinaire ne pouvait contenir\u00a0: un peuple en lutte reprenant la rue comme son bien propre et, dans de nombreux endroits, repoussant la forces de s\u00e9curit\u00e9. Pour beaucoup, cette atmosph\u00e8re a raviv\u00e9 la m\u00e9moire des mois pr\u00e9c\u00e9dant la R\u00e9volution de 1979.<\/span><\/span><\/p>\n<p style=\"text-align: justify;\"><span style=\"color: #000080;\"><u><a href=\"https:\/\/lundi.am\/Les-protestations-en-Iran-assiegees-par-les-ennemis-interieurs-et-exterieurs\"><span style=\"font-family: Comic Sans MS, serif;\"><span style=\"font-size: medium;\"><span lang=\"fr-FR\">https:\/\/lundi.am\/Les-protestations-en-Iran-assiegees-par-les-enne<\/span><\/span><\/span><\/a><\/u><\/span><\/p>\n","protected":false},"excerpt":{"rendered":"<p>Une vid\u00e9o remarquable avec Chowra Makaremi, Collectif Roja, Parham Shahrjerdi<\/p>\n","protected":false},"author":2,"featured_media":0,"comment_status":"closed","ping_status":"closed","sticky":false,"template":"","format":"standard","meta":{"footnotes":""},"categories":[1],"tags":[],"class_list":["post-16203","post","type-post","status-publish","format-standard","hentry","category-non-classe"],"_links":{"self":[{"href":"https:\/\/www.quieryavenir.fr\/blog\/wp-json\/wp\/v2\/posts\/16203","targetHints":{"allow":["GET"]}}],"collection":[{"href":"https:\/\/www.quieryavenir.fr\/blog\/wp-json\/wp\/v2\/posts"}],"about":[{"href":"https:\/\/www.quieryavenir.fr\/blog\/wp-json\/wp\/v2\/types\/post"}],"author":[{"embeddable":true,"href":"https:\/\/www.quieryavenir.fr\/blog\/wp-json\/wp\/v2\/users\/2"}],"replies":[{"embeddable":true,"href":"https:\/\/www.quieryavenir.fr\/blog\/wp-json\/wp\/v2\/comments?post=16203"}],"version-history":[{"count":1,"href":"https:\/\/www.quieryavenir.fr\/blog\/wp-json\/wp\/v2\/posts\/16203\/revisions"}],"predecessor-version":[{"id":16204,"href":"https:\/\/www.quieryavenir.fr\/blog\/wp-json\/wp\/v2\/posts\/16203\/revisions\/16204"}],"wp:attachment":[{"href":"https:\/\/www.quieryavenir.fr\/blog\/wp-json\/wp\/v2\/media?parent=16203"}],"wp:term":[{"taxonomy":"category","embeddable":true,"href":"https:\/\/www.quieryavenir.fr\/blog\/wp-json\/wp\/v2\/categories?post=16203"},{"taxonomy":"post_tag","embeddable":true,"href":"https:\/\/www.quieryavenir.fr\/blog\/wp-json\/wp\/v2\/tags?post=16203"}],"curies":[{"name":"wp","href":"https:\/\/api.w.org\/{rel}","templated":true}]}}