{"id":16205,"date":"2026-01-19T01:20:24","date_gmt":"2026-01-19T00:20:24","guid":{"rendered":"https:\/\/www.quieryavenir.fr\/blog\/?p=16205"},"modified":"2026-01-16T10:21:51","modified_gmt":"2026-01-16T09:21:51","slug":"encore-un-projet-de-loi-qui-fait-la-part-belle-a-israel","status":"publish","type":"post","link":"https:\/\/www.quieryavenir.fr\/blog\/2026\/01\/19\/encore-un-projet-de-loi-qui-fait-la-part-belle-a-israel\/","title":{"rendered":"Encore un projet de loi qui fait la part belle \u00e0 Isra\u00ebl"},"content":{"rendered":"<p style=\"text-align: justify;\"><img loading=\"lazy\" decoding=\"async\" class=\"wp-image-16199 aligncenter\" src=\"https:\/\/www.quieryavenir.fr\/blog\/wp-content\/uploads\/2026\/01\/Djelloul-260112-300x178.jpg\" alt=\"\" width=\"587\" height=\"348\" srcset=\"https:\/\/www.quieryavenir.fr\/blog\/wp-content\/uploads\/2026\/01\/Djelloul-260112-300x178.jpg 300w, https:\/\/www.quieryavenir.fr\/blog\/wp-content\/uploads\/2026\/01\/Djelloul-260112.jpg 667w\" sizes=\"auto, (max-width: 587px) 100vw, 587px\" \/><\/p>\n<h1 style=\"text-align: justify;\"><strong><span style=\"font-family: Comic Sans MS, cursive;\"><span style=\"font-size: medium;\">La proposition de loi Yadan (PPL\u00a0575) doit \u00eatre retir\u00e9e imm\u00e9diatement<\/span><\/span><\/strong><\/h1>\n<p><!--more--><\/p>\n<p style=\"text-align: justify;\"><span style=\"font-family: Comic Sans MS, cursive;\"><span style=\"font-size: medium;\">En ce d\u00e9but d\u2019ann\u00e9e\u00a02026 les Palestinien\u00b7nes de Gaza restent soumis aux attaques isra\u00e9liennes et \u00e0 des conditions d\u2019existence insupportables aggrav\u00e9es par l\u2019hiver et le refus d\u2019Isra\u00ebl de laisser entrer l\u2019aide humanitaire dans la bande de Gaza\u00a0\u2013 le g\u00e9nocide \u00e0 Gaza est toujours en cours\u00a0; la colonisation \u00e0 marche forc\u00e9e ainsi que les exactions et la r\u00e9pression de l\u2019occupation isra\u00e9lienne s\u2019intensifient en Cisjordanie\u00a0; la presse internationale reste interdite \u00e0 Gaza et des dizaines d\u2019ONG sont maintenant interdites d\u2019entr\u00e9e et emp\u00each\u00e9es d\u2019apporter aux populations une assistance vitale.<\/span><\/span><\/p>\n<p style=\"text-align: justify;\"><span style=\"font-family: Calibri, sans-serif;\"><span style=\"font-family: Comic Sans MS, cursive;\"><span style=\"font-size: medium;\">C\u2019est dans ce contexte qu\u2019a \u00e9t\u00e9 mise \u00e0 l\u2019agenda de l\u2019Assembl\u00e9e nationale (le 14 janvier en Commission des Lois et le 19\u00a0janvier en pl\u00e9ni\u00e8re) la proposition de loi (PPL)\u00a0575 de la d\u00e9put\u00e9e Caroline Yadan qui, sous pr\u00e9texte de \u00ab\u00a0<\/span><\/span><span style=\"font-family: Comic Sans MS, cursive;\"><span style=\"font-size: medium;\"><i>lutter contre les formes renouvel\u00e9es de l\u2019antis\u00e9mitisme<\/i><\/span><\/span><span style=\"font-family: Comic Sans MS, cursive;\"><span style=\"font-size: medium;\">\u00a0\u00bb, entend r\u00e9primer l\u2019expression sur tout ce qui concerne l\u2019\u00c9tat d\u2019Isra\u00ebl et la politique qu\u2019il m\u00e8ne vis-\u00e0-vis du peuple palestinien, alors que le libre d\u00e9bat sur ce sujet, qui devrait \u00eatre la r\u00e8gle, fait d\u00e9j\u00e0 l\u2019objet de nombreuses entraves dans notre pays.<\/span><\/span><\/span><\/p>\n<p style=\"text-align: justify;\"><span style=\"font-family: Comic Sans MS, cursive;\"><span style=\"font-size: medium;\">Isra\u00ebl viole tous les jours le droit international et les droits humains, commet \u00e0 l\u2019encontre du peuple palestinien des crimes de guerre, crimes contre l\u2019humanit\u00e9 et le crime de g\u00e9nocide. L\u2019AFPS rappelle que critiquer la politique men\u00e9e par un \u00c9tat rel\u00e8ve de la libert\u00e9 d\u2019expression. C\u2019est le cas concernant Isra\u00ebl et la politique qu\u2019il m\u00e8ne et cela n\u2019a rien \u00e0 voir avec l\u2019antis\u00e9mitisme.<\/span><\/span><\/p>\n<p style=\"text-align: justify;\"><span style=\"font-family: Comic Sans MS, cursive;\"><span style=\"font-size: medium;\">Il est indigne de manipuler la lutte contre l\u2019antis\u00e9mitisme pour tenter de museler les critiques qui s\u2019expriment contre l\u2019\u00c9tat d\u2019Isra\u00ebl, sa politique et les crimes qu\u2019il commet. Il est dangereux de s\u00e9parer la lutte n\u00e9cessaire contre l\u2019antis\u00e9mitisme du combat g\u00e9n\u00e9ral contre le racisme sous toutes ses formes, et de l\u2019assimiler ainsi de facto \u00e0 la d\u00e9fense de l\u2019\u00c9tat d\u2019Isra\u00ebl, de sa politique et de ses crimes. De plus, par l\u2019assignation identitaire \u00e0 Isra\u00ebl des Fran\u00e7ais juifs et des Fran\u00e7aises juives, cette proposition de loi les expose alors qu\u2019elle pr\u00e9tend les prot\u00e9ger, et pr\u00e9sente des risques majeurs pour la coh\u00e9sion de la soci\u00e9t\u00e9 fran\u00e7aise.<\/span><\/span><\/p>\n<p style=\"text-align: justify;\"><span style=\"font-family: Comic Sans MS, cursive;\"><span style=\"font-size: medium;\">La gravit\u00e9 de cette attaque contre la libert\u00e9 d\u2019expression, les dangers de ce d\u00e9tournement du combat essentiel contre l\u2019antis\u00e9mitisme et toutes les autres formes de racisme, d\u00e9passent tr\u00e8s largement l\u2019appr\u00e9ciation que l\u2019on peut avoir de la situation en Palestine et en Isra\u00ebl, dans une l\u00e9gitime diversit\u00e9 d\u2019opinions. Elle doit interpeller toutes et tous les d\u00e9mocrates attach\u00e9\u00b7es \u00e0 la libert\u00e9 d\u2019expression et \u00e0 l\u2019universalit\u00e9 de la lutte contre le racisme sous toutes ses formes.<\/span><\/span><\/p>\n<p style=\"text-align: justify;\"><span style=\"font-family: Comic Sans MS, cursive;\"><span style=\"font-size: medium;\">L\u2019AFPS appelle \u00e0 un d\u00e9bat sinc\u00e8re, honn\u00eate et exigeant sur la mont\u00e9e des racismes et des violences en France, dont l\u2019antis\u00e9mitisme et l\u2019islamophobie. Les institutions fran\u00e7aises doivent r\u00e9sister \u00e0 toute ing\u00e9rence \u00e9trang\u00e8re, directe ou indirecte, dans les d\u00e9bats politiques de notre pays.<\/span><\/span><\/p>\n<p style=\"text-align: justify;\"><span style=\"font-family: Comic Sans MS, cursive;\"><span style=\"font-size: medium;\">Pour pr\u00e9server la libert\u00e9 d\u2019expression et le d\u00e9bat d\u00e9mocratique, pour lutter s\u00e9rieusement contre l\u2019antis\u00e9mitisme et toutes les autres formes de racisme, nous appelons, avec nos partenaires, au retrait imm\u00e9diat de la Proposition de Loi Yadan de l\u2019agenda de l\u2019Assembl\u00e9e nationale et de celui de la Commission des lois.<\/span><\/span><\/p>\n<p style=\"text-align: justify;\"><span style=\"font-family: Comic Sans MS, cursive;\"><span style=\"font-size: medium;\">Le Bureau national de l\u2019AFPS, le 5 janvier 2026<\/span><\/span><\/p>\n<p style=\"text-align: justify;\"><span style=\"font-family: Calibri, sans-serif;\"><span style=\"color: #0563c1;\"><u><a href=\"https:\/\/www.france-palestine.org\/IMG\/pdf\/analyse_ppl575.pdf\" target=\"_top\"><span style=\"font-family: Comic Sans MS, cursive;\"><span style=\"font-size: medium;\">Lire l\u2019argumentaire <\/span><\/span><\/a><\/u><\/span><span style=\"font-family: Comic Sans MS, cursive;\"><span style=\"font-size: medium;\">pr\u00e9par\u00e9 par la Plateforme fran\u00e7aise des ONG pour la Palestine, dont l\u2019AFPS est membre aux c\u00f4t\u00e9s d\u2019importantes organisations de d\u00e9fense des droits humains et ONG fran\u00e7aises.<\/span><\/span><\/span><\/p>\n<p style=\"text-align: justify;\"><span style=\"font-family: Comic Sans MS, cursive;\"><span style=\"font-size: medium;\">france-palestine.org<\/span><\/span><\/p>\n<p style=\"text-align: center;\"><span style=\"font-family: Comic Sans MS, cursive;\"><span style=\"font-size: medium;\">** **<\/span><\/span><\/p>\n<h2 class=\"western\" style=\"text-align: justify;\"><a name=\"page-title\"><\/a> <span style=\"font-family: Comic Sans MS, cursive;\"><span style=\"font-size: medium;\">Loi Yadan\u00a0: non \u00e0 une police de la pens\u00e9e\u00a0! <\/span><\/span><\/h2>\n<p style=\"text-align: justify;\"><span style=\"font-family: Comic Sans MS, cursive;\"><span style=\"font-size: medium;\">La proposition de loi n\u00b0575, sous couvert d\u2019une lutte l\u00e9gitime et n\u00e9cessaire contre l\u2019antis\u00e9mitisme, pr\u00e9sente un \u00ab\u00a0risque sans pr\u00e9c\u00e9dent pour les droits fondamentaux d\u2019expression et d\u2019association\u00a0\u00bb, alerte un ensemble d&rsquo;organisations palestiniennes, organisations juives, associations et collectifs d\u2019universitaires et de chercheurs, d\u2019avocats, de professeurs de droit, syndicats et collectifs professionnels ou \u00e9tudiants, organisations antiracistes.\u00a0<\/span><\/span><\/p>\n<p style=\"text-align: justify;\"><span style=\"font-family: Comic Sans MS, cursive;\"><span style=\"font-size: medium;\"><a href=\"https:\/\/blogs.mediapart.fr\/collectif-dorganisations-contre-la-loi-yadan\/blog\/100126\/loi-yadan-non-une-police-de-la-pensee\">https:\/\/blogs.mediapart.fr\/collectif-dorganisations-contre-la-loi-yadan\/blog\/<\/a><\/span><\/span><\/p>\n<p style=\"text-align: justify;\">\n","protected":false},"excerpt":{"rendered":"<p>La proposition de loi Yadan (PPL\u00a0575) doit \u00eatre retir\u00e9e imm\u00e9diatement<\/p>\n","protected":false},"author":2,"featured_media":0,"comment_status":"closed","ping_status":"closed","sticky":false,"template":"","format":"standard","meta":{"footnotes":""},"categories":[1],"tags":[],"class_list":["post-16205","post","type-post","status-publish","format-standard","hentry","category-non-classe"],"_links":{"self":[{"href":"https:\/\/www.quieryavenir.fr\/blog\/wp-json\/wp\/v2\/posts\/16205","targetHints":{"allow":["GET"]}}],"collection":[{"href":"https:\/\/www.quieryavenir.fr\/blog\/wp-json\/wp\/v2\/posts"}],"about":[{"href":"https:\/\/www.quieryavenir.fr\/blog\/wp-json\/wp\/v2\/types\/post"}],"author":[{"embeddable":true,"href":"https:\/\/www.quieryavenir.fr\/blog\/wp-json\/wp\/v2\/users\/2"}],"replies":[{"embeddable":true,"href":"https:\/\/www.quieryavenir.fr\/blog\/wp-json\/wp\/v2\/comments?post=16205"}],"version-history":[{"count":1,"href":"https:\/\/www.quieryavenir.fr\/blog\/wp-json\/wp\/v2\/posts\/16205\/revisions"}],"predecessor-version":[{"id":16206,"href":"https:\/\/www.quieryavenir.fr\/blog\/wp-json\/wp\/v2\/posts\/16205\/revisions\/16206"}],"wp:attachment":[{"href":"https:\/\/www.quieryavenir.fr\/blog\/wp-json\/wp\/v2\/media?parent=16205"}],"wp:term":[{"taxonomy":"category","embeddable":true,"href":"https:\/\/www.quieryavenir.fr\/blog\/wp-json\/wp\/v2\/categories?post=16205"},{"taxonomy":"post_tag","embeddable":true,"href":"https:\/\/www.quieryavenir.fr\/blog\/wp-json\/wp\/v2\/tags?post=16205"}],"curies":[{"name":"wp","href":"https:\/\/api.w.org\/{rel}","templated":true}]}}