{"id":16213,"date":"2026-01-26T02:01:02","date_gmt":"2026-01-26T01:01:02","guid":{"rendered":"https:\/\/www.quieryavenir.fr\/blog\/?p=16213"},"modified":"2026-01-17T06:02:33","modified_gmt":"2026-01-17T05:02:33","slug":"deux-poids-deux-mesures","status":"publish","type":"post","link":"https:\/\/www.quieryavenir.fr\/blog\/2026\/01\/26\/deux-poids-deux-mesures\/","title":{"rendered":"Deux poids, deux mesures"},"content":{"rendered":"<p style=\"text-align: justify;\"><img loading=\"lazy\" decoding=\"async\" class=\"wp-image-16202 aligncenter\" src=\"https:\/\/www.quieryavenir.fr\/blog\/wp-content\/uploads\/2026\/01\/Utopia56-251214-300x130.jpg\" alt=\"\" width=\"621\" height=\"269\" srcset=\"https:\/\/www.quieryavenir.fr\/blog\/wp-content\/uploads\/2026\/01\/Utopia56-251214-300x130.jpg 300w, https:\/\/www.quieryavenir.fr\/blog\/wp-content\/uploads\/2026\/01\/Utopia56-251214-768x333.jpg 768w, https:\/\/www.quieryavenir.fr\/blog\/wp-content\/uploads\/2026\/01\/Utopia56-251214.jpg 986w\" sizes=\"auto, (max-width: 621px) 100vw, 621px\" \/><\/p>\n<h1 style=\"text-align: justify;\">Jeunes br\u00fbl\u00e9s Crans-Montana \/ Gaza<\/h1>\n<p><!--more--><\/p>\n<p style=\"text-align: justify;\">\u00c9crire c&rsquo;est oser dire, oser interpeller le monde dans lequel on vit. Il y a des vies qui valent plus que d&rsquo;autres et on le sait tous. Cessons l&rsquo;hypocrisie et regardons le monstre dans les yeux, sans sourciller.<\/p>\n<p style=\"text-align: justify;\">Chaque hiver, je passais quelques jours \u00e0 Crans-Montana avec ma famille qui comprend beaucoup de jeunes qui auraient pu se retrouver dans cet enfer de feu et de flammes.\u00a0 L&rsquo;incendie du bar Le Constellation m&rsquo;a beaucoup touch\u00e9e et \u00e9mue. Voir tous ces jeunes br\u00fbl\u00e9s, bless\u00e9s, disparus est insoutenable, on souffre avec les parents.<\/p>\n<p style=\"text-align: justify;\">Ce qui me touche encore plus, c&rsquo;est de lire les statistiques des enfants morts, \u00e0 Gaza. Selon les derni\u00e8res estimations, plus de 50 000 enfants ont \u00e9t\u00e9 tu\u00e9s ou bless\u00e9s dans la bande de Gaza depuis octobre 2023. En mai 2025, l&rsquo;UNICEF avait\u00a0signal\u00e9 que 1 309 enfants avaient \u00e9t\u00e9 tu\u00e9s et 3 738 bless\u00e9s depuis la fin du cessez-le-feu le 18 mars. Un million d&rsquo;entre eux auraient \u00e9t\u00e9 d\u00e9plac\u00e9s. Des chiffres probablement sous-estim\u00e9s.<\/p>\n<p style=\"text-align: justify;\">Tous ces enfants bless\u00e9s et qui ont connu la mort par br\u00fblures apr\u00e8s le largage des bombes isra\u00e9liennes n&rsquo;\u00e9meut que tr\u00e8s peu de monde. Ils souffrent de cette indiff\u00e9rence meurtri\u00e8re qui permet de donner plus de valeur \u00e0 certaines vies qu&rsquo;\u00e0 d&rsquo;autres.<\/p>\n<p style=\"text-align: justify;\">L&#8217;empathie \u00e0 deux vitesses, la compassion cibl\u00e9e selon le statut, l&rsquo;origine, la nationalit\u00e9 me laissent songeuse sur ce monde devenu aberrant car ce g\u00e9nocide \u00e0 Gaza \u00e9quivaut \u00e0 des milliers de bars Le Constellation qui d\u00e9truiraient des vies de jeunes, jour et nuit.<\/p>\n<p style=\"text-align: justify;\">Les m\u00e9dias surench\u00e9rissent sur le drame de Crans-Montana, une course absurde \u00e0 l&rsquo;audience maximale, et pratiquent le silence sur ces autres enfants qui meurent. Une presse \u00e0 sensation qui fait honte \u00e0 l&rsquo;humanit\u00e9 et qui manque de respect face aux familles endeuill\u00e9es tant elle fait du bruit. Une in\u00e9galit\u00e9 dans le traitement de l&rsquo;information monstrueuse et r\u00e9voltante.<\/p>\n<p style=\"text-align: justify;\">Alors, prions nos jeunes morts ainsi que ceux qui disparaissent dans le plus \u00e9clatant silence, dans le plus\u00a0profond m\u00e9pris, dans l&rsquo;ultime indiff\u00e9rence.<\/p>\n<p style=\"text-align: justify;\">Alors, prions pour la paix pour tous\u00a0ces enfants de Palestine et d&rsquo;ailleurs qui meurent et pas pour les m\u00eames raisons, mais le drame reste entier.<br \/>\nAlors, et de toute urgence prions pour que nous redevenions des humains \u00e0 la pleine empathie, \u00e0 la capacit\u00e9 de s&rsquo;indigner, ayons de l&rsquo;amour et de la\u00a0compassion pour tous ces jeunes qui disparaissent.<br \/>\nIls sont notre avenir, ils \u00e9taient notre avenir.<\/p>\n<p style=\"text-align: justify;\">Djem\u00e2a Chra\u00efti\u00a0; \u00c9crivaine et journaliste\u00a0; Abonn\u00e9e de Mediapart<\/p>\n","protected":false},"excerpt":{"rendered":"<p>Jeunes br\u00fbl\u00e9s Crans-Montana \/ Gaza<\/p>\n","protected":false},"author":2,"featured_media":0,"comment_status":"closed","ping_status":"closed","sticky":false,"template":"","format":"standard","meta":{"footnotes":""},"categories":[1],"tags":[],"class_list":["post-16213","post","type-post","status-publish","format-standard","hentry","category-non-classe"],"_links":{"self":[{"href":"https:\/\/www.quieryavenir.fr\/blog\/wp-json\/wp\/v2\/posts\/16213","targetHints":{"allow":["GET"]}}],"collection":[{"href":"https:\/\/www.quieryavenir.fr\/blog\/wp-json\/wp\/v2\/posts"}],"about":[{"href":"https:\/\/www.quieryavenir.fr\/blog\/wp-json\/wp\/v2\/types\/post"}],"author":[{"embeddable":true,"href":"https:\/\/www.quieryavenir.fr\/blog\/wp-json\/wp\/v2\/users\/2"}],"replies":[{"embeddable":true,"href":"https:\/\/www.quieryavenir.fr\/blog\/wp-json\/wp\/v2\/comments?post=16213"}],"version-history":[{"count":1,"href":"https:\/\/www.quieryavenir.fr\/blog\/wp-json\/wp\/v2\/posts\/16213\/revisions"}],"predecessor-version":[{"id":16214,"href":"https:\/\/www.quieryavenir.fr\/blog\/wp-json\/wp\/v2\/posts\/16213\/revisions\/16214"}],"wp:attachment":[{"href":"https:\/\/www.quieryavenir.fr\/blog\/wp-json\/wp\/v2\/media?parent=16213"}],"wp:term":[{"taxonomy":"category","embeddable":true,"href":"https:\/\/www.quieryavenir.fr\/blog\/wp-json\/wp\/v2\/categories?post=16213"},{"taxonomy":"post_tag","embeddable":true,"href":"https:\/\/www.quieryavenir.fr\/blog\/wp-json\/wp\/v2\/tags?post=16213"}],"curies":[{"name":"wp","href":"https:\/\/api.w.org\/{rel}","templated":true}]}}