{"id":16224,"date":"2026-01-28T02:10:59","date_gmt":"2026-01-28T01:10:59","guid":{"rendered":"https:\/\/www.quieryavenir.fr\/blog\/?p=16224"},"modified":"2026-01-26T10:13:08","modified_gmt":"2026-01-26T09:13:08","slug":"des-nouvelles-daude-en-janvier","status":"publish","type":"post","link":"https:\/\/www.quieryavenir.fr\/blog\/2026\/01\/28\/des-nouvelles-daude-en-janvier\/","title":{"rendered":"Des nouvelles d\u2019Aude en janvier"},"content":{"rendered":"<p style=\"text-align: justify;\"><img loading=\"lazy\" decoding=\"async\" class=\"wp-image-16218 aligncenter\" src=\"https:\/\/www.quieryavenir.fr\/blog\/wp-content\/uploads\/2026\/01\/Soulcie-260118-3-233x300.jpg\" alt=\"\" width=\"342\" height=\"440\" srcset=\"https:\/\/www.quieryavenir.fr\/blog\/wp-content\/uploads\/2026\/01\/Soulcie-260118-3-233x300.jpg 233w, https:\/\/www.quieryavenir.fr\/blog\/wp-content\/uploads\/2026\/01\/Soulcie-260118-3.jpg 500w\" sizes=\"auto, (max-width: 342px) 100vw, 342px\" \/><\/p>\n<h1 style=\"text-align: justify;\"><span style=\"font-family: Comic Sans MS, serif;\"><span style=\"font-size: medium;\">\u00c0\u00a0LIRE<\/span><\/span><\/h1>\n<p><!--more--><\/p>\n<p style=\"text-align: justify;\"><span style=\"font-family: Comic Sans MS, serif;\"><span style=\"font-size: medium;\"><b>Peut-on d\u00e9terminer sa race ?<\/b><\/span><\/span><\/p>\n<p style=\"text-align: justify;\"><span style=\"font-family: Comic Sans MS, serif;\"><span style=\"font-size: medium;\">En Am\u00e9rique du Nord il est possible d&rsquo;autod\u00e9terminer son appartenance ethnique&#8230; mais avec des limites.<\/span><\/span><\/p>\n<p style=\"text-align: justify;\"><span style=\"color: #000080;\"><u><a href=\"https:\/\/blog.ecologie-politique.eu\/?post\/Peut-on-autodeterminer-sa-race\" target=\"_blank\" rel=\"noopener\"><span style=\"font-family: Comic Sans MS, serif;\"><span style=\"font-size: medium;\"><span lang=\"fr-FR\">https:\/\/blog.ecologie-politique.eu\/?post\/Peut-on-autodetermine<\/span><\/span><\/span><\/a><\/u><\/span><\/p>\n<p style=\"text-align: justify;\"><span style=\"font-family: Comic Sans MS, serif;\"><span style=\"font-size: medium;\"><b>Peut-on d\u00e9terminer son genre ?<\/b><\/span><\/span><\/p>\n<p style=\"text-align: justify;\"><span style=\"font-family: Comic Sans MS, serif;\"><span style=\"font-size: medium;\">Ou pourquoi les personnes qui ont une vie sociale masculine mais investissent des espaces r\u00e9serv\u00e9 aux femmes, c&rsquo;est pas subversif, c&rsquo;est mascu.<\/span><\/span><\/p>\n<p style=\"text-align: justify;\"><span style=\"color: #000080;\"><u><a href=\"https:\/\/blog.ecologie-politique.eu\/?post\/Peut-on-autodeterminer-son-genre\" target=\"_blank\" rel=\"noopener\"><span style=\"font-family: Comic Sans MS, serif;\"><span style=\"font-size: medium;\"><span lang=\"fr-FR\">https:\/\/blog.ecologie-politique.eu\/?post\/Peut-on-autodetermine<\/span><\/span><\/span><\/a><\/u><\/span><\/p>\n<p style=\"text-align: justify;\"><span style=\"font-family: Comic Sans MS, serif;\"><span style=\"font-size: medium;\"><b>Alcool : les beaux jours de la responsabilit\u00e9 individuelle<\/b><\/span><\/span><\/p>\n<p style=\"text-align: justify;\"><span style=\"font-family: Comic Sans MS, serif;\"><span style=\"font-size: medium;\">Pour celles et ceux qui sont en plein D\u00e9fi de janvier (Dry January), ce billet sur le refus de r\u00e9guler collectivement nos usages de l&rsquo;alcool.<\/span><\/span><\/p>\n<p style=\"text-align: justify;\"><span style=\"color: #000080;\"><u><a href=\"https:\/\/blog.ecologie-politique.eu\/?post\/Alcool-les-beaux-jours-de-la-responsabilite-individuelle\"><span style=\"font-family: Comic Sans MS, serif;\"><span style=\"font-size: medium;\"><span lang=\"fr-FR\">https:\/\/blog.ecologie-politique.eu\/?post\/Alcool-les-beaux-jours<\/span><\/span><\/span><\/a><\/u><\/span><\/p>\n<p style=\"text-align: justify;\"><span style=\"font-family: Comic Sans MS, serif;\"><span style=\"font-size: medium;\"><b>Contre la ville durable<\/b><\/span><\/span><\/p>\n<p style=\"text-align: justify;\"><span style=\"font-family: Comic Sans MS, serif;\"><span style=\"font-size: medium;\">Lecture du livre du g\u00e9ographe Matthieu Adam sur la ville durable, ses b\u00e2timents HQE et ses \u00e9coquartiers.<\/span><\/span><\/p>\n<p style=\"text-align: justify;\"><span style=\"color: #000080;\"><u><a href=\"https:\/\/blog.ecologie-politique.eu\/?post\/Contre-la-ville-durable\"><span style=\"font-family: Comic Sans MS, serif;\"><span style=\"font-size: medium;\"><span lang=\"fr-FR\">https:\/\/blog.ecologie-politique.eu\/?post\/Contre-la-ville-durable<\/span><\/span><\/span><\/a><\/u><\/span><\/p>\n<p style=\"text-align: justify;\"><span style=\"font-family: Comic Sans MS, serif;\"><span style=\"font-size: medium;\"><b>\u00c0\u00a0RELIRE<\/b><\/span><\/span><\/p>\n<p style=\"text-align: justify;\"><span style=\"font-family: Comic Sans MS, serif;\"><span style=\"font-size: medium;\"><b>Leur justice \u00e0 deux vitesses<\/b><\/span><\/span><\/p>\n<p style=\"text-align: justify;\"><span style=\"font-family: Comic Sans MS, serif;\"><span style=\"font-size: medium;\">\u00c0\u00a0l&rsquo;occasion du proc\u00e8s de Marine Le Pen, ce billet sur la justice \u00e0 deux vitesses demand\u00e9e par le RN.<\/span><\/span><\/p>\n<p style=\"text-align: justify;\"><span style=\"color: #000080;\"><u><a href=\"https:\/\/blog.ecologie-politique.eu\/?post\/Leur-justice-a-deux-vitesses\"><span style=\"font-family: Comic Sans MS, serif;\"><span style=\"font-size: medium;\"><span lang=\"fr-FR\">https:\/\/blog.ecologie-politique.eu\/?post\/Leur-justice-a-deux-vitesses<\/span><\/span><\/span><\/a><\/u><\/span><\/p>\n<p style=\"text-align: justify;\"><span style=\"font-family: Comic Sans MS, serif;\"><span style=\"font-size: medium;\"><b>AILLEURS<\/b><\/span><\/span><\/p>\n<p style=\"text-align: justify;\"><span style=\"font-family: Comic Sans MS, serif;\"><span style=\"font-size: medium;\">J&rsquo;ai d\u00e9j\u00e0 parl\u00e9 ici du cours de Patrick Boucheron sur la peste noire au Coll\u00e8ge de France. L&rsquo;historien fait aussi une s\u00e9rie \u00e0 la fois didactique et r\u00e9flexive sur Arte. Je mets en lien l&rsquo;\u00e9pisode sur <\/span><\/span><span style=\"color: #000080;\"><u><a href=\"https:\/\/www.arte.tv\/fr\/videos\/115019-007-A\/quand-l-histoire-fait-dates\/\" target=\"_blank\" rel=\"noopener\"><span style=\"font-family: Comic Sans MS, serif;\"><span style=\"font-size: medium;\"><span lang=\"fr-FR\">la bataille de Hastings<\/span><\/span><\/span><\/a><\/u><\/span><span style=\"font-family: Comic Sans MS, serif;\"><span style=\"font-size: medium;\">\u00a0(1066), que j&rsquo;ai regard\u00e9 avant de <\/span><\/span><span style=\"color: #000080;\"><u><a href=\"https:\/\/www.bayeuxmuseum.com\/la-tapisserie-de-bayeux\/decouvrir-la-tapisserie-de-bayeux\/explorer-la-tapisserie-de-bayeux-en-ligne\/\" target=\"_blank\" rel=\"noopener\"><span style=\"font-family: Comic Sans MS, serif;\"><span style=\"font-size: medium;\"><span lang=\"fr-FR\">visiter virtuellement la tapisserie de Bayeux<\/span><\/span><\/span><\/a><\/u><\/span><span style=\"font-family: Comic Sans MS, serif;\"><span style=\"font-size: medium;\"> (c&rsquo;\u00e9tait super).<\/span><\/span><\/p>\n<p style=\"text-align: center;\"><span style=\"font-family: Comic Sans MS, serif;\"><span style=\"font-size: medium;\">** **<\/span><\/span><\/p>\n<p style=\"text-align: justify;\"><strong><span style=\"font-family: Comic Sans MS, serif;\"><span style=\"font-size: medium;\">Information suppl\u00e9mentaire concernant Aude<\/span><\/span><\/strong><\/p>\n<p style=\"text-align: justify;\"><span style=\"font-family: Comic Sans MS, serif;\"><span style=\"font-size: medium;\">Aude sera pr\u00e9sente \u00e0 Paris le 14 avril dans le cadre d\u2019un s\u00e9minaire organis\u00e9, pour la troisi\u00e8me ann\u00e9e cons\u00e9cutive, par Christopher POLLMANN<\/span><\/span><\/p>\n<p style=\"text-align: justify;\"><span style=\"font-family: Comic Sans MS, serif;\"><span style=\"font-size: medium;\">L\u2019intitul\u00e9 de cette session\u00a0: <\/span><\/span><span style=\"font-family: Comic Sans MS, serif;\"><span style=\"font-size: medium;\"><b>Accumulations et acc\u00e9l\u00e9rations : Le totalitarisme informatique III <\/b><\/span><\/span><\/p>\n<p style=\"text-align: justify;\"><span style=\"font-family: Comic Sans MS, serif;\"><span style=\"font-size: medium;\">Intervention d\u2019Aude\u00a0:<\/span><\/span><\/p>\n<p style=\"text-align: justify;\">\u201c<span style=\"font-family: Comic Sans MS, serif;\"><span style=\"font-size: medium;\">\u00ab Il faut profiter ! \u00bb : la qu\u00eate d&rsquo;intensit\u00e9 et d\u2019archivage photographique de sa vie\u201d avec Aude Vidal, essayiste anthropologue, auteure d\u2019Egologie. \u00c9cologie, individualisme et course au bonheur, nelle \u00e9d. Le Monde \u00e0 l\u2019envers 2023, et Pierrick Bourgault, photographe, auteur de No photo. Photographions moins pour vivre mieux !, Dunod 2018 <\/span><\/span><\/p>\n<p style=\"text-align: justify;\"><span style=\"font-family: Comic Sans MS, serif;\"><span style=\"font-size: medium;\">Pour comprendre le but de ce s\u00e9minaire\u00a0:<\/span><\/span><\/p>\n<p style=\"text-align: justify;\"><span style=\"font-family: Comic Sans MS, serif;\"><span style=\"font-size: medium;\">L\u2019affluence aux s\u00e9ances des deux premi\u00e8res ann\u00e9es du s\u00e9minaire, consacr\u00e9es \u00e0 l\u2019emprise totalisante de l\u2019informatique, et la multiplication de publications critiques appellent une troisi\u00e8me session. Elle explorera de nouvelles contrev\u00e9rit\u00e9s : la promesse de communaut\u00e9s virtuelles s\u2019av\u00e8re nocive pour les sociabilit\u00e9s physiques ; le t\u00e9l\u00e9travail, loin de favoriser l\u2019\u00e9galit\u00e9, accentue les disparit\u00e9s ; par\u00e9e de toutes les vertus, l\u2019\u00e9cole informatis\u00e9e tend \u00e0 restreindre l\u2019\u00e9ducation \u00e0 un conditionnement ; et le fantasme de l\u2019humain \u00ab augment\u00e9 \u00bb verrouille les imp\u00e9ratifs capitalistes d\u2019accumulations et d\u2019acc\u00e9l\u00e9rations. <\/span><\/span><\/p>\n<p style=\"text-align: justify;\"><span style=\"font-family: Comic Sans MS, serif;\"><span style=\"font-size: medium;\">Pour mieux comprendre l\u2019informatisation du monde, on scrutera \u00e9galement les menaces d\u2019une guerre automatis\u00e9e et la rationalisation machinique du soin m\u00e9dical, laquelle pourrait dissimuler les causes environnementales de nombreuses maladies. Puis, les nouvelles techniques de manipulation des textes, sons et images rendent de plus en plus difficile la distinction entre vrai et faux. Appara\u00eet enfin le ressort psychologique de l\u2019artificialisation de la vie, \u00e0 savoir l\u2019individualisation sans fin : l\u2019\u00eatre humain isol\u00e9 est pi\u00e9g\u00e9 dans une vicieuse fuite en avant vers d\u2019imm\u00e9diates jouissances techniques. Happ\u00e9 par l\u2019injonction de maximiser, de rentabiliser et d\u2019accaparer sa vie, il est toujours moins capable de saisir les enjeux collectifs. <\/span><\/span><\/p>\n<p style=\"text-align: justify;\"><span style=\"font-family: Comic Sans MS, serif;\"><span style=\"font-size: medium;\">Inspir\u00e9 d\u2019une p\u00e9dagogie interactive, le s\u00e9minaire, gratuit et sans inscription, s\u2019adresse \u00e0 tous les int\u00e9ress\u00e9s et notamment aux \u00e9tudiants et chercheurs en sciences humaines, en droit et en philosophie. <\/span><\/span><\/p>\n<p style=\"text-align: justify;\"><span style=\"font-family: Comic Sans MS, serif;\"><span style=\"font-size: medium;\"><b>Dates : <\/b><\/span><\/span><span style=\"font-family: Comic Sans MS, serif;\"><span style=\"font-size: medium;\">10 f\u00e9v., 10 mars, 14 avr., 12 mai, 9 juin 2026 <\/span><\/span><\/p>\n<p style=\"text-align: justify;\"><span style=\"font-family: Comic Sans MS, serif;\"><span style=\"font-size: medium;\"><b>Lieu : <\/b><\/span><\/span><span style=\"font-family: Comic Sans MS, serif;\"><span style=\"font-size: medium;\">Maison Suger, 16 rue Suger, Paris 6e, Mo <\/span><\/span><span style=\"font-family: Comic Sans MS, serif;\"><span style=\"font-size: medium;\"><i>St.-Michel <\/i><\/span><\/span><span style=\"font-family: Comic Sans MS, serif;\"><span style=\"font-size: medium;\">et <\/span><\/span><span style=\"font-family: Comic Sans MS, serif;\"><span style=\"font-size: medium;\"><i>Od\u00e9on <\/i><\/span><\/span><\/p>\n<p style=\"text-align: justify;\"><span style=\"font-family: Comic Sans MS, serif;\"><span style=\"font-size: medium;\"><b>Contact : <\/b><\/span><\/span><span style=\"color: #000080;\"><u><a href=\"mailto:pollmann5@univ-lorraine.fr\"><span style=\"font-family: Comic Sans MS, serif;\"><span style=\"font-size: medium;\"><span lang=\"fr-FR\">pollmann5@univ-lorraine.fr<\/span><\/span><\/span><\/a><\/u><\/span><span style=\"font-family: Comic Sans MS, serif;\"><span style=\"font-size: medium;\"> , t\u00e9l. [#33] (0)3 87 76 05 33. <\/span><\/span><\/p>\n<p style=\"text-align: justify;\"><span style=\"font-family: Comic Sans MS, serif;\"><span style=\"font-size: medium;\">Ces affiches-ci et le programme ant\u00e9rieur sur <\/span><\/span><\/p>\n<p style=\"text-align: justify;\"><span style=\"color: #000080;\"><u><a href=\"http:\/\/www.fmsh.fr\/\"><span style=\"font-family: Comic Sans MS, serif;\"><span style=\"font-size: medium;\"><span lang=\"fr-FR\">www.fmsh.fr<\/span><\/span><\/span><\/a><\/u><\/span><\/p>\n<p style=\"text-align: justify;\"><span style=\"font-family: Comic Sans MS, serif;\"><span style=\"font-size: medium;\">et <\/span><\/span><u><\/u><\/p>\n<p style=\"text-align: justify;\"><span style=\"color: #000080;\"><u><a href=\"https:\/\/bit.ly\/Acc-et-acc\"><span style=\"font-family: Comic Sans MS, serif;\"><span style=\"font-size: medium;\"><span lang=\"fr-FR\">https:\/\/bit.ly\/Acc-et-acc<\/span><\/span><\/span><\/a><\/u><\/span><span style=\"font-family: Comic Sans MS, serif;\"><span style=\"font-size: medium;\">. <\/span><\/span><\/p>\n","protected":false},"excerpt":{"rendered":"<p>\u00c0\u00a0LIRE<\/p>\n","protected":false},"author":2,"featured_media":0,"comment_status":"closed","ping_status":"closed","sticky":false,"template":"","format":"standard","meta":{"footnotes":""},"categories":[1],"tags":[],"class_list":["post-16224","post","type-post","status-publish","format-standard","hentry","category-non-classe"],"_links":{"self":[{"href":"https:\/\/www.quieryavenir.fr\/blog\/wp-json\/wp\/v2\/posts\/16224","targetHints":{"allow":["GET"]}}],"collection":[{"href":"https:\/\/www.quieryavenir.fr\/blog\/wp-json\/wp\/v2\/posts"}],"about":[{"href":"https:\/\/www.quieryavenir.fr\/blog\/wp-json\/wp\/v2\/types\/post"}],"author":[{"embeddable":true,"href":"https:\/\/www.quieryavenir.fr\/blog\/wp-json\/wp\/v2\/users\/2"}],"replies":[{"embeddable":true,"href":"https:\/\/www.quieryavenir.fr\/blog\/wp-json\/wp\/v2\/comments?post=16224"}],"version-history":[{"count":1,"href":"https:\/\/www.quieryavenir.fr\/blog\/wp-json\/wp\/v2\/posts\/16224\/revisions"}],"predecessor-version":[{"id":16225,"href":"https:\/\/www.quieryavenir.fr\/blog\/wp-json\/wp\/v2\/posts\/16224\/revisions\/16225"}],"wp:attachment":[{"href":"https:\/\/www.quieryavenir.fr\/blog\/wp-json\/wp\/v2\/media?parent=16224"}],"wp:term":[{"taxonomy":"category","embeddable":true,"href":"https:\/\/www.quieryavenir.fr\/blog\/wp-json\/wp\/v2\/categories?post=16224"},{"taxonomy":"post_tag","embeddable":true,"href":"https:\/\/www.quieryavenir.fr\/blog\/wp-json\/wp\/v2\/tags?post=16224"}],"curies":[{"name":"wp","href":"https:\/\/api.w.org\/{rel}","templated":true}]}}