{"id":16226,"date":"2026-01-27T02:13:12","date_gmt":"2026-01-27T01:13:12","guid":{"rendered":"https:\/\/www.quieryavenir.fr\/blog\/?p=16226"},"modified":"2026-01-26T10:16:52","modified_gmt":"2026-01-26T09:16:52","slug":"data-center-et-diner-des-batisseurs","status":"publish","type":"post","link":"https:\/\/www.quieryavenir.fr\/blog\/2026\/01\/27\/data-center-et-diner-des-batisseurs\/","title":{"rendered":"Data center et d\u00eener des b\u00e2tisseurs"},"content":{"rendered":"<p><img loading=\"lazy\" decoding=\"async\" class=\"wp-image-16215 aligncenter\" src=\"https:\/\/www.quieryavenir.fr\/blog\/wp-content\/uploads\/2026\/01\/ConfPaysanne-260114-300x230.jpg\" alt=\"\" width=\"543\" height=\"416\" srcset=\"https:\/\/www.quieryavenir.fr\/blog\/wp-content\/uploads\/2026\/01\/ConfPaysanne-260114-300x230.jpg 300w, https:\/\/www.quieryavenir.fr\/blog\/wp-content\/uploads\/2026\/01\/ConfPaysanne-260114.jpg 652w\" sizes=\"auto, (max-width: 543px) 100vw, 543px\" \/><\/p>\n<h1 style=\"text-align: justify;\"><strong>Cela se passe chez les \u00e9cologistes et \u00e0 Bordeaux !<\/strong><\/h1>\n<p><!--more--><\/p>\n<p style=\"text-align: justify;\"><span style=\"font-family: Comic Sans MS, sans-serif;\"><span style=\"font-size: medium;\"><b>La mairie \u00e9cologiste de la ville soutient un \u00e9norme projet de data center<\/b><\/span><\/span><\/p>\n<p style=\"text-align: justify;\"><span style=\"font-family: Comic Sans MS, sans-serif;\"><span style=\"font-size: medium;\"><b>\u00ab\u00a0C\u2019est le monde dans lequel on vit\u00a0\u00bb\u00a0<\/b><\/span><\/span><\/p>\n<p style=\"text-align: justify;\"><span style=\"font-family: Comic Sans MS, sans-serif;\"><span style=\"font-size: medium;\">Le maire \u00e9cologiste, Pierre Hurmic, et la m\u00e9tropole de Bordeaux ont annonc\u00e9 un projet de 5 datas centers et supercalculateur \u00e0 Bordeaux. But de cette infrastructure ultra gourmande en \u00e9nergie\u00a0: r\u00e9pondre aux besoins de l\u2019IA.<\/span><\/span><\/p>\n<p style=\"text-align: center;\"><span style=\"font-family: Comic Sans MS, sans-serif;\"><span style=\"font-size: medium;\">** **<\/span><\/span><\/p>\n<p style=\"text-align: justify;\"><span style=\"font-family: Comic Sans MS, sans-serif;\"><span style=\"font-size: medium;\">La course \u00e0 l\u2019intelligence artificielle (IA) est lanc\u00e9e \u00e0 Bordeaux. Un projet d\u2019une ampleur unique, nomm\u00e9 BXIA, a \u00e9t\u00e9 d\u00e9voil\u00e9 par Pierre Hurmic, maire \u00e9cologiste de Bordeaux, et Christine Bost, pr\u00e9sidente de Bordeaux M\u00e9tropole, \u00e0 l\u2019occasion des v\u0153ux au Medef, organisation patronale, le 7\u00a0janvier.<\/span><\/span><\/p>\n<p style=\"text-align: justify;\"><span style=\"font-family: Comic Sans MS, sans-serif;\"><span style=\"font-size: medium;\">Il s\u2019agit d\u2019un site de 20\u00a0hectares regroupant cinq data centers d\u2019une puissance de calcul de 50 m\u00e9gawatts (MW) chacun. 80\u00a0% des capacit\u00e9s du site serviront \u00e0 entra\u00eener des mod\u00e8les et supporter les usages de l\u2019IA, et 20\u00a0% serviront \u00e0 stocker des donn\u00e9es. Cette infrastructure serait pr\u00e8s de 2,5\u00a0fois plus puissante que le Paris Digital Park implant\u00e9 en Seine-Saint-Denis.<\/span><\/span><\/p>\n<p style=\"text-align: justify;\"><span style=\"font-family: Comic Sans MS, sans-serif;\"><span style=\"font-size: medium;\">BXIA n\u00e9cessite un financement de 3\u00a0milliards d\u2019euros, enti\u00e8rement priv\u00e9. Sa mise en \u0153uvre est port\u00e9e par un consortium form\u00e9 par l\u2019agence de production NFU Digital \u2014 qui compte dans ses rangs un ancien pr\u00e9sident de Bordeaux M\u00e9tropole, Vincent Feltesse \u2014 et la soci\u00e9t\u00e9 de gestion immobili\u00e8re Osae Partners. Son exploitation d\u00e9marrerait en 2030. Les op\u00e9rateurs du futur site ne sont pas connus.<\/span><\/span><\/p>\n<p style=\"text-align: justify;\"><span style=\"font-family: Comic Sans MS, sans-serif;\"><span style=\"font-size: medium;\"><b>Gouffre \u00e9nerg\u00e9tique<\/b><\/span><\/span><\/p>\n<p style=\"text-align: justify;\"><span style=\"font-family: Comic Sans MS, sans-serif;\"><span style=\"font-size: medium;\">L\u2019annonce, en pleine campagne \u00e9lectorale, d\u2019un tel projet par une municipalit\u00e9 \u00e9cologiste interroge. Car BXIA sera un gouffre \u00e9nerg\u00e9tique. Delphine Jamet, conseill\u00e8re d\u00e9l\u00e9gu\u00e9e au num\u00e9rique de Bordeaux M\u00e9tropole et adjointe au maire de la ville de Bordeaux, en charge notamment de la strat\u00e9gie de la donn\u00e9e, l\u2019estime \u00e0 <\/span><\/span><span style=\"font-family: Comic Sans MS, sans-serif;\"><span style=\"font-size: medium;\"><i>\u00ab\u00a0un quart de la consommation \u00e9lectrique des habitants de la m\u00e9tropole bordelaise par an\u00a0\u00bb<\/i><\/span><\/span><span style=\"font-family: Comic Sans MS, sans-serif;\"><span style=\"font-size: medium;\"> et \u00e9voque <\/span><\/span><span style=\"font-family: Comic Sans MS, sans-serif;\"><span style=\"font-size: medium;\"><i>\u00ab\u00a0une hausse de 33\u00a0% de la consommation \u00e9nerg\u00e9tique m\u00e9tropolitaine lorsque le projet sera enti\u00e8rement mis en service\u00a0\u00bb<\/i><\/span><\/span><span style=\"font-family: Comic Sans MS, sans-serif;\"><span style=\"font-size: medium;\">.<\/span><\/span><\/p>\n<p style=\"text-align: justify;\"><span style=\"font-family: Comic Sans MS, sans-serif;\"><span style=\"font-size: medium;\"><i>\u00ab\u00a0Ce n\u2019est pas le monde dans lequel je veux vivre, mais c\u2019est le monde dans lequel on vit. On ne peut pas fermer les yeux l\u00e0-dessus\u00a0\u00bb<\/i><\/span><\/span><span style=\"font-family: Comic Sans MS, sans-serif;\"><span style=\"font-size: medium;\">, dit l\u2019\u00e9lue, qui malgr\u00e9 tout soutient le projet. Elle explique que les collectivit\u00e9s bordelaises ont pouss\u00e9 pour s\u2019accorder sur un projet le plus <\/span><\/span><span style=\"font-family: Comic Sans MS, sans-serif;\"><span style=\"font-size: medium;\"><i>\u00ab\u00a0vertueux\u00a0\u00bb<\/i><\/span><\/span><span style=\"font-family: Comic Sans MS, sans-serif;\"><span style=\"font-size: medium;\"> possible.<\/span><\/span><\/p>\n<p style=\"text-align: justify;\"><span style=\"font-family: Comic Sans MS, sans-serif;\"><span style=\"font-size: medium;\">Plusieurs promesses de conception sont avanc\u00e9es par les porteurs du projet\u00a0: le refroidissement sera en circuit ferm\u00e9 pour \u00e9conomiser de l\u2019eau et les porteurs vont conclure des contrats anticip\u00e9s d\u2019achat d\u2019\u00e9lectricit\u00e9 verte issue d\u2019\u00e9nergies renouvelables, notamment aupr\u00e8s du d\u00e9veloppeur bordelais Valorem. Par ailleurs, le projet sera construit sur un parking recouvert d\u2019ombri\u00e8res photovolta\u00efques. Un site <\/span><\/span><span style=\"font-family: Comic Sans MS, sans-serif;\"><span style=\"font-size: medium;\"><i>\u00ab\u00a0d\u00e9j\u00e0 artificialis\u00e9\u00a0\u00bb<\/i><\/span><\/span><span style=\"font-family: Comic Sans MS, sans-serif;\"><span style=\"font-size: medium;\">, met en avant Delphine Jamet.<\/span><\/span><\/p>\n<p style=\"text-align: justify;\"><span style=\"font-family: Comic Sans MS, sans-serif;\"><span style=\"font-size: medium;\"><i>\u00ab\u00a0On a brad\u00e9 vingt hectares de bien commun en trois semaines\u00a0: il y a une grosse probl\u00e9matique d\u00e9mocratique\u00a0\u00bb<\/i><\/span><\/span><span style=\"font-family: Comic Sans MS, sans-serif;\"><span style=\"font-size: medium;\">, soul\u00e8ve quant \u00e0 elle Lucile Berthom\u00e9, coordinatrice du programme de la liste LFI pour les municipales de Bordeaux et repr\u00e9sentante du parti R\u00e9volution \u00c9cologique pour le Vivant. Cette liste d\u00e9fend un moratoire sur le projet et une expertise scientifique ind\u00e9pendante sur ses impacts. <\/span><\/span><span style=\"font-family: Comic Sans MS, sans-serif;\"><span style=\"font-size: medium;\"><i>\u00ab\u00a0Le progr\u00e8s technique ne doit pas se faire contre le vivant, la nature, et l\u2019int\u00e9r\u00eat des citoyens\u00a0\u00bb<\/i><\/span><\/span><span style=\"font-family: Comic Sans MS, sans-serif;\"><span style=\"font-size: medium;\">, compl\u00e8te-t-elle.<\/span><\/span><\/p>\n<p style=\"text-align: justify;\"><span style=\"font-family: Comic Sans MS, sans-serif;\"><span style=\"font-size: medium;\">Le dossier de presse du projet vante lui une autre promesse\u00a0: le surplus de chaleur g\u00e9n\u00e9r\u00e9 par les centres de donn\u00e9es servira \u00e0 chauffer les \u00e9quipements voisins, comme le stade, le Parc des expositions ou un futur quartier d\u2019habitations. <\/span><\/span><span style=\"font-family: Comic Sans MS, sans-serif;\"><span style=\"font-size: medium;\"><i>\u00ab\u00a0C\u2019est ce que la loi demande\u00a0\u00bb<\/i><\/span><\/span><span style=\"font-family: Comic Sans MS, sans-serif;\"><span style=\"font-size: medium;\">, rappelle l\u2019\u00e9lue.<\/span><\/span><\/p>\n<p style=\"text-align: justify;\"><span style=\"font-family: Comic Sans MS, sans-serif;\"><span style=\"font-size: medium;\">Enfin, elle voit \u00e9galement dans ce projet un <\/span><\/span><span style=\"font-family: Comic Sans MS, sans-serif;\"><span style=\"font-size: medium;\"><i>\u00ab\u00a0gage de souverainet\u00e9\u00a0\u00bb<\/i><\/span><\/span><span style=\"font-family: Comic Sans MS, sans-serif;\"><span style=\"font-size: medium;\"> pour les donn\u00e9es fran\u00e7aises et europ\u00e9ennes. Le dossier de presse de NFU Digital fait de ce point l\u2019argument principal pour d\u00e9fendre le projet\u00a0: <\/span><\/span><span style=\"font-family: Comic Sans MS, sans-serif;\"><span style=\"font-size: medium;\"><i>\u00ab\u00a092\u00a0% des donn\u00e9es sont stock\u00e9es et connect\u00e9es dans des data centers aux \u00c9tats-Unis, seulement 13\u00a0% des infrastructures en Europe sont d\u00e9tenues par des Europ\u00e9ens.\u00a0\u00bb<\/i><\/span><\/span><\/p>\n<p style=\"text-align: justify;\"><span style=\"font-family: Comic Sans MS, sans-serif;\"><span style=\"font-size: medium;\"><b>Accaparement de l\u2019\u00e9lectricit\u00e9<\/b><\/span><\/span><\/p>\n<p style=\"text-align: justify;\"><span style=\"font-family: Comic Sans MS, sans-serif;\"><span style=\"font-size: medium;\">Benjamin Delaux, directeur de NFU Digital, vante une infrastructure plus \u00e9thique qu\u2019ailleurs\u00a0: <\/span><\/span><span style=\"font-family: Comic Sans MS, sans-serif;\"><span style=\"font-size: medium;\"><i>\u00ab\u00a0Notre mod\u00e8le, ce n\u2019est pas un data center o\u00f9 les Am\u00e9ricains louent et il n\u2019y a plus rien \u00e0 voir, plus rien \u00e0 dire.\u00a0Mieux vaut avoir bien ici que mal ailleurs.\u00a0\u00bb<\/i><\/span><\/span><\/p>\n<p style=\"text-align: justify;\"><span style=\"font-family: Comic Sans MS, sans-serif;\"><span style=\"font-size: medium;\">Un argumentaire qui ne passe pas pour la liste LFI-REV. Lucile Berthom\u00e9\u00a0: <\/span><\/span><span style=\"font-family: Comic Sans MS, sans-serif;\"><span style=\"font-size: medium;\"><i>\u00ab\u00a0On nous demande de sacrifier une puissance \u00e9lectrique de 150 000 foyers pour une infrastructure dont on ne sait pas ce qu\u2019il va se passer dedans. Si c\u2019est pour favoriser des int\u00e9r\u00eats priv\u00e9s en ayant des cons\u00e9quences publiques, \u00e7a nous pose un vrai souci.\u00a0\u00bb<\/i><\/span><\/span><\/p>\n<p style=\"text-align: justify;\"><span style=\"font-family: Comic Sans MS, sans-serif;\"><span style=\"font-size: medium;\">L\u2019essor en fl\u00e8che de l\u2019IA en Europe n\u2019est en effet pas sans cons\u00e9quences. \u00c0 Marseille, la municipalit\u00e9 s\u2019inqui\u00e9tait, en 2023, du r\u00f4le des data centers implant\u00e9s \u00e0 proximit\u00e9 dans le retard pris par le projet d\u2019\u00e9lectrification des quais du port de la ville, dont le stationnement des ferries cause de graves probl\u00e8mes de sant\u00e9 aux riverains. En Irlande, 20\u00a0% de l\u2019\u00e9lectricit\u00e9 disponible est accapar\u00e9e par les data centers, d\u2019apr\u00e8s un <\/span><\/span><span style=\"color: #000080;\"><u><a href=\"https:\/\/theshiftproject.org\/app\/uploads\/2025\/09\/Synthese-RF-PIA-1.pdf\" target=\"_blank\" rel=\"noopener\"><span style=\"font-family: Comic Sans MS, sans-serif;\"><span style=\"font-size: medium;\"><span lang=\"fr-FR\">rapport<\/span><\/span><\/span><\/a><\/u><\/span><span style=\"font-family: Comic Sans MS, sans-serif;\"><span style=\"font-size: medium;\"> du Shift Project en 2025. Si les projets annonc\u00e9s en France se r\u00e9alisent, leur part dans la consommation \u00e9lectrique du pays passera de 2\u00a0% aujourd\u2019hui \u00e0 7,5\u00a0% en 2035, pr\u00e9voit le m\u00eame rapport.<\/span><\/span><\/p>\n<p style=\"text-align: justify;\"><span style=\"font-family: Comic Sans MS, sans-serif;\"><span style=\"font-size: medium;\">\u00c0 Bordeaux, le conseil m\u00e9tropolitain examinera le 30\u00a0janvier prochain une premi\u00e8re d\u00e9lib\u00e9ration pour donner un accord de principe au projet. Suivra, au mois de juin, la vente du foncier puis la cr\u00e9ation d\u2019un comit\u00e9 de pilotage et de gouvernance.<\/span><\/span><\/p>\n<p style=\"text-align: justify;\"><span style=\"font-family: Comic Sans MS, sans-serif;\"><span style=\"font-size: medium;\">reporterre.net<\/span><\/span><\/p>\n<p style=\"text-align: center;\"><span style=\"font-family: Comic Sans MS, sans-serif;\"><span style=\"font-size: medium;\">** **<\/span><\/span><\/p>\n<p style=\"text-align: justify;\"><span style=\"font-family: Comic Sans MS, sans-serif;\"><span style=\"font-size: medium;\">Commentaires <\/span><\/span><span style=\"font-family: Comic Sans MS, sans-serif;\"><span style=\"font-size: medium;\">sur ce premier article<\/span><\/span><\/p>\n<p style=\"text-align: justify;\"><span style=\"font-family: Comic Sans MS, sans-serif;\"><span style=\"font-size: medium;\">de mieux en mieux.<\/span><\/span><\/p>\n<p style=\"text-align: justify;\"><span style=\"font-family: Comic Sans MS, sans-serif;\"><span style=\"font-size: medium;\">\u00e9colos technol\u00e2tres ?\u00a0 oui oui oui. Marine TONDELIER n&rsquo;a toujours pas r\u00e9pondu sur le proc\u00e8s Linky. Et pourtant sa commission \u00ab\u00a0projet\u00a0\u00bb a re\u00e7u, d&rsquo;apr\u00e8s Marine, le document en juin 2024, puis 2025 !<\/span><\/span><\/p>\n<p style=\"text-align: justify;\"><span style=\"font-family: Comic Sans MS, sans-serif;\"><span style=\"font-size: medium;\"><i><b>Ecolo pipeau, juste du mark\u00e9ting pour capter les bulletins des \u00e9colos en les manipulant. Les verts sont \u00e0 l&rsquo;\u00e9cologie ce que la FNSEA est aux agriculteurs.<\/b><\/i><\/span><\/span><\/p>\n<p style=\"text-align: justify;\"><span style=\"font-family: Comic Sans MS, sans-serif;\"><span style=\"font-size: medium;\">Je ne parie JAMAIS mais serais-tu pr\u00eat \u00e0 parier qu&rsquo;elle te r\u00e9pondra en juin et traitera du sujet \u00ab\u00a0Linky\u00a0\u00bb? Pas moi &#8230;Ses ambitions vont au-del\u00e0 &#8230;<\/span><\/span><\/p>\n<p style=\"text-align: justify;\"><span style=\"font-family: Comic Sans MS, sans-serif;\"><span style=\"font-size: medium;\"><i><b>Des \u00e9colos pas tr\u00e8s \u00e9colos ou &#8211; des \u00e9colos d\u00e9faitistes. Une gauche molle et une gauche qui l&rsquo;est moins.<\/b><\/i><\/span><\/span><\/p>\n<p style=\"text-align: justify;\"><span style=\"font-family: Comic Sans MS, sans-serif;\"><span style=\"font-size: medium;\">AH oui &#8230; \u00ab\u00a0faut vivre avec son temps co\u00fbte que co\u00fbte\u00a0\u00bb !! Ben le Linky c&rsquo;est du pipi de chat pour eux, c&rsquo;est le monde dans lequel on vit mon pov monsieur.<\/span><\/span><\/p>\n<p style=\"text-align: justify;\"><span style=\"font-family: Comic Sans MS, sans-serif;\"><span style=\"font-size: medium;\"><i><b>Ce chef d\u2019\u0153uvre (dans la s\u00e9rie : il a os\u00e9 le dire) :Benjamin Delaux, directeur de NFU Digital, vante une infrastructure plus \u00e9thique qu\u2019ailleurs\u00a0: \u00ab\u00a0Notre mod\u00e8le, ce n\u2019est pas un data center o\u00f9 les Am\u00e9ricains louent et il n\u2019y a plus rien \u00e0 voir, plus rien \u00e0 dire.\u00a0Mieux vaut avoir bien ici que mal ailleurs.\u00a0\u00bb<\/b><\/i><\/span><\/span><\/p>\n<p style=\"text-align: justify;\"><span style=\"font-family: Comic Sans MS, sans-serif;\"><span style=\"font-size: medium;\"><i><b>Un argumentaire qui ne passe pas pour la liste LFI-REV. Lucile Berthom\u00e9\u00a0: \u00ab\u00a0On nous demande de sacrifier une puissance \u00e9lectrique de 150 000 foyers pour une infrastructure dont on ne sait pas ce qu\u2019il va se passer dedans. Si c\u2019est pour favoriser des int\u00e9r\u00eats priv\u00e9s en ayant des cons\u00e9quences publiques, \u00e7a nous pose un vrai souci.\u00a0\u00bb<\/b><\/i><\/span><\/span><\/p>\n<p style=\"text-align: justify;\"><span style=\"font-family: Comic Sans MS, sans-serif;\"><span style=\"font-size: medium;\"><i><b>Les seuls \u00e9colos dans ce pays sont un petit groupe de LFI et quelques-uns autour de Ruffin. Pour le reste&#8230;<\/b><\/i><\/span><\/span><\/p>\n<p style=\"text-align: justify;\"><span style=\"font-family: Comic Sans MS, sans-serif;\"><span style=\"font-size: medium;\"><i><b>D&rsquo;ailleurs les seules r\u00e9ponses positives pour notre requ\u00eate Linky sont venues de LFI (5 sur&#8230; 15\/925 !)<\/b><\/i><\/span><\/span><\/p>\n<p style=\"text-align: center;\"><span style=\"font-family: Comic Sans MS, sans-serif;\"><span style=\"font-size: medium;\">** **<\/span><\/span><\/p>\n<p style=\"text-align: justify;\"><strong><span style=\"font-family: Comic Sans MS, sans-serif;\"><span style=\"font-size: medium;\">A propos de la cheffe des \u00e9cologistes\u00a0!<\/span><\/span><\/strong><\/p>\n<p style=\"text-align: justify;\"><span style=\"font-family: Comic Sans MS, sans-serif;\"><span style=\"font-size: medium;\">l\u2019extr\u00eame droite catholique\u00a0: la g\u00eane persiste chez Les \u00c9cologistes<\/span><\/span><\/p>\n<p style=\"text-align: justify;\"><span style=\"font-family: Comic Sans MS, sans-serif;\"><span style=\"font-size: medium;\">La venue de Marine Tondelier au D\u00eener des b\u00e2tisseurs, fin 2025, ne passe toujours pas chez Les \u00c9cologistes. Cet \u00e9v\u00e9nement, r\u00e9unissant 600 leaders catholiques, a des liens avec les milliardaires r\u00e9actionnaires Pierre-\u00c9douard St\u00e9rin et Vincent Bollor\u00e9.<\/span><\/span><\/p>\n<p style=\"text-align: justify;\"><span style=\"font-family: Comic Sans MS, sans-serif;\"><span style=\"font-size: medium;\"><i>\u00ab\u00a0La r\u00e9alit\u00e9, c\u2019est que cette information nous fait honte.\u00a0\u00bb<\/i><\/span><\/span><span style=\"font-family: Comic Sans MS, sans-serif;\"><span style=\"font-size: medium;\"> Pour comprendre ce malaise exprim\u00e9 par une militante \u00e9cologiste, il faut remonter le temps. \u00c0 commencer par le 27\u00a0novembre, lorsque Marine Tondelier participait au D\u00eener des b\u00e2tisseurs regroupant une partie des \u00e9lites catholiques fran\u00e7aises, comme l\u2019a rapport\u00e9 le journal <\/span><\/span><span style=\"color: #000080;\"><u><a href=\"https:\/\/www.la-croix.com\/religion\/au-diner-des-batisseurs-des-decideurs-catholiques-decomplexes-20251128\" target=\"_blank\" rel=\"noopener\"><span style=\"font-family: Comic Sans MS, sans-serif;\"><span style=\"font-size: medium;\"><span lang=\"fr-FR\"><i>La Croix<\/i><\/span><\/span><\/span><\/a><\/u><\/span><span style=\"font-family: Comic Sans MS, sans-serif;\"><span style=\"font-size: medium;\">, dont certains ont des liens avec l\u2019extr\u00eame droite. Seulement, chez Les \u00c9cologistes, la venue de la cheffe de file du parti passe mal.<\/span><\/span><\/p>\n<p style=\"text-align: justify;\"><span style=\"font-family: Comic Sans MS, sans-serif;\"><span style=\"font-size: medium;\">La raison\u00a0? La pr\u00e9sence de certaines figures proches de l\u2019extr\u00eame droite interroge. L\u2019\u00e9v\u00e9nement se pr\u00e9tend apolitique mais, en 2024, le milliardaire \u00e0 l\u2019agenda r\u00e9actionnaire Vincent Bollor\u00e9 \u00e9tait pr\u00e9sent. Lors de la premi\u00e8re \u00e9dition, en 2023, c\u2019est le milliardaire Pierre-\u00c9douard St\u00e9rin qui \u00e9tait de la partie. Ce libertarien anti-IVG qui a fait fortune dans les Smartbox pr\u00e9voit d\u2019injecter 150 millions d\u2019euros pour faire gagner 300 villes au Rassemblement national lors des \u00e9lections municipales de 2026, comme l\u2019a r\u00e9v\u00e9l\u00e9 le journal <\/span><\/span><span style=\"color: #000080;\"><u><a href=\"https:\/\/www.humanite.fr\/politique\/bien-commun\/exclusif-pericles-le-projet-secret-de-pierre-edouard-sterin-pour-installer-le-rn-au-pouvoir\" target=\"_blank\" rel=\"noopener\"><span style=\"font-family: Comic Sans MS, sans-serif;\"><span style=\"font-size: medium;\"><span lang=\"fr-FR\"><i>L\u2019Humanit\u00e9<\/i><\/span><\/span><\/span><\/a><\/u><\/span><span style=\"font-family: Comic Sans MS, sans-serif;\"><span style=\"font-size: medium;\">.<\/span><\/span><\/p>\n<p style=\"text-align: justify;\"><span style=\"font-family: Comic Sans MS, sans-serif;\"><span style=\"font-size: medium;\">L\u2019ombre de Bollor\u00e9 et St\u00e9rin<\/span><\/span><\/p>\n<p style=\"text-align: justify;\"><span style=\"font-family: Comic Sans MS, sans-serif;\"><span style=\"font-size: medium;\">Sur la boucle de mails du conseil f\u00e9d\u00e9ral des \u00c9cologistes, certains exigent une justification quant \u00e0 la participation de Marine Tondelier \u00e0 ce d\u00eener. <\/span><\/span><span style=\"font-family: Comic Sans MS, sans-serif;\"><span style=\"font-size: medium;\"><i>\u00ab\u00a0Le parti donne la consigne de ne pas aller dans les m\u00e9dias d\u2019extr\u00eame droite, donc pourquoi Marine Tondelier se rend-elle \u00e0 un tel \u00e9v\u00e9nement\u00a0?\u00a0\u00bb<\/i><\/span><\/span><span style=\"font-family: Comic Sans MS, sans-serif;\"><span style=\"font-size: medium;\"> r\u00e9agit aupr\u00e8s de <\/span><\/span><span style=\"font-family: Comic Sans MS, sans-serif;\"><span style=\"font-size: medium;\"><i>Reporterre<\/i><\/span><\/span><span style=\"font-family: Comic Sans MS, sans-serif;\"><span style=\"font-size: medium;\"> une militante du courant Radicalement v\u00f4tre, qui d\u00e9fend une <\/span><\/span><span style=\"font-family: Comic Sans MS, sans-serif;\"><span style=\"font-size: medium;\"><i>\u00ab\u00a0\u00e9cologie radicale\u00a0\u00bb<\/i><\/span><\/span><span style=\"font-family: Comic Sans MS, sans-serif;\"><span style=\"font-size: medium;\">. D\u2019autant que le profil de certains des organisateurs, et leurs accointances avec Pierre-\u00c9douard St\u00e9rin et Vincent Bollor\u00e9, s\u00e8ment le doute.<\/span><\/span><\/p>\n<p style=\"text-align: justify;\"><span style=\"font-family: Comic Sans MS, sans-serif;\"><span style=\"font-size: medium;\">Cr\u00e9\u00e9 en 2023 par une bande de quatre amis, le D\u00eener des b\u00e2tisseurs est une soir\u00e9e mondaine annuelle soutenue par la Conf\u00e9rence des \u00e9v\u00eaques, regroupant pr\u00e8s de 600\u00a0leaders catholiques. <\/span><\/span><span style=\"font-family: Comic Sans MS, sans-serif;\"><span style=\"font-size: medium;\"><i>\u00ab\u00a0Nous r\u00e9unissons des catholiques qui s\u2019engagent et ont un pouvoir d\u2019influence important\u00a0\u00bb<\/i><\/span><\/span><span style=\"font-family: Comic Sans MS, sans-serif;\"><span style=\"font-size: medium;\">, r\u00e9sume Louise Chaulin, conseill\u00e8re en communication et secr\u00e9taire de l\u2019association.<\/span><\/span><\/p>\n<p style=\"text-align: justify;\"><span style=\"font-family: Comic Sans MS, sans-serif;\"><span style=\"font-size: medium;\">Lors de l\u2019\u00e9dition de 2025, les convives ont \u00e9galement pu apercevoir l\u2019humoriste Gad Elmaleh\u00a0; l\u2019\u00e9v\u00eaque d\u2019Ajaccio, le cardinal Fran\u00e7ois Bustillo\u00a0; le PDG de Carrefour, Alexandre Bompard\u00a0; l\u2019ancien ministre de l\u2019Int\u00e9rieur Bruno Retailleau (LR)\u00a0; la ministre de l\u2019Agriculture Annie Genevard\u00a0; ou encore le d\u00e9put\u00e9 Rassemblement national (RN) Franck Allisio. \u00c0 table, les discussions \u00e9taient anim\u00e9es par un responsable autour de la notion d\u2019esp\u00e9rance. Des personnalit\u00e9s sont \u00e9galement venues prendre la parole, comme Mgr Jacques Mourad, archev\u00eaque de Homs (Syrie) et ancien otage de Daech.<\/span><\/span><\/p>\n<p style=\"text-align: justify;\"><span style=\"font-family: Comic Sans MS, sans-serif;\"><span style=\"font-size: medium;\">Soutien des mouvements traditionalistes<\/span><\/span><\/p>\n<p style=\"text-align: justify;\"><span style=\"font-family: Comic Sans MS, sans-serif;\"><span style=\"font-size: medium;\">Marine Tondelier, qui y participait pour la deuxi\u00e8me ann\u00e9e cons\u00e9cutive, n\u2019a pas souhait\u00e9 r\u00e9pondre aux questions de <\/span><\/span><span style=\"font-family: Comic Sans MS, sans-serif;\"><span style=\"font-size: medium;\"><i>Reporterre<\/i><\/span><\/span><span style=\"font-family: Comic Sans MS, sans-serif;\"><span style=\"font-size: medium;\">. <\/span><\/span><a href=\"https:\/\/www.mediapart.fr\/journal\/politique\/091225\/marine-tondelier-au-diner-des-leaders-catholiques-malaise-chez-les-ecologistes\" target=\"_blank\" rel=\"noopener\"><span style=\"color: #000080;\"><u><span style=\"font-family: Comic Sans MS, sans-serif;\"><span style=\"font-size: medium;\"><span lang=\"fr-FR\">Dans les colonnes de <\/span><\/span><\/span><\/u><\/span><span style=\"color: #000080;\"><u><span style=\"font-family: Comic Sans MS, sans-serif;\"><span style=\"font-size: medium;\"><span lang=\"fr-FR\"><i>Mediapart<\/i><\/span><\/span><\/span><\/u><\/span><\/a><span style=\"font-family: Comic Sans MS, sans-serif;\"><span style=\"font-size: medium;\">, elle expliquait s\u2019\u00eatre inqui\u00e9t\u00e9e, en amont, de liens potentiels avec Pierre-\u00c9douard St\u00e9rin. Ce \u00e0 quoi Louise Chaulin lui aurait r\u00e9pondu\u00a0: <\/span><\/span><span style=\"font-family: Comic Sans MS, sans-serif;\"><span style=\"font-size: medium;\"><i>\u00ab\u00a0Non pas du tout, je ne l\u2019ai jamais vu de ma vie.\u00a0\u00bb<\/i><\/span><\/span><span style=\"font-family: Comic Sans MS, sans-serif;\"><span style=\"font-size: medium;\"> \u00c0 sa sortie de la salle de l\u2019\u00c9lys\u00e9e Montmartre, o\u00f9 s\u2019est tenu l\u2019\u00e9v\u00e9nement, la candidate \u00e0 l\u2019\u00e9lection pr\u00e9sidentielle de 2027 aurait <\/span><\/span><span style=\"font-family: Comic Sans MS, sans-serif;\"><span style=\"font-size: medium;\"><i>\u00ab\u00a0parl\u00e9 aux quatre cofondateurs\u00a0\u00bb<\/i><\/span><\/span><span style=\"font-family: Comic Sans MS, sans-serif;\"><span style=\"font-size: medium;\"> qui lui auraient <\/span><\/span><span style=\"font-family: Comic Sans MS, sans-serif;\"><span style=\"font-size: medium;\"><i>\u00ab\u00a0redit la m\u00eame chose\u00a0\u00bb<\/i><\/span><\/span><span style=\"font-family: Comic Sans MS, sans-serif;\"><span style=\"font-size: medium;\">.<\/span><\/span><\/p>\n<p style=\"text-align: justify;\"><span style=\"font-family: Comic Sans MS, sans-serif;\"><span style=\"font-size: medium;\">Derri\u00e8re l\u2019association qui abrite le D\u00eener des b\u00e2tisseurs, on trouve\u00a0: le pr\u00e9sident J\u00e9r\u00e9mie Berthon, cadre chez Axa\u00a0; le vice-pr\u00e9sident Stanislas Billot de Lochner, cofondateur de la start-up Obole\u00a0; le tr\u00e9sorier Jonathan Langlois, animateur d\u2019un podcast soutenu par le dioc\u00e8se de Paris\u00a0; et Louise Chaulin, secr\u00e9taire et conseill\u00e8re en communication.<\/span><\/span><\/p>\n<p style=\"text-align: justify;\"><span style=\"font-family: Comic Sans MS, sans-serif;\"><span style=\"font-size: medium;\">Nuit du bien commun, r\u00e9seaux anti-avortement&#8230;<\/span><\/span><\/p>\n<p style=\"text-align: justify;\"><span style=\"font-family: Comic Sans MS, sans-serif;\"><span style=\"font-size: medium;\"><i>\u00ab\u00a0Le D\u00eener ne revendique rien, son seul objectif est de f\u00e9d\u00e9rer les forces vives du catholicisme en France\u00a0\u00bb<\/i><\/span><\/span><span style=\"font-family: Comic Sans MS, sans-serif;\"><span style=\"font-size: medium;\">, d\u00e9taille Louise Chaulin. Cette derni\u00e8re omet de pr\u00e9ciser que plusieurs figures de la galaxie de Pierre-\u00c9douard St\u00e9rin se retrouvent derri\u00e8re l\u2019organisation de l\u2019\u00e9v\u00e9nement. \u00c0 commencer par Stanislas Billot de Lochner, qui a cr\u00e9\u00e9 en 2017, aux c\u00f4t\u00e9s de Thibault Farrenq et de Pierre-\u00c9douard St\u00e9rin, La Nuit du bien commun via sa start-up Obole. Pr\u00e9tendument, l\u00e0 encore, apolitique, cet \u00e9v\u00e9nement caritatif soutient notamment des associations proches des r\u00e9seaux catholiques traditionalistes et des mouvements anti-avortement tels que <\/span><\/span><span style=\"color: #000080;\"><u><a href=\"https:\/\/www.mediacites.fr\/enquete\/lyon\/2025\/11\/04\/familya-lassociation-proche-des-anti-ivg-soutenue-par-pierre-edouard-sterin-la-region-et-la-metropole-de-lyon\/\" target=\"_blank\" rel=\"noopener\"><span style=\"font-family: Comic Sans MS, sans-serif;\"><span style=\"font-size: medium;\"><span lang=\"fr-FR\">Familya<\/span><\/span><\/span><\/a><\/u><\/span><span style=\"font-family: Comic Sans MS, sans-serif;\"><span style=\"font-size: medium;\">, <\/span><\/span><span style=\"color: #000080;\"><u><a href=\"https:\/\/revueladeferlante.fr\/la-maison-de-marthe-et-marie-en-croisade-contre-lavortement\/\" target=\"_blank\" rel=\"noopener\"><span style=\"font-family: Comic Sans MS, sans-serif;\"><span style=\"font-size: medium;\"><span lang=\"fr-FR\">la Maison de Marthe et Marie<\/span><\/span><\/span><\/a><\/u><\/span><span style=\"font-family: Comic Sans MS, sans-serif;\"><span style=\"font-size: medium;\">, <\/span><\/span><span style=\"color: #000080;\"><u><a href=\"https:\/\/www.bondyblog.fr\/enquete\/laissez-les-servir-au-nom-de-dieu-vive-la-coloniale\/\" target=\"_blank\" rel=\"noopener\"><span style=\"font-family: Comic Sans MS, sans-serif;\"><span style=\"font-size: medium;\"><span lang=\"fr-FR\">Laissez-les servir<\/span><\/span><\/span><\/a><\/u><\/span><span style=\"font-family: Comic Sans MS, sans-serif;\"><span style=\"font-size: medium;\">, ou le r\u00e9seau d\u2019\u00e9coles hors contrat aux valeurs r\u00e9actionnaires <\/span><\/span><span style=\"color: #000080;\"><u><a href=\"https:\/\/basta.media\/Excellence-Ruralites-un-reseau-d-ecoles-privees-reactionnaires-finance-par-Sterin-s-implante-dans-les-campagnes\" target=\"_blank\" rel=\"noopener\"><span style=\"font-family: Comic Sans MS, sans-serif;\"><span style=\"font-size: medium;\"><span lang=\"fr-FR\">Excellence Ruralit\u00e9s<\/span><\/span><\/span><\/a><\/u><\/span><span style=\"font-family: Comic Sans MS, sans-serif;\"><span style=\"font-size: medium;\">.<\/span><\/span><\/p>\n<p style=\"text-align: justify;\"><span style=\"font-family: Comic Sans MS, sans-serif;\"><span style=\"font-size: medium;\">Au capital d\u2019Obole on trouve donc, depuis 2020, Pierre-\u00c9douard St\u00e9rin, \u00e0 hauteur de <\/span><\/span><span style=\"font-family: Comic Sans MS, sans-serif;\"><span style=\"font-size: medium;\"><i>\u00ab\u00a0moins de 2%\u00a0\u00bb<\/i><\/span><\/span><span style=\"font-family: Comic Sans MS, sans-serif;\"><span style=\"font-size: medium;\">, pr\u00e9cise Stanislas Billot de Lochner, mais \u00e9galement Vincent Bollor\u00e9, propri\u00e9taire du groupe Canal+, qui assume de se servir de ses m\u00e9dias <\/span><\/span><span style=\"font-family: Comic Sans MS, sans-serif;\"><span style=\"font-size: medium;\"><i>\u00ab\u00a0pour mener <\/i><\/span><\/span><span style=\"color: #000080;\"><u><a href=\"https:\/\/reporterre.net\/Desarmer-Bollore-les-collectifs-ecologistes-ciblent-l-extreme-droite\"><span style=\"font-family: Comic Sans MS, sans-serif;\"><span style=\"font-size: medium;\"><span lang=\"fr-FR\"><i>un combat civilisationnel<\/i><\/span><\/span><\/span><\/a><\/u><\/span><span style=\"font-family: Comic Sans MS, sans-serif;\"><span style=\"font-size: medium;\"><i>\u00a0\u00bb<\/i><\/span><\/span><span style=\"font-family: Comic Sans MS, sans-serif;\"><span style=\"font-size: medium;\">. Selon les informations r\u00e9v\u00e9l\u00e9es par <\/span><\/span><span style=\"color: #000080;\"><u><a href=\"https:\/\/www.mediacites.fr\/enquete\/nantes\/2025\/12\/15\/apres-pierre-edouard-sterin-le-groupe-bollore-investit-dans-la-start-up-nantaise-des-nuits-du-bien-commun\/\" target=\"_blank\" rel=\"noopener\"><span style=\"font-family: Comic Sans MS, sans-serif;\"><span style=\"font-size: medium;\"><span lang=\"fr-FR\"><i>Mediacit\u00e9s<\/i><\/span><\/span><\/span><\/a><\/u><\/span><span style=\"font-family: Comic Sans MS, sans-serif;\"><span style=\"font-size: medium;\"> mi-d\u00e9cembre, le groupe Bollor\u00e9 est actionnaire d\u2019Obole \u00e0 hauteur de 29,26\u00a0% depuis 2024. Joint par <\/span><\/span><span style=\"font-family: Comic Sans MS, sans-serif;\"><span style=\"font-size: medium;\"><i>Reporterre<\/i><\/span><\/span><span style=\"font-family: Comic Sans MS, sans-serif;\"><span style=\"font-size: medium;\">, le groupe n\u2019a pas donn\u00e9 suite.<\/span><\/span><\/p>\n<p style=\"text-align: justify;\"><span style=\"font-family: Comic Sans MS, sans-serif;\"><span style=\"font-size: medium;\">Des actionnaires r\u00e9actionnaires<\/span><\/span><\/p>\n<p style=\"text-align: justify;\"><span style=\"font-family: Comic Sans MS, sans-serif;\"><span style=\"font-size: medium;\">Autre information soulev\u00e9e par le journal d\u2019investigation local\u00a0: la famille Michaud, argenti\u00e8re embl\u00e9matique de l\u2019extr\u00eame droite radicale, est aussi actionnaire d\u2019Obole depuis 2021. Ce soutien se fait \u00e0 travers la Financi\u00e8re de Rosario. Fond\u00e9e par une figure du Groupe union d\u00e9fense (GUD) \u2014 du nom de ce groupuscule violent d\u2019extr\u00eame droite\u00a0\u2014, Jean-Fran\u00e7ois Michaud, elle est aujourd\u2019hui dirig\u00e9e par son fils, \u00c9douard Michaud, un ancien cadre du groupe G\u00e9n\u00e9ration identitaire et des n\u00e9onazis des Zouaves Paris. La Financi\u00e8re de Rosario, encore au capital jusqu\u2019en 2023 <\/span><\/span><a href=\"https:\/\/www.mediapart.fr\/journal\/politique\/181225\/vincent-bollore-se-rapproche-encore-de-pierre-edouard-sterin\" target=\"_blank\" rel=\"noopener\"><span style=\"color: #000080;\"><u><span style=\"font-family: Comic Sans MS, sans-serif;\"><span style=\"font-size: medium;\"><span lang=\"fr-FR\">d\u2019apr\u00e8s <\/span><\/span><\/span><\/u><\/span><span style=\"color: #000080;\"><u><span style=\"font-family: Comic Sans MS, sans-serif;\"><span style=\"font-size: medium;\"><span lang=\"fr-FR\"><i>Mediapart<\/i><\/span><\/span><\/span><\/u><\/span><\/a><span style=\"font-family: Comic Sans MS, sans-serif;\"><span style=\"font-size: medium;\">, n\u2019est plus actionnaire d\u2019Obole, affirme Stanislas Billot de Lochner \u00e0 <\/span><\/span><span style=\"font-family: Comic Sans MS, sans-serif;\"><span style=\"font-size: medium;\"><i>Reporterre<\/i><\/span><\/span><span style=\"font-family: Comic Sans MS, sans-serif;\"><span style=\"font-size: medium;\">.<\/span><\/span><\/p>\n<p style=\"text-align: justify;\"><span style=\"font-family: Comic Sans MS, sans-serif;\"><span style=\"font-size: medium;\">D\u2019apr\u00e8s les informations de <\/span><\/span><span style=\"font-family: Comic Sans MS, sans-serif;\"><span style=\"font-size: medium;\"><i>Reporterre<\/i><\/span><\/span><span style=\"font-family: Comic Sans MS, sans-serif;\"><span style=\"font-size: medium;\">, Stanislas Billot de Lochner n\u2019est pas le seul lien entre le D\u00eener des b\u00e2tisseurs et Obole. \u00c0 sa gen\u00e8se, le chef de projet de l\u2019association \u00e9tait Thibaut Vercken\u00a0: responsable de projets strat\u00e9giques d\u2019Obole de 2022 \u00e0 novembre 2025. Autre figure r\u00e9actionnaire\u00a0: les formalit\u00e9s administratives de cr\u00e9ation de l\u2019association ont \u00e9t\u00e9 faites par Lionel Devic, membre du cabinet Delsol Avocats, et administrateur de La Nuit du bien commun jusqu\u2019en 2025. L\u2019avocat fiscaliste est \u00e9galement derri\u00e8re la cr\u00e9ation de la <\/span><\/span><span style=\"color: #000080;\"><u><a href=\"https:\/\/basta.media\/Fondation-pour-l-ecole-etablissements-prives-hors-contrats-non-mixite-fraternite-saint-pie-X-academia-christiana\" target=\"_blank\" rel=\"noopener\"><span style=\"font-family: Comic Sans MS, sans-serif;\"><span style=\"font-size: medium;\"><span lang=\"fr-FR\">Fondation pour l\u2019\u00e9cole<\/span><\/span><\/span><\/a><\/u><\/span><span style=\"font-family: Comic Sans MS, sans-serif;\"><span style=\"font-size: medium;\">, acteur phare de l\u2019enseignement hors contrat traditionaliste.<\/span><\/span><\/p>\n<p style=\"text-align: justify;\"><span style=\"font-family: Comic Sans MS, sans-serif;\"><span style=\"font-size: medium;\"><i>\u00ab\u00a0Le projet politique de Pierre-\u00c9douard St\u00e9rin est tr\u00e8s clair<\/i><\/span><\/span><span style=\"font-family: Comic Sans MS, sans-serif;\"><span style=\"font-size: medium;\">, insiste une \u00e9lue Les \u00c9cologistes. <\/span><\/span><span style=\"font-family: Comic Sans MS, sans-serif;\"><span style=\"font-size: medium;\"><i>Ce n\u2019est pas uniquement un moment entre catholiques, ce sont des gens qui s\u2019organisent de mani\u00e8re efficace.\u00a0\u00bb<\/i><\/span><\/span><\/p>\n<p style=\"text-align: justify;\"><span style=\"font-family: Comic Sans MS, sans-serif;\"><span style=\"font-size: medium;\">Sur le plateau de CNews, <\/span><\/span><span style=\"color: #000080;\"><u><a href=\"https:\/\/www.dailymotion.com\/video\/x9rt4pg\" target=\"_blank\" rel=\"noopener\"><span style=\"font-family: Comic Sans MS, sans-serif;\"><span style=\"font-size: medium;\"><span lang=\"fr-FR\">en octobre<\/span><\/span><\/span><\/a><\/u><\/span><span style=\"font-family: Comic Sans MS, sans-serif;\"><span style=\"font-size: medium;\">, cha\u00eene du groupe Bollor\u00e9, Stanislas Billot de Lochner d\u00e9clarait \u00e0 propos des mobilisations contre la tenue de La Nuit du bien commun\u00a0: <\/span><\/span><span style=\"font-family: Comic Sans MS, sans-serif;\"><span style=\"font-size: medium;\"><i>\u00ab\u00a0Le pr\u00e9texte Pierre-\u00c9douard St\u00e9rin est devenu un nouvel argument pour taper sur la philanthropie priv\u00e9e.\u00a0\u00bb<\/i><\/span><\/span><\/p>\n<p style=\"text-align: justify;\"><span style=\"font-family: Comic Sans MS, sans-serif;\"><span style=\"font-size: medium;\">Des crispations chez Les \u00c9cologistes<\/span><\/span><\/p>\n<p style=\"text-align: justify;\"><span style=\"font-family: Comic Sans MS, sans-serif;\"><span style=\"font-size: medium;\"><i>\u00ab\u00a0Strat\u00e9giquement, la question de l\u2019\u00e9cologie traverse beaucoup de catholiques aujourd\u2019hui donc, sur le fond, la pr\u00e9sence de Marine Tondelier \u00e0 un \u00e9v\u00e9nement de r\u00e9seautage ne semble pas compl\u00e8tement aberrant\u00a0\u00bb<\/i><\/span><\/span><span style=\"font-family: Comic Sans MS, sans-serif;\"><span style=\"font-size: medium;\">, souligne la sp\u00e9cialiste du catholicisme C\u00e9line B\u00e9raud. La sociologue, autrice d\u2019<\/span><\/span><span style=\"font-family: Comic Sans MS, sans-serif;\"><span style=\"font-size: medium;\"><i>Une religion parmi d\u2019autres<\/i><\/span><\/span><span style=\"font-family: Comic Sans MS, sans-serif;\"><span style=\"font-size: medium;\"> (\u00e9d. PUF), rel\u00e8ve <\/span><\/span><span style=\"font-family: Comic Sans MS, sans-serif;\"><span style=\"font-size: medium;\"><i>\u00ab\u00a0une nouvelle forme de publicisation chez des politiques de gauche qui, depuis une poign\u00e9e d\u2019ann\u00e9es, n\u2019h\u00e9sitent pas \u00e0 parler publiquement de leur foi\u00a0\u00bb<\/i><\/span><\/span><span style=\"font-family: Comic Sans MS, sans-serif;\"><span style=\"font-size: medium;\">. En guise d\u2019exemple, la sociologue cite le cas de Marine Rosset, \u00e9lue du Parti socialiste dans le 5e arrondissement de Paris, ouvertement lesbienne et qui d\u00e9fend le droit \u00e0 l\u2019avortement.<\/span><\/span><\/p>\n<p style=\"text-align: justify;\"><span style=\"font-family: Comic Sans MS, sans-serif;\"><span style=\"font-size: medium;\">Chez Les \u00c9cologistes, plusieurs militants regrettent que la pr\u00e9sence de leur cheffe de file \u00e0 ce d\u00eener n\u2019ait fait l\u2019objet d\u2019aucun d\u00e9bat. Ce n\u2019est pas le fait d\u2019afficher sa foi catholique qui pose probl\u00e8me, mais bien les liens avec des figures d\u2019extr\u00eame droite \u00e0 l\u2019agenda politique largement document\u00e9.<\/span><\/span><\/p>\n<p style=\"text-align: justify;\"><span style=\"font-family: Comic Sans MS, sans-serif;\"><span style=\"font-size: medium;\"><i>\u00ab\u00a0Les organisateurs avaient affirm\u00e9 \u00e0 Marine Tondelier qu\u2019il n\u2019y avait aucun lien avec l\u2019extr\u00eame droite, donc elle n\u2019avait aucune raison de ne pas venir discuter avec les catholiques, notamment de gauche, qui repr\u00e9sentent un vivier d\u2019\u00e9lecteurs comme les autres<\/i><\/span><\/span><span style=\"font-family: Comic Sans MS, sans-serif;\"><span style=\"font-size: medium;\">, r\u00e9torque une militante d\u2019\u00cele-de-France. <\/span><\/span><span style=\"font-family: Comic Sans MS, sans-serif;\"><span style=\"font-size: medium;\"><i>Mais si ces liens sont en fait av\u00e9r\u00e9s, alors notre posture ne sera n\u00e9cessairement plus la m\u00eame.\u00a0\u00bb<\/i><\/span><\/span><\/p>\n<p style=\"text-align: justify;\"><span style=\"font-family: Comic Sans MS, sans-serif;\"><span style=\"font-size: medium;\">\u00ab\u00a0Il n\u2019est pas ici question de foi, mais de pros\u00e9lytisme\u00a0\u00bb<\/span><\/span><\/p>\n<p style=\"text-align: justify;\"><span style=\"font-family: Comic Sans MS, sans-serif;\"><span style=\"font-size: medium;\">Une ligne de cr\u00eate, au contraire, ambigu\u00eb pour Claire Monod, militante et pr\u00e9sidente du laboratoire d\u2019id\u00e9es l\u2019Institut Cit\u00e9 \u00e9cologique, qui voit dans la venue de Marine Tondelier <\/span><\/span><span style=\"font-family: Comic Sans MS, sans-serif;\"><span style=\"font-size: medium;\"><i>\u00ab\u00a0un mauvais signal\u00a0\u00bb<\/i><\/span><\/span><span style=\"font-family: Comic Sans MS, sans-serif;\"><span style=\"font-size: medium;\">. <\/span><\/span><span style=\"font-family: Comic Sans MS, sans-serif;\"><span style=\"font-size: medium;\"><i>\u00ab\u00a0Au moment o\u00f9 l\u2019on combat l\u2019emprise des milliardaires r\u00e9actionnaires, il n\u2019est pas difficile d\u2019anticiper qu\u2019il n\u2019est pas ici question de foi, mais de pros\u00e9lytisme\u00a0: ce sont des gens qui s\u2019organisent pour g\u00e9n\u00e9raliser l\u2019image d\u2019une France mystifi\u00e9e au service d\u2019une id\u00e9ologie\u00a0\u00bb<\/i><\/span><\/span><span style=\"font-family: Comic Sans MS, sans-serif;\"><span style=\"font-size: medium;\">, explique-t-elle.<\/span><\/span><\/p>\n<p style=\"text-align: justify;\"><span style=\"font-family: Comic Sans MS, sans-serif;\"><span style=\"font-size: medium;\"><i>\u00ab\u00a0Il ne faut pas laisser la religion catholique aux fachos, je suis d\u2019accord, mais dans ce cas on peut organiser aussi des \u00e9v\u00e9nements aupr\u00e8s d\u2019associations catholiques et solidaires class\u00e9es \u00e0 gauche\u00a0\u00bb<\/i><\/span><\/span><span style=\"font-family: Comic Sans MS, sans-serif;\"><span style=\"font-size: medium;\">, rench\u00e9rit une \u00e9lue Les \u00c9cologistes.<\/span><\/span><\/p>\n<p style=\"text-align: justify;\"><span style=\"font-family: Comic Sans MS, sans-serif;\"><span style=\"font-size: medium;\">Dans la lutte contre l\u2019extr\u00eame droite, celle qui a affront\u00e9 Marine Le Pen \u00e0 trois l\u00e9gislatives dans le Pas-de-Calais poss\u00e8de pourtant une certaine exp\u00e9rience. En 2017, alors \u00e9lue d\u2019opposition au conseil municipal de H\u00e9nin-Beaumont, Marine Tondelier publiait <\/span><\/span><span style=\"color: #000080;\"><u><a href=\"https:\/\/www.lesinrocks.com\/actu\/humiliation-et-harcelement-une-elue-dopposition-raconte-la-vie-sous-le-fn-henin-beaumont-51922-31-03-2017\/\" target=\"_blank\" rel=\"noopener\"><span style=\"font-family: Comic Sans MS, sans-serif;\"><span style=\"font-size: medium;\"><span lang=\"fr-FR\"><i>Nouvelles du Front<\/i><\/span><\/span><\/span><\/a><\/u><\/span><span style=\"font-family: Comic Sans MS, sans-serif;\"><span style=\"font-size: medium;\"> (\u00e9d. Les Liens qui lib\u00e8rent), un r\u00e9cit accablant d\u00e9crivant de l\u2019int\u00e9rieur l\u2019exercice du pouvoir du Front national.<\/span><\/span><\/p>\n<p style=\"text-align: justify;\"><span style=\"font-family: Comic Sans MS, sans-serif;\"><span style=\"font-size: medium;\">Convictions personnelles et politiques\u00a0: une limite fine<\/span><\/span><\/p>\n<p style=\"text-align: justify;\"><span style=\"font-family: Comic Sans MS, sans-serif;\"><span style=\"font-size: medium;\">Marine Tondelier n\u2019est pas la seule repr\u00e9sentante de l\u2019\u00e9cologie politique \u00e0 s\u2019\u00eatre rendue au D\u00eener des b\u00e2tisseurs. En 2023 et 2024, l\u2019ancienne ministre de l\u2019\u00c9galit\u00e9 des territoires et du Logement, C\u00e9cile Duflot, en \u00e9tait. Form\u00e9e au militantisme via la Jeunesse ouvri\u00e8re chr\u00e9tienne (JOC), l\u2019actuelle directrice d\u2019Oxfam assume publiquement sa foi depuis longtemps. C\u2019est elle qui a d\u2019ailleurs souffl\u00e9 le nom de Marine Tondelier aux organisateurs du d\u00eener reposant sur un syst\u00e8me de cooptation.<\/span><\/span><\/p>\n<p style=\"text-align: justify;\"><span style=\"font-family: Comic Sans MS, sans-serif;\"><span style=\"font-size: medium;\"><i>\u00ab\u00a0C\u2019\u00e9tait une exp\u00e9rience humaine enrichissante, j\u2019ai rencontr\u00e9 des personnes avec des opinions diff\u00e9rentes<\/i><\/span><\/span><span style=\"font-family: Comic Sans MS, sans-serif;\"><span style=\"font-size: medium;\">, raconte C\u00e9cile Duflot \u00e0 <\/span><\/span><span style=\"font-family: Comic Sans MS, sans-serif;\"><span style=\"font-size: medium;\"><i>Reporterre<\/i><\/span><\/span><span style=\"font-family: Comic Sans MS, sans-serif;\"><span style=\"font-size: medium;\">. <\/span><\/span><span style=\"font-family: Comic Sans MS, sans-serif;\"><span style=\"font-size: medium;\"><i>En tant que repr\u00e9sentante d\u2019un courant catholique de gauche, j\u2019\u00e9tais par contre clairement minoritaire.\u00a0\u00bb<\/i><\/span><\/span><\/p>\n<p style=\"text-align: justify;\"><span style=\"font-family: Comic Sans MS, sans-serif;\"><span style=\"font-size: medium;\">Dans un livre publi\u00e9 fin octobre, <\/span><\/span><span style=\"font-family: Comic Sans MS, sans-serif;\"><span style=\"font-size: medium;\"><i>Gagnons\u00a0! <\/i><\/span><\/span><span style=\"font-family: Comic Sans MS, sans-serif;\"><span style=\"font-size: medium;\">(\u00e9d. Les Petits matins), C\u00e9cile Duflot revient sur son d\u00e9part du gouvernement en 2014 pour protester contre la nomination de Manuel Valls \u00e0 Matignon, sous la pr\u00e9sidence de Fran\u00e7ois Hollande. Aujourd\u2019hui, elle qualifie son geste d\u2019<\/span><\/span><span style=\"font-family: Comic Sans MS, sans-serif;\"><span style=\"font-size: medium;\"><i>\u00ab\u00a0erreur politique\u00a0\u00bb<\/i><\/span><\/span><span style=\"font-family: Comic Sans MS, sans-serif;\"><span style=\"font-size: medium;\"> aux lourdes cons\u00e9quences. <\/span><\/span><span style=\"font-family: Comic Sans MS, sans-serif;\"><span style=\"font-size: medium;\"><i>\u00ab\u00a0Si la remise en question est n\u00e9cessaire, en affirmant qu\u2019elle n\u2019avait pas assez ouvert son parti en son temps, C\u00e9cile Duflot affaiblit la limite entre convictions personnelles et politiques\u00a0\u00bb<\/i><\/span><\/span><span style=\"font-family: Comic Sans MS, sans-serif;\"><span style=\"font-size: medium;\">, pointe Claire Monod.<\/span><\/span><\/p>\n<p style=\"text-align: justify;\"><span style=\"font-family: Comic Sans MS, sans-serif;\"><span style=\"font-size: medium;\">Toujours est-il qu\u2019au D\u00eener des b\u00e2tisseurs, il s\u2019agit de c\u00f4toyer des croyants issus d\u2019une certaine classe sociale. Participer \u00e0 l\u2019\u00e9v\u00e9nement requiert un budget\u00a0: comptez 195 euros pour la soir\u00e9e. Des tarifs pr\u00e9f\u00e9rentiels existent toutefois pour les responsables d\u2019association ainsi que les membres du clerg\u00e9. Le financement de l\u2019\u00e9v\u00e9nement se fait gr\u00e2ce \u00e0 des m\u00e9c\u00e8nes priv\u00e9s et au soutien des quatre partenaires\u00a0: le Coll\u00e8ge des Bernardins, le groupe Bayard, Flornoy Ferri et Le jour du Seigneur. <\/span><\/span><\/p>\n<p style=\"text-align: justify;\"><span style=\"font-family: Comic Sans MS, sans-serif;\"><span style=\"font-size: medium;\">reporterre.net<\/span><\/span><\/p>\n","protected":false},"excerpt":{"rendered":"<p>Cela se passe chez les \u00e9cologistes et \u00e0 Bordeaux !<\/p>\n","protected":false},"author":2,"featured_media":0,"comment_status":"closed","ping_status":"closed","sticky":false,"template":"","format":"standard","meta":{"footnotes":""},"categories":[1],"tags":[],"class_list":["post-16226","post","type-post","status-publish","format-standard","hentry","category-non-classe"],"_links":{"self":[{"href":"https:\/\/www.quieryavenir.fr\/blog\/wp-json\/wp\/v2\/posts\/16226","targetHints":{"allow":["GET"]}}],"collection":[{"href":"https:\/\/www.quieryavenir.fr\/blog\/wp-json\/wp\/v2\/posts"}],"about":[{"href":"https:\/\/www.quieryavenir.fr\/blog\/wp-json\/wp\/v2\/types\/post"}],"author":[{"embeddable":true,"href":"https:\/\/www.quieryavenir.fr\/blog\/wp-json\/wp\/v2\/users\/2"}],"replies":[{"embeddable":true,"href":"https:\/\/www.quieryavenir.fr\/blog\/wp-json\/wp\/v2\/comments?post=16226"}],"version-history":[{"count":1,"href":"https:\/\/www.quieryavenir.fr\/blog\/wp-json\/wp\/v2\/posts\/16226\/revisions"}],"predecessor-version":[{"id":16227,"href":"https:\/\/www.quieryavenir.fr\/blog\/wp-json\/wp\/v2\/posts\/16226\/revisions\/16227"}],"wp:attachment":[{"href":"https:\/\/www.quieryavenir.fr\/blog\/wp-json\/wp\/v2\/media?parent=16226"}],"wp:term":[{"taxonomy":"category","embeddable":true,"href":"https:\/\/www.quieryavenir.fr\/blog\/wp-json\/wp\/v2\/categories?post=16226"},{"taxonomy":"post_tag","embeddable":true,"href":"https:\/\/www.quieryavenir.fr\/blog\/wp-json\/wp\/v2\/tags?post=16226"}],"curies":[{"name":"wp","href":"https:\/\/api.w.org\/{rel}","templated":true}]}}