{"id":16319,"date":"2026-03-05T02:55:30","date_gmt":"2026-03-05T01:55:30","guid":{"rendered":"https:\/\/www.quieryavenir.fr\/blog\/?p=16319"},"modified":"2026-03-03T06:57:48","modified_gmt":"2026-03-03T05:57:48","slug":"non-cest-non-monsieur-duplomb","status":"publish","type":"post","link":"https:\/\/www.quieryavenir.fr\/blog\/2026\/03\/05\/non-cest-non-monsieur-duplomb\/","title":{"rendered":"Non c\u2019est Non, Monsieur Duplomb !"},"content":{"rendered":"<h2 class=\"western\" style=\"text-align: justify;\"><img loading=\"lazy\" decoding=\"async\" class=\"size-medium wp-image-16309 aligncenter\" src=\"https:\/\/www.quieryavenir.fr\/blog\/wp-content\/uploads\/2026\/02\/FaceBouc-300x220.jpg\" alt=\"\" width=\"300\" height=\"220\" srcset=\"https:\/\/www.quieryavenir.fr\/blog\/wp-content\/uploads\/2026\/02\/FaceBouc-300x220.jpg 300w, https:\/\/www.quieryavenir.fr\/blog\/wp-content\/uploads\/2026\/02\/FaceBouc.jpg 681w\" sizes=\"auto, (max-width: 300px) 100vw, 300px\" \/><\/h2>\n<h1 style=\"text-align: justify;\"><span style=\"font-size: medium;\">Pourquoi cette p\u00e9tition est cruciale <\/span><\/h1>\n<p><!--more--><\/p>\n<p style=\"text-align: justify;\"><span style=\"font-size: medium;\">Le S\u00e9nateur Laurent Duplomb propose (une nouvelle fois) la r\u00e9introduction de l\u2019ac\u00e9tamipride, un insecticide de la famille des n\u00e9onicotino\u00efdes. Sous couvert d\u2019urgence agricole, cette proposition de loi est un retour en arri\u00e8re dangereux qui ignore les alertes scientifiques et la volont\u00e9 citoyenne.<\/span><\/p>\n<p style=\"text-align: justify;\"><span style=\"font-size: medium;\"><strong>Le consentement n&rsquo;est pas une option<\/strong><br \/>\nMonsieur le S\u00e9nateur, la d\u00e9mocratie repose sur le consentement.<\/span><\/p>\n<p style=\"text-align: justify;\"><span style=\"font-size: medium;\">Nous ne consentons pas \u00e0 ce que notre sant\u00e9 soit mise en balance avec des int\u00e9r\u00eats productivistes \u00e0 court terme.<\/span><\/p>\n<p style=\"text-align: justify;\"><span style=\"font-size: medium;\">Nous ne consentons pas \u00e0 l&#8217;empoisonnement silencieux de nos sols et de notre eau.<\/span><\/p>\n<p style=\"text-align: justify;\"><span style=\"font-size: medium;\">R\u00e9introduire une substance bannie, c\u2019est forcer les Fran\u00e7ais \u00e0 accepter un risque environnemental qu\u2019ils ont d\u00e9j\u00e0 explicitement rejet\u00e9. Quand le peuple dit \u00ab\u00a0non\u00a0\u00bb aux pesticides tueurs d&rsquo;abeilles, \u00ab\u00a0non\u00a0\u00bb signifie \u00ab\u00a0non\u00a0\u00bb.<\/span><\/p>\n<p style=\"text-align: justify;\"><span style=\"font-size: medium;\"><strong>Un constat scientifique sans appel<\/strong><br \/>\nL&rsquo;ac\u00e9tamipride n&rsquo;est pas \u00ab\u00a0inoffensif\u00a0\u00bb. La science est claire :<\/span><\/p>\n<p style=\"text-align: justify;\"><span style=\"font-size: medium;\">Impact Neurotoxique : Comme tous les n\u00e9onicotino\u00efdes, cette mol\u00e9cule agit sur le syst\u00e8me nerveux central des pollinisateurs, entra\u00eenant leur mort et l&rsquo;effondrement de la biodiversit\u00e9.<\/span><\/p>\n<p style=\"text-align: justify;\"><span style=\"font-size: medium;\">Sant\u00e9 Humaine : Des \u00e9tudes pointent des risques de perturbation du d\u00e9veloppement c\u00e9r\u00e9bral, <\/span>particuli\u00e8rement chez les f\u0153tus et les jeunes enfants.<\/p>\n<p style=\"text-align: justify;\">Persistance : Ces produits ne s&rsquo;arr\u00eatent pas \u00e0 la cible ; ils contaminent durablement les nappes phr\u00e9atiques et l&rsquo;ensemble de la cha\u00eene alimentaire.<\/p>\n<p style=\"text-align: justify;\"><strong>Pour l&rsquo;avenir de nos enfants<\/strong><br \/>\nNous avons le devoir moral de l\u00e9guer \u00e0 nos enfants un monde o\u00f9 la biodiversit\u00e9 n&rsquo;est pas un souvenir dans les livres. Un avenir sans pesticides n\u2019est pas une utopie, c&rsquo;est une n\u00e9cessit\u00e9 vitale.<\/p>\n<p style=\"text-align: justify;\">Soutenir nos agriculteurs, oui, mais par la recherche d&rsquo;alternatives durables et agro\u00e9cologiques, pas par la fuite en avant chimique.<\/p>\n<p style=\"text-align: justify;\">Prot\u00e9ger le vivant pour garantir la s\u00e9curit\u00e9 alimentaire de demain.<\/p>\n<p style=\"text-align: justify;\">Nous demandons aux d\u00e9put\u00e9s de rejeter fermement cette proposition de loi. Pour notre sant\u00e9, pour nos abeilles et pour le droit de nos enfants \u00e0 un environnement sain.<\/p>\n<p style=\"text-align: justify;\">Pour signer<\/p>\n<p style=\"text-align: justify;\"><a href=\"https:\/\/petitions.assemblee-nationale.fr\/initiatives\/i-5103?utm_source=brevo&amp;utm_campaign=CA%20-%20Ptition%20loi%20Duplomb%202&amp;utm_medium=email\">https:\/\/petitions.assemblee-nationale.fr\/initiatives\/i-5103?utm_source=brevo<\/a><\/p>\n","protected":false},"excerpt":{"rendered":"<p>Pourquoi cette p\u00e9tition est cruciale<\/p>\n","protected":false},"author":2,"featured_media":0,"comment_status":"closed","ping_status":"closed","sticky":false,"template":"","format":"standard","meta":{"footnotes":""},"categories":[1],"tags":[],"class_list":["post-16319","post","type-post","status-publish","format-standard","hentry","category-non-classe"],"_links":{"self":[{"href":"https:\/\/www.quieryavenir.fr\/blog\/wp-json\/wp\/v2\/posts\/16319","targetHints":{"allow":["GET"]}}],"collection":[{"href":"https:\/\/www.quieryavenir.fr\/blog\/wp-json\/wp\/v2\/posts"}],"about":[{"href":"https:\/\/www.quieryavenir.fr\/blog\/wp-json\/wp\/v2\/types\/post"}],"author":[{"embeddable":true,"href":"https:\/\/www.quieryavenir.fr\/blog\/wp-json\/wp\/v2\/users\/2"}],"replies":[{"embeddable":true,"href":"https:\/\/www.quieryavenir.fr\/blog\/wp-json\/wp\/v2\/comments?post=16319"}],"version-history":[{"count":1,"href":"https:\/\/www.quieryavenir.fr\/blog\/wp-json\/wp\/v2\/posts\/16319\/revisions"}],"predecessor-version":[{"id":16320,"href":"https:\/\/www.quieryavenir.fr\/blog\/wp-json\/wp\/v2\/posts\/16319\/revisions\/16320"}],"wp:attachment":[{"href":"https:\/\/www.quieryavenir.fr\/blog\/wp-json\/wp\/v2\/media?parent=16319"}],"wp:term":[{"taxonomy":"category","embeddable":true,"href":"https:\/\/www.quieryavenir.fr\/blog\/wp-json\/wp\/v2\/categories?post=16319"},{"taxonomy":"post_tag","embeddable":true,"href":"https:\/\/www.quieryavenir.fr\/blog\/wp-json\/wp\/v2\/tags?post=16319"}],"curies":[{"name":"wp","href":"https:\/\/api.w.org\/{rel}","templated":true}]}}