{"id":16321,"date":"2026-03-06T02:57:51","date_gmt":"2026-03-06T01:57:51","guid":{"rendered":"https:\/\/www.quieryavenir.fr\/blog\/?p=16321"},"modified":"2026-03-03T07:00:05","modified_gmt":"2026-03-03T06:00:05","slug":"ag-de-leforest-environnement","status":"publish","type":"post","link":"https:\/\/www.quieryavenir.fr\/blog\/2026\/03\/06\/ag-de-leforest-environnement\/","title":{"rendered":"AG de LEFOREST-ENVIRONNEMENT"},"content":{"rendered":"<p><img loading=\"lazy\" decoding=\"async\" class=\"wp-image-16310 aligncenter\" src=\"https:\/\/www.quieryavenir.fr\/blog\/wp-content\/uploads\/2026\/02\/Logo_Climactif-144x300.jpg\" alt=\"\" width=\"216\" height=\"450\" srcset=\"https:\/\/www.quieryavenir.fr\/blog\/wp-content\/uploads\/2026\/02\/Logo_Climactif-144x300.jpg 144w, https:\/\/www.quieryavenir.fr\/blog\/wp-content\/uploads\/2026\/02\/Logo_Climactif.jpg 457w\" sizes=\"auto, (max-width: 216px) 100vw, 216px\" \/><\/p>\n<h1>Intervention en date du 22 f\u00e9vrier<\/h1>\n<p><!--more--><\/p>\n<p>D\u00e9sol\u00e9 de ne pouvoir venir \u00e0 cette r\u00e9union annuelle. Vous savez pourquoi\u00a0!<br \/>\nJe voudrais commencer par dire tout le bien que je pense de cette association LEFOREST-ENVIRONNEMENT. Elle travaille \u00e9norm\u00e9ment dans le domaine environnemental. Cela ne date pas d&rsquo;hier puisque c\u2019\u00e9tait dans la lign\u00e9e des diff\u00e9rents dirigeants successifs. J&rsquo;en ai connu normalement six\u00a0: Maurice, Serge, Florian, Philippe, sans oublier David\u00a0!<\/p>\n<p>Dans ce monde tellement int\u00e9ress\u00e9 par le profit et la course \u00e0 l&rsquo;efficacit\u00e9, il est indispensable d&rsquo;avoir certaines structures compos\u00e9es de b\u00e9n\u00e9voles et ayant le sens du partage, de la sobri\u00e9t\u00e9 et de l&rsquo;\u00e9cologie.<br \/>\nC&rsquo;est un combat difficile, d&rsquo;autant que la rel\u00e8ve, indispensable, a du mal \u00e0 se mettre en place. Mais il faut continuer \u2026. co\u00fbte que co\u00fbte.<\/p>\n<p>J&rsquo;ai la chance de pouvoir intervenir \u00e0 certains moments pour faire le point sur deux associations dont je fais partie. Elles sont un autre aspect de la lutte que nous devons mener dans ce monde tellement fou que l&rsquo;on a du mal \u00e0 se rep\u00e9rer et \u00e0 avancer vers des solutions et positions tellement humaines.<\/p>\n<p>&nbsp;<\/p>\n<p>La premi\u00e8re des associations s&rsquo;appelle le Collectif ACCAD\u00a0; Il existe depuis 2018 (donc beaucoup plus r\u00e9cent que LEFOREST-ENVIRONNEMENT). Il s&rsquo;est d&rsquo;abord occup\u00e9 de montrer les effets n\u00e9gatifs du nouveau compteur dit \u00ab\u00a0intelligent\u00a0\u00bb, le compteur Linky. Puis le collectif s&rsquo;est empar\u00e9 successivement et modestement d&rsquo;autres probl\u00e9matiques\u00a0; \u00e0 savoir les implantations d&rsquo;antennes 5G, la maladie ElectroHyperSensible, la surexposition des \u00e9crans, la num\u00e9risation de la soci\u00e9t\u00e9 \u2013 avec les cons\u00e9quences sur l&rsquo;eau et l&rsquo;\u00e9lectricit\u00e9 -, la robotisation, les data centers et l&rsquo;intelligence artificielle.<\/p>\n<p>Vaste programme que l&rsquo;on peut r\u00e9sumer par la pollution \u00e9lectronum\u00e9rique, le gaspillage des mati\u00e8res premi\u00e8res et une remise en cause fondamentale de la place de l&rsquo;homme, du monde animal et de la nature.<\/p>\n<p>Ceci n&rsquo;est pas facile \u00e0 faire passer car beaucoup de personnes ne veulent pas entendre parler de ces probl\u00e8mes. A commencer par tous nos \u00e9lus parlementaires \u2013 ou presque &#8211; qui ne r\u00e9pondent pas \u00e0 nos demandes pressantes alors qu&rsquo;elles et ils sont au courant de ces drames qui ont d\u00e9j\u00e0 commenc\u00e9 et vont aller en s&rsquo;amplifiant.<\/p>\n<p>Nous mettons actuellement l\u2019accent, chez ACCAD, \u00a0sur la surexposition des \u00e9crans. Ce qui nous permet d\u2019intervenir cette ann\u00e9e principalement sur Carvin, (avec l\u2019association OSE ARTS), Oignies, Harnes, Vimy, Loos-en-Gohelle. Pour l\u2019instant, pas \u00e0 Leforest, mais nous esp\u00e9rons que cela changera. Nous irons peut-\u00eatre aussi \u00e0 Courcelles. Cela permet de se faire connaitre dans les communes, les \u00e9coles et coll\u00e8ges ainsi que dans certaines associations. Ce n\u2019est pas facile car le probl\u00e8me ne se r\u00e9sume pas du tout \u00e0 simplement supprimer les r\u00e9seaux sociaux chez les jeunes. Il faut \u00c9DUQUER. Ce grand mot n\u2019est pas facile \u00e0 mettre dans la t\u00eate des d\u00e9cideurs.<\/p>\n<p>Un petit mot sur la maladie qui s&rsquo;appelle ElectroHyperSensibilit\u00e9 : il y a une personne qui habite Leforest et qui est tr\u00e8s fortement atteinte. Elle ne peut pas rester longtemps chez sa m\u00e8re car les ondes la perturbent grandement. Elle ne peut plus vraiment aller dans la foret pr\u00e8s de Monchecourt \u00e0 cause des cam\u00e9ras nouvellement install\u00e9es. Nous esp\u00e9rons que la commune trouvera un endroit pas trop infect\u00e9.<\/p>\n<p>&nbsp;<\/p>\n<p>La deuxi\u00e8me association s\u2019appelle ESCREBIEUX. Elle a \u00e9t\u00e9 cr\u00e9\u00e9e en 1997 et s\u2019occupe actuellement de s\u2019opposer \u00e0 l\u2019implantation d\u2019\u00e9oliennes INDUSTRIELLES, notamment sur Qui\u00e9ry, Izel et, r\u00e9cemment sur Brebi\u00e8res. Cette id\u00e9e de s\u2019opposer \u00e0 ces \u00e9oliennes n\u2019est pas bien comprise par les \u00e9cologistes. Et pourtant, il faut d\u2019abord savoir que cette production \u00e9lectrique \u00e9olienne \u2013 \u00e9videmment plus int\u00e9ressante que la production nucl\u00e9aire \u2013 va servir beaucoup pour la num\u00e9risation de la soci\u00e9t\u00e9. Elle est n\u00e9cessaire pour les data centers, elle l\u2019est aussi pour tous ces dispositifs de surveillance, elle l\u2019est encore plus pour l\u2019intelligence artificielles\u00a0; Et c\u2019est donc l\u00e0 que l\u2019on rejoint les objectifs du collectif ACCAD.<br \/>\nPar ailleurs, il faut connaitre certains chiffres qui montrent que, malheureusement, les Hauts-de-France sont malheureusement une terre d\u2019\u00ab\u00a0accueil\u00a0\u00bb \u00e9conomique\u00a0: la r\u00e9gion repr\u00e9sente 5,8% de la surface fran\u00e7aise\u00a0; 9\u00a0,16% de la population\u00a0; et elle produit 30% d&rsquo;\u00e9lectricit\u00e9 \u00e9olienne\u00a0! Le d\u00e9partement du Pas-de-Calais en produit 7% alors qu&rsquo;il repr\u00e9sente 1% du territoire fran\u00e7ais\u00a0!<\/p>\n<p>Notre r\u00e9gion est d\u00e9j\u00e0 envahie par Amazon, par les gigafactorys, par de nouvelles entreprises Seveso dans le Dunkerquois, par les data centers (tr\u00e8s gourmands en eau et \u00e9lectricit\u00e9 \u2013 d&rsquo;o\u00f9 les nombreuses implantations d&rsquo;\u00e9oliennes en France !) \u2026 et on veut encore plus rajouter des \u00e9oliennes dans notre r\u00e9gion (projet gouvernemental). Vous ne trouvez pas que c&rsquo;est trop et que notre secteur doit r\u00e9fl\u00e9chir \u00e0 ne pas subir cette situation &#8211; qui ne signifie pas du tout progr\u00e8s\u00a0sur le plan environnemental ! Notre r\u00e9gion, qui est \u00e0 la derni\u00e8re place en m\u00e9tropole fran\u00e7aise en mati\u00e8re de ch\u00f4mage, est aussi ce que l\u2019on appelle anthropis\u00e9e , c\u2019est-\u00e0-dire pollu\u00e9e de diff\u00e9rentes fa\u00e7ons.<\/p>\n<p>C\u2019est pourquoi nous ne voulons pas nous laisser faire\u00a0; et cette association, qui a eu le soutien des dix communes environnantes et de trois associations environnementales ira en justice pour demander l\u2019annulation de la d\u00e9cision du nouveau pr\u00e9fet qui est maintenant favorable au projet des deux entreprises.<\/p>\n<p>Pour essayer de ne pas \u00eatre seulement d\u00e9pendants de subventions communales, ou r\u00e9gionale, ou autre, nous organisons des activit\u00e9s pour r\u00e9cup\u00e9rer de l\u2019argent \u2013 vous vous doutez que la justice n\u2019est pas gratuite. Donc, derni\u00e8rement, nous avons organis\u00e9 un loto\u00a0; prochainement, nous allons organiser, aussi \u00e0 Qui\u00e9ry, un tierc\u00e9 aux canards.<\/p>\n<p>&nbsp;<\/p>\n<p>Pour conclure, nous pouvons dire que ACCAD a d\u00e9j\u00e0 le soutien de plusieurs membres de l\u2019association LEFOREST-ENVIRONNEMENT\u00a0; cela nous fait beaucoup de biens par ces temps difficiles et nous les en remercions.<\/p>\n<p>A propos de ce collectif, nous ne pouvons pas oublier le soutien \u2013 \u00e0 la fois financier et mat\u00e9riel \u2013 de la commune de Leforest, notamment avec la venue de Sabine DUFLO. Nous en remercions notamment le maire Chrisitan MUSIAL et son \u00e9quipe municipale.<\/p>\n<p>Pour l\u2019instant, les adh\u00e9sions leforestoises pour ESCREBIEUX ne sont pas encore significatives. Mais nous pensons que cela viendra.<\/p>\n<p>Les deux combats valent certainement la peine et nous pensons avoir le soutien de LEFOREST-ENVIRONNEMENT.<\/p>\n<p>En tout cas, les combats men\u00e9s par des associations sont n\u00e9cessaires, surtout quand elles sont constitu\u00e9es par des b\u00e9n\u00e9voles. C\u2019est le cas de ces trois associations. Esp\u00e9rons qu\u2019elles aboutiront \u00e0 voir se mettre en place leurs objectifs. C\u2019est le sens de leurs activit\u00e9s. Esp\u00e9rons un printemps meilleur.<\/p>\n<p>Merci de votre attention.<\/p>\n<p style=\"text-align: justify;\">Intervention en date du 22 f\u00e9vrier<\/p>\n<p style=\"text-align: justify;\">D\u00e9sol\u00e9 de ne pouvoir venir \u00e0 cette r\u00e9union annuelle. Vous savez pourquoi\u00a0!<br \/>\nJe voudrais commencer par dire tout le bien que je pense de cette association LEFOREST-ENVIRONNEMENT. Elle travaille \u00e9norm\u00e9ment dans le domaine environnemental. Cela ne date pas d&rsquo;hier puisque c\u2019\u00e9tait dans la lign\u00e9e des diff\u00e9rents dirigeants successifs. J&rsquo;en ai connu normalement six\u00a0: Maurice, Serge, Florian, Philippe, sans oublier David\u00a0!<\/p>\n<p style=\"text-align: justify;\">Dans ce monde tellement int\u00e9ress\u00e9 par le profit et la course \u00e0 l&rsquo;efficacit\u00e9, il est indispensable d&rsquo;avoir certaines structures compos\u00e9es de b\u00e9n\u00e9voles et ayant le sens du partage, de la sobri\u00e9t\u00e9 et de l&rsquo;\u00e9cologie.<br \/>\nC&rsquo;est un combat difficile, d&rsquo;autant que la rel\u00e8ve, indispensable, a du mal \u00e0 se mettre en place. Mais il faut continuer \u2026. co\u00fbte que co\u00fbte.<\/p>\n<p style=\"text-align: justify;\">J&rsquo;ai la chance de pouvoir intervenir \u00e0 certains moments pour faire le point sur deux associations dont je fais partie. Elles sont un autre aspect de la lutte que nous devons mener dans ce monde tellement fou que l&rsquo;on a du mal \u00e0 se rep\u00e9rer et \u00e0 avancer vers des solutions et positions tellement humaines.<\/p>\n<p style=\"text-align: justify;\">\n<p style=\"text-align: justify;\">La premi\u00e8re des associations s&rsquo;appelle le Collectif ACCAD\u00a0; Il existe depuis 2018 (donc beaucoup plus r\u00e9cent que LEFOREST-ENVIRONNEMENT). Il s&rsquo;est d&rsquo;abord occup\u00e9 de montrer les effets n\u00e9gatifs du nouveau compteur dit \u00ab\u00a0intelligent\u00a0\u00bb, le compteur Linky. Puis le collectif s&rsquo;est empar\u00e9 successivement et modestement d&rsquo;autres probl\u00e9matiques\u00a0; \u00e0 savoir les implantations d&rsquo;antennes 5G, la maladie ElectroHyperSensible, la surexposition des \u00e9crans, la num\u00e9risation de la soci\u00e9t\u00e9 \u2013 avec les cons\u00e9quences sur l&rsquo;eau et l&rsquo;\u00e9lectricit\u00e9 -, la robotisation, les data centers et l&rsquo;intelligence artificielle.<\/p>\n<p style=\"text-align: justify;\">Vaste programme que l&rsquo;on peut r\u00e9sumer par la pollution \u00e9lectronum\u00e9rique, le gaspillage des mati\u00e8res premi\u00e8res et une remise en cause fondamentale de la place de l&rsquo;homme, du monde animal et de la nature.<\/p>\n<p style=\"text-align: justify;\">Ceci n&rsquo;est pas facile \u00e0 faire passer car beaucoup de personnes ne veulent pas entendre parler de ces probl\u00e8mes. A commencer par tous nos \u00e9lus parlementaires \u2013 ou presque &#8211; qui ne r\u00e9pondent pas \u00e0 nos demandes pressantes alors qu&rsquo;elles et ils sont au courant de ces drames qui ont d\u00e9j\u00e0 commenc\u00e9 et vont aller en s&rsquo;amplifiant.<\/p>\n<p style=\"text-align: justify;\">Nous mettons actuellement l\u2019accent, chez ACCAD, \u00a0sur la surexposition des \u00e9crans. Ce qui nous permet d\u2019intervenir cette ann\u00e9e principalement sur Carvin, (avec l\u2019association OSE ARTS), Oignies, Harnes, Vimy, Loos-en-Gohelle. Pour l\u2019instant, pas \u00e0 Leforest, mais nous esp\u00e9rons que cela changera. Nous irons peut-\u00eatre aussi \u00e0 Courcelles. Cela permet de se faire connaitre dans les communes, les \u00e9coles et coll\u00e8ges ainsi que dans certaines associations. Ce n\u2019est pas facile car le probl\u00e8me ne se r\u00e9sume pas du tout \u00e0 simplement supprimer les r\u00e9seaux sociaux chez les jeunes. Il faut \u00c9DUQUER. Ce grand mot n\u2019est pas facile \u00e0 mettre dans la t\u00eate des d\u00e9cideurs.<\/p>\n<p style=\"text-align: justify;\">Un petit mot sur la maladie qui s&rsquo;appelle ElectroHyperSensibilit\u00e9 : il y a une personne qui habite Leforest et qui est tr\u00e8s fortement atteinte. Elle ne peut pas rester longtemps chez sa m\u00e8re car les ondes la perturbent grandement. Elle ne peut plus vraiment aller dans la foret pr\u00e8s de Monchecourt \u00e0 cause des cam\u00e9ras nouvellement install\u00e9es. Nous esp\u00e9rons que la commune trouvera un endroit pas trop infect\u00e9.<\/p>\n<p style=\"text-align: justify;\">\n<p style=\"text-align: justify;\">La deuxi\u00e8me association s\u2019appelle ESCREBIEUX. Elle a \u00e9t\u00e9 cr\u00e9\u00e9e en 1997 et s\u2019occupe actuellement de s\u2019opposer \u00e0 l\u2019implantation d\u2019\u00e9oliennes INDUSTRIELLES, notamment sur Qui\u00e9ry, Izel et, r\u00e9cemment sur Brebi\u00e8res. Cette id\u00e9e de s\u2019opposer \u00e0 ces \u00e9oliennes n\u2019est pas bien comprise par les \u00e9cologistes. Et pourtant, il faut d\u2019abord savoir que cette production \u00e9lectrique \u00e9olienne \u2013 \u00e9videmment plus int\u00e9ressante que la production nucl\u00e9aire \u2013 va servir beaucoup pour la num\u00e9risation de la soci\u00e9t\u00e9. Elle est n\u00e9cessaire pour les data centers, elle l\u2019est aussi pour tous ces dispositifs de surveillance, elle l\u2019est encore plus pour l\u2019intelligence artificielles\u00a0; Et c\u2019est donc l\u00e0 que l\u2019on rejoint les objectifs du collectif ACCAD.<br \/>\nPar ailleurs, il faut connaitre certains chiffres qui montrent que, malheureusement, les Hauts-de-France sont malheureusement une terre d\u2019\u00ab\u00a0accueil\u00a0\u00bb \u00e9conomique\u00a0: la r\u00e9gion repr\u00e9sente 5,8% de la surface fran\u00e7aise\u00a0; 9\u00a0,16% de la population\u00a0; et elle produit 30% d&rsquo;\u00e9lectricit\u00e9 \u00e9olienne\u00a0! Le d\u00e9partement du Pas-de-Calais en produit 7% alors qu&rsquo;il repr\u00e9sente 1% du territoire fran\u00e7ais\u00a0!<\/p>\n<p style=\"text-align: justify;\">Notre r\u00e9gion est d\u00e9j\u00e0 envahie par Amazon, par les gigafactorys, par de nouvelles entreprises Seveso dans le Dunkerquois, par les data centers (tr\u00e8s gourmands en eau et \u00e9lectricit\u00e9 \u2013 d&rsquo;o\u00f9 les nombreuses implantations d&rsquo;\u00e9oliennes en France !) \u2026 et on veut encore plus rajouter des \u00e9oliennes dans notre r\u00e9gion (projet gouvernemental). Vous ne trouvez pas que c&rsquo;est trop et que notre secteur doit r\u00e9fl\u00e9chir \u00e0 ne pas subir cette situation &#8211; qui ne signifie pas du tout progr\u00e8s\u00a0sur le plan environnemental ! Notre r\u00e9gion, qui est \u00e0 la derni\u00e8re place en m\u00e9tropole fran\u00e7aise en mati\u00e8re de ch\u00f4mage, est aussi ce que l\u2019on appelle anthropis\u00e9e , c\u2019est-\u00e0-dire pollu\u00e9e de diff\u00e9rentes fa\u00e7ons.<\/p>\n<p style=\"text-align: justify;\">C\u2019est pourquoi nous ne voulons pas nous laisser faire\u00a0; et cette association, qui a eu le soutien des dix communes environnantes et de trois associations environnementales ira en justice pour demander l\u2019annulation de la d\u00e9cision du nouveau pr\u00e9fet qui est maintenant favorable au projet des deux entreprises.<\/p>\n<p style=\"text-align: justify;\">Pour essayer de ne pas \u00eatre seulement d\u00e9pendants de subventions communales, ou r\u00e9gionale, ou autre, nous organisons des activit\u00e9s pour r\u00e9cup\u00e9rer de l\u2019argent \u2013 vous vous doutez que la justice n\u2019est pas gratuite. Donc, derni\u00e8rement, nous avons organis\u00e9 un loto\u00a0; prochainement, nous allons organiser, aussi \u00e0 Qui\u00e9ry, un tierc\u00e9 aux canards.<\/p>\n<p style=\"text-align: justify;\">\n<p style=\"text-align: justify;\">Pour conclure, nous pouvons dire que ACCAD a d\u00e9j\u00e0 le soutien de plusieurs membres de l\u2019association LEFOREST-ENVIRONNEMENT\u00a0; cela nous fait beaucoup de biens par ces temps difficiles et nous les en remercions.<\/p>\n<p style=\"text-align: justify;\">A propos de ce collectif, nous ne pouvons pas oublier le soutien \u2013 \u00e0 la fois financier et mat\u00e9riel \u2013 de la commune de Leforest, notamment avec la venue de Sabine DUFLO. Nous en remercions notamment le maire Chrisitan MUSIAL et son \u00e9quipe municipale.<\/p>\n<p style=\"text-align: justify;\">Pour l\u2019instant, les adh\u00e9sions leforestoises pour ESCREBIEUX ne sont pas encore significatives. Mais nous pensons que cela viendra.<\/p>\n<p style=\"text-align: justify;\">Les deux combats valent certainement la peine et nous pensons avoir le soutien de LEFOREST-ENVIRONNEMENT.<\/p>\n<p style=\"text-align: justify;\">En tout cas, les combats men\u00e9s par des associations sont n\u00e9cessaires, surtout quand elles sont constitu\u00e9es par des b\u00e9n\u00e9voles. C\u2019est le cas de ces trois associations. Esp\u00e9rons qu\u2019elles aboutiront \u00e0 voir se mettre en place leurs objectifs. C\u2019est le sens de leurs activit\u00e9s. Esp\u00e9rons un printemps meilleur.<\/p>\n<p style=\"text-align: justify;\">Merci de votre attention.<\/p>\n","protected":false},"excerpt":{"rendered":"<p>Intervention en date du 22 f\u00e9vrier<\/p>\n","protected":false},"author":2,"featured_media":0,"comment_status":"closed","ping_status":"closed","sticky":false,"template":"","format":"standard","meta":{"footnotes":""},"categories":[1],"tags":[],"class_list":["post-16321","post","type-post","status-publish","format-standard","hentry","category-non-classe"],"_links":{"self":[{"href":"https:\/\/www.quieryavenir.fr\/blog\/wp-json\/wp\/v2\/posts\/16321","targetHints":{"allow":["GET"]}}],"collection":[{"href":"https:\/\/www.quieryavenir.fr\/blog\/wp-json\/wp\/v2\/posts"}],"about":[{"href":"https:\/\/www.quieryavenir.fr\/blog\/wp-json\/wp\/v2\/types\/post"}],"author":[{"embeddable":true,"href":"https:\/\/www.quieryavenir.fr\/blog\/wp-json\/wp\/v2\/users\/2"}],"replies":[{"embeddable":true,"href":"https:\/\/www.quieryavenir.fr\/blog\/wp-json\/wp\/v2\/comments?post=16321"}],"version-history":[{"count":1,"href":"https:\/\/www.quieryavenir.fr\/blog\/wp-json\/wp\/v2\/posts\/16321\/revisions"}],"predecessor-version":[{"id":16322,"href":"https:\/\/www.quieryavenir.fr\/blog\/wp-json\/wp\/v2\/posts\/16321\/revisions\/16322"}],"wp:attachment":[{"href":"https:\/\/www.quieryavenir.fr\/blog\/wp-json\/wp\/v2\/media?parent=16321"}],"wp:term":[{"taxonomy":"category","embeddable":true,"href":"https:\/\/www.quieryavenir.fr\/blog\/wp-json\/wp\/v2\/categories?post=16321"},{"taxonomy":"post_tag","embeddable":true,"href":"https:\/\/www.quieryavenir.fr\/blog\/wp-json\/wp\/v2\/tags?post=16321"}],"curies":[{"name":"wp","href":"https:\/\/api.w.org\/{rel}","templated":true}]}}