{"id":16337,"date":"2026-03-09T02:04:54","date_gmt":"2026-03-09T01:04:54","guid":{"rendered":"https:\/\/www.quieryavenir.fr\/blog\/?p=16337"},"modified":"2026-03-08T08:06:03","modified_gmt":"2026-03-08T07:06:03","slug":"iran-etats-unis-israel","status":"publish","type":"post","link":"https:\/\/www.quieryavenir.fr\/blog\/2026\/03\/09\/iran-etats-unis-israel\/","title":{"rendered":"Iran \u2013 \u00c9tats-Unis \u2013 Isra\u00ebl"},"content":{"rendered":"<p style=\"text-align: justify;\"><img loading=\"lazy\" decoding=\"async\" class=\"wp-image-16308 aligncenter\" src=\"https:\/\/www.quieryavenir.fr\/blog\/wp-content\/uploads\/2026\/02\/EPR2-Flamanville-300x261.jpg\" alt=\"\" width=\"476\" height=\"414\" srcset=\"https:\/\/www.quieryavenir.fr\/blog\/wp-content\/uploads\/2026\/02\/EPR2-Flamanville-300x261.jpg 300w, https:\/\/www.quieryavenir.fr\/blog\/wp-content\/uploads\/2026\/02\/EPR2-Flamanville.jpg 574w\" sizes=\"auto, (max-width: 476px) 100vw, 476px\" \/><\/p>\n<h1 style=\"text-align: justify;\"><span style=\"font-family: Comic Sans MS, serif;\"><span style=\"font-size: medium;\">Pourquoi le Hezbollah a rejoint la guerre\u00a0?<\/span><\/span><\/h1>\n<p><!--more--><\/p>\n<p style=\"text-align: justify;\"><span style=\"font-family: Comic Sans MS, serif;\"><span style=\"font-size: medium;\">Depuis la signature du cessez-le-feu de novembre\u00a02024, le Hezbollah n\u2019a pas r\u00e9agi aux agressions isra\u00e9liennes quotidiennes. Son retour aux op\u00e9rations \u00e0 l\u2019aune de la guerre contre l\u2019Iran soul\u00e8ve des questions sur sa strat\u00e9gie. De son c\u00f4t\u00e9, en appelant \u00e0 l\u2019\u00e9vacuation de larges portions du Sud-Liban et \u00e0 celle de la banlieue sud de Beyrouth, Isra\u00ebl ne cache plus ses desseins coloniaux au Liban. <\/span><\/span><\/p>\n<p style=\"text-align: justify;\"><span style=\"font-family: Comic Sans MS, serif;\"><span style=\"font-size: medium;\">** **<\/span><\/span><\/p>\n<p style=\"text-align: justify;\"><span style=\"font-family: Comic Sans MS, serif;\"><span style=\"font-size: medium;\">Le lundi 2\u00a0mars \u00e0 l\u2019aube, et contre toute attente, le Hezbollah a lanc\u00e9 une salve de missiles et une nu\u00e9e de drones vers Isra\u00ebl, alors que le Liban peine toujours \u00e0 se remettre des r\u00e9percussions du conflit de l\u2019automne\u00a02024.<\/span><\/span><\/p>\n<p style=\"text-align: justify;\"><span style=\"font-family: Comic Sans MS, serif;\"><span style=\"font-size: medium;\">Ces tirs ont suscit\u00e9 une vive col\u00e8re au Liban, y compris au sein de la base du Hezbollah. Les bombardements isra\u00e9liens qui ont suivi ont provoqu\u00e9 un mouvement de fuite des populations des villages du Sud et de la banlieue sud de Beyrouth, dans la nuit et aux premi\u00e8res lueurs de l\u2019aube. Le bilan s\u2019\u00e9levait, au jeudi 5\u00a0mars, \u00e0 77\u00a0morts et 527\u00a0bless\u00e9s. Au milieu des d\u00e9placements, les interrogations angoiss\u00e9es et indign\u00e9es quant au choix du moment et \u00e0 l\u2019efficacit\u00e9 de l\u2019op\u00e9ration du Parti de Dieu se faisaient entendre.<\/span><\/span><\/p>\n<p style=\"text-align: justify;\"><span style=\"font-family: Comic Sans MS, serif;\"><span style=\"font-size: medium;\">Pour beaucoup, l\u2019initiative aurait eu du sens en riposte aux agressions isra\u00e9liennes continues depuis un an et demi, malgr\u00e9 un cessez-le-feu sign\u00e9 par Isra\u00ebl sous l\u2019\u00e9gide des \u00c9tats-Unis et de la France, et aux assassinats des cadres du Hezbollah. Mais pas \u00e0 l\u2019assassinat du Guide supr\u00eame iranien Ali Khamenei, survenu au premier jour de <\/span><\/span><span style=\"color: #000080;\"><u><a href=\"https:\/\/orientxxi.info\/De-Gaza-a-l-Iran-la-loi-du-plus-fort-s-impose\"><span style=\"font-family: Comic Sans MS, serif;\"><span style=\"font-size: medium;\"><span lang=\"fr-FR\">l\u2019offensive contre l\u2019Iran<\/span><\/span><\/span><\/a><\/u><\/span><span style=\"font-family: Comic Sans MS, serif;\"><span style=\"font-size: medium;\">. Depuis, Isra\u00ebl ne cesse de bombarder le pays. Dans le Sud-Liban, la vall\u00e9e de la Bekaa et la banlieue sud de Beyrouth \u2013 <\/span><\/span><span style=\"color: #000080;\"><u><a href=\"https:\/\/orientxxi.info\/hezbollah-libanais-le-parcours-des-combattants,7336\"><span style=\"font-family: Comic Sans MS, serif;\"><span style=\"font-size: medium;\"><span lang=\"fr-FR\">bastions du Hezbollah<\/span><\/span><\/span><\/a><\/u><\/span><span style=\"font-family: Comic Sans MS, serif;\"><span style=\"font-size: medium;\"> \u2013, les habitants craignent de payer encore une fois un lourd tribut.<\/span><\/span><\/p>\n<p style=\"text-align: justify;\"><span style=\"font-family: Comic Sans MS, serif;\"><span style=\"font-size: medium;\">D\u2019autant que les infrastructures civiles sont fragiles, et qu\u2019aucun plan gouvernemental \u2013 si tant est qu\u2019il en existe \u2013 n\u2019est en mesure d\u2019accueillir les dizaines de milliers de d\u00e9plac\u00e9s. Ces derniers \u00e9prouvent des difficult\u00e9s \u00e0 trouver refuge dans les zones connues pour leur hostilit\u00e9 politique au Hezbollah. Les habitants craignent que des dirigeants du parti se trouvent parmi les d\u00e9plac\u00e9s et exposent ainsi leurs quartiers \u00e0 des bombardements isra\u00e9liens. Dans certaines r\u00e9gions, les conseils municipaux ont commenc\u00e9 \u00e0 demander aux habitants de signaler tout nouvel arrivant afin de v\u00e9rifier son identit\u00e9, ce qui soul\u00e8ve, d\u00e9j\u00e0, de vives tensions.<\/span><\/span><\/p>\n<p style=\"text-align: justify;\"><span style=\"font-family: Comic Sans MS, serif;\"><span style=\"font-size: medium;\">Isra\u00ebl applique ici une <\/span><\/span><span style=\"color: #000080;\"><u><a href=\"https:\/\/orientxxi.info\/Israel-et-ses-voisins-arabes-entre-ignorance-mepris-et-instrumentalisation-des\"><span style=\"font-family: Comic Sans MS, serif;\"><span style=\"font-size: medium;\"><span lang=\"fr-FR\">vieille strat\u00e9gie<\/span><\/span><\/span><\/a><\/u><\/span><span style=\"font-family: Comic Sans MS, serif;\"><span style=\"font-size: medium;\"> qui consiste \u00e0 jouer sur les fragilit\u00e9s sociales pour diviser la population. Cela fait craindre que la situation d\u00e9g\u00e9n\u00e8re, notamment suite \u00e0 l\u2019ordre d\u2019\u00e9vacuation donn\u00e9, le 5\u00a0mars\u00a02026, aux habitants de la banlieue sud de Beyrouth, qui, selon le ministre isra\u00e9lien des finances Betzalel Smotrich, <\/span><\/span><span style=\"font-family: Comic Sans MS, serif;\"><span style=\"font-size: medium;\"><i>\u00ab\u00a0ressemblera \u00e0 Khan Youn\u00e8s\u00a0\u00bb,<\/i><\/span><\/span><span style=\"font-family: Comic Sans MS, serif;\"><span style=\"font-size: medium;\"> dans la bande de Gaza. Une campagne de bombardements isra\u00e9liens intense aggravera les destructions, les d\u00e9placements de population et la crise humanitaire actuelle.<\/span><\/span><\/p>\n<p style=\"text-align: justify;\"><span style=\"font-family: Comic Sans MS, serif;\"><span style=\"font-size: medium;\">Le 4\u00a0mars\u00a02026, Isra\u00ebl a intim\u00e9 aux habitants du Sud-Liban de se d\u00e9placer au nord du fleuve Litani.<\/span><\/span><\/p>\n<p style=\"text-align: justify;\"><span style=\"font-family: Comic Sans MS, serif;\"><span style=\"font-size: medium;\">Divisions au sein du parti\u00a0?<\/span><\/span><\/p>\n<p style=\"text-align: justify;\"><span style=\"font-family: Comic Sans MS, serif;\"><span style=\"font-size: medium;\">Dans les heures qui ont suivi les tirs de missiles et la contre-offensive isra\u00e9lienne, des sp\u00e9culations ont \u00e9merg\u00e9 quant \u00e0 de possibles divisions au sein du Hezbollah. Des informations faisaient \u00e9galement \u00e9tat de l\u2019assassinat de responsables du parti, dont le chef du bloc parlementaire Mohammed Raad \u2014 elles ont depuis \u00e9t\u00e9 d\u00e9menties. Des m\u00e9dias ont rapport\u00e9 qu\u2019une de ses factions, agissant sur ordre direct des Gardiens de la r\u00e9volution iraniens, avait pris l\u2019initiative de ces tirs sans d\u00e9cision centrale de la direction.<\/span><\/span><\/p>\n<p style=\"text-align: justify;\"><span style=\"font-family: Comic Sans MS, serif;\"><span style=\"font-size: medium;\">Des journalistes et militants proches du parti ont quant \u00e0 eux appel\u00e9 \u00e0 attendre une d\u00e9claration officielle du Hezbollah, refl\u00e9tant des soup\u00e7ons de l\u2019implication d\u2019un tiers, comme lorsque des factions palestiniennes au Liban lancent des attaques similaires contre Isra\u00ebl. Ces doutes peuvent \u00e9galement refl\u00e9ter un manque de confiance envers la direction actuelle, compar\u00e9e \u00e0 celle du charismatique Hassan Nasrallah. <\/span><\/span><span style=\"color: #000080;\"><u><a href=\"https:\/\/orientxxi.info\/liban-des-funerailles-historiques-pour-le-chef-du-hezbollah,8045\"><span style=\"font-family: Comic Sans MS, serif;\"><span style=\"font-size: medium;\"><span lang=\"fr-FR\">L\u2019assassinat du secr\u00e9taire g\u00e9n\u00e9ral en septembre\u00a02024<\/span><\/span><\/span><\/a><\/u><\/span><span style=\"font-family: Comic Sans MS, serif;\"><span style=\"font-size: medium;\"> a laiss\u00e9 un vide immense, non seulement au sein du parti, mais aussi sur la sc\u00e8ne politique libanaise et r\u00e9gionale.<\/span><\/span><\/p>\n<p style=\"text-align: justify;\"><span style=\"font-family: Comic Sans MS, serif;\"><span style=\"font-size: medium;\">Le Hezbollah a finalement revendiqu\u00e9 l\u2019op\u00e9ration. Il l\u2019a pr\u00e9sent\u00e9e comme un acte de <\/span><\/span><span style=\"font-family: Comic Sans MS, serif;\"><span style=\"font-size: medium;\"><i>\u00ab\u00a0vengeance\u00a0\u00bb<\/i><\/span><\/span><span style=\"font-family: Comic Sans MS, serif;\"><span style=\"font-size: medium;\"> pour Khamenei et de <\/span><\/span><span style=\"font-family: Comic Sans MS, serif;\"><span style=\"font-size: medium;\"><i>\u00ab\u00a0d\u00e9fense du Liban et de son peuple\u00a0\u00bb,<\/i><\/span><\/span><span style=\"font-family: Comic Sans MS, serif;\"><span style=\"font-size: medium;\"> en riposte aux agressions isra\u00e9liennes continues depuis le cessez-le-feu de novembre\u00a02024. Malgr\u00e9 ce communiqu\u00e9, le scepticisme m\u00e9diatique persistait, la d\u00e9claration n\u2019ayant pas \u00e9t\u00e9 diffus\u00e9e par les canaux officiels habituels du parti ni par son service de presse, mais seulement par le canal de \u00ab\u00a0communication militaire\u00a0\u00bb sur la messagerie Telegram. Il a fallu que l\u2019information soit relay\u00e9e par des personnalit\u00e9s proches du parti, confirmant ainsi qu\u2019elle repr\u00e9sentait l\u2019ensemble du parti.<\/span><\/span><\/p>\n<p style=\"text-align: justify;\"><span style=\"font-family: Comic Sans MS, serif;\"><span style=\"font-size: medium;\">Cette situation survient alors que la situation socio-\u00e9conomique du Liban demeure extr\u00eamement fragile et ne peut supporter une nouvelle guerre d\u00e9vastatrice. En outre, les tensions sociopolitiques, aliment\u00e9es par la question du <\/span><\/span><span style=\"color: #000080;\"><u><a href=\"https:\/\/orientxxi.info\/Liban-Les-armes-du-Hezbollah-enjeu-national-et-regional\"><span style=\"font-family: Comic Sans MS, serif;\"><span style=\"font-size: medium;\"><span lang=\"fr-FR\">d\u00e9sarmement du Hezbollah<\/span><\/span><\/span><\/a><\/u><\/span><span style=\"font-family: Comic Sans MS, serif;\"><span style=\"font-size: medium;\">, sont persistantes. De son c\u00f4t\u00e9, <\/span><\/span><span style=\"color: #000080;\"><u><a href=\"https:\/\/orientxxi.info\/liban-joseph-aoun-face-aux-espoirs-de-la-revolte-d-octobre-2019,7967\"><span style=\"font-family: Comic Sans MS, serif;\"><span style=\"font-size: medium;\"><span lang=\"fr-FR\">le gouvernement<\/span><\/span><\/span><\/a><\/u><\/span><span style=\"font-family: Comic Sans MS, serif;\"><span style=\"font-size: medium;\"> a d\u00e9cid\u00e9 lundi 2\u00a0mars, avec l\u2019appui de deux ministres proches du pr\u00e9sident du Parlement, Nabih Berri, chef de l\u2019autre parti chiite Amal, et alli\u00e9 du Hezbollah, d\u2019interdire les activit\u00e9s s\u00e9curitaires et militaires du Parti de Dieu. De profondes divisions menaceraient ainsi l\u2019establishment politique chiite. Des informations, divulgu\u00e9es par l\u2019entourage de Berri, laissent entendre que ce dernier avait re\u00e7u du Hezbollah la promesse de ne pas s\u2019engager dans une nouvelle confrontation avec Isra\u00ebl. Des divergences ne sont donc pas \u00e0 exclure cette fois-ci entre les deux groupes, ce qui est loin d\u2019\u00eatre anodin dans le paysage politique chiite libanais, m\u00eame si des affrontements les ont d\u00e9j\u00e0 oppos\u00e9s, notamment durant la guerre des camps en\u00a01985. <\/span><\/span><\/p>\n<p style=\"text-align: justify;\"><span style=\"font-family: Comic Sans MS, serif;\"><span style=\"font-size: medium;\">Plusieurs voix dans les milieux politiques et m\u00e9diatiques \u2013 \u00e0 l\u2019instar du quotidien <\/span><\/span><span style=\"font-family: Comic Sans MS, serif;\"><span style=\"font-size: medium;\"><i>L\u2019Orient\u00a0le\u00a0jour<\/i><\/span><\/span><span style=\"font-family: Comic Sans MS, serif;\"><span style=\"font-size: medium;\"> \u2013 ont qualifi\u00e9 la d\u00e9cision du Hezbollah de \u00ab\u00a0suicide politique\u00a0\u00bb, tandis que l\u2019organisation a continu\u00e9 de lancer des roquettes et des drones vers Isra\u00ebl, et \u00e0 revendiquer ces attaques dans des communiqu\u00e9s successifs. Si cette d\u00e9cision refl\u00e8te une intention pr\u00e9m\u00e9dit\u00e9e de s\u2019engager dans un conflit ouvert, il faut \u00e9galement l\u2019inscrire dans le contexte de la confrontation r\u00e9gionale plus large qui se d\u00e9roule depuis l\u2019attaque men\u00e9e par les \u00c9tats-Unis et Isra\u00ebl contre l\u2019Iran le samedi 28\u00a0f\u00e9vrier\u00a02026, et la complexit\u00e9 des enjeux \u00e0 l\u2019\u0153uvre dans la r\u00e9gion.<\/span><\/span><\/p>\n<p style=\"text-align: justify;\"><span style=\"font-family: Comic Sans MS, serif;\"><span style=\"font-size: medium;\">Une implication r\u00e9gionale<\/span><\/span><\/p>\n<p style=\"text-align: justify;\"><span style=\"font-family: Comic Sans MS, serif;\"><span style=\"font-size: medium;\">Environ deux semaines avant son assassinat, le Guide supr\u00eame iranien, Ali Khamenei, avait menac\u00e9 d\u2019\u00e9tendre la guerre \u00e0 un niveau r\u00e9gional en cas d\u2019attaque \u00e9tatsunienne et isra\u00e9lienne contre son pays. La d\u00e9cision du Hezbollah de participer \u00e0 la guerre en cours intervient \u00e0 un moment o\u00f9 T\u00e9h\u00e9ran semble d\u00e9termin\u00e9 \u00e0 accro\u00eetre le co\u00fbt de la guerre pour ses adversaires et \u00e0 la g\u00e9n\u00e9raliser \u00e0 ses voisins. Cela appara\u00eet avec ses attaques contre les bases \u00e9tatsuniennes dans le Golfe et l\u2019\u00e9largissement des cibles aux installations civiles et \u00e9nerg\u00e9tiques de l\u2019Arabie saoudite et du Qatar. Or, le jour de l\u2019entr\u00e9e en ligne du Hezbollah, les responsables militaires isra\u00e9liens ont rapport\u00e9 avoir observ\u00e9 un changement significatif dans le sch\u00e9ma des attaques de missiles iraniens au cours des derni\u00e8res vingt-quatre heures, indiquant que T\u00e9h\u00e9ran \u00e9tait pass\u00e9 d\u2019attaques limit\u00e9es \u00e0 des op\u00e9rations plus complexes et coordonn\u00e9es.<\/span><\/span><\/p>\n<p style=\"text-align: justify;\"><span style=\"font-family: Comic Sans MS, serif;\"><span style=\"font-size: medium;\">L\u2019op\u00e9ration du Hezbollah co\u00efncide \u00e9galement avec l\u2019annonce, t\u00f4t lundi matin, par une faction irakienne pro-iranienne r\u00e9pondant au nom de \u00ab\u00a0Saraya Awliya\u2019 al-Dam\u00a0\u00bb (\u00ab\u00a0Brigades des gardiens du sang\u00a0\u00bb) d\u2019une attaque de drone visant la base militaire \u00e9tatsunienne Victoria de l\u2019a\u00e9roport international de Bagdad. L\u2019on peut d\u00e9duire par l\u00e0 une d\u00e9cision de T\u00e9h\u00e9ran d\u2019impliquer ses alli\u00e9s r\u00e9gionaux dans la confrontation ouverte avec Isra\u00ebl et les \u00c9tats-Unis. De plus, le Hezbollah, en tant que parti id\u00e9ologique, ne peut que r\u00e9agir \u00e0 l\u2019assassinat du Guide supr\u00eame Ali Khamenei, figure embl\u00e9matique de l\u2019id\u00e9ologie dont il se r\u00e9clame.<\/span><\/span><\/p>\n<p style=\"text-align: justify;\"><span style=\"font-family: Comic Sans MS, serif;\"><span style=\"font-size: medium;\">Sur le plan national, cette s\u00e9quence peut repr\u00e9senter une occasion pour le Hezbollah de sortir de l\u2019impasse \u00e9puisante dans laquelle il se trouve depuis des mois, subissant des frappes isra\u00e9liennes incessantes sans r\u00e9agir. La confrontation actuelle restaure ainsi son poids moral et politique, puisqu\u2019il r\u00e9pond enfin \u00e0 la promesse de ne pas rester passif face aux attaques isra\u00e9liennes. Elle pourrait \u00e9galement lui offrir l\u2019opportunit\u00e9 de remporter des victoires territoriales face \u00e0 Isra\u00ebl, notamment si ce dernier d\u00e9cide d\u2019\u00e9tendre son incursion terrestre au Liban, comme semblent le sugg\u00e9rer les d\u00e9clarations de ses responsables, en particulier du ministre de la d\u00e9fense Isra\u00ebl Katz, et l\u2019ordre d\u2019\u00e9vacuation du Sud-Liban en de\u00e7\u00e0 du fleuve Litani. Dans ce cas de figure, le Hezbollah m\u00e8nera des combats et des op\u00e9rations militaires et s\u00e9curitaires contre les soldats isra\u00e9liens et les positions avanc\u00e9es d\u2019Isra\u00ebl au Sud-Liban, o\u00f9 ce dernier compte d\u00e9j\u00e0 cinq bases militaires et construit un mur qui a absorb\u00e9 4\u00a0000\u00a0m\u00e8tres carr\u00e9s de nouvelles terres libanaises en 2025.<\/span><\/span><\/p>\n<p style=\"text-align: justify;\"><span style=\"font-family: Comic Sans MS, serif;\"><span style=\"font-size: medium;\">Par cons\u00e9quent, m\u00eame si le parti subit de nouveaux revers et que ses principaux dirigeants se font de nouveau assassiner, cela repr\u00e9sente pour lui un co\u00fbt accept\u00e9 pour continuer \u00e0 exister et \u00e9viter d\u2019\u00eatre compl\u00e8tement submerg\u00e9 par <\/span><\/span><span style=\"color: #000080;\"><u><a href=\"https:\/\/orientxxi.info\/liban-le-hezbollah-grand-perdant-de-la-strategie-iranienne,7961\"><span style=\"font-family: Comic Sans MS, serif;\"><span style=\"font-size: medium;\"><span lang=\"fr-FR\">les r\u00e9percussions de la d\u00e9faite<\/span><\/span><\/span><\/a><\/u><\/span><span style=\"font-family: Comic Sans MS, serif;\"><span style=\"font-size: medium;\"> ou du revers militaire subi lors de la derni\u00e8re guerre, et consolid\u00e9 par l\u2019accord de cessez-le-feu. Pour le parti, chaque jour qui passe sans qu\u2019Isra\u00ebl assassine un de ses dirigeants cl\u00e9s, en particulier son nouveau secr\u00e9taire g\u00e9n\u00e9ral, Na\u00efm Qassem \u2013 qui figure, selon Isra\u00ebl Katz, sur la <\/span><\/span><span style=\"font-family: Comic Sans MS, serif;\"><span style=\"font-size: medium;\"><i>\u00ab\u00a0liste des personnes \u00e0 abattre\u00a0\u00bb<\/i><\/span><\/span><span style=\"font-family: Comic Sans MS, serif;\"><span style=\"font-size: medium;\"> \u2013, est un jour o\u00f9 il marque un point contre Isra\u00ebl dans la confrontation actuelle, d\u2019autant plus que le parti est plus efficace dans des affrontements terrestres et peut infliger des pertes plus importantes \u00e0 l\u2019ennemi. Qassem a d\u00e9clar\u00e9 le 4\u00a0mars au soir que <\/span><\/span><span style=\"font-family: Comic Sans MS, serif;\"><span style=\"font-size: medium;\"><i>\u00ab\u00a0le choix du parti est l\u2019affrontement jusqu\u2019au bout\u00a0\u00bb.<\/i><\/span><\/span><\/p>\n<p style=\"text-align: justify;\"><span style=\"font-family: Comic Sans MS, serif;\"><span style=\"font-size: medium;\">Ce choix aura certainement un co\u00fbt \u00e9lev\u00e9 pour les partisans du Hezbollah dans leurs villages, leurs foyers et leurs lieux de d\u00e9placement forc\u00e9, ainsi qu\u2019en vies humaines, ce qui pourrait entra\u00eener un d\u00e9clin relatif du soutien populaire au Hezbollah. Mais ce dernier, fort de l\u2019exp\u00e9rience de la guerre contre Gaza, parie sans doute que ses partisans, m\u00eame initialement h\u00e9sitants ou r\u00e9ticents \u00e0 ses choix, le rejoindront rapidement \u00e0 mesure que la confrontation s\u2019intensifiera, ce qui semble d\u00e9j\u00e0 le cas.<\/span><\/span><\/p>\n<p style=\"text-align: justify;\"><span style=\"font-family: Comic Sans MS, serif;\"><span style=\"font-size: medium;\">Si cette s\u00e9quence a commenc\u00e9 avec le lancement de missiles du Hezbollah, <\/span><\/span><span style=\"color: #000080;\"><u><a href=\"https:\/\/orientxxi.info\/attaques-israeliennes-au-liban-un-tremblement-de-terre-sous-mes-pieds,7634\"><span style=\"font-family: Comic Sans MS, serif;\"><span style=\"font-size: medium;\"><span lang=\"fr-FR\">l\u2019op\u00e9ration des bipeurs<\/span><\/span><\/span><\/a><\/u><\/span><span style=\"font-family: Comic Sans MS, serif;\"><span style=\"font-size: medium;\"> en septembre\u00a02024 tout comme <\/span><\/span><span style=\"color: #000080;\"><u><a href=\"https:\/\/orientxxi.info\/L-extension-territoriale-d-Israel-depuis-octobre-2023\"><span style=\"font-family: Comic Sans MS, serif;\"><span style=\"font-size: medium;\"><span lang=\"fr-FR\">l\u2019avanc\u00e9e territoriale isra\u00e9lienne<\/span><\/span><\/span><\/a><\/u><\/span><span style=\"font-family: Comic Sans MS, serif;\"><span style=\"font-size: medium;\"> d\u00e9montrent que les op\u00e9rations d\u2019Isra\u00ebl contre le Liban sont planifi\u00e9es de longue date, et qu\u2019annexer le Sud-Liban est un objectif que Tel-Aviv poursuit depuis 1978. Le parti de Dieu peut par ailleurs appara\u00eetre comme la derni\u00e8re ligne de d\u00e9fense d\u2019une communaut\u00e9 chiite qui se sent menac\u00e9e dans son existence.<\/span><\/span><\/p>\n<p style=\"text-align: justify;\"><span style=\"font-family: Comic Sans MS, serif;\"><span style=\"font-size: medium;\">La confrontation entre le Hezbollah et Isra\u00ebl pourrait se prolonger au-del\u00e0 de la r\u00e9solution du conflit entre les \u00c9tats-Unis et Isra\u00ebl d\u2019une part, et l\u2019Iran d\u2019autre part. Isra\u00ebl a d\u00e9j\u00e0 \u00e9voqu\u00e9 la possibilit\u00e9 de s\u00e9parer les deux fronts dans le cadre de ses efforts pour <\/span><\/span><span style=\"font-family: Comic Sans MS, serif;\"><span style=\"font-size: medium;\"><i>\u00ab\u00a0d\u00e9manteler le Hezbollah\u00a0\u00bb.<\/i><\/span><\/span><span style=\"font-family: Comic Sans MS, serif;\"><span style=\"font-size: medium;\"> Plus la confrontation durera, plus elle conna\u00eetra de changements impr\u00e9vus pour les deux camps. La projection militaire et populaire du Hezbollah ne se limite pas au court terme.<\/span><\/span><\/p>\n<p style=\"text-align: justify;\"><span style=\"font-family: Comic Sans MS, serif;\"><span style=\"font-size: medium;\">orientXXI<\/span><\/span><\/p>\n","protected":false},"excerpt":{"rendered":"<p>Pourquoi le Hezbollah a rejoint la guerre\u00a0?<\/p>\n","protected":false},"author":2,"featured_media":0,"comment_status":"closed","ping_status":"closed","sticky":false,"template":"","format":"standard","meta":{"footnotes":""},"categories":[1],"tags":[],"class_list":["post-16337","post","type-post","status-publish","format-standard","hentry","category-non-classe"],"_links":{"self":[{"href":"https:\/\/www.quieryavenir.fr\/blog\/wp-json\/wp\/v2\/posts\/16337","targetHints":{"allow":["GET"]}}],"collection":[{"href":"https:\/\/www.quieryavenir.fr\/blog\/wp-json\/wp\/v2\/posts"}],"about":[{"href":"https:\/\/www.quieryavenir.fr\/blog\/wp-json\/wp\/v2\/types\/post"}],"author":[{"embeddable":true,"href":"https:\/\/www.quieryavenir.fr\/blog\/wp-json\/wp\/v2\/users\/2"}],"replies":[{"embeddable":true,"href":"https:\/\/www.quieryavenir.fr\/blog\/wp-json\/wp\/v2\/comments?post=16337"}],"version-history":[{"count":1,"href":"https:\/\/www.quieryavenir.fr\/blog\/wp-json\/wp\/v2\/posts\/16337\/revisions"}],"predecessor-version":[{"id":16338,"href":"https:\/\/www.quieryavenir.fr\/blog\/wp-json\/wp\/v2\/posts\/16337\/revisions\/16338"}],"wp:attachment":[{"href":"https:\/\/www.quieryavenir.fr\/blog\/wp-json\/wp\/v2\/media?parent=16337"}],"wp:term":[{"taxonomy":"category","embeddable":true,"href":"https:\/\/www.quieryavenir.fr\/blog\/wp-json\/wp\/v2\/categories?post=16337"},{"taxonomy":"post_tag","embeddable":true,"href":"https:\/\/www.quieryavenir.fr\/blog\/wp-json\/wp\/v2\/tags?post=16337"}],"curies":[{"name":"wp","href":"https:\/\/api.w.org\/{rel}","templated":true}]}}