{"id":16339,"date":"2026-03-10T02:40:37","date_gmt":"2026-03-10T01:40:37","guid":{"rendered":"https:\/\/www.quieryavenir.fr\/blog\/?p=16339"},"modified":"2026-03-09T09:42:00","modified_gmt":"2026-03-09T08:42:00","slug":"contre-lextreme-droite","status":"publish","type":"post","link":"https:\/\/www.quieryavenir.fr\/blog\/2026\/03\/10\/contre-lextreme-droite\/","title":{"rendered":"Contre l\u2019extr\u00eame droite"},"content":{"rendered":"<p class=\"western\" style=\"text-align: justify;\"><img loading=\"lazy\" decoding=\"async\" class=\"wp-image-16331 aligncenter\" src=\"https:\/\/www.quieryavenir.fr\/blog\/wp-content\/uploads\/2026\/03\/Trump-260303-300x205.jpg\" alt=\"\" width=\"401\" height=\"274\" srcset=\"https:\/\/www.quieryavenir.fr\/blog\/wp-content\/uploads\/2026\/03\/Trump-260303-300x205.jpg 300w, https:\/\/www.quieryavenir.fr\/blog\/wp-content\/uploads\/2026\/03\/Trump-260303.jpg 733w\" sizes=\"auto, (max-width: 401px) 100vw, 401px\" \/><\/p>\n<h1 class=\"western\" style=\"text-align: justify;\"><span style=\"font-family: Comic Sans MS, cursive;\"><span style=\"font-size: medium;\">Clart\u00e9 et lucidit\u00e9<\/span><\/span><\/h1>\n<p><!--more--><\/p>\n<p style=\"text-align: justify;\"><span style=\"font-family: Comic Sans MS, cursive;\"><span style=\"font-size: medium;\">Le drame de Lyon impose sans d\u00e9lai \u00e0 toute les forces sociales, syndicales de gauche et \u00e9cologistes l\u2019analyse la plus rigoureuse. Quelles dynamiques ont conduit \u00e0 la mort du militant d&rsquo;extr\u00eame droite Quentin Deranque sous les coups d&rsquo;un groupe se r\u00e9clamant de l&rsquo;antifascisme ? Quelles sont les cons\u00e9quences pour l&rsquo;ensemble des forces de l&rsquo;\u00e9mancipation aujourd&rsquo;hui amalgam\u00e9es sans le moindre scrupule par le Rassemblement national, ses anciens et ses nouveaux alli\u00e9s ?<\/span><\/span><\/p>\n<p style=\"text-align: justify;\"><span style=\"font-family: Comic Sans MS, cursive;\"><span style=\"font-size: medium;\">La possibilit\u00e9 d&rsquo;une victoire du RN \u00e0 la prochaine \u00e9lection pr\u00e9sidentielle de 2027 est plus forte que jamais. Nos modes d\u2019action et nos paroles doivent int\u00e9grer cette menace existentielle pour la conception que nous avons de la R\u00e9publique. L&rsquo;instrumentalisation du drame de Lyon par l&rsquo;extr\u00eame-droite lui permet de coaguler autour d&rsquo;elle, avec le soutien massif des m\u00e9dias bolloris\u00e9s, tous les groupuscules n\u00e9ofascistes, qui redressent la t\u00eate et d\u00e9filent dans les rues de Lyon aux cris de \u00ab A bas les bougnoules \u00bb, saluts nazis et autres menaces contre des dirigeants de gauche. Elle entra\u00eene aussi avec elle des pans entiers de la droite et du macronisme. L\u2019hypoth\u00e8se d&rsquo;une victoire de Marine Le Pen ou Jordan Bardella au printemps 2027 est renforc\u00e9e.<\/span><\/span><\/p>\n<p style=\"text-align: justify;\"><span style=\"font-family: Comic Sans MS, cursive;\"><span style=\"font-size: medium;\">Nous ne sommes plus en 2002, quand le pays manifestait massivement contre la pr\u00e9sence de Jean-Marie Le Pen au 2e tour, mais que nous savions bien qu&rsquo;il n&rsquo;avait aucune chance de l&#8217;emporter. La menace est aujourd&rsquo;hui r\u00e9elle. Quiconque la nie ou la minore est un irresponsable. Quiconque pense qu&rsquo;il suffira de sortir en t\u00eate d&rsquo;un pugilat des candidatures de gauche au premier tour pour battre le RN au second est un enfant ou un fou.<\/span><\/span><\/p>\n<p style=\"text-align: justify;\"><span style=\"font-family: Comic Sans MS, cursive;\"><span style=\"font-size: medium;\">En 2024, seule l\u2019unit\u00e9 de la gauche et des \u00e9cologistes dans le Nouveau Front populaire nous a permis d\u2019arriver en t\u00eate des l\u00e9gislatives.\u00a0 C\u2019est cette strat\u00e9gie unitaire qui doit \u00eatre maintenue tant aux municipales qui viennent, qui imposeront, nous l\u2019esp\u00e9rons, l\u2019unit\u00e9 pour \u00e9viter de livrer des villes au RN ou la droite, et surtout \u00e0 l\u2019\u00e9lection pr\u00e9sidentielle qui vient.<\/span><\/span><\/p>\n<p style=\"text-align: justify;\"><span style=\"font-family: Comic Sans MS, cursive;\"><span style=\"font-size: medium;\">La galaxie d&rsquo;extr\u00eame droite instrumentalise la mort d&rsquo;un des siens pour pilonner la France Insoumise (LFI) et amalgamer grossi\u00e8rement tous les partis de gauche \u00e0 ce d\u00e9sastre humain et politique afin de tuer toute possibilit\u00e9 d\u2019alliance \u00e0 gauche. Fracturer la gauche ouvre un boulevard au RN pour 2027.<\/span><\/span><\/p>\n<p style=\"text-align: justify;\"><span style=\"font-family: Comic Sans MS, cursive;\"><span style=\"font-size: medium;\">Construire un mur qui couperait irr\u00e9versiblement la gauche en deux afin de garantir sa place sur la grille de d\u00e9part est totalement irresponsable et n&rsquo;aboutira qu&rsquo;\u00e0 \u00e9carter d\u00e9finitivement la gauche de la comp\u00e9tition \u00e9lectorale. C&rsquo;est pourtant le choix que font Fran\u00e7ois Hollande ou Rapha\u00ebl Glucksmann. Le \u00ab\u00a0cordon sanitaire\u00a0\u00bb autour de LFI qu\u2019ils \u00e9voquent, est en r\u00e9alit\u00e9 un cordon autour du cou de la gauche pour l\u2019\u00e9trangler.<\/span><\/span><\/p>\n<p style=\"text-align: justify;\"><span style=\"font-family: Comic Sans MS, cursive;\"><span style=\"font-size: medium;\">Mais c&rsquo;est aussi, sym\u00e9triquement, l\u2019exigence de soutien inconditionnel, r\u00e9p\u00e9t\u00e9 et claironnant de Jean-Luc M\u00e9lenchon \u00e0 toutes ses provocations et strat\u00e9gies hasardeuses qui est une faute qui nous engage tous et aura des cons\u00e9quences collectives pour notre camp.\u00a0<\/span><\/span><\/p>\n<p style=\"text-align: justify;\"><span style=\"font-family: Comic Sans MS, cursive;\"><span style=\"font-size: medium;\">Faire front contre l\u2019extr\u00eame droite oui, mais faire bloc, sans possibilit\u00e9 de critiquer, et se laisser entra\u00eener dans une ligne aventuriste qui divise et qui nous m\u00e8ne \u00e0 la d\u00e9faite, non.<\/span><\/span><\/p>\n<p style=\"text-align: justify;\"><strong><span style=\"font-family: Comic Sans MS, cursive;\"><span style=\"font-size: medium;\">Alexis Corbi\u00e8re<\/span><\/span><\/strong><\/p>\n<p style=\"text-align: justify;\"><span style=\"font-family: Comic Sans MS, cursive;\"><span style=\"font-size: medium;\">Publi\u00e9 par L\u2019APR\u00c8S le 27 f\u00e9vrier 2026 <\/span><\/span><\/p>\n","protected":false},"excerpt":{"rendered":"<p>Clart\u00e9 et lucidit\u00e9<\/p>\n","protected":false},"author":2,"featured_media":0,"comment_status":"closed","ping_status":"closed","sticky":false,"template":"","format":"standard","meta":{"footnotes":""},"categories":[1],"tags":[],"class_list":["post-16339","post","type-post","status-publish","format-standard","hentry","category-non-classe"],"_links":{"self":[{"href":"https:\/\/www.quieryavenir.fr\/blog\/wp-json\/wp\/v2\/posts\/16339","targetHints":{"allow":["GET"]}}],"collection":[{"href":"https:\/\/www.quieryavenir.fr\/blog\/wp-json\/wp\/v2\/posts"}],"about":[{"href":"https:\/\/www.quieryavenir.fr\/blog\/wp-json\/wp\/v2\/types\/post"}],"author":[{"embeddable":true,"href":"https:\/\/www.quieryavenir.fr\/blog\/wp-json\/wp\/v2\/users\/2"}],"replies":[{"embeddable":true,"href":"https:\/\/www.quieryavenir.fr\/blog\/wp-json\/wp\/v2\/comments?post=16339"}],"version-history":[{"count":1,"href":"https:\/\/www.quieryavenir.fr\/blog\/wp-json\/wp\/v2\/posts\/16339\/revisions"}],"predecessor-version":[{"id":16340,"href":"https:\/\/www.quieryavenir.fr\/blog\/wp-json\/wp\/v2\/posts\/16339\/revisions\/16340"}],"wp:attachment":[{"href":"https:\/\/www.quieryavenir.fr\/blog\/wp-json\/wp\/v2\/media?parent=16339"}],"wp:term":[{"taxonomy":"category","embeddable":true,"href":"https:\/\/www.quieryavenir.fr\/blog\/wp-json\/wp\/v2\/categories?post=16339"},{"taxonomy":"post_tag","embeddable":true,"href":"https:\/\/www.quieryavenir.fr\/blog\/wp-json\/wp\/v2\/tags?post=16339"}],"curies":[{"name":"wp","href":"https:\/\/api.w.org\/{rel}","templated":true}]}}