{"id":16341,"date":"2026-03-11T02:32:55","date_gmt":"2026-03-11T01:32:55","guid":{"rendered":"https:\/\/www.quieryavenir.fr\/blog\/?p=16341"},"modified":"2026-03-10T06:34:17","modified_gmt":"2026-03-10T05:34:17","slug":"la-violence-de-lextreme-droite","status":"publish","type":"post","link":"https:\/\/www.quieryavenir.fr\/blog\/2026\/03\/11\/la-violence-de-lextreme-droite\/","title":{"rendered":"La violence de l&rsquo;extr\u00eame-droite"},"content":{"rendered":"<p style=\"text-align: justify;\" align=\"LEFT\"><img loading=\"lazy\" decoding=\"async\" class=\"wp-image-16332 aligncenter\" src=\"https:\/\/www.quieryavenir.fr\/blog\/wp-content\/uploads\/2026\/03\/CimetiereCorse-293x300.jpg\" alt=\"\" width=\"351\" height=\"359\" srcset=\"https:\/\/www.quieryavenir.fr\/blog\/wp-content\/uploads\/2026\/03\/CimetiereCorse-293x300.jpg 293w, https:\/\/www.quieryavenir.fr\/blog\/wp-content\/uploads\/2026\/03\/CimetiereCorse.jpg 500w\" sizes=\"auto, (max-width: 351px) 100vw, 351px\" \/><\/p>\n<p style=\"text-align: justify;\"><strong><span style=\"font-size: medium;\">Alors que depuis presque deux semaines, la mort de Quentin Deranque, militant nationaliste proche de l\u2019Action Fran\u00e7aise fait l\u2019objet des pires r\u00e9cup\u00e9rations<\/span><span style=\"font-size: medium;\">, et monopolise l\u2019espace m\u00e9diatique, il nous semblait essentiel de rappeler <\/span><span style=\"font-size: medium;\">les m\u00e9thodes violentes de l\u2019extr\u00eame-droite\u00a0<\/span><span style=\"font-size: medium;\">dont nous sommes t\u00e9moins ou cibles depuis des ann\u00e9es.<\/span><\/strong><\/p>\n<p><!--more--><\/p>\n<p style=\"text-align: justify;\"><span style=\"font-size: medium;\">Si Utopia 56 est parfois une victime collat\u00e9rale, ces attaques racistes visent principalement les personnes exil\u00e9es que nous rencontrons lors de nos missions.\u00a0<\/span><strong><span style=\"font-size: medium;\">Elles prennent la forme de violences physiques, de harc\u00e8lement, de sabotages et visent \u00e0 stigmatiser, \u00e0 d\u00e9shumaniser, \u00e0 blesser, voire \u00e0 tuer.<\/span><\/strong><\/p>\n<p style=\"text-align: justify;\"><span style=\"font-size: medium;\">Il y a deux ans, \u00e0 Calais, en pleine p\u00e9riode de campagne des l\u00e9gislatives,\u00a0<\/span><strong><span style=\"font-size: medium;\">une voiture fonce sur de jeunes soudanais qui rejoignaient leur campement apr\u00e8s une distribution de nourriture.<\/span><\/strong><span style=\"font-size: medium;\">\u00a0<\/span><span style=\"font-size: medium;\">L\u2019un d\u2019eux devra \u00eatre hospitalis\u00e9. Le m\u00eame \u00e9t\u00e9, \u00e0 la fronti\u00e8re toujours, des personnes exil\u00e9es sont attaqu\u00e9es avec des battes de baseball.<\/span><\/p>\n<p style=\"text-align: justify;\"><span style=\"font-size: medium;\">Le 14 d\u00e9cembre 2024,\u00a0<\/span><strong><span style=\"font-size: medium;\">Paul D. assassine cinq personnes dans le dunkerquois, dont deux hommes iraniens qui survivaient sur les campements informels.\u00a0<\/span><\/strong><span style=\"font-size: medium;\">Dans un article du Monde publi\u00e9 un an plus tard, on apprend que le meurtrier \u00e9tait usager du groupe T\u00e9l\u00e9gram FRDeter, une conversation de plus de 7000 sympathisants d\u2019extr\u00eame droite\u00a0<\/span><strong><span style=\"font-size: medium;\">dans laquelle \u00e9taient discut\u00e9es les cibles potentielles d\u2019attentats, principalement des personnes musulmanes ou \u00e9lues de gauche.\u00a0<\/span><\/strong><\/p>\n<p style=\"text-align: justify;\"><strong><span style=\"font-size: medium;\">Car la violence de l\u2019extr\u00eame droite n\u2019est pas uniquement le fait d\u2019individus isol\u00e9s.<\/span><\/strong><span style=\"font-size: medium;\">\u00a0<\/span><span style=\"font-size: medium;\">Elle s\u2019organise, les militants se regroupent pour planifier des actions et mettre en actes leurs id\u00e9es, banalis\u00e9es par un discours m\u00e9diatique ambiant. Nous vous l\u2019avons racont\u00e9 ici, l\u2019ann\u00e9e 2025 a \u00e9t\u00e9 marqu\u00e9e par les visites de\u00a0<\/span><strong><span style=\"font-size: medium;\">groupuscules britanniques sur les plages du littoral nord, parfois \u00e9quip\u00e9s de gants coqu\u00e9s et gilets pare-balle, pour menacer, insulter, violenter.<\/span><\/strong><span style=\"font-size: medium;\">\u00a0<\/span><span style=\"font-size: medium;\">Nous avons recens\u00e9 plus de dix venues de ces groupes.<\/span><\/p>\n<p style=\"text-align: justify;\"><span style=\"font-size: medium;\">La fronti\u00e8re n\u2019est pas le seul lieu de ces attaques. <\/span><strong><span style=\"font-size: medium;\">E<\/span><\/strong><strong><span style=\"font-size: medium;\">n ao\u00fbt 2025, deux hommes d\u2019une vingtaine d\u2019ann\u00e9es urinent sur une femme sans abri et ses enfants de 6 ans et 14 mois, endormis \u00e0 m\u00eame le sol<\/span><\/strong><span style=\"font-size: medium;\">, place de l\u2019H\u00f4tel de Ville \u00e0 Paris. \u00c0 une centaine de m\u00e8tres quelques jours plus tard, des individus p\u00e9n\u00e8trent dans un local partag\u00e9 avec d\u2019autres associations,\u00a0<\/span><strong><span style=\"font-size: medium;\">saccagent l\u2019espace et recouvrent les murs de graffiti racistes\u00a0<\/span><\/strong><span style=\"font-size: medium;\">:\u00a0<\/span><em><span style=\"font-size: medium;\">\u201c<\/span><\/em><em><span style=\"font-size: medium;\">On vous tuera avec les n\u00e8gres et les bougnoules\u201d<\/span><\/em><span style=\"font-size: medium;\">. Ces actes de vandalisme \u00e0 l\u2019\u00e9gard de nos locaux sont r\u00e9guliers, et la plupart des antennes d\u2019Utopia 56 ont d\u00e9j\u00e0 \u00e9t\u00e9 touch\u00e9es par ce genre d\u2019intimidations. On vous \u00e9pargne l\u2019histoire\u00a0<\/span><strong><span style=\"font-size: medium;\">des courriers remplis d\u2019excr\u00e9ments, ou celles des bouchons de li\u00e8ge perc\u00e9s de clous devant les sorties v\u00e9hicules.<\/span><\/strong><\/p>\n<p style=\"text-align: justify;\"><span style=\"font-size: medium;\">Ces attaques ont aussi lieu directement sur les campements des personnes survivant \u00e0 la rue. En 2024,\u00a0<\/span><strong><span style=\"font-size: medium;\">une cuve d\u2019eau est contamin\u00e9e sur le campement pr\u00e8s de Dunkerque et des toilettes incendi\u00e9es \u00e0 Calais.\u00a0<\/span><\/strong><span style=\"font-size: medium;\">En 2025, \u00e0 c\u00f4t\u00e9 du campement de Loon-Plage, pr\u00e8s de Dunkerque, sont retrouv\u00e9s des tags\u00a0<\/span><strong><span style=\"font-size: medium;\">de croix gamm\u00e9es et d\u2019une repr\u00e9sentation d\u2019un pendu \u00e0 c\u00f4t\u00e9 de laquelle est \u00e9crit \u201cmigrants\u201d<\/span><\/strong><span style=\"font-size: medium;\">. \u00c0 Paris, un campement a \u00e9t\u00e9\u00a0<\/span><strong><span style=\"font-size: medium;\">incendi\u00e9 \u00e0 deux reprises en moins d\u2019une semaine le mois dernier.<\/span><\/strong><\/p>\n<p style=\"text-align: justify;\"><span style=\"font-size: medium;\">Cette haine raciste n\u2019est pas nouvelle, on ne vous apprend rien.\u00a0<\/span><strong><span style=\"font-size: medium;\">Ce qui bascule en revanche, et ce partout dans le monde, c\u2019est sa banalisation.<\/span><\/strong><span style=\"font-size: medium;\">\u00a0<\/span><span style=\"font-size: medium;\">Des propos qui, hier, \u00e9taient consid\u00e9r\u00e9s comme inacceptables trouvent d\u00e9sormais leurs voix en prime time, sur les plateaux des journaux t\u00e9l\u00e9vis\u00e9s, dans la bouche d\u2019\u00e9lu.es ou de chroniqueur.ses.\u00a0<\/span><strong><span style=\"font-size: medium;\">Peu \u00e0 peu, <\/span><\/strong><strong><a href=\"https:\/\/2k2yu.r.a.d.sendibm1.com\/mk\/cl\/f\/2B3sQaWdie8-1rc5C-j9V9G3-mN83o1kve9Y1uV6lI1esq-mllZgygSjtIxqA7Gf_GiiwiWpam0noQn41OxYQBxLQFm88EMrGGR2wxKb4FY2SKl6SIf4-DJRxYUhhX8Qw1E29j7VQhb_0x7svXYgq4XEXPWUe4eWEgBPmDj-KpHt67yQ8ICrEj6WEJDuWDTBHyOwc1-lxTqBrfafQ5p-ODyi444oU3caTbndb9LUbvCvRJwudnqXeFso3ZRmsdNrteG2OLtCb26JHXuG-vItX2eclcUz-CAAAy8ZiKJ34IBFVbyhnPL0b9pKrK3nqXA-\" target=\"_blank\" rel=\"noopener\"><span style=\"color: #808080;\"><span style=\"font-size: medium;\"><u>la fen\u00eatre d\u2019Overton se d\u00e9place<\/u><\/span><\/span><\/a><\/strong><strong><span style=\"font-size: medium;\"> et l\u00e9gitime les appels \u00e0 la haine,<\/span><\/strong><span style=\"font-size: medium;\">\u00a0<\/span><span style=\"font-size: medium;\">notamment sur les r\u00e9seaux. Ici encore, on vous \u00e9pargne le floril\u00e8ge d\u2019insultes et d\u2019images naus\u00e9abondes que nous recevons en flux continu.\u00a0<\/span><\/p>\n<p style=\"text-align: justify;\"><span style=\"font-size: medium;\">En France, pour permettre ce glissement s\u00e9mantique, des m\u00e9dias comme Fronti\u00e8res, des influenceur\u00b7ses, ou des collectifs comme N\u00e9m\u00e9sis misent tout sur le buzz, la pol\u00e9mique et la provocation.\u00a0<\/span><strong><span style=\"font-size: medium;\">Leur strat\u00e9gie paye, en t\u00e9moigne l\u2019extraordinaire fen\u00eatre m\u00e9diatique que la mort de Quentin Deranque leur a permise, propulsant leur id\u00e9ologie jusqu\u2019au c\u0153ur de l\u2019assembl\u00e9e<\/span><\/strong><span style=\"font-size: medium;\">, o\u00f9 une minute de silence a \u00e9t\u00e9 rendue en hommage de ce jeune homme n\u00e9onazi.\u00a0<\/span><\/p>\n<p style=\"text-align: justify;\"><strong><span style=\"font-size: medium;\">L\u2019heure nous semble grave.<\/span><\/strong><span style=\"font-size: medium;\">\u00a0<\/span><span style=\"font-size: medium;\">Pour \u00e9viter que se propage leur violence, \u00e0 un an des \u00e9lections pr\u00e9sidentielles,\u00a0<\/span><strong><span style=\"font-size: medium;\">nous devons collectivement combattre les id\u00e9es de l\u2019extr\u00eame droite, ses mensonges, et ses m\u00e9thodes.\u00a0<\/span><\/strong><\/p>\n<p style=\"text-align: justify;\"><strong><span style=\"font-size: medium;\">Soyons tous\u00b7tes antifascistes.<\/span><\/strong><\/p>\n<p style=\"text-align: justify;\"><strong><span style=\"font-size: medium;\">D&rsquo;o\u00f9 la n\u00e9cessit\u00e9 de soutenir UTOPIA 56<\/span><\/strong><\/p>\n","protected":false},"excerpt":{"rendered":"<p>Alors que depuis presque deux semaines, la mort de Quentin Deranque, militant nationaliste proche de l\u2019Action Fran\u00e7aise fait l\u2019objet des pires r\u00e9cup\u00e9rations, et monopolise l\u2019espace m\u00e9diatique, il nous semblait essentiel de rappeler les m\u00e9thodes violentes&#8230;<\/p>\n","protected":false},"author":2,"featured_media":0,"comment_status":"closed","ping_status":"closed","sticky":false,"template":"","format":"standard","meta":{"footnotes":""},"categories":[1],"tags":[],"class_list":["post-16341","post","type-post","status-publish","format-standard","hentry","category-non-classe"],"_links":{"self":[{"href":"https:\/\/www.quieryavenir.fr\/blog\/wp-json\/wp\/v2\/posts\/16341","targetHints":{"allow":["GET"]}}],"collection":[{"href":"https:\/\/www.quieryavenir.fr\/blog\/wp-json\/wp\/v2\/posts"}],"about":[{"href":"https:\/\/www.quieryavenir.fr\/blog\/wp-json\/wp\/v2\/types\/post"}],"author":[{"embeddable":true,"href":"https:\/\/www.quieryavenir.fr\/blog\/wp-json\/wp\/v2\/users\/2"}],"replies":[{"embeddable":true,"href":"https:\/\/www.quieryavenir.fr\/blog\/wp-json\/wp\/v2\/comments?post=16341"}],"version-history":[{"count":1,"href":"https:\/\/www.quieryavenir.fr\/blog\/wp-json\/wp\/v2\/posts\/16341\/revisions"}],"predecessor-version":[{"id":16342,"href":"https:\/\/www.quieryavenir.fr\/blog\/wp-json\/wp\/v2\/posts\/16341\/revisions\/16342"}],"wp:attachment":[{"href":"https:\/\/www.quieryavenir.fr\/blog\/wp-json\/wp\/v2\/media?parent=16341"}],"wp:term":[{"taxonomy":"category","embeddable":true,"href":"https:\/\/www.quieryavenir.fr\/blog\/wp-json\/wp\/v2\/categories?post=16341"},{"taxonomy":"post_tag","embeddable":true,"href":"https:\/\/www.quieryavenir.fr\/blog\/wp-json\/wp\/v2\/tags?post=16341"}],"curies":[{"name":"wp","href":"https:\/\/api.w.org\/{rel}","templated":true}]}}