{"id":16343,"date":"2026-03-12T02:13:22","date_gmt":"2026-03-12T01:13:22","guid":{"rendered":"https:\/\/www.quieryavenir.fr\/blog\/?p=16343"},"modified":"2026-03-11T06:14:57","modified_gmt":"2026-03-11T05:14:57","slug":"comment-financer-lextreme-droite","status":"publish","type":"post","link":"https:\/\/www.quieryavenir.fr\/blog\/2026\/03\/12\/comment-financer-lextreme-droite\/","title":{"rendered":"Comment financer l\u2019extr\u00eame droite\u00a0?"},"content":{"rendered":"<p style=\"text-align: justify;\"><img loading=\"lazy\" decoding=\"async\" class=\"wp-image-16333 aligncenter\" src=\"https:\/\/www.quieryavenir.fr\/blog\/wp-content\/uploads\/2026\/03\/Climat-260103-300x293.jpg\" alt=\"\" width=\"383\" height=\"374\" srcset=\"https:\/\/www.quieryavenir.fr\/blog\/wp-content\/uploads\/2026\/03\/Climat-260103-300x293.jpg 300w, https:\/\/www.quieryavenir.fr\/blog\/wp-content\/uploads\/2026\/03\/Climat-260103.jpg 500w\" sizes=\"auto, (max-width: 383px) 100vw, 383px\" \/><\/p>\n<h1 style=\"text-align: justify;\"><strong><a name=\"page-title\"><\/a> <span style=\"font-family: Comic Sans MS, serif;\"><span style=\"font-size: medium;\">En achetant un manuel scolaire \u00e9dit\u00e9 par Bollor\u00e9<\/span><\/span><\/strong><\/h1>\n<p><!--more--><\/p>\n<p style=\"text-align: justify;\"><span style=\"font-family: Comic Sans MS, serif;\"><span style=\"font-size: medium;\">Un collectif tente de mobiliser les enseignants<\/span><\/span><\/p>\n<p style=\"text-align: justify;\"><span style=\"font-family: Comic Sans MS, serif;\"><span style=\"font-size: medium;\">Le collectif \u00c9ducNat sans Bollor\u00e9\u00a0appelle au boycott des nombreuses maisons d\u2019\u00e9dition contr\u00f4l\u00e9es par le milliardaire d\u2019extr\u00eame droite. Mediapart a assist\u00e9 \u00e0 l\u2019une de leurs r\u00e9unions publiques, \u00e0 La Rochelle.<\/span><\/span><\/p>\n<p style=\"text-align: center;\"><span style=\"font-family: Comic Sans MS, serif;\"><span style=\"font-size: medium;\">** **<\/span><\/span><\/p>\n<p style=\"text-align: justify;\"><span style=\"font-family: Comic Sans MS, serif;\"><span style=\"font-size: medium;\">Mireuil, quartier populaire de l\u2019ouest de La Rochelle. Au rez-de-chauss\u00e9e d\u2019un grand ensemble de b\u00e9ton, dans la petite salle de r\u00e9union aux murs saumon, vingt personnes ont pris une chaise\u00a0: des enseignant\u00b7es, des retrait\u00e9\u00b7es, quelques libraires. Le mot d\u2019ordre de la soir\u00e9e\u00a0: <\/span><\/span><span style=\"font-family: Comic Sans MS, serif;\"><span style=\"font-size: medium;\"><i>\u00ab\u00a0D\u00e9sarmons Bollor\u00e9 dans nos \u00e9coles\u00a0\u00bb<\/i><\/span><\/span><span style=\"font-family: Comic Sans MS, serif;\"><span style=\"font-size: medium;\">.<\/span><\/span><\/p>\n<p style=\"text-align: justify;\"><span style=\"font-family: Comic Sans MS, serif;\"><span style=\"font-size: medium;\">L\u2019appel est lanc\u00e9 au niveau national par le collectif \u00c9ducNat contre Bollor\u00e9. Une d\u00e9clinaison scolaire de l\u2019incitation au boycott port\u00e9e par une centaines de libraires ind\u00e9pendant\u00b7es en 2024, peu apr\u00e8s le rachat par Vincent Bollor\u00e9 de Hachette Livre et de la galaxie de maisons d\u2019\u00e9dition qui lui sont rattach\u00e9es (Armand Colin, Fayard, Grasset, Stock\u2026).<\/span><\/span><\/p>\n<p style=\"text-align: justify;\"><span style=\"font-family: Comic Sans MS, serif;\"><span style=\"font-size: medium;\">Une <\/span><\/span><span style=\"color: #000080;\"><u><a href=\"https:\/\/blogs.mediapart.fr\/desarmer-bollore\/blog\/170525\/ne-laissons-pas-bollore-et-ses-idees-dextreme-droite-envahir-les-manuels-scolaires\"><span style=\"font-family: Comic Sans MS, serif;\"><span style=\"font-size: medium;\"><span lang=\"fr-FR\">p\u00e9tition<\/span><\/span><\/span><\/a><\/u><\/span><span style=\"font-family: Comic Sans MS, serif;\"><span style=\"font-size: medium;\"> a aussi \u00e9t\u00e9 lanc\u00e9e par plusieurs personnalit\u00e9s du monde de l\u2019\u00e9ducation en mai 2025, alertant par ces mots sur la situation\u00a0: <\/span><\/span><span style=\"font-family: Comic Sans MS, serif;\"><span style=\"font-size: medium;\"><i>\u00ab\u00a0Dans notre pays et jusqu\u2019\u00e0 aujourd\u2019hui, les enseignant\u00b7es sont libres de leur p\u00e9dagogie et du choix des manuels ou ressources utilis\u00e9es \u00e0 condition de respecter des programmes d\u00e9finis nationalement. Or, cette libert\u00e9 p\u00e9dagogique est attaqu\u00e9e de toutes parts.\u00a0\u00bb\u00a0<\/i><\/span><\/span><\/p>\n<p style=\"text-align: justify;\"><span style=\"font-family: Comic Sans MS, serif;\"><span style=\"font-size: medium;\"><i>\u00ab\u00a0Depuis sa prise de contr\u00f4le de Hachette, Vincent Bollor\u00e9 est tr\u00e8s pr\u00e9sent sur le march\u00e9 du manuel scolaire, qui est un march\u00e9 \u00e0 la fois immense et tr\u00e8s lucratif. On l\u2019estime \u00e0 300 millions d\u2019euros par an, et il est difficile d\u2019\u00e9chapper \u00e0 Bollor\u00e9 puisqu\u2019il en contr\u00f4le pr\u00e8s de la moiti\u00e9\u00a0\u00bb<\/i><\/span><\/span><span style=\"font-family: Comic Sans MS, serif;\"><span style=\"font-size: medium;\">, explique Michel Busse, retrait\u00e9 de l\u2019enseignement, membre du syndicat FSU-SNUipp, et organisateur de la r\u00e9union publique de ce mardi soir.<\/span><\/span><\/p>\n<p style=\"text-align: justify;\"><span style=\"font-family: Comic Sans MS, serif;\"><span style=\"font-size: medium;\"><i>\u00ab\u00a0Ces revenus lui servent \u00e0 financer ses grands m\u00e9dias, \u00e0 commencer par CNews. Donc \u00e0 la fin, acheter un manuel scolaire \u00e9dit\u00e9 par Bollor\u00e9, c\u2019est financer l\u2019extr\u00eame droite avec de l\u2019argent public. Et tous les coll\u00e8gues enseignants, tous les parents d\u2019\u00e9l\u00e8ves devraient avoir cette information.\u00a0\u00bb <\/i><\/span><\/span><span style=\"font-family: Comic Sans MS, serif;\"><span style=\"font-size: medium;\">Dans l\u2019auditoire, qui semble largement averti, certains d\u00e9chantent \u00e0 la lecture du tract qui cartographie le milieu de l\u2019\u00e9dition scolaire. <\/span><\/span><span style=\"font-family: Comic Sans MS, serif;\"><span style=\"font-size: medium;\"><i>\u00ab\u00a0Les \u00e9ditions Nathan, c\u2019est le milliardaire Daniel Kretinsky, propri\u00e9taire de la revue <\/i><\/span><\/span><span style=\"font-family: Comic Sans MS, serif;\"><span style=\"font-size: medium;\">Franc-Tireur\u2026 <\/span><\/span><span style=\"font-family: Comic Sans MS, serif;\"><span style=\"font-size: medium;\"><i>\u00c7a devient difficile de les \u00e9viter.\u00a0\u00bb\u00a0<\/i><\/span><\/span><\/p>\n<p style=\"text-align: justify;\"><span style=\"font-family: Comic Sans MS, serif;\"><span style=\"font-size: medium;\">S\u2019en remettre aux libraires ind\u00e9pendants<\/span><\/span><\/p>\n<p style=\"text-align: justify;\"><span style=\"font-family: Comic Sans MS, serif;\"><span style=\"font-size: medium;\">L\u2019\u00e9dition scolaire s\u2019est en effet concentr\u00e9e, ces derni\u00e8res ann\u00e9es, jusqu\u2019\u00e0 devenir une sorte d\u2019oligopole, domin\u00e9 par deux groupes dirig\u00e9s l\u2019un par Vincent Bollor\u00e9, l\u2019autre par Daniel Kretinsky. Il reste cependant possible de faire autrement, expliquent les intervenant\u00b7es. <\/span><\/span><span style=\"font-family: Comic Sans MS, serif;\"><span style=\"font-size: medium;\"><i>\u00ab\u00a0Des maisons d\u2019\u00e9dition qui ne sont pas li\u00e9es \u00e0 l\u2019extr\u00eame droite, il y en a encore, \u00e9videmment. Le meilleur conseil que je puisse vous donner, c\u2019est de faire appel \u00e0 un libraire ind\u00e9pendant. Pour lui, il est assez facile de faire le tri\u00a0\u00bb<\/i><\/span><\/span><span style=\"font-family: Comic Sans MS, serif;\"><span style=\"font-size: medium;\">, lance Guillaume Bourain, g\u00e9rant de la librairie Les Rebelles ordinaires \u00e0 La Rochelle.<\/span><\/span><\/p>\n<p style=\"text-align: justify;\"><span style=\"font-family: Comic Sans MS, serif;\"><span style=\"font-size: medium;\">Pour instituer le rejet du syst\u00e8me Bollor\u00e9, le collectif invite les enseignant\u00b7es \u00e0 proposer, en conseil d\u2019administration de leur \u00e9tablissement, une motion d\u00e9clarant le boycott des \u00e9ditions li\u00e9es au milliardaire breton. R\u00e9actions mitig\u00e9es dans la salle. <\/span><\/span><span style=\"font-family: Comic Sans MS, serif;\"><span style=\"font-size: medium;\"><i>\u00ab\u00a0Pour arriver \u00e0 faire voter ce genre de motion, il faudrait au minimum avoir le soutien des parents d\u2019\u00e9l\u00e8ves, ce qui n\u2019est pas gagn\u00e9 d\u2019avance\u00a0\u00bb<\/i><\/span><\/span><span style=\"font-family: Comic Sans MS, serif;\"><span style=\"font-size: medium;\">, pr\u00e9vient un retrait\u00e9 de l\u2019enseignement.<\/span><\/span><\/p>\n<p style=\"text-align: justify;\"><span style=\"font-family: Comic Sans MS, serif;\"><span style=\"font-size: medium;\">Dans certains \u00e9tablissements, la motion risque m\u00eame de ne pas faire l\u2019unanimit\u00e9 au sein du personnel \u00e9ducatif. <\/span><\/span><span style=\"font-family: Comic Sans MS, serif;\"><span style=\"font-size: medium;\"><i>\u00ab\u00a0On est confront\u00e9s \u00e0 de plus en plus d\u2019enseignants qui sont d\u2019extr\u00eame droite\u00a0\u00bb<\/i><\/span><\/span><span style=\"font-family: Comic Sans MS, serif;\"><span style=\"font-size: medium;\">, constate Peggy, enseignante et membre du collectif \u00c9ducNat contre Bollor\u00e9.<\/span><\/span><\/p>\n<p style=\"text-align: justify;\"><span style=\"font-family: Comic Sans MS, serif;\"><span style=\"font-size: medium;\">La crainte du manuel unique<\/span><\/span><\/p>\n<p style=\"text-align: justify;\"><span style=\"font-family: Comic Sans MS, serif;\"><span style=\"font-size: medium;\">La grande crainte de l\u2019auditoire concerne le jour o\u00f9 le boycott sera impossible, le jour o\u00f9 l\u2019influence politique de l\u2019extr\u00eame droite aura litt\u00e9ralement gagn\u00e9 le minist\u00e8re de l\u2019\u00e9ducation nationale au point de conduire \u00e0 des modifications plus ou moins subtiles du contenu des manuels scolaires \u2013 potentiellement devenus uniques<\/span><\/span><span style=\"font-family: Comic Sans MS, serif;\"><span style=\"font-size: medium;\"><i>,<\/i><\/span><\/span> <span style=\"color: #000080;\"><u><a href=\"https:\/\/www.lesechos.fr\/politique-societe\/societe\/le-chamboule-tout-de-gabriel-attal-pour-elever-le-niveau-des-eleves-1984962\" target=\"_blank\" rel=\"noopener\"><span style=\"font-family: Comic Sans MS, serif;\"><span style=\"font-size: medium;\"><span lang=\"fr-FR\">comme l\u2019avait propos\u00e9 Gabriel Attal lorsqu\u2019il \u00e9tait ministre, en 2023<\/span><\/span><\/span><\/a><\/u><\/span><span style=\"font-family: Comic Sans MS, serif;\"><span style=\"font-size: medium;\">.<\/span><\/span><\/p>\n<p style=\"text-align: justify;\"><span style=\"font-family: Comic Sans MS, serif;\"><span style=\"font-size: medium;\">Dans le texte publi\u00e9 en mai appelant lui aussi au boycott, les signataires rappellent ceci\u00a0: <\/span><\/span><span style=\"font-family: Comic Sans MS, serif;\"><span style=\"font-size: medium;\"><i>\u00ab\u00a0Si les \u00e9diteurs n\u2019ont pas directement la main sur les programmes, ils sont toutefois libres de les pr\u00e9senter sous certains angles r\u00e9dactionnels ou avec des illustrations qui correspondent \u00e0 une \u201cligne \u00e9ditoriale\u201d tr\u00e8s orient\u00e9e. Pire encore pour les manuels parascolaires (les fameux \u201ccahiers de vacances\u201d et autres livres de soutien scolaire) qui ne sont soumis \u00e0 aucun cadrage officiel.\u00a0\u00bb<\/i><\/span><\/span><\/p>\n<p style=\"text-align: justify;\"><span style=\"font-family: Comic Sans MS, serif;\"><span style=\"font-size: medium;\">Jusqu\u2019ici, les manuels scolaires restent en effet l\u2019expression des programmes officiels, \u00e9tablis par le Conseil sup\u00e9rieur des programmes, organisation ind\u00e9pendante plac\u00e9e aupr\u00e8s du minist\u00e8re de l\u2019\u00e9ducation. La mise en forme de ce programme, les supports p\u00e9dagogiques, le choix des images et des textes, sont confi\u00e9s aux \u00e9diteurs scolaires, qui font appel le plus souvent \u00e0 des professeurs pour leur r\u00e9alisation. Ces derniers sont aussi \u00e0 la man\u0153uvre, dans les \u00e9tablissements, pour d\u00e9cider sur quel manuel ils vont faire travailler leurs \u00e9l\u00e8ves.<\/span><\/span><\/p>\n<p style=\"text-align: justify;\"><span style=\"font-family: Comic Sans MS, serif;\"><span style=\"font-size: medium;\"><i>\u00ab\u00a0On pense souvent aux manuels d\u2019histoire\u00a0: comment on parle de la guerre d\u2019Alg\u00e9rie, de la Seconde Guerre mondiale\u2026 Mais il n\u2019y a pas que \u00e7a. Dans l\u2019\u00e9nonc\u00e9 d\u2019un probl\u00e8me de maths, dans le choix des textes que l\u2019on \u00e9tudie en fran\u00e7ais, on peut tr\u00e8s bien faire passer des id\u00e9es\u00a0\u00bb<\/i><\/span><\/span><span style=\"font-family: Comic Sans MS, serif;\"><span style=\"font-size: medium;\">, s\u2019inqui\u00e8te Christophe, professeur de physique-chimie au coll\u00e8ge Pierre-Mend\u00e8s-France, \u00e0 La Rochelle.<\/span><\/span><\/p>\n<p style=\"text-align: justify;\"><span style=\"font-family: Comic Sans MS, serif;\"><span style=\"font-size: medium;\">Une participante croit en la capacit\u00e9 de r\u00e9action des enseignant\u00b7es. <\/span><\/span><span style=\"font-family: Comic Sans MS, serif;\"><span style=\"font-size: medium;\"><i>\u00ab\u00a0Le sens critique, on l\u2019a tous. On est capables de rep\u00e9rer les contenus qui sont probl\u00e9matiques, de faire le tri dans un manuel scolaire.\u00a0\u00bb<\/i><\/span><\/span><span style=\"font-family: Comic Sans MS, serif;\"><span style=\"font-size: medium;\"> Son analyse est loin d\u2019\u00eatre partag\u00e9e. <\/span><\/span><span style=\"font-family: Comic Sans MS, serif;\"><span style=\"font-size: medium;\"><i>\u00ab\u00a0Ce qui me fait peur, c\u2019est justement la formation initiale. Je constate qu\u2019on pr\u00e9pare les futurs enseignants \u00e0 devenir des ex\u00e9cutants, des gens qui ne se posent pas de questions\u00a0\u00bb<\/i><\/span><\/span><span style=\"font-family: Comic Sans MS, serif;\"><span style=\"font-size: medium;\">, r\u00e9pond un coll\u00e8gue. <\/span><\/span><span style=\"font-family: Comic Sans MS, serif;\"><span style=\"font-size: medium;\"><i>\u00ab\u00a0Dans quel \u00e9tat d\u2019esprit sont nos jeunes coll\u00e8gues, aujourd\u2019hui\u00a0? \u00c0 quel point sont-ils influenc\u00e9s par CNews\u00a0? Je pense que c\u2019est une vraie question\u2026\u00a0\u00bb<\/i><\/span><\/span><\/p>\n<p style=\"text-align: justify;\"><span style=\"font-family: Comic Sans MS, serif;\"><span style=\"font-size: medium;\">Sans attendre le jour o\u00f9 un manuel unique serait largement impr\u00e9gn\u00e9 des id\u00e9es de l\u2019extr\u00eame droite, le collectif \u00c9ducNat contre Bollor\u00e9 invite les enseignant\u00b7es \u00e0 s\u2019auto-organiser, \u00e0 partager leurs ressources p\u00e9dagogiques pour \u00eatre capables de se dispenser d\u2019un manuel. Juste au cas o\u00f9.<\/span><\/span><\/p>\n<p style=\"text-align: justify;\"><span style=\"font-family: Comic Sans MS, serif;\"><span style=\"font-size: medium;\">Mediapart<\/span><\/span><\/p>\n","protected":false},"excerpt":{"rendered":"<p>En achetant un manuel scolaire \u00e9dit\u00e9 par Bollor\u00e9<\/p>\n","protected":false},"author":2,"featured_media":0,"comment_status":"closed","ping_status":"closed","sticky":false,"template":"","format":"standard","meta":{"footnotes":""},"categories":[1],"tags":[],"class_list":["post-16343","post","type-post","status-publish","format-standard","hentry","category-non-classe"],"_links":{"self":[{"href":"https:\/\/www.quieryavenir.fr\/blog\/wp-json\/wp\/v2\/posts\/16343","targetHints":{"allow":["GET"]}}],"collection":[{"href":"https:\/\/www.quieryavenir.fr\/blog\/wp-json\/wp\/v2\/posts"}],"about":[{"href":"https:\/\/www.quieryavenir.fr\/blog\/wp-json\/wp\/v2\/types\/post"}],"author":[{"embeddable":true,"href":"https:\/\/www.quieryavenir.fr\/blog\/wp-json\/wp\/v2\/users\/2"}],"replies":[{"embeddable":true,"href":"https:\/\/www.quieryavenir.fr\/blog\/wp-json\/wp\/v2\/comments?post=16343"}],"version-history":[{"count":1,"href":"https:\/\/www.quieryavenir.fr\/blog\/wp-json\/wp\/v2\/posts\/16343\/revisions"}],"predecessor-version":[{"id":16344,"href":"https:\/\/www.quieryavenir.fr\/blog\/wp-json\/wp\/v2\/posts\/16343\/revisions\/16344"}],"wp:attachment":[{"href":"https:\/\/www.quieryavenir.fr\/blog\/wp-json\/wp\/v2\/media?parent=16343"}],"wp:term":[{"taxonomy":"category","embeddable":true,"href":"https:\/\/www.quieryavenir.fr\/blog\/wp-json\/wp\/v2\/categories?post=16343"},{"taxonomy":"post_tag","embeddable":true,"href":"https:\/\/www.quieryavenir.fr\/blog\/wp-json\/wp\/v2\/tags?post=16343"}],"curies":[{"name":"wp","href":"https:\/\/api.w.org\/{rel}","templated":true}]}}