{"id":16345,"date":"2026-03-13T06:00:17","date_gmt":"2026-03-13T05:00:17","guid":{"rendered":"https:\/\/www.quieryavenir.fr\/blog\/?p=16345"},"modified":"2026-03-13T06:14:38","modified_gmt":"2026-03-13T05:14:38","slug":"cela-se-passe-dans-le-calaisis","status":"publish","type":"post","link":"https:\/\/www.quieryavenir.fr\/blog\/2026\/03\/13\/cela-se-passe-dans-le-calaisis\/","title":{"rendered":"Cela se passe dans le Calaisis"},"content":{"rendered":"<p style=\"text-align: justify;\"><img loading=\"lazy\" decoding=\"async\" class=\"wp-image-16334 aligncenter\" src=\"https:\/\/www.quieryavenir.fr\/blog\/wp-content\/uploads\/2026\/03\/MegaCanal-01-300x191.jpg\" alt=\"\" width=\"448\" height=\"285\" srcset=\"https:\/\/www.quieryavenir.fr\/blog\/wp-content\/uploads\/2026\/03\/MegaCanal-01-300x191.jpg 300w, https:\/\/www.quieryavenir.fr\/blog\/wp-content\/uploads\/2026\/03\/MegaCanal-01-768x488.jpg 768w, https:\/\/www.quieryavenir.fr\/blog\/wp-content\/uploads\/2026\/03\/MegaCanal-01.jpg 787w\" sizes=\"auto, (max-width: 448px) 100vw, 448px\" \/><\/p>\n<h1 class=\"western\" style=\"text-align: justify;\"><a name=\"page-title\"><\/a> <span style=\"font-family: Comic Sans MS, cursive;\"><span style=\"font-size: medium;\">L\u2019expulsion du plus grand lieu de vie<\/span><\/span><\/h1>\n<p><!--more--><\/p>\n<p style=\"text-align: justify;\"><span style=\"font-family: Comic Sans MS, cursive;\"><span style=\"font-size: medium;\">Le 30 janvier, \u00e0 l\u2019aube, plusieurs dizaines de membres de forces de l\u2019ordre se sont d\u00e9ploy\u00e9s sur le plus grand lieu de vie du Calaisis afin de proc\u00e9der \u00e0 son expulsion. Le Pr\u00e9fet du Pas-de-Calais, Fran\u00e7ois-Xavier Lauch, a fait \u00e9talage de son sens de l\u2019humanit\u00e9 en affirmant que l\u2019op\u00e9ration avait pour but d\u2019\u00ab\u00a0assurer une prise en charge humanitaire des personnes migrantes\u00a0\u00bb. <\/span><\/span><\/p>\n<p style=\"text-align: center;\"><span style=\"font-family: Comic Sans MS, cursive;\"><span style=\"font-size: medium;\">** **<\/span><\/span><\/p>\n<p style=\"text-align: justify;\"><span style=\"font-family: Comic Sans MS, cursive;\"><span style=\"font-size: medium;\">Lors de son point presse, le Pr\u00e9fet du Pas-de-Calais, Fran\u00e7ois-Xavier Lauch, a fait \u00e9talage de son sens de l\u2019humanit\u00e9 en affirmant que l\u2019op\u00e9ration avait pour but d\u2019\u201cassurer une prise en charge humanitaire des personnes migrantes\u201d et que \u201csi on veut emp\u00eacher ces travers\u00e9es et ces drames humains, il faut agir sur ces lieux de regroupement\u201d.<\/span><\/span><\/p>\n<p style=\"text-align: justify;\"><span style=\"font-family: Comic Sans MS, cursive;\"><span style=\"font-size: medium;\">Pourtant, lors de cette op\u00e9ration, 21 personnes ont \u00e9t\u00e9 arr\u00eat\u00e9es, 8 tonnes d\u2019effets personnels dont une centaine de tentes ont \u00e9t\u00e9 saisies, une cuve d\u2019eau permettant l\u2019acc\u00e8s \u00e0 l\u2019eau potable a \u00e9t\u00e9 d\u00e9truite, et des centaines de personnes se sont retrouv\u00e9es sans tente dans des conditions m\u00e9t\u00e9orologiques d\u00e9favorables. <\/span><\/span><\/p>\n<p style=\"text-align: justify;\"><span style=\"font-family: Comic Sans MS, cursive;\"><span style=\"font-size: medium;\">Si la pr\u00e9fecture annonce avoir conduit 260 personnes dans des Centre d\u2019Accueil et d\u2019Examen des Situations (CAES), les observateur\u00b7ices ont rencontr\u00e9 de nombreuses personnes qui n\u2019avaient pas pu acc\u00e9der aux bus et donc aux mises \u00e0 l\u2019abri, faute de place disponible.<\/span><\/span><\/p>\n<p style=\"text-align: justify;\"><span style=\"font-family: Comic Sans MS, cursive;\"><span style=\"font-size: medium;\">Le campement expuls\u00e9 se situe sur une immense friche \u2013 non utilis\u00e9e &#8211; appartenant \u00e0 la communaut\u00e9 d\u2019agglom\u00e9ration du Grands Calais Terres et Mers. Cette derni\u00e8re en a obtenu l\u2019expulsion en passant par une proc\u00e9dure d\u2019urgence, pr\u00e9tendant ne pouvoir identifier aucun\u00b7e habitant\u00b7e. Ainsi, les habitant\u00b7es n\u2019ont pas pu faire valoir leurs droits lors d\u2019une proc\u00e9dure contradictoire pourtant cens\u00e9e \u00eatre privil\u00e9gi\u00e9e. Iels ont d\u00e9couvert au petit matin qu\u2019un juge avait ordonn\u00e9 l\u2019expulsion de leur lieu de vie.<\/span><\/span><\/p>\n<p style=\"text-align: justify;\"><span style=\"font-family: Comic Sans MS, cursive;\"><span style=\"font-size: medium;\">Enfin, non contentes d\u2019avoir proc\u00e9der \u00e0 une expulsion de grande ampleur, selon une proc\u00e9dure d\u00e9loyale et d\u2019avoir d\u00e9plac\u00e9 des centaines de personnes, les autorit\u00e9s d\u00e9truisent le paysage. Dans les jours qui ont suivi l\u2019expulsion, les arbres ont \u00e9t\u00e9 coup\u00e9s, la terre a \u00e9t\u00e9 retourn\u00e9e, plus de cent tonnes de rochers ont \u00e9t\u00e9 d\u00e9vers\u00e9s sur le terrain.<\/span><\/span><\/p>\n<p style=\"text-align: justify;\"><span style=\"font-family: Comic Sans MS, cursive;\"><span style=\"font-size: medium;\">Pour autant, plus de 400 personnes habitent encore le lieu et la menace d\u2019une expulsion plane au-dessus d\u2019elles.<\/span><\/span><\/p>\n<p style=\"text-align: justify;\"><span style=\"font-family: Comic Sans MS, cursive;\"><span style=\"font-size: medium;\"><i>Ce billet est un extrait de la note d&rsquo;observation de janvier 2026 rendant compte des violences d&rsquo;Etat \u00e0 la fronti\u00e8re franco-britannique. <\/i><\/span><\/span><\/p>\n<p style=\"text-align: justify;\"><span style=\"font-family: Comic Sans MS, cursive;\"><span style=\"font-size: medium;\"><a href=\"https:\/\/blogs.mediapart.fr\/humanrightsobservers\">HumanRightsObservers<\/a>\u00a0; abonn\u00e9 de Mediapart <\/span><\/span><\/p>\n<p style=\"text-align: justify;\">\n","protected":false},"excerpt":{"rendered":"<p>L\u2019expulsion du plus grand lieu de vie<\/p>\n","protected":false},"author":2,"featured_media":0,"comment_status":"closed","ping_status":"closed","sticky":false,"template":"","format":"standard","meta":{"footnotes":""},"categories":[1],"tags":[],"class_list":["post-16345","post","type-post","status-publish","format-standard","hentry","category-non-classe"],"_links":{"self":[{"href":"https:\/\/www.quieryavenir.fr\/blog\/wp-json\/wp\/v2\/posts\/16345","targetHints":{"allow":["GET"]}}],"collection":[{"href":"https:\/\/www.quieryavenir.fr\/blog\/wp-json\/wp\/v2\/posts"}],"about":[{"href":"https:\/\/www.quieryavenir.fr\/blog\/wp-json\/wp\/v2\/types\/post"}],"author":[{"embeddable":true,"href":"https:\/\/www.quieryavenir.fr\/blog\/wp-json\/wp\/v2\/users\/2"}],"replies":[{"embeddable":true,"href":"https:\/\/www.quieryavenir.fr\/blog\/wp-json\/wp\/v2\/comments?post=16345"}],"version-history":[{"count":2,"href":"https:\/\/www.quieryavenir.fr\/blog\/wp-json\/wp\/v2\/posts\/16345\/revisions"}],"predecessor-version":[{"id":16347,"href":"https:\/\/www.quieryavenir.fr\/blog\/wp-json\/wp\/v2\/posts\/16345\/revisions\/16347"}],"wp:attachment":[{"href":"https:\/\/www.quieryavenir.fr\/blog\/wp-json\/wp\/v2\/media?parent=16345"}],"wp:term":[{"taxonomy":"category","embeddable":true,"href":"https:\/\/www.quieryavenir.fr\/blog\/wp-json\/wp\/v2\/categories?post=16345"},{"taxonomy":"post_tag","embeddable":true,"href":"https:\/\/www.quieryavenir.fr\/blog\/wp-json\/wp\/v2\/tags?post=16345"}],"curies":[{"name":"wp","href":"https:\/\/api.w.org\/{rel}","templated":true}]}}